{"id":3440,"date":"2015-10-16T08:38:12","date_gmt":"2015-10-16T11:38:12","guid":{"rendered":"http:\/\/dana.com.br\/canaldana\/?p=3440"},"modified":"2015-10-16T08:38:12","modified_gmt":"2015-10-16T11:38:12","slug":"prefeitura-de-sao-paulo-abre-licitacao-para-contratar-novo-servico-de-onibus","status":"publish","type":"post","link":"https:\/\/dana.com.br\/canaldana\/2015\/10\/16\/prefeitura-de-sao-paulo-abre-licitacao-para-contratar-novo-servico-de-onibus\/","title":{"rendered":"Prefeitura de S\u00e3o Paulo abre licita\u00e7\u00e3o para contratar novo servi\u00e7o de \u00f4nibus"},"content":{"rendered":"<p><em>Portal G1<\/em><\/p>\n<p>&nbsp;<\/p>\n<p>A Prefeitura de S\u00e3o Paulo abriu nesta quarta-feira (14) tr\u00eas licita\u00e7\u00f5es para contratar as empresas de \u00f4nibus que v\u00e3o operar o servi\u00e7o na capital pelos pr\u00f3ximos 20 anos. A licita\u00e7\u00e3o \u00e9 aberta mais de dois anos ap\u00f3s a previs\u00e3o inicial, que era julho de 2013, mas que acabou suspensa ap\u00f3s os protestos de junho daquele ano contra o aumento da tarifa de \u00f4nibus.<\/p>\n<p>&nbsp;<\/p>\n<p>A abertura das licita\u00e7\u00f5es foi comunicada nesta quarta no Di\u00e1rio Oficial do munic\u00edpio. Na quinta-feira (15), os editais de licita\u00e7\u00e3o estar\u00e3o dispon\u00edveis no site da Secretaria de Transportes. Os envelopes devem ser abertos no m\u00eas de novembro.<\/p>\n<p>&nbsp;<\/p>\n<p>A contrata\u00e7\u00e3o vai alterar todo o sistema de \u00f4nibus da capital e interessa aos 10 milh\u00f5es de passageiros que usam os \u00f4nibus na cidade todos os dias. A Prefeitura quer que o processo seja conclu\u00eddo antes do final da gest\u00e3o do prefeito Fernando Haddad (PT).<\/p>\n<p>&nbsp;<\/p>\n<p>Na \u00faltima ter\u00e7a-feira (13), o prefeito disse em entrevista pelo Youtube que o Tribunal de Contas do Munic\u00edpio (TCM) poder\u00e1 pedir um prazo extra para analisar os documentos da concorr\u00eancia e que &#8220;essa licita\u00e7\u00e3o exige a paci\u00eancia devida, porque \u00e9 um contrato de 20 anos&#8221;.<\/p>\n<p>&nbsp;<\/p>\n<p>O TCM j\u00e1 suspendeu diversas licita\u00e7\u00f5es da Prefeitura de S\u00e3o Paulo na \u00e1rea de transportes, como a constru\u00e7\u00e3o de corredores de \u00f4nibus e a compra de radares.<\/p>\n<p>&nbsp;<\/p>\n<p>Haddad disse nesta quarta-feira que foram criadas &#8220;condi\u00e7\u00f5es m\u00e1ximas de competi\u00e7\u00e3o&#8221; nas licita\u00e7\u00f5es. &#8220;Os lotes foram divididos de uma tal maneira que uma pessoa com uma frota de 100 ve\u00edculos poder\u00e1 participar da licita\u00e7\u00e3o&#8221;, disse o prefeito. &#8220;N\u00e3o se tornou imposs\u00edvel hoje, como era no passado, participar&#8221;, afirmou. Veja algumas regras que os editais devem trazer se for mantida a proposta colocada em consulta p\u00fablica em junho:<\/p>\n<p>&nbsp;<\/p>\n<p>O novo servi\u00e7o de transporte ser\u00e1 dividido em linhas estruturais, regionais e locais. As nove \u00e1reas da capital paulista que hoje t\u00eam como marca uma determinada cor nos \u00f4nibus passar\u00e3o a ter diferentes configura\u00e7\u00f5es dependendo do tipo de linha.<\/p>\n<p>&nbsp;<\/p>\n<p>A rede \u201cestrutural\u201d ser\u00e1 respons\u00e1vel por linhas que ocupar\u00e3o as maiores avenidas da cidade e que ligar\u00e3o os bairros da cidade e v\u00e3o conectar a periferia ao Centro.<\/p>\n<p>&nbsp;<\/p>\n<p>A cidade ter\u00e1 tamb\u00e9m uma rede que ser\u00e1 chamada de \u201carticula\u00e7\u00e3o regional\u201d, que vai ligar bairros e centralidades de interesse regional e ainda bairros ao Centro sem passar pelas grandes avenidas do munic\u00edpio. Al\u00e9m disso, uma rede de distribui\u00e7\u00e3o local atender\u00e1 a popula\u00e7\u00e3o nas ruas menores dentro dos bairros.<\/p>\n<p>&nbsp;<\/p>\n<p><strong>Wi-Fi e ar-condicionado<\/strong><\/p>\n<p>&nbsp;<\/p>\n<p>Todos os \u00f4nibus ter\u00e3o que ter Wi-Fi e ar-condicionado.<\/p>\n<p>&nbsp;<\/p>\n<p><strong>Viagens<\/strong><\/p>\n<p>&nbsp;<\/p>\n<p>A Prefeitura prev\u00ea aumentar a oferta de viagens em 17% e o n\u00famero de assentos dispon\u00edveis em 14%.<\/p>\n<p>&nbsp;<\/p>\n<p><strong>Garagens<\/strong><\/p>\n<p>&nbsp;<\/p>\n<p>As atuais garagens usadas pelas empresas de \u00f4nibus ser\u00e3o desapropriadas. Segundo o prefeito Haddad, as empresas vencedoras da nova licita\u00e7\u00e3o poder\u00e3o ser respons\u00e1veis pelo processo de desapropria\u00e7\u00e3o.<\/p>\n<p>&nbsp;<\/p>\n<p><strong>Opini\u00e3o do usu\u00e1rio<\/strong><\/p>\n<p>&nbsp;<\/p>\n<p>A opini\u00e3o do usu\u00e1rio dever\u00e1 ser considerada na remunera\u00e7\u00e3o das empresas. Ela vai ser considerada ao lado de quesitos como passageiros transportados; cumprimento regular das viagens e disponibilidade da frota. As ganhadoras da licita\u00e7\u00e3o ser\u00e3o aquelas que ofereceram valores mais atrativos pela realiza\u00e7\u00e3o do servi\u00e7o.<\/p>\n<p>&nbsp;<\/p>\n<p><strong>Remunera\u00e7\u00e3o das empresas<\/strong><\/p>\n<p>&nbsp;<\/p>\n<p>A Prefeitura de S\u00e3o Paulo prev\u00ea gastar R$ 7 bilh\u00f5es por ano com o servi\u00e7o. A previs\u00e3o \u00e9 que a taxa interna de retorno das empresas em rela\u00e7\u00e3o ao investimento feito seja de 9,97%, menor que os 15% do atual contrato.<\/p>\n<p>&nbsp;<\/p>\n<p><strong>Centro de controle<\/strong><\/p>\n<p>&nbsp;<\/p>\n<p>Tudo ser\u00e1 controlado eletronicamente por dispositivos instalados nos \u00f4nibus e por um centro de controle (CCO) a ser constru\u00eddo pelas empresas.<\/p>\n<p>&nbsp;<\/p>\n<p><strong>Auditoria<\/strong><\/p>\n<p>&nbsp;<\/p>\n<p>Ap\u00f3s junho de 2013, a Prefeitura de S\u00e3o Paulo fez uma auditoria dos contratos de \u00f4nibus.\u00a0 A empresa de consultoria Ernst&amp;Young, contratada para o trabalho, concluiu que a Prefeitura de S\u00e3o Paulo tem potencial de economizar 7,4% dos gastos do atual contrato. (Portal G1\/M\u00e1rcio Pinho)<\/p>\n","protected":false},"excerpt":{"rendered":"<p>Portal G1 &nbsp; A Prefeitura de S\u00e3o Paulo abriu nesta quarta-feira (14) tr\u00eas licita\u00e7\u00f5es para contratar as empresas de \u00f4nibus que v\u00e3o operar o servi\u00e7o na capital pelos pr\u00f3ximos 20 anos. A licita\u00e7\u00e3o \u00e9 aberta mais de dois anos ap\u00f3s a previs\u00e3o inicial, que era julho de 2013, mas que acabou suspensa ap\u00f3s os protestos\u2026 <a class=\"readmore\" href=\"https:\/\/dana.com.br\/canaldana\/2015\/10\/16\/prefeitura-de-sao-paulo-abre-licitacao-para-contratar-novo-servico-de-onibus\/\">Leia mais \u00bb<\/a><\/p>\n","protected":false},"author":3,"featured_media":0,"comment_status":"closed","ping_status":"closed","sticky":false,"template":"","format":"standard","meta":{"_acf_changed":false,"footnotes":""},"categories":[61],"tags":[],"class_list":["post-3440","post","type-post","status-publish","format-standard","hentry","category-destaques"],"acf":[],"yoast_head":"<!-- This site is optimized with the Yoast SEO plugin v27.3 - https:\/\/yoast.com\/product\/yoast-seo-wordpress\/ -->\n<title>Prefeitura de S\u00e3o Paulo abre licita\u00e7\u00e3o para contratar novo servi\u00e7o de \u00f4nibus - Canal Dana<\/title>\n<meta name=\"robots\" content=\"index, follow, max-snippet:-1, max-image-preview:large, max-video-preview:-1\" \/>\n<link rel=\"canonical\" href=\"https:\/\/dana.com.br\/canaldana\/2015\/10\/16\/prefeitura-de-sao-paulo-abre-licitacao-para-contratar-novo-servico-de-onibus\/\" \/>\n<meta property=\"og:locale\" content=\"pt_BR\" \/>\n<meta property=\"og:type\" content=\"article\" \/>\n<meta property=\"og:title\" content=\"Prefeitura de S\u00e3o Paulo abre licita\u00e7\u00e3o para contratar novo servi\u00e7o de \u00f4nibus - Canal Dana\" \/>\n<meta property=\"og:description\" content=\"Portal G1 &nbsp; A Prefeitura de S\u00e3o Paulo abriu nesta quarta-feira (14) tr\u00eas licita\u00e7\u00f5es para contratar as empresas de \u00f4nibus que v\u00e3o operar o servi\u00e7o na capital pelos pr\u00f3ximos 20 anos. A licita\u00e7\u00e3o \u00e9 aberta mais de dois anos ap\u00f3s a previs\u00e3o inicial, que era julho de 2013, mas que acabou suspensa ap\u00f3s os protestos\u2026 Leia mais \u00bb\" \/>\n<meta property=\"og:url\" content=\"https:\/\/dana.com.br\/canaldana\/2015\/10\/16\/prefeitura-de-sao-paulo-abre-licitacao-para-contratar-novo-servico-de-onibus\/\" \/>\n<meta property=\"og:site_name\" content=\"Canal Dana\" \/>\n<meta property=\"article:published_time\" content=\"2015-10-16T11:38:12+00:00\" \/>\n<meta name=\"author\" content=\"Canal Dana\" \/>\n<meta name=\"twitter:card\" content=\"summary_large_image\" \/>\n<meta name=\"twitter:label1\" content=\"Escrito por\" \/>\n\t<meta name=\"twitter:data1\" content=\"Canal Dana\" \/>\n\t<meta name=\"twitter:label2\" content=\"Est. tempo de leitura\" \/>\n\t<meta name=\"twitter:data2\" content=\"4 minutos\" \/>\n<script type=\"application\/ld+json\" class=\"yoast-schema-graph\">{\"@context\":\"https:\\\/\\\/schema.org\",\"@graph\":[{\"@type\":\"Article\",\"@id\":\"https:\\\/\\\/dana.com.br\\\/canaldana\\\/2015\\\/10\\\/16\\\/prefeitura-de-sao-paulo-abre-licitacao-para-contratar-novo-servico-de-onibus\\\/#article\",\"isPartOf\":{\"@id\":\"https:\\\/\\\/dana.com.br\\\/canaldana\\\/2015\\\/10\\\/16\\\/prefeitura-de-sao-paulo-abre-licitacao-para-contratar-novo-servico-de-onibus\\\/\"},\"author\":{\"name\":\"Canal Dana\",\"@id\":\"https:\\\/\\\/dana.com.br\\\/canaldana\\\/#\\\/schema\\\/person\\\/3c21f22f56fcf3bc46b94bc60ea4fef6\"},\"headline\":\"Prefeitura de S\u00e3o Paulo abre licita\u00e7\u00e3o para contratar novo servi\u00e7o de \u00f4nibus\",\"datePublished\":\"2015-10-16T11:38:12+00:00\",\"mainEntityOfPage\":{\"@id\":\"https:\\\/\\\/dana.com.br\\\/canaldana\\\/2015\\\/10\\\/16\\\/prefeitura-de-sao-paulo-abre-licitacao-para-contratar-novo-servico-de-onibus\\\/\"},\"wordCount\":726,\"articleSection\":[\"Destaques\"],\"inLanguage\":\"pt-BR\"},{\"@type\":\"WebPage\",\"@id\":\"https:\\\/\\\/dana.com.br\\\/canaldana\\\/2015\\\/10\\\/16\\\/prefeitura-de-sao-paulo-abre-licitacao-para-contratar-novo-servico-de-onibus\\\/\",\"url\":\"https:\\\/\\\/dana.com.br\\\/canaldana\\\/2015\\\/10\\\/16\\\/prefeitura-de-sao-paulo-abre-licitacao-para-contratar-novo-servico-de-onibus\\\/\",\"name\":\"Prefeitura de S\u00e3o Paulo abre licita\u00e7\u00e3o para contratar novo servi\u00e7o de \u00f4nibus - Canal Dana\",\"isPartOf\":{\"@id\":\"https:\\\/\\\/dana.com.br\\\/canaldana\\\/#website\"},\"datePublished\":\"2015-10-16T11:38:12+00:00\",\"author\":{\"@id\":\"https:\\\/\\\/dana.com.br\\\/canaldana\\\/#\\\/schema\\\/person\\\/3c21f22f56fcf3bc46b94bc60ea4fef6\"},\"breadcrumb\":{\"@id\":\"https:\\\/\\\/dana.com.br\\\/canaldana\\\/2015\\\/10\\\/16\\\/prefeitura-de-sao-paulo-abre-licitacao-para-contratar-novo-servico-de-onibus\\\/#breadcrumb\"},\"inLanguage\":\"pt-BR\",\"potentialAction\":[{\"@type\":\"ReadAction\",\"target\":[\"https:\\\/\\\/dana.com.br\\\/canaldana\\\/2015\\\/10\\\/16\\\/prefeitura-de-sao-paulo-abre-licitacao-para-contratar-novo-servico-de-onibus\\\/\"]}]},{\"@type\":\"BreadcrumbList\",\"@id\":\"https:\\\/\\\/dana.com.br\\\/canaldana\\\/2015\\\/10\\\/16\\\/prefeitura-de-sao-paulo-abre-licitacao-para-contratar-novo-servico-de-onibus\\\/#breadcrumb\",\"itemListElement\":[{\"@type\":\"ListItem\",\"position\":1,\"name\":\"Home\",\"item\":\"https:\\\/\\\/dana.com.br\\\/canaldana\\\/\"},{\"@type\":\"ListItem\",\"position\":2,\"name\":\"Destaques\",\"item\":\"https:\\\/\\\/dana.com.br\\\/canaldana\\\/destaques\\\/\"},{\"@type\":\"ListItem\",\"position\":3,\"name\":\"Prefeitura de S\u00e3o Paulo abre licita\u00e7\u00e3o para contratar novo servi\u00e7o de \u00f4nibus\"}]},{\"@type\":\"WebSite\",\"@id\":\"https:\\\/\\\/dana.com.br\\\/canaldana\\\/#website\",\"url\":\"https:\\\/\\\/dana.com.br\\\/canaldana\\\/\",\"name\":\"Canal Dana\",\"description\":\"Informativo com as principais not\u00edcias da ind\u00fastria automotiva\",\"potentialAction\":[{\"@type\":\"SearchAction\",\"target\":{\"@type\":\"EntryPoint\",\"urlTemplate\":\"https:\\\/\\\/dana.com.br\\\/canaldana\\\/?s={search_term_string}\"},\"query-input\":{\"@type\":\"PropertyValueSpecification\",\"valueRequired\":true,\"valueName\":\"search_term_string\"}}],\"inLanguage\":\"pt-BR\"},{\"@type\":\"Person\",\"@id\":\"https:\\\/\\\/dana.com.br\\\/canaldana\\\/#\\\/schema\\\/person\\\/3c21f22f56fcf3bc46b94bc60ea4fef6\",\"name\":\"Canal Dana\",\"image\":{\"@type\":\"ImageObject\",\"inLanguage\":\"pt-BR\",\"@id\":\"https:\\\/\\\/secure.gravatar.com\\\/avatar\\\/420aaf9278582877d9018637c6817617705899d2858d7572ef0fe59a6b6454b4?s=96&d=mm&r=g\",\"url\":\"https:\\\/\\\/secure.gravatar.com\\\/avatar\\\/420aaf9278582877d9018637c6817617705899d2858d7572ef0fe59a6b6454b4?s=96&d=mm&r=g\",\"contentUrl\":\"https:\\\/\\\/secure.gravatar.com\\\/avatar\\\/420aaf9278582877d9018637c6817617705899d2858d7572ef0fe59a6b6454b4?s=96&d=mm&r=g\",\"caption\":\"Canal Dana\"},\"url\":\"https:\\\/\\\/dana.com.br\\\/canaldana\\\/author\\\/cdeditor\\\/\"}]}<\/script>\n<!-- \/ Yoast SEO plugin. -->","yoast_head_json":{"title":"Prefeitura de S\u00e3o Paulo abre licita\u00e7\u00e3o para contratar novo servi\u00e7o de \u00f4nibus - Canal Dana","robots":{"index":"index","follow":"follow","max-snippet":"max-snippet:-1","max-image-preview":"max-image-preview:large","max-video-preview":"max-video-preview:-1"},"canonical":"https:\/\/dana.com.br\/canaldana\/2015\/10\/16\/prefeitura-de-sao-paulo-abre-licitacao-para-contratar-novo-servico-de-onibus\/","og_locale":"pt_BR","og_type":"article","og_title":"Prefeitura de S\u00e3o Paulo abre licita\u00e7\u00e3o para contratar novo servi\u00e7o de \u00f4nibus - Canal Dana","og_description":"Portal G1 &nbsp; A Prefeitura de S\u00e3o Paulo abriu nesta quarta-feira (14) tr\u00eas licita\u00e7\u00f5es para contratar as empresas de \u00f4nibus que v\u00e3o operar o servi\u00e7o na capital pelos pr\u00f3ximos 20 anos. A licita\u00e7\u00e3o \u00e9 aberta mais de dois anos ap\u00f3s a previs\u00e3o inicial, que era julho de 2013, mas que acabou suspensa ap\u00f3s os protestos\u2026 Leia mais \u00bb","og_url":"https:\/\/dana.com.br\/canaldana\/2015\/10\/16\/prefeitura-de-sao-paulo-abre-licitacao-para-contratar-novo-servico-de-onibus\/","og_site_name":"Canal Dana","article_published_time":"2015-10-16T11:38:12+00:00","author":"Canal Dana","twitter_card":"summary_large_image","twitter_misc":{"Escrito por":"Canal Dana","Est. tempo de leitura":"4 minutos"},"schema":{"@context":"https:\/\/schema.org","@graph":[{"@type":"Article","@id":"https:\/\/dana.com.br\/canaldana\/2015\/10\/16\/prefeitura-de-sao-paulo-abre-licitacao-para-contratar-novo-servico-de-onibus\/#article","isPartOf":{"@id":"https:\/\/dana.com.br\/canaldana\/2015\/10\/16\/prefeitura-de-sao-paulo-abre-licitacao-para-contratar-novo-servico-de-onibus\/"},"author":{"name":"Canal Dana","@id":"https:\/\/dana.com.br\/canaldana\/#\/schema\/person\/3c21f22f56fcf3bc46b94bc60ea4fef6"},"headline":"Prefeitura de S\u00e3o Paulo abre licita\u00e7\u00e3o para contratar novo servi\u00e7o de \u00f4nibus","datePublished":"2015-10-16T11:38:12+00:00","mainEntityOfPage":{"@id":"https:\/\/dana.com.br\/canaldana\/2015\/10\/16\/prefeitura-de-sao-paulo-abre-licitacao-para-contratar-novo-servico-de-onibus\/"},"wordCount":726,"articleSection":["Destaques"],"inLanguage":"pt-BR"},{"@type":"WebPage","@id":"https:\/\/dana.com.br\/canaldana\/2015\/10\/16\/prefeitura-de-sao-paulo-abre-licitacao-para-contratar-novo-servico-de-onibus\/","url":"https:\/\/dana.com.br\/canaldana\/2015\/10\/16\/prefeitura-de-sao-paulo-abre-licitacao-para-contratar-novo-servico-de-onibus\/","name":"Prefeitura de S\u00e3o Paulo abre licita\u00e7\u00e3o para contratar novo servi\u00e7o de \u00f4nibus - Canal Dana","isPartOf":{"@id":"https:\/\/dana.com.br\/canaldana\/#website"},"datePublished":"2015-10-16T11:38:12+00:00","author":{"@id":"https:\/\/dana.com.br\/canaldana\/#\/schema\/person\/3c21f22f56fcf3bc46b94bc60ea4fef6"},"breadcrumb":{"@id":"https:\/\/dana.com.br\/canaldana\/2015\/10\/16\/prefeitura-de-sao-paulo-abre-licitacao-para-contratar-novo-servico-de-onibus\/#breadcrumb"},"inLanguage":"pt-BR","potentialAction":[{"@type":"ReadAction","target":["https:\/\/dana.com.br\/canaldana\/2015\/10\/16\/prefeitura-de-sao-paulo-abre-licitacao-para-contratar-novo-servico-de-onibus\/"]}]},{"@type":"BreadcrumbList","@id":"https:\/\/dana.com.br\/canaldana\/2015\/10\/16\/prefeitura-de-sao-paulo-abre-licitacao-para-contratar-novo-servico-de-onibus\/#breadcrumb","itemListElement":[{"@type":"ListItem","position":1,"name":"Home","item":"https:\/\/dana.com.br\/canaldana\/"},{"@type":"ListItem","position":2,"name":"Destaques","item":"https:\/\/dana.com.br\/canaldana\/destaques\/"},{"@type":"ListItem","position":3,"name":"Prefeitura de S\u00e3o Paulo abre licita\u00e7\u00e3o para contratar novo servi\u00e7o de \u00f4nibus"}]},{"@type":"WebSite","@id":"https:\/\/dana.com.br\/canaldana\/#website","url":"https:\/\/dana.com.br\/canaldana\/","name":"Canal Dana","description":"Informativo com as principais not\u00edcias da ind\u00fastria automotiva","potentialAction":[{"@type":"SearchAction","target":{"@type":"EntryPoint","urlTemplate":"https:\/\/dana.com.br\/canaldana\/?s={search_term_string}"},"query-input":{"@type":"PropertyValueSpecification","valueRequired":true,"valueName":"search_term_string"}}],"inLanguage":"pt-BR"},{"@type":"Person","@id":"https:\/\/dana.com.br\/canaldana\/#\/schema\/person\/3c21f22f56fcf3bc46b94bc60ea4fef6","name":"Canal Dana","image":{"@type":"ImageObject","inLanguage":"pt-BR","@id":"https:\/\/secure.gravatar.com\/avatar\/420aaf9278582877d9018637c6817617705899d2858d7572ef0fe59a6b6454b4?s=96&d=mm&r=g","url":"https:\/\/secure.gravatar.com\/avatar\/420aaf9278582877d9018637c6817617705899d2858d7572ef0fe59a6b6454b4?s=96&d=mm&r=g","contentUrl":"https:\/\/secure.gravatar.com\/avatar\/420aaf9278582877d9018637c6817617705899d2858d7572ef0fe59a6b6454b4?s=96&d=mm&r=g","caption":"Canal Dana"},"url":"https:\/\/dana.com.br\/canaldana\/author\/cdeditor\/"}]}},"_links":{"self":[{"href":"https:\/\/dana.com.br\/canaldana\/wp-json\/wp\/v2\/posts\/3440","targetHints":{"allow":["GET"]}}],"collection":[{"href":"https:\/\/dana.com.br\/canaldana\/wp-json\/wp\/v2\/posts"}],"about":[{"href":"https:\/\/dana.com.br\/canaldana\/wp-json\/wp\/v2\/types\/post"}],"author":[{"embeddable":true,"href":"https:\/\/dana.com.br\/canaldana\/wp-json\/wp\/v2\/users\/3"}],"replies":[{"embeddable":true,"href":"https:\/\/dana.com.br\/canaldana\/wp-json\/wp\/v2\/comments?post=3440"}],"version-history":[{"count":0,"href":"https:\/\/dana.com.br\/canaldana\/wp-json\/wp\/v2\/posts\/3440\/revisions"}],"wp:attachment":[{"href":"https:\/\/dana.com.br\/canaldana\/wp-json\/wp\/v2\/media?parent=3440"}],"wp:term":[{"taxonomy":"category","embeddable":true,"href":"https:\/\/dana.com.br\/canaldana\/wp-json\/wp\/v2\/categories?post=3440"},{"taxonomy":"post_tag","embeddable":true,"href":"https:\/\/dana.com.br\/canaldana\/wp-json\/wp\/v2\/tags?post=3440"}],"curies":[{"name":"wp","href":"https:\/\/api.w.org\/{rel}","templated":true}]}}