{"id":34388,"date":"2019-05-14T08:41:13","date_gmt":"2019-05-14T11:41:13","guid":{"rendered":"https:\/\/dana.com.br\/canaldana\/?p=34388"},"modified":"2019-05-14T08:41:13","modified_gmt":"2019-05-14T11:41:13","slug":"caoa-condiciona-compra-de-fabrica-a-previdencia","status":"publish","type":"post","link":"https:\/\/dana.com.br\/canaldana\/2019\/05\/14\/caoa-condiciona-compra-de-fabrica-a-previdencia\/","title":{"rendered":"Caoa condiciona compra de f\u00e1brica \u00e0 Previd\u00eancia"},"content":{"rendered":"<p><em>O Estado de S. Paulo <\/em><\/p>\n<p>&nbsp;<\/p>\n<p>O presidente da Caoa Chery, Carlos Alberto de Oliveira Andrade, reafirmou o desejo de adquirir a f\u00e1brica da Ford no ABC Paulista, mas condicionou o aumento de investimentos do grupo \u00e0 aprova\u00e7\u00e3o da reforma da Previd\u00eancia. Ap\u00f3s reunir-se ontem com o ministro da Economia, Paulo Guedes, ele disse n\u00e3o esperar ajuda ou incentivo do governo federal e afirmou que a Caoa manter\u00e1 sua f\u00e1brica em An\u00e1polis (GO), apesar do prov\u00e1vel aumento de impostos pelo governo estadual.<\/p>\n<p>&nbsp;<\/p>\n<p>\u201cContinuamos negociando a compra da f\u00e1brica da Ford. Existe grande possibilidade de isso acontecer e a f\u00e1brica voltar a funcionar absorvendo todos os funcion\u00e1rios\u201d, disse. Segundo ele, o investimento depende da negocia\u00e7\u00e3o com s\u00f3cios chineses, sindicato e fornecedores. \u201cS\u00f3 queremos que o governo resolva a Previd\u00eancia e a crise fiscal para voltarmos a investir.\u201d<\/p>\n<p>&nbsp;<\/p>\n<p>Andrade disse que o governador de Goi\u00e1s, Ronaldo Caiado, precisa tomar medidas para equalizar as finan\u00e7as estaduais. Uma das alternativas aventadas para resolver o problema fiscal \u00e9 aumentar o ICMS. \u201cN\u00e3o consideramos deixar Goi\u00e1s. A f\u00e1brica em An\u00e1polis \u00e9 s\u00f3lida e tem um investimento monstruoso. Caiado \u00e9 um homem \u00edntegro e com certeza encontraremos uma solu\u00e7\u00e3o\u201d, disse. O grupo iniciou recentemente a produ\u00e7\u00e3o de dois novos modelos na unidade.<\/p>\n<p>&nbsp;<\/p>\n<p>Oliveira disse n\u00e3o estar preocupado com a inten\u00e7\u00e3o do governo em reduzir desonera\u00e7\u00f5es e benef\u00edcios tribut\u00e1rios para a ind\u00fastria. \u201cO empres\u00e1rio que estiver pensando em receber ajuda do governo est\u00e1 perdendo tempo\u201d, disse. \u201cNunca recebemos benef\u00edcios do BNDES e de nenhum governo.\u201d O governador de S\u00e3o Paulo, Jo\u00e3o Doria, participaria do encontro, mas teve de viajar a Nova York.<\/p>\n<p>&nbsp;<\/p>\n<p>\u201cContinuamos negociando a compra da f\u00e1brica da Ford. (&#8230;) S\u00f3 queremos que o governo resolva a Previd\u00eancia e a crise fiscal\u201d, Carlos de Oliveira Andrade presidente da Caoa Chery. (O Estado de S. Paulo\/Eduardo Rodrigues)<\/p>\n","protected":false},"excerpt":{"rendered":"<p>O Estado de S. Paulo &nbsp; O presidente da Caoa Chery, Carlos Alberto de Oliveira Andrade, reafirmou o desejo de adquirir a f\u00e1brica da Ford no ABC Paulista, mas condicionou o aumento de investimentos do grupo \u00e0 aprova\u00e7\u00e3o da reforma da Previd\u00eancia. Ap\u00f3s reunir-se ontem com o ministro da Economia, Paulo Guedes, ele disse n\u00e3o\u2026 <a class=\"readmore\" href=\"https:\/\/dana.com.br\/canaldana\/2019\/05\/14\/caoa-condiciona-compra-de-fabrica-a-previdencia\/\">Leia mais \u00bb<\/a><\/p>\n","protected":false},"author":3,"featured_media":0,"comment_status":"closed","ping_status":"closed","sticky":false,"template":"","format":"standard","meta":{"_acf_changed":false,"footnotes":""},"categories":[61],"tags":[],"class_list":["post-34388","post","type-post","status-publish","format-standard","hentry","category-destaques"],"acf":[],"yoast_head":"<!-- This site is optimized with the Yoast SEO plugin v27.3 - https:\/\/yoast.com\/product\/yoast-seo-wordpress\/ -->\n<title>Caoa condiciona compra de f\u00e1brica \u00e0 Previd\u00eancia - Canal Dana<\/title>\n<meta name=\"robots\" content=\"index, follow, max-snippet:-1, max-image-preview:large, max-video-preview:-1\" \/>\n<link rel=\"canonical\" href=\"https:\/\/dana.com.br\/canaldana\/2019\/05\/14\/caoa-condiciona-compra-de-fabrica-a-previdencia\/\" \/>\n<meta property=\"og:locale\" content=\"pt_BR\" \/>\n<meta property=\"og:type\" content=\"article\" \/>\n<meta property=\"og:title\" content=\"Caoa condiciona compra de f\u00e1brica \u00e0 Previd\u00eancia - Canal Dana\" \/>\n<meta property=\"og:description\" content=\"O Estado de S. Paulo &nbsp; O presidente da Caoa Chery, Carlos Alberto de Oliveira Andrade, reafirmou o desejo de adquirir a f\u00e1brica da Ford no ABC Paulista, mas condicionou o aumento de investimentos do grupo \u00e0 aprova\u00e7\u00e3o da reforma da Previd\u00eancia. Ap\u00f3s reunir-se ontem com o ministro da Economia, Paulo Guedes, ele disse n\u00e3o\u2026 Leia mais \u00bb\" \/>\n<meta property=\"og:url\" content=\"https:\/\/dana.com.br\/canaldana\/2019\/05\/14\/caoa-condiciona-compra-de-fabrica-a-previdencia\/\" \/>\n<meta property=\"og:site_name\" content=\"Canal Dana\" \/>\n<meta property=\"article:published_time\" content=\"2019-05-14T11:41:13+00:00\" \/>\n<meta name=\"author\" content=\"Canal Dana\" \/>\n<meta name=\"twitter:card\" content=\"summary_large_image\" \/>\n<meta name=\"twitter:label1\" content=\"Escrito por\" \/>\n\t<meta name=\"twitter:data1\" content=\"Canal Dana\" \/>\n\t<meta name=\"twitter:label2\" content=\"Est. tempo de leitura\" \/>\n\t<meta name=\"twitter:data2\" content=\"2 minutos\" \/>\n<script type=\"application\/ld+json\" class=\"yoast-schema-graph\">{\"@context\":\"https:\\\/\\\/schema.org\",\"@graph\":[{\"@type\":\"Article\",\"@id\":\"https:\\\/\\\/dana.com.br\\\/canaldana\\\/2019\\\/05\\\/14\\\/caoa-condiciona-compra-de-fabrica-a-previdencia\\\/#article\",\"isPartOf\":{\"@id\":\"https:\\\/\\\/dana.com.br\\\/canaldana\\\/2019\\\/05\\\/14\\\/caoa-condiciona-compra-de-fabrica-a-previdencia\\\/\"},\"author\":{\"name\":\"Canal Dana\",\"@id\":\"https:\\\/\\\/dana.com.br\\\/canaldana\\\/#\\\/schema\\\/person\\\/3c21f22f56fcf3bc46b94bc60ea4fef6\"},\"headline\":\"Caoa condiciona compra de f\u00e1brica \u00e0 Previd\u00eancia\",\"datePublished\":\"2019-05-14T11:41:13+00:00\",\"mainEntityOfPage\":{\"@id\":\"https:\\\/\\\/dana.com.br\\\/canaldana\\\/2019\\\/05\\\/14\\\/caoa-condiciona-compra-de-fabrica-a-previdencia\\\/\"},\"wordCount\":342,\"articleSection\":[\"Destaques\"],\"inLanguage\":\"pt-BR\"},{\"@type\":\"WebPage\",\"@id\":\"https:\\\/\\\/dana.com.br\\\/canaldana\\\/2019\\\/05\\\/14\\\/caoa-condiciona-compra-de-fabrica-a-previdencia\\\/\",\"url\":\"https:\\\/\\\/dana.com.br\\\/canaldana\\\/2019\\\/05\\\/14\\\/caoa-condiciona-compra-de-fabrica-a-previdencia\\\/\",\"name\":\"Caoa condiciona compra de f\u00e1brica \u00e0 Previd\u00eancia - Canal Dana\",\"isPartOf\":{\"@id\":\"https:\\\/\\\/dana.com.br\\\/canaldana\\\/#website\"},\"datePublished\":\"2019-05-14T11:41:13+00:00\",\"author\":{\"@id\":\"https:\\\/\\\/dana.com.br\\\/canaldana\\\/#\\\/schema\\\/person\\\/3c21f22f56fcf3bc46b94bc60ea4fef6\"},\"breadcrumb\":{\"@id\":\"https:\\\/\\\/dana.com.br\\\/canaldana\\\/2019\\\/05\\\/14\\\/caoa-condiciona-compra-de-fabrica-a-previdencia\\\/#breadcrumb\"},\"inLanguage\":\"pt-BR\",\"potentialAction\":[{\"@type\":\"ReadAction\",\"target\":[\"https:\\\/\\\/dana.com.br\\\/canaldana\\\/2019\\\/05\\\/14\\\/caoa-condiciona-compra-de-fabrica-a-previdencia\\\/\"]}]},{\"@type\":\"BreadcrumbList\",\"@id\":\"https:\\\/\\\/dana.com.br\\\/canaldana\\\/2019\\\/05\\\/14\\\/caoa-condiciona-compra-de-fabrica-a-previdencia\\\/#breadcrumb\",\"itemListElement\":[{\"@type\":\"ListItem\",\"position\":1,\"name\":\"Home\",\"item\":\"https:\\\/\\\/dana.com.br\\\/canaldana\\\/\"},{\"@type\":\"ListItem\",\"position\":2,\"name\":\"Destaques\",\"item\":\"https:\\\/\\\/dana.com.br\\\/canaldana\\\/destaques\\\/\"},{\"@type\":\"ListItem\",\"position\":3,\"name\":\"Caoa condiciona compra de f\u00e1brica \u00e0 Previd\u00eancia\"}]},{\"@type\":\"WebSite\",\"@id\":\"https:\\\/\\\/dana.com.br\\\/canaldana\\\/#website\",\"url\":\"https:\\\/\\\/dana.com.br\\\/canaldana\\\/\",\"name\":\"Canal Dana\",\"description\":\"Informativo com as principais not\u00edcias da ind\u00fastria automotiva\",\"potentialAction\":[{\"@type\":\"SearchAction\",\"target\":{\"@type\":\"EntryPoint\",\"urlTemplate\":\"https:\\\/\\\/dana.com.br\\\/canaldana\\\/?s={search_term_string}\"},\"query-input\":{\"@type\":\"PropertyValueSpecification\",\"valueRequired\":true,\"valueName\":\"search_term_string\"}}],\"inLanguage\":\"pt-BR\"},{\"@type\":\"Person\",\"@id\":\"https:\\\/\\\/dana.com.br\\\/canaldana\\\/#\\\/schema\\\/person\\\/3c21f22f56fcf3bc46b94bc60ea4fef6\",\"name\":\"Canal Dana\",\"image\":{\"@type\":\"ImageObject\",\"inLanguage\":\"pt-BR\",\"@id\":\"https:\\\/\\\/secure.gravatar.com\\\/avatar\\\/420aaf9278582877d9018637c6817617705899d2858d7572ef0fe59a6b6454b4?s=96&d=mm&r=g\",\"url\":\"https:\\\/\\\/secure.gravatar.com\\\/avatar\\\/420aaf9278582877d9018637c6817617705899d2858d7572ef0fe59a6b6454b4?s=96&d=mm&r=g\",\"contentUrl\":\"https:\\\/\\\/secure.gravatar.com\\\/avatar\\\/420aaf9278582877d9018637c6817617705899d2858d7572ef0fe59a6b6454b4?s=96&d=mm&r=g\",\"caption\":\"Canal Dana\"},\"url\":\"https:\\\/\\\/dana.com.br\\\/canaldana\\\/author\\\/cdeditor\\\/\"}]}<\/script>\n<!-- \/ Yoast SEO plugin. -->","yoast_head_json":{"title":"Caoa condiciona compra de f\u00e1brica \u00e0 Previd\u00eancia - Canal Dana","robots":{"index":"index","follow":"follow","max-snippet":"max-snippet:-1","max-image-preview":"max-image-preview:large","max-video-preview":"max-video-preview:-1"},"canonical":"https:\/\/dana.com.br\/canaldana\/2019\/05\/14\/caoa-condiciona-compra-de-fabrica-a-previdencia\/","og_locale":"pt_BR","og_type":"article","og_title":"Caoa condiciona compra de f\u00e1brica \u00e0 Previd\u00eancia - Canal Dana","og_description":"O Estado de S. Paulo &nbsp; O presidente da Caoa Chery, Carlos Alberto de Oliveira Andrade, reafirmou o desejo de adquirir a f\u00e1brica da Ford no ABC Paulista, mas condicionou o aumento de investimentos do grupo \u00e0 aprova\u00e7\u00e3o da reforma da Previd\u00eancia. Ap\u00f3s reunir-se ontem com o ministro da Economia, Paulo Guedes, ele disse n\u00e3o\u2026 Leia mais \u00bb","og_url":"https:\/\/dana.com.br\/canaldana\/2019\/05\/14\/caoa-condiciona-compra-de-fabrica-a-previdencia\/","og_site_name":"Canal Dana","article_published_time":"2019-05-14T11:41:13+00:00","author":"Canal Dana","twitter_card":"summary_large_image","twitter_misc":{"Escrito por":"Canal Dana","Est. tempo de leitura":"2 minutos"},"schema":{"@context":"https:\/\/schema.org","@graph":[{"@type":"Article","@id":"https:\/\/dana.com.br\/canaldana\/2019\/05\/14\/caoa-condiciona-compra-de-fabrica-a-previdencia\/#article","isPartOf":{"@id":"https:\/\/dana.com.br\/canaldana\/2019\/05\/14\/caoa-condiciona-compra-de-fabrica-a-previdencia\/"},"author":{"name":"Canal Dana","@id":"https:\/\/dana.com.br\/canaldana\/#\/schema\/person\/3c21f22f56fcf3bc46b94bc60ea4fef6"},"headline":"Caoa condiciona compra de f\u00e1brica \u00e0 Previd\u00eancia","datePublished":"2019-05-14T11:41:13+00:00","mainEntityOfPage":{"@id":"https:\/\/dana.com.br\/canaldana\/2019\/05\/14\/caoa-condiciona-compra-de-fabrica-a-previdencia\/"},"wordCount":342,"articleSection":["Destaques"],"inLanguage":"pt-BR"},{"@type":"WebPage","@id":"https:\/\/dana.com.br\/canaldana\/2019\/05\/14\/caoa-condiciona-compra-de-fabrica-a-previdencia\/","url":"https:\/\/dana.com.br\/canaldana\/2019\/05\/14\/caoa-condiciona-compra-de-fabrica-a-previdencia\/","name":"Caoa condiciona compra de f\u00e1brica \u00e0 Previd\u00eancia - Canal Dana","isPartOf":{"@id":"https:\/\/dana.com.br\/canaldana\/#website"},"datePublished":"2019-05-14T11:41:13+00:00","author":{"@id":"https:\/\/dana.com.br\/canaldana\/#\/schema\/person\/3c21f22f56fcf3bc46b94bc60ea4fef6"},"breadcrumb":{"@id":"https:\/\/dana.com.br\/canaldana\/2019\/05\/14\/caoa-condiciona-compra-de-fabrica-a-previdencia\/#breadcrumb"},"inLanguage":"pt-BR","potentialAction":[{"@type":"ReadAction","target":["https:\/\/dana.com.br\/canaldana\/2019\/05\/14\/caoa-condiciona-compra-de-fabrica-a-previdencia\/"]}]},{"@type":"BreadcrumbList","@id":"https:\/\/dana.com.br\/canaldana\/2019\/05\/14\/caoa-condiciona-compra-de-fabrica-a-previdencia\/#breadcrumb","itemListElement":[{"@type":"ListItem","position":1,"name":"Home","item":"https:\/\/dana.com.br\/canaldana\/"},{"@type":"ListItem","position":2,"name":"Destaques","item":"https:\/\/dana.com.br\/canaldana\/destaques\/"},{"@type":"ListItem","position":3,"name":"Caoa condiciona compra de f\u00e1brica \u00e0 Previd\u00eancia"}]},{"@type":"WebSite","@id":"https:\/\/dana.com.br\/canaldana\/#website","url":"https:\/\/dana.com.br\/canaldana\/","name":"Canal Dana","description":"Informativo com as principais not\u00edcias da ind\u00fastria automotiva","potentialAction":[{"@type":"SearchAction","target":{"@type":"EntryPoint","urlTemplate":"https:\/\/dana.com.br\/canaldana\/?s={search_term_string}"},"query-input":{"@type":"PropertyValueSpecification","valueRequired":true,"valueName":"search_term_string"}}],"inLanguage":"pt-BR"},{"@type":"Person","@id":"https:\/\/dana.com.br\/canaldana\/#\/schema\/person\/3c21f22f56fcf3bc46b94bc60ea4fef6","name":"Canal Dana","image":{"@type":"ImageObject","inLanguage":"pt-BR","@id":"https:\/\/secure.gravatar.com\/avatar\/420aaf9278582877d9018637c6817617705899d2858d7572ef0fe59a6b6454b4?s=96&d=mm&r=g","url":"https:\/\/secure.gravatar.com\/avatar\/420aaf9278582877d9018637c6817617705899d2858d7572ef0fe59a6b6454b4?s=96&d=mm&r=g","contentUrl":"https:\/\/secure.gravatar.com\/avatar\/420aaf9278582877d9018637c6817617705899d2858d7572ef0fe59a6b6454b4?s=96&d=mm&r=g","caption":"Canal Dana"},"url":"https:\/\/dana.com.br\/canaldana\/author\/cdeditor\/"}]}},"_links":{"self":[{"href":"https:\/\/dana.com.br\/canaldana\/wp-json\/wp\/v2\/posts\/34388","targetHints":{"allow":["GET"]}}],"collection":[{"href":"https:\/\/dana.com.br\/canaldana\/wp-json\/wp\/v2\/posts"}],"about":[{"href":"https:\/\/dana.com.br\/canaldana\/wp-json\/wp\/v2\/types\/post"}],"author":[{"embeddable":true,"href":"https:\/\/dana.com.br\/canaldana\/wp-json\/wp\/v2\/users\/3"}],"replies":[{"embeddable":true,"href":"https:\/\/dana.com.br\/canaldana\/wp-json\/wp\/v2\/comments?post=34388"}],"version-history":[{"count":0,"href":"https:\/\/dana.com.br\/canaldana\/wp-json\/wp\/v2\/posts\/34388\/revisions"}],"wp:attachment":[{"href":"https:\/\/dana.com.br\/canaldana\/wp-json\/wp\/v2\/media?parent=34388"}],"wp:term":[{"taxonomy":"category","embeddable":true,"href":"https:\/\/dana.com.br\/canaldana\/wp-json\/wp\/v2\/categories?post=34388"},{"taxonomy":"post_tag","embeddable":true,"href":"https:\/\/dana.com.br\/canaldana\/wp-json\/wp\/v2\/tags?post=34388"}],"curies":[{"name":"wp","href":"https:\/\/api.w.org\/{rel}","templated":true}]}}