{"id":34328,"date":"2019-05-10T08:33:30","date_gmt":"2019-05-10T11:33:30","guid":{"rendered":"https:\/\/dana.com.br\/canaldana\/?p=34328"},"modified":"2019-05-10T08:33:30","modified_gmt":"2019-05-10T11:33:30","slug":"fabrica-da-jeep-em-goiana-para-ate-15-de-maio","status":"publish","type":"post","link":"https:\/\/dana.com.br\/canaldana\/2019\/05\/10\/fabrica-da-jeep-em-goiana-para-ate-15-de-maio\/","title":{"rendered":"F\u00e1brica da Jeep em Goiana para at\u00e9 15 de maio"},"content":{"rendered":"<p><em>Folha de Pernambuco <\/em><\/p>\n<p>&nbsp;<\/p>\n<p>O agravamento da crise argentina, que reduziu o poder de compra dos hermanos, tem impactado a ind\u00fastria automotiva brasileira. Afinal, \u00e9 para a Argentina que vai grande parte dos carros brasileiros produzidos para exporta\u00e7\u00e3o.<\/p>\n<p>&nbsp;<\/p>\n<p>De acordo com a Associa\u00e7\u00e3o Nacional dos Fabricantes de Ve\u00edculos Automotores (Anfavea), a Argentina \u00e9 o principal parceiro comercial do Brasil. Por isso, o volume de exporta\u00e7\u00f5es das montadoras brasileiras caiu 42% no primeiro trimestre deste ano, passando de 180,2 mil em 2018 para 104,6 mil ve\u00edculos em 2019. E essa queda j\u00e1 vem sendo sentida pela ind\u00fastria pernambucana.<\/p>\n<p>&nbsp;<\/p>\n<p>De acordo com a Federa\u00e7\u00e3o das Ind\u00fastrias de Pernambuco (Fiepe), se comparado o primeiro trimestre do ano passado com o mesmo per\u00edodo deste ano, o Estado exportou 62% a menos de ve\u00edculos em 2019. S\u00f3 a F\u00e1brica da Jeep de Goiana teve queda de 83% em rela\u00e7\u00e3o ao per\u00edodo de janeiro a abril do ano passado, quando foram exportados 9,5 mil modelos Jeep, com a Argentina sendo o principal receptor desses produtos.<\/p>\n<p>&nbsp;<\/p>\n<p>A montadora, por sinal, parou suas atividades ontem em Goiana. A Jeep informou, por\u00e9m, que a parada n\u00e3o est\u00e1 relacionada ao cen\u00e1rio externo. &#8220;A interrup\u00e7\u00e3o \u00e9 parte do calend\u00e1rio da empresa, para a realiza\u00e7\u00e3o de manuten\u00e7\u00e3o preventiva na planta&#8221;, alegou a Jeep, que ficar\u00e1 parada at\u00e9 15 de maio. \u201cAs atividades ser\u00e3o retomadas normalmente na ter\u00e7a-feira (16) nos tr\u00eas turnos de produ\u00e7\u00e3o&#8221;, afirmou a montadora, que chamou a paralisa\u00e7\u00e3o de &#8220;parada t\u00e9cnica programada&#8221; e que, no fim do ano passado, j\u00e1 havia interrompido a produ\u00e7\u00e3o por tr\u00eas dias por conta da crise argentina.<\/p>\n<p>&nbsp;<\/p>\n<p>Assessor da presid\u00eancia da Fiepe, Maur\u00edcio Laranjeira afirma, por\u00e9m, que a piora no mercado argentino impacta diretamente a produ\u00e7\u00e3o pernambucana. \u201cO impacto existe, como d\u00e1 para ver na balan\u00e7a comercial. A Argentina \u00e9 um grande mercado, mas a popula\u00e7\u00e3o est\u00e1 sem poder de compra.\u201d<\/p>\n<p>&nbsp;<\/p>\n<p>Vale lembrar que somente a F\u00e1brica da Jeep de Goiana produz mil ve\u00edculos por dia. Por isso, na parada, pelo menos oito mil carros devem deixar de ser produzidos. Em abril de 2019, as vendas da Jeep no mercado brasileiro alcan\u00e7aram 10.699 unidades. Entre janeiro e abril, as vendas acumuladas somam 39.382 unidades, 4,9% de participa\u00e7\u00e3o no mercado.<\/p>\n<p>&nbsp;<\/p>\n<p>Na perspectiva nacional, o cen\u00e1rio tamb\u00e9m n\u00e3o \u00e9 animador. Com queda de 70% para 60% de ve\u00edculos exportados, a Volkswagen, maior respons\u00e1vel por exportar autom\u00f3veis para a Argentina, tamb\u00e9m ir\u00e1 realizar paralisa\u00e7\u00e3o na f\u00e1brica de S\u00e3o Bernardo do Campo (SP). A empresa tamb\u00e9m disse que a parada era programada. &#8220;A f\u00e1brica Anchieta entrar\u00e1 em f\u00e9rias coletivas, de 24 de junho a 13 de julho. Nesse per\u00edodo, a unidade realizar\u00e1 altera\u00e7\u00f5es t\u00e9cnicas significativas em suas linhas de montagem\u201d, afirmou.<\/p>\n<p>&nbsp;<\/p>\n<p>Ainda de acordo com Laranjeira, outras \u00e1reas da ind\u00fastria pernambucana est\u00e3o sendo afetadas com a infla\u00e7\u00e3o argentina. \u201cAs baterias, por exemplo. Al\u00e9m disso a gente tamb\u00e9m exporta alguns acess\u00f3rios como latas de bebida\u201d, explica. (Folha de Pernambuco\/M\u00e1rio Fontes)<\/p>\n","protected":false},"excerpt":{"rendered":"<p>Folha de Pernambuco &nbsp; O agravamento da crise argentina, que reduziu o poder de compra dos hermanos, tem impactado a ind\u00fastria automotiva brasileira. Afinal, \u00e9 para a Argentina que vai grande parte dos carros brasileiros produzidos para exporta\u00e7\u00e3o. &nbsp; De acordo com a Associa\u00e7\u00e3o Nacional dos Fabricantes de Ve\u00edculos Automotores (Anfavea), a Argentina \u00e9 o\u2026 <a class=\"readmore\" href=\"https:\/\/dana.com.br\/canaldana\/2019\/05\/10\/fabrica-da-jeep-em-goiana-para-ate-15-de-maio\/\">Leia mais \u00bb<\/a><\/p>\n","protected":false},"author":3,"featured_media":0,"comment_status":"closed","ping_status":"closed","sticky":false,"template":"","format":"standard","meta":{"_acf_changed":false,"footnotes":""},"categories":[61],"tags":[],"class_list":["post-34328","post","type-post","status-publish","format-standard","hentry","category-destaques"],"acf":[],"yoast_head":"<!-- This site is optimized with the Yoast SEO plugin v27.3 - https:\/\/yoast.com\/product\/yoast-seo-wordpress\/ -->\n<title>F\u00e1brica da Jeep em Goiana para at\u00e9 15 de maio - Canal Dana<\/title>\n<meta name=\"robots\" content=\"index, follow, max-snippet:-1, max-image-preview:large, max-video-preview:-1\" \/>\n<link rel=\"canonical\" href=\"https:\/\/dana.com.br\/canaldana\/2019\/05\/10\/fabrica-da-jeep-em-goiana-para-ate-15-de-maio\/\" \/>\n<meta property=\"og:locale\" content=\"pt_BR\" \/>\n<meta property=\"og:type\" content=\"article\" \/>\n<meta property=\"og:title\" content=\"F\u00e1brica da Jeep em Goiana para at\u00e9 15 de maio - Canal Dana\" \/>\n<meta property=\"og:description\" content=\"Folha de Pernambuco &nbsp; O agravamento da crise argentina, que reduziu o poder de compra dos hermanos, tem impactado a ind\u00fastria automotiva brasileira. Afinal, \u00e9 para a Argentina que vai grande parte dos carros brasileiros produzidos para exporta\u00e7\u00e3o. &nbsp; De acordo com a Associa\u00e7\u00e3o Nacional dos Fabricantes de Ve\u00edculos Automotores (Anfavea), a Argentina \u00e9 o\u2026 Leia mais \u00bb\" \/>\n<meta property=\"og:url\" content=\"https:\/\/dana.com.br\/canaldana\/2019\/05\/10\/fabrica-da-jeep-em-goiana-para-ate-15-de-maio\/\" \/>\n<meta property=\"og:site_name\" content=\"Canal Dana\" \/>\n<meta property=\"article:published_time\" content=\"2019-05-10T11:33:30+00:00\" \/>\n<meta name=\"author\" content=\"Canal Dana\" \/>\n<meta name=\"twitter:card\" content=\"summary_large_image\" \/>\n<meta name=\"twitter:label1\" content=\"Escrito por\" \/>\n\t<meta name=\"twitter:data1\" content=\"Canal Dana\" \/>\n\t<meta name=\"twitter:label2\" content=\"Est. tempo de leitura\" \/>\n\t<meta name=\"twitter:data2\" content=\"3 minutos\" \/>\n<script type=\"application\/ld+json\" class=\"yoast-schema-graph\">{\"@context\":\"https:\\\/\\\/schema.org\",\"@graph\":[{\"@type\":\"Article\",\"@id\":\"https:\\\/\\\/dana.com.br\\\/canaldana\\\/2019\\\/05\\\/10\\\/fabrica-da-jeep-em-goiana-para-ate-15-de-maio\\\/#article\",\"isPartOf\":{\"@id\":\"https:\\\/\\\/dana.com.br\\\/canaldana\\\/2019\\\/05\\\/10\\\/fabrica-da-jeep-em-goiana-para-ate-15-de-maio\\\/\"},\"author\":{\"name\":\"Canal Dana\",\"@id\":\"https:\\\/\\\/dana.com.br\\\/canaldana\\\/#\\\/schema\\\/person\\\/3c21f22f56fcf3bc46b94bc60ea4fef6\"},\"headline\":\"F\u00e1brica da Jeep em Goiana para at\u00e9 15 de maio\",\"datePublished\":\"2019-05-10T11:33:30+00:00\",\"mainEntityOfPage\":{\"@id\":\"https:\\\/\\\/dana.com.br\\\/canaldana\\\/2019\\\/05\\\/10\\\/fabrica-da-jeep-em-goiana-para-ate-15-de-maio\\\/\"},\"wordCount\":536,\"articleSection\":[\"Destaques\"],\"inLanguage\":\"pt-BR\"},{\"@type\":\"WebPage\",\"@id\":\"https:\\\/\\\/dana.com.br\\\/canaldana\\\/2019\\\/05\\\/10\\\/fabrica-da-jeep-em-goiana-para-ate-15-de-maio\\\/\",\"url\":\"https:\\\/\\\/dana.com.br\\\/canaldana\\\/2019\\\/05\\\/10\\\/fabrica-da-jeep-em-goiana-para-ate-15-de-maio\\\/\",\"name\":\"F\u00e1brica da Jeep em Goiana para at\u00e9 15 de maio - Canal Dana\",\"isPartOf\":{\"@id\":\"https:\\\/\\\/dana.com.br\\\/canaldana\\\/#website\"},\"datePublished\":\"2019-05-10T11:33:30+00:00\",\"author\":{\"@id\":\"https:\\\/\\\/dana.com.br\\\/canaldana\\\/#\\\/schema\\\/person\\\/3c21f22f56fcf3bc46b94bc60ea4fef6\"},\"breadcrumb\":{\"@id\":\"https:\\\/\\\/dana.com.br\\\/canaldana\\\/2019\\\/05\\\/10\\\/fabrica-da-jeep-em-goiana-para-ate-15-de-maio\\\/#breadcrumb\"},\"inLanguage\":\"pt-BR\",\"potentialAction\":[{\"@type\":\"ReadAction\",\"target\":[\"https:\\\/\\\/dana.com.br\\\/canaldana\\\/2019\\\/05\\\/10\\\/fabrica-da-jeep-em-goiana-para-ate-15-de-maio\\\/\"]}]},{\"@type\":\"BreadcrumbList\",\"@id\":\"https:\\\/\\\/dana.com.br\\\/canaldana\\\/2019\\\/05\\\/10\\\/fabrica-da-jeep-em-goiana-para-ate-15-de-maio\\\/#breadcrumb\",\"itemListElement\":[{\"@type\":\"ListItem\",\"position\":1,\"name\":\"Home\",\"item\":\"https:\\\/\\\/dana.com.br\\\/canaldana\\\/\"},{\"@type\":\"ListItem\",\"position\":2,\"name\":\"Destaques\",\"item\":\"https:\\\/\\\/dana.com.br\\\/canaldana\\\/destaques\\\/\"},{\"@type\":\"ListItem\",\"position\":3,\"name\":\"F\u00e1brica da Jeep em Goiana para at\u00e9 15 de maio\"}]},{\"@type\":\"WebSite\",\"@id\":\"https:\\\/\\\/dana.com.br\\\/canaldana\\\/#website\",\"url\":\"https:\\\/\\\/dana.com.br\\\/canaldana\\\/\",\"name\":\"Canal Dana\",\"description\":\"Informativo com as principais not\u00edcias da ind\u00fastria automotiva\",\"potentialAction\":[{\"@type\":\"SearchAction\",\"target\":{\"@type\":\"EntryPoint\",\"urlTemplate\":\"https:\\\/\\\/dana.com.br\\\/canaldana\\\/?s={search_term_string}\"},\"query-input\":{\"@type\":\"PropertyValueSpecification\",\"valueRequired\":true,\"valueName\":\"search_term_string\"}}],\"inLanguage\":\"pt-BR\"},{\"@type\":\"Person\",\"@id\":\"https:\\\/\\\/dana.com.br\\\/canaldana\\\/#\\\/schema\\\/person\\\/3c21f22f56fcf3bc46b94bc60ea4fef6\",\"name\":\"Canal Dana\",\"image\":{\"@type\":\"ImageObject\",\"inLanguage\":\"pt-BR\",\"@id\":\"https:\\\/\\\/secure.gravatar.com\\\/avatar\\\/420aaf9278582877d9018637c6817617705899d2858d7572ef0fe59a6b6454b4?s=96&d=mm&r=g\",\"url\":\"https:\\\/\\\/secure.gravatar.com\\\/avatar\\\/420aaf9278582877d9018637c6817617705899d2858d7572ef0fe59a6b6454b4?s=96&d=mm&r=g\",\"contentUrl\":\"https:\\\/\\\/secure.gravatar.com\\\/avatar\\\/420aaf9278582877d9018637c6817617705899d2858d7572ef0fe59a6b6454b4?s=96&d=mm&r=g\",\"caption\":\"Canal Dana\"},\"url\":\"https:\\\/\\\/dana.com.br\\\/canaldana\\\/author\\\/cdeditor\\\/\"}]}<\/script>\n<!-- \/ Yoast SEO plugin. -->","yoast_head_json":{"title":"F\u00e1brica da Jeep em Goiana para at\u00e9 15 de maio - Canal Dana","robots":{"index":"index","follow":"follow","max-snippet":"max-snippet:-1","max-image-preview":"max-image-preview:large","max-video-preview":"max-video-preview:-1"},"canonical":"https:\/\/dana.com.br\/canaldana\/2019\/05\/10\/fabrica-da-jeep-em-goiana-para-ate-15-de-maio\/","og_locale":"pt_BR","og_type":"article","og_title":"F\u00e1brica da Jeep em Goiana para at\u00e9 15 de maio - Canal Dana","og_description":"Folha de Pernambuco &nbsp; O agravamento da crise argentina, que reduziu o poder de compra dos hermanos, tem impactado a ind\u00fastria automotiva brasileira. Afinal, \u00e9 para a Argentina que vai grande parte dos carros brasileiros produzidos para exporta\u00e7\u00e3o. &nbsp; De acordo com a Associa\u00e7\u00e3o Nacional dos Fabricantes de Ve\u00edculos Automotores (Anfavea), a Argentina \u00e9 o\u2026 Leia mais \u00bb","og_url":"https:\/\/dana.com.br\/canaldana\/2019\/05\/10\/fabrica-da-jeep-em-goiana-para-ate-15-de-maio\/","og_site_name":"Canal Dana","article_published_time":"2019-05-10T11:33:30+00:00","author":"Canal Dana","twitter_card":"summary_large_image","twitter_misc":{"Escrito por":"Canal Dana","Est. tempo de leitura":"3 minutos"},"schema":{"@context":"https:\/\/schema.org","@graph":[{"@type":"Article","@id":"https:\/\/dana.com.br\/canaldana\/2019\/05\/10\/fabrica-da-jeep-em-goiana-para-ate-15-de-maio\/#article","isPartOf":{"@id":"https:\/\/dana.com.br\/canaldana\/2019\/05\/10\/fabrica-da-jeep-em-goiana-para-ate-15-de-maio\/"},"author":{"name":"Canal Dana","@id":"https:\/\/dana.com.br\/canaldana\/#\/schema\/person\/3c21f22f56fcf3bc46b94bc60ea4fef6"},"headline":"F\u00e1brica da Jeep em Goiana para at\u00e9 15 de maio","datePublished":"2019-05-10T11:33:30+00:00","mainEntityOfPage":{"@id":"https:\/\/dana.com.br\/canaldana\/2019\/05\/10\/fabrica-da-jeep-em-goiana-para-ate-15-de-maio\/"},"wordCount":536,"articleSection":["Destaques"],"inLanguage":"pt-BR"},{"@type":"WebPage","@id":"https:\/\/dana.com.br\/canaldana\/2019\/05\/10\/fabrica-da-jeep-em-goiana-para-ate-15-de-maio\/","url":"https:\/\/dana.com.br\/canaldana\/2019\/05\/10\/fabrica-da-jeep-em-goiana-para-ate-15-de-maio\/","name":"F\u00e1brica da Jeep em Goiana para at\u00e9 15 de maio - Canal Dana","isPartOf":{"@id":"https:\/\/dana.com.br\/canaldana\/#website"},"datePublished":"2019-05-10T11:33:30+00:00","author":{"@id":"https:\/\/dana.com.br\/canaldana\/#\/schema\/person\/3c21f22f56fcf3bc46b94bc60ea4fef6"},"breadcrumb":{"@id":"https:\/\/dana.com.br\/canaldana\/2019\/05\/10\/fabrica-da-jeep-em-goiana-para-ate-15-de-maio\/#breadcrumb"},"inLanguage":"pt-BR","potentialAction":[{"@type":"ReadAction","target":["https:\/\/dana.com.br\/canaldana\/2019\/05\/10\/fabrica-da-jeep-em-goiana-para-ate-15-de-maio\/"]}]},{"@type":"BreadcrumbList","@id":"https:\/\/dana.com.br\/canaldana\/2019\/05\/10\/fabrica-da-jeep-em-goiana-para-ate-15-de-maio\/#breadcrumb","itemListElement":[{"@type":"ListItem","position":1,"name":"Home","item":"https:\/\/dana.com.br\/canaldana\/"},{"@type":"ListItem","position":2,"name":"Destaques","item":"https:\/\/dana.com.br\/canaldana\/destaques\/"},{"@type":"ListItem","position":3,"name":"F\u00e1brica da Jeep em Goiana para at\u00e9 15 de maio"}]},{"@type":"WebSite","@id":"https:\/\/dana.com.br\/canaldana\/#website","url":"https:\/\/dana.com.br\/canaldana\/","name":"Canal Dana","description":"Informativo com as principais not\u00edcias da ind\u00fastria automotiva","potentialAction":[{"@type":"SearchAction","target":{"@type":"EntryPoint","urlTemplate":"https:\/\/dana.com.br\/canaldana\/?s={search_term_string}"},"query-input":{"@type":"PropertyValueSpecification","valueRequired":true,"valueName":"search_term_string"}}],"inLanguage":"pt-BR"},{"@type":"Person","@id":"https:\/\/dana.com.br\/canaldana\/#\/schema\/person\/3c21f22f56fcf3bc46b94bc60ea4fef6","name":"Canal Dana","image":{"@type":"ImageObject","inLanguage":"pt-BR","@id":"https:\/\/secure.gravatar.com\/avatar\/420aaf9278582877d9018637c6817617705899d2858d7572ef0fe59a6b6454b4?s=96&d=mm&r=g","url":"https:\/\/secure.gravatar.com\/avatar\/420aaf9278582877d9018637c6817617705899d2858d7572ef0fe59a6b6454b4?s=96&d=mm&r=g","contentUrl":"https:\/\/secure.gravatar.com\/avatar\/420aaf9278582877d9018637c6817617705899d2858d7572ef0fe59a6b6454b4?s=96&d=mm&r=g","caption":"Canal Dana"},"url":"https:\/\/dana.com.br\/canaldana\/author\/cdeditor\/"}]}},"_links":{"self":[{"href":"https:\/\/dana.com.br\/canaldana\/wp-json\/wp\/v2\/posts\/34328","targetHints":{"allow":["GET"]}}],"collection":[{"href":"https:\/\/dana.com.br\/canaldana\/wp-json\/wp\/v2\/posts"}],"about":[{"href":"https:\/\/dana.com.br\/canaldana\/wp-json\/wp\/v2\/types\/post"}],"author":[{"embeddable":true,"href":"https:\/\/dana.com.br\/canaldana\/wp-json\/wp\/v2\/users\/3"}],"replies":[{"embeddable":true,"href":"https:\/\/dana.com.br\/canaldana\/wp-json\/wp\/v2\/comments?post=34328"}],"version-history":[{"count":0,"href":"https:\/\/dana.com.br\/canaldana\/wp-json\/wp\/v2\/posts\/34328\/revisions"}],"wp:attachment":[{"href":"https:\/\/dana.com.br\/canaldana\/wp-json\/wp\/v2\/media?parent=34328"}],"wp:term":[{"taxonomy":"category","embeddable":true,"href":"https:\/\/dana.com.br\/canaldana\/wp-json\/wp\/v2\/categories?post=34328"},{"taxonomy":"post_tag","embeddable":true,"href":"https:\/\/dana.com.br\/canaldana\/wp-json\/wp\/v2\/tags?post=34328"}],"curies":[{"name":"wp","href":"https:\/\/api.w.org\/{rel}","templated":true}]}}