{"id":34257,"date":"2019-05-08T08:32:27","date_gmt":"2019-05-08T11:32:27","guid":{"rendered":"https:\/\/dana.com.br\/canaldana\/?p=34257"},"modified":"2019-05-08T08:32:27","modified_gmt":"2019-05-08T11:32:27","slug":"jubileu-de-prata-audi-a4-celebra-25-anos","status":"publish","type":"post","link":"https:\/\/dana.com.br\/canaldana\/2019\/05\/08\/jubileu-de-prata-audi-a4-celebra-25-anos\/","title":{"rendered":"Jubileu de prata: Audi A4 celebra 25 anos"},"content":{"rendered":"<p><em>DCI<\/em><\/p>\n<p>&nbsp;<\/p>\n<p>A Audi est\u00e1 celebrando um grande anivers\u00e1rio de produ\u00e7\u00e3o no segmento premium: h\u00e1 25 anos, o primeiro Audi A4 saiu da linha de montagem em Ingolstadt, na Alemanha. Desde ent\u00e3o, a marca das quatro argolas produziu mais de 7,5 milh\u00f5es de unidades do modelo. Um quarto de s\u00e9culo ap\u00f3s o seu nascimento, a demanda \u00e9 inabal\u00e1vel para o Audi A4, agora em sua quinta gera\u00e7\u00e3o. Com 344.586 unidades vendidas em 2018, o A4 \u00e9 o modelo Audi mais popular do mundo. Aproximadamente a cada cinco modelos da marca entregues em todo o mundo hoje, um vem desta s\u00e9rie.<\/p>\n<p>&nbsp;<\/p>\n<p>O Audi A4 estabeleceu novos padr\u00f5es quando entrou em produ\u00e7\u00e3o em 1994 como o sucessor do ic\u00f4nico Audi 80. Com sua eleg\u00e2ncia, esportividade e conforto, rapidamente impressionou clientes em todo o mundo. O modelo tornou-se um best-seller em seu primeiro ano completo de produ\u00e7\u00e3o, em 1995, quando mais de 272.052 unidades sa\u00edram da linha. E hoje, o modelo continua lan\u00e7ando destaques em sua classe com in\u00fameros sistemas de assist\u00eancia ao motorista.<\/p>\n<p>&nbsp;<\/p>\n<p>\u201cPor um quarto de s\u00e9culo, o A4 simbolizou a marca Audi como nenhum outro modelo. \u00c9 sin\u00f4nimo de tecnologia de ponta em seu segmento, bem como tecnologias de produ\u00e7\u00e3o inovadoras ao mais alto n\u00edvel\u201d, disse Albert Mayer, diretor de f\u00e1brica da unidade da Audi em Ingolstadt. \u201cO Audi A4 \u00e9 um pilar fundamental da f\u00e1brica de Ingolstadt. O compromisso incans\u00e1vel e a paix\u00e3o de nossos funcion\u00e1rios pela nossa marca foram e continuam a ser a for\u00e7a motriz por tr\u00e1s da impressionante hist\u00f3ria de sucesso da A4\u201d.<\/p>\n<p>&nbsp;<\/p>\n<p>Peter Mosch, presidente do conselho geral dos trabalhadores do grupo na AUDI AG: \u201cO A4 \u00e9 um s\u00edmbolo do sucesso da marca Audi. Nossos colegas tornaram isso poss\u00edvel nos \u00faltimos 25 anos com muita dedica\u00e7\u00e3o e comprometimento. Esta \u00e9 uma grande conquista da qual n\u00f3s, membros do Conselho dos Trabalhadores, estamos muito orgulhosos e sobre a qual gostaria de parabenizar todos os envolvidos\u201d.<\/p>\n<p>&nbsp;<\/p>\n<p>Em 2018, praticamente um em cada cinco carros entregues pela Audi no mercado alem\u00e3o veio desta s\u00e9rie. O modelo Audi mais popular na China \u00e9 o A4 com dist\u00e2ncia entre eixos longa, que \u00e9 produzido especialmente para o mercado local.<\/p>\n<p>&nbsp;<\/p>\n<p>Com produ\u00e7\u00e3o total de mais de 7,5 milh\u00f5es de unidades, o A4 \u00e9 o modelo Audi de maior sucesso da marca em todos os tempos. Desde o lan\u00e7amento da quarta gera\u00e7\u00e3o A4 em 2007, as duas principais f\u00e1bricas da Audi na Alemanha \u2013 Ingolstadt e Neckarsulm \u2013 compartilharam a produ\u00e7\u00e3o do A4 atrav\u00e9s do chamado sistema de mesa girat\u00f3ria de produ\u00e7\u00e3o. A Audi fabrica o modelo tamb\u00e9m na \u00c1sia para os mercados locais: em Changchun, na China, e em Aurangabad, na \u00cdndia. (DCI\/Henrique Flavio Neves)<\/p>\n","protected":false},"excerpt":{"rendered":"<p>DCI &nbsp; A Audi est\u00e1 celebrando um grande anivers\u00e1rio de produ\u00e7\u00e3o no segmento premium: h\u00e1 25 anos, o primeiro Audi A4 saiu da linha de montagem em Ingolstadt, na Alemanha. Desde ent\u00e3o, a marca das quatro argolas produziu mais de 7,5 milh\u00f5es de unidades do modelo. Um quarto de s\u00e9culo ap\u00f3s o seu nascimento, a\u2026 <a class=\"readmore\" href=\"https:\/\/dana.com.br\/canaldana\/2019\/05\/08\/jubileu-de-prata-audi-a4-celebra-25-anos\/\">Leia mais \u00bb<\/a><\/p>\n","protected":false},"author":3,"featured_media":0,"comment_status":"closed","ping_status":"closed","sticky":false,"template":"","format":"standard","meta":{"_acf_changed":false,"footnotes":""},"categories":[79],"tags":[],"class_list":["post-34257","post","type-post","status-publish","format-standard","hentry","category-mercado"],"acf":[],"yoast_head":"<!-- This site is optimized with the Yoast SEO plugin v27.5 - https:\/\/yoast.com\/product\/yoast-seo-wordpress\/ -->\n<title>Jubileu de prata: Audi A4 celebra 25 anos - Canal Dana<\/title>\n<meta name=\"robots\" content=\"index, follow, max-snippet:-1, max-image-preview:large, max-video-preview:-1\" \/>\n<link rel=\"canonical\" href=\"https:\/\/dana.com.br\/canaldana\/2019\/05\/08\/jubileu-de-prata-audi-a4-celebra-25-anos\/\" \/>\n<meta property=\"og:locale\" content=\"pt_BR\" \/>\n<meta property=\"og:type\" content=\"article\" \/>\n<meta property=\"og:title\" content=\"Jubileu de prata: Audi A4 celebra 25 anos - Canal Dana\" \/>\n<meta property=\"og:description\" content=\"DCI &nbsp; A Audi est\u00e1 celebrando um grande anivers\u00e1rio de produ\u00e7\u00e3o no segmento premium: h\u00e1 25 anos, o primeiro Audi A4 saiu da linha de montagem em Ingolstadt, na Alemanha. Desde ent\u00e3o, a marca das quatro argolas produziu mais de 7,5 milh\u00f5es de unidades do modelo. Um quarto de s\u00e9culo ap\u00f3s o seu nascimento, a\u2026 Leia mais \u00bb\" \/>\n<meta property=\"og:url\" content=\"https:\/\/dana.com.br\/canaldana\/2019\/05\/08\/jubileu-de-prata-audi-a4-celebra-25-anos\/\" \/>\n<meta property=\"og:site_name\" content=\"Canal Dana\" \/>\n<meta property=\"article:published_time\" content=\"2019-05-08T11:32:27+00:00\" \/>\n<meta name=\"author\" content=\"Canal Dana\" \/>\n<meta name=\"twitter:card\" content=\"summary_large_image\" \/>\n<meta name=\"twitter:label1\" content=\"Escrito por\" \/>\n\t<meta name=\"twitter:data1\" content=\"Canal Dana\" \/>\n\t<meta name=\"twitter:label2\" content=\"Est. tempo de leitura\" \/>\n\t<meta name=\"twitter:data2\" content=\"2 minutos\" \/>\n<script type=\"application\/ld+json\" class=\"yoast-schema-graph\">{\"@context\":\"https:\\\/\\\/schema.org\",\"@graph\":[{\"@type\":\"Article\",\"@id\":\"https:\\\/\\\/dana.com.br\\\/canaldana\\\/2019\\\/05\\\/08\\\/jubileu-de-prata-audi-a4-celebra-25-anos\\\/#article\",\"isPartOf\":{\"@id\":\"https:\\\/\\\/dana.com.br\\\/canaldana\\\/2019\\\/05\\\/08\\\/jubileu-de-prata-audi-a4-celebra-25-anos\\\/\"},\"author\":{\"name\":\"Canal Dana\",\"@id\":\"https:\\\/\\\/dana.com.br\\\/canaldana\\\/#\\\/schema\\\/person\\\/3c21f22f56fcf3bc46b94bc60ea4fef6\"},\"headline\":\"Jubileu de prata: Audi A4 celebra 25 anos\",\"datePublished\":\"2019-05-08T11:32:27+00:00\",\"mainEntityOfPage\":{\"@id\":\"https:\\\/\\\/dana.com.br\\\/canaldana\\\/2019\\\/05\\\/08\\\/jubileu-de-prata-audi-a4-celebra-25-anos\\\/\"},\"wordCount\":482,\"articleSection\":[\"Mercado\"],\"inLanguage\":\"pt-BR\"},{\"@type\":\"WebPage\",\"@id\":\"https:\\\/\\\/dana.com.br\\\/canaldana\\\/2019\\\/05\\\/08\\\/jubileu-de-prata-audi-a4-celebra-25-anos\\\/\",\"url\":\"https:\\\/\\\/dana.com.br\\\/canaldana\\\/2019\\\/05\\\/08\\\/jubileu-de-prata-audi-a4-celebra-25-anos\\\/\",\"name\":\"Jubileu de prata: Audi A4 celebra 25 anos - Canal Dana\",\"isPartOf\":{\"@id\":\"https:\\\/\\\/dana.com.br\\\/canaldana\\\/#website\"},\"datePublished\":\"2019-05-08T11:32:27+00:00\",\"author\":{\"@id\":\"https:\\\/\\\/dana.com.br\\\/canaldana\\\/#\\\/schema\\\/person\\\/3c21f22f56fcf3bc46b94bc60ea4fef6\"},\"breadcrumb\":{\"@id\":\"https:\\\/\\\/dana.com.br\\\/canaldana\\\/2019\\\/05\\\/08\\\/jubileu-de-prata-audi-a4-celebra-25-anos\\\/#breadcrumb\"},\"inLanguage\":\"pt-BR\",\"potentialAction\":[{\"@type\":\"ReadAction\",\"target\":[\"https:\\\/\\\/dana.com.br\\\/canaldana\\\/2019\\\/05\\\/08\\\/jubileu-de-prata-audi-a4-celebra-25-anos\\\/\"]}]},{\"@type\":\"BreadcrumbList\",\"@id\":\"https:\\\/\\\/dana.com.br\\\/canaldana\\\/2019\\\/05\\\/08\\\/jubileu-de-prata-audi-a4-celebra-25-anos\\\/#breadcrumb\",\"itemListElement\":[{\"@type\":\"ListItem\",\"position\":1,\"name\":\"Home\",\"item\":\"https:\\\/\\\/dana.com.br\\\/canaldana\\\/\"},{\"@type\":\"ListItem\",\"position\":2,\"name\":\"Mercado\",\"item\":\"https:\\\/\\\/dana.com.br\\\/canaldana\\\/mercado\\\/\"},{\"@type\":\"ListItem\",\"position\":3,\"name\":\"Jubileu de prata: Audi A4 celebra 25 anos\"}]},{\"@type\":\"WebSite\",\"@id\":\"https:\\\/\\\/dana.com.br\\\/canaldana\\\/#website\",\"url\":\"https:\\\/\\\/dana.com.br\\\/canaldana\\\/\",\"name\":\"Canal Dana\",\"description\":\"Informativo com as principais not\u00edcias da ind\u00fastria automotiva\",\"potentialAction\":[{\"@type\":\"SearchAction\",\"target\":{\"@type\":\"EntryPoint\",\"urlTemplate\":\"https:\\\/\\\/dana.com.br\\\/canaldana\\\/?s={search_term_string}\"},\"query-input\":{\"@type\":\"PropertyValueSpecification\",\"valueRequired\":true,\"valueName\":\"search_term_string\"}}],\"inLanguage\":\"pt-BR\"},{\"@type\":\"Person\",\"@id\":\"https:\\\/\\\/dana.com.br\\\/canaldana\\\/#\\\/schema\\\/person\\\/3c21f22f56fcf3bc46b94bc60ea4fef6\",\"name\":\"Canal Dana\",\"image\":{\"@type\":\"ImageObject\",\"inLanguage\":\"pt-BR\",\"@id\":\"https:\\\/\\\/secure.gravatar.com\\\/avatar\\\/420aaf9278582877d9018637c6817617705899d2858d7572ef0fe59a6b6454b4?s=96&d=mm&r=g\",\"url\":\"https:\\\/\\\/secure.gravatar.com\\\/avatar\\\/420aaf9278582877d9018637c6817617705899d2858d7572ef0fe59a6b6454b4?s=96&d=mm&r=g\",\"contentUrl\":\"https:\\\/\\\/secure.gravatar.com\\\/avatar\\\/420aaf9278582877d9018637c6817617705899d2858d7572ef0fe59a6b6454b4?s=96&d=mm&r=g\",\"caption\":\"Canal Dana\"},\"url\":\"https:\\\/\\\/dana.com.br\\\/canaldana\\\/author\\\/cdeditor\\\/\"}]}<\/script>\n<!-- \/ Yoast SEO plugin. -->","yoast_head_json":{"title":"Jubileu de prata: Audi A4 celebra 25 anos - Canal Dana","robots":{"index":"index","follow":"follow","max-snippet":"max-snippet:-1","max-image-preview":"max-image-preview:large","max-video-preview":"max-video-preview:-1"},"canonical":"https:\/\/dana.com.br\/canaldana\/2019\/05\/08\/jubileu-de-prata-audi-a4-celebra-25-anos\/","og_locale":"pt_BR","og_type":"article","og_title":"Jubileu de prata: Audi A4 celebra 25 anos - Canal Dana","og_description":"DCI &nbsp; A Audi est\u00e1 celebrando um grande anivers\u00e1rio de produ\u00e7\u00e3o no segmento premium: h\u00e1 25 anos, o primeiro Audi A4 saiu da linha de montagem em Ingolstadt, na Alemanha. Desde ent\u00e3o, a marca das quatro argolas produziu mais de 7,5 milh\u00f5es de unidades do modelo. Um quarto de s\u00e9culo ap\u00f3s o seu nascimento, a\u2026 Leia mais \u00bb","og_url":"https:\/\/dana.com.br\/canaldana\/2019\/05\/08\/jubileu-de-prata-audi-a4-celebra-25-anos\/","og_site_name":"Canal Dana","article_published_time":"2019-05-08T11:32:27+00:00","author":"Canal Dana","twitter_card":"summary_large_image","twitter_misc":{"Escrito por":"Canal Dana","Est. tempo de leitura":"2 minutos"},"schema":{"@context":"https:\/\/schema.org","@graph":[{"@type":"Article","@id":"https:\/\/dana.com.br\/canaldana\/2019\/05\/08\/jubileu-de-prata-audi-a4-celebra-25-anos\/#article","isPartOf":{"@id":"https:\/\/dana.com.br\/canaldana\/2019\/05\/08\/jubileu-de-prata-audi-a4-celebra-25-anos\/"},"author":{"name":"Canal Dana","@id":"https:\/\/dana.com.br\/canaldana\/#\/schema\/person\/3c21f22f56fcf3bc46b94bc60ea4fef6"},"headline":"Jubileu de prata: Audi A4 celebra 25 anos","datePublished":"2019-05-08T11:32:27+00:00","mainEntityOfPage":{"@id":"https:\/\/dana.com.br\/canaldana\/2019\/05\/08\/jubileu-de-prata-audi-a4-celebra-25-anos\/"},"wordCount":482,"articleSection":["Mercado"],"inLanguage":"pt-BR"},{"@type":"WebPage","@id":"https:\/\/dana.com.br\/canaldana\/2019\/05\/08\/jubileu-de-prata-audi-a4-celebra-25-anos\/","url":"https:\/\/dana.com.br\/canaldana\/2019\/05\/08\/jubileu-de-prata-audi-a4-celebra-25-anos\/","name":"Jubileu de prata: Audi A4 celebra 25 anos - Canal Dana","isPartOf":{"@id":"https:\/\/dana.com.br\/canaldana\/#website"},"datePublished":"2019-05-08T11:32:27+00:00","author":{"@id":"https:\/\/dana.com.br\/canaldana\/#\/schema\/person\/3c21f22f56fcf3bc46b94bc60ea4fef6"},"breadcrumb":{"@id":"https:\/\/dana.com.br\/canaldana\/2019\/05\/08\/jubileu-de-prata-audi-a4-celebra-25-anos\/#breadcrumb"},"inLanguage":"pt-BR","potentialAction":[{"@type":"ReadAction","target":["https:\/\/dana.com.br\/canaldana\/2019\/05\/08\/jubileu-de-prata-audi-a4-celebra-25-anos\/"]}]},{"@type":"BreadcrumbList","@id":"https:\/\/dana.com.br\/canaldana\/2019\/05\/08\/jubileu-de-prata-audi-a4-celebra-25-anos\/#breadcrumb","itemListElement":[{"@type":"ListItem","position":1,"name":"Home","item":"https:\/\/dana.com.br\/canaldana\/"},{"@type":"ListItem","position":2,"name":"Mercado","item":"https:\/\/dana.com.br\/canaldana\/mercado\/"},{"@type":"ListItem","position":3,"name":"Jubileu de prata: Audi A4 celebra 25 anos"}]},{"@type":"WebSite","@id":"https:\/\/dana.com.br\/canaldana\/#website","url":"https:\/\/dana.com.br\/canaldana\/","name":"Canal Dana","description":"Informativo com as principais not\u00edcias da ind\u00fastria automotiva","potentialAction":[{"@type":"SearchAction","target":{"@type":"EntryPoint","urlTemplate":"https:\/\/dana.com.br\/canaldana\/?s={search_term_string}"},"query-input":{"@type":"PropertyValueSpecification","valueRequired":true,"valueName":"search_term_string"}}],"inLanguage":"pt-BR"},{"@type":"Person","@id":"https:\/\/dana.com.br\/canaldana\/#\/schema\/person\/3c21f22f56fcf3bc46b94bc60ea4fef6","name":"Canal Dana","image":{"@type":"ImageObject","inLanguage":"pt-BR","@id":"https:\/\/secure.gravatar.com\/avatar\/420aaf9278582877d9018637c6817617705899d2858d7572ef0fe59a6b6454b4?s=96&d=mm&r=g","url":"https:\/\/secure.gravatar.com\/avatar\/420aaf9278582877d9018637c6817617705899d2858d7572ef0fe59a6b6454b4?s=96&d=mm&r=g","contentUrl":"https:\/\/secure.gravatar.com\/avatar\/420aaf9278582877d9018637c6817617705899d2858d7572ef0fe59a6b6454b4?s=96&d=mm&r=g","caption":"Canal Dana"},"url":"https:\/\/dana.com.br\/canaldana\/author\/cdeditor\/"}]}},"_links":{"self":[{"href":"https:\/\/dana.com.br\/canaldana\/wp-json\/wp\/v2\/posts\/34257","targetHints":{"allow":["GET"]}}],"collection":[{"href":"https:\/\/dana.com.br\/canaldana\/wp-json\/wp\/v2\/posts"}],"about":[{"href":"https:\/\/dana.com.br\/canaldana\/wp-json\/wp\/v2\/types\/post"}],"author":[{"embeddable":true,"href":"https:\/\/dana.com.br\/canaldana\/wp-json\/wp\/v2\/users\/3"}],"replies":[{"embeddable":true,"href":"https:\/\/dana.com.br\/canaldana\/wp-json\/wp\/v2\/comments?post=34257"}],"version-history":[{"count":0,"href":"https:\/\/dana.com.br\/canaldana\/wp-json\/wp\/v2\/posts\/34257\/revisions"}],"wp:attachment":[{"href":"https:\/\/dana.com.br\/canaldana\/wp-json\/wp\/v2\/media?parent=34257"}],"wp:term":[{"taxonomy":"category","embeddable":true,"href":"https:\/\/dana.com.br\/canaldana\/wp-json\/wp\/v2\/categories?post=34257"},{"taxonomy":"post_tag","embeddable":true,"href":"https:\/\/dana.com.br\/canaldana\/wp-json\/wp\/v2\/tags?post=34257"}],"curies":[{"name":"wp","href":"https:\/\/api.w.org\/{rel}","templated":true}]}}