{"id":34201,"date":"2019-05-06T08:17:51","date_gmt":"2019-05-06T11:17:51","guid":{"rendered":"https:\/\/dana.com.br\/canaldana\/?p=34201"},"modified":"2019-05-06T08:17:51","modified_gmt":"2019-05-06T11:17:51","slug":"scania-anunciara-novo-investimento-em-sbc","status":"publish","type":"post","link":"https:\/\/dana.com.br\/canaldana\/2019\/05\/06\/scania-anunciara-novo-investimento-em-sbc\/","title":{"rendered":"Scania anunciar\u00e1 novo investimento em SBC"},"content":{"rendered":"<p><em>AutoInd\u00fastria<\/em><\/p>\n<p>&nbsp;<\/p>\n<p>O presidente da Scania Am\u00e9rica Latina, Christopher Podgorski, esteve reunido na quinta-feira, 2 de maio, com o governador de S\u00e3o Paulo Jo\u00e3o D\u00f3ria para tratar de novo investimento da companhia na f\u00e1brica de S\u00e3o Bernardo do Campo (SP). Em v\u00eddeo, publicado nas redes sociais, no qual tamb\u00e9m est\u00e3o presentes o secret\u00e1rio da Fazenda do estado, Henrique Meirelles, e o prefeito de S\u00e3o Bernardo, Orlando Morando, D\u00f3ria diz que no pr\u00f3ximo 21 de maio estar\u00e1 na f\u00e1brica para an\u00fancio de um novo aporte.<\/p>\n<p>&nbsp;<\/p>\n<p>Com o investimento, a Scania se torna a segunda empresa a ingressar no IncentivAuto, depois da General Motors anunciar R$ 10 bilh\u00f5es para as f\u00e1bricas de S\u00e3o Caetano do Sul e S\u00e3o Jos\u00e9 dos Campos (SP). O programa de incentivo do governo do Estado de S\u00e3o Paulo concede desconto de at\u00e9 25% no ICMS para as montadoras que aplicarem no m\u00ednimo R$ 1 bilh\u00e3o e gerarem 400 empregos.<\/p>\n<p>&nbsp;<\/p>\n<p>Procurada, a Scania n\u00e3o revela mais do que foi comunicado pelo governador. At\u00e9 o ano passado, a companhia j\u00e1 havia consolidado R$ 1,5 bilh\u00e3o de R$ 2,6 bilh\u00f5es em investimentos no Pa\u00eds para um ciclo at\u00e9 2020. Os recursos foram destinados para colocar em produ\u00e7\u00e3o uma nova gera\u00e7\u00e3o de caminh\u00f5es, desenvolver fornecedores e reformular completamente a f\u00e1brica para receber os novos produtos.<\/p>\n<p>&nbsp;<\/p>\n<p>No encontro, D\u00f3ria tamb\u00e9m adiantou, mas sem revelar nenhum detalhe, um novo programa com a Sabesp na \u00e1rea de biog\u00e1s. Cabe lembrar que com a nova gera\u00e7\u00e3o de caminh\u00f5es, a Scania passou ter na prateleira a oferta de ve\u00edculos movidos a g\u00e1s para o Pa\u00eds, al\u00e9m de ser uma bandeira global da empresa como alternativa para um transporte de carga sustent\u00e1vel. (AutoInd\u00fastria)<\/p>\n","protected":false},"excerpt":{"rendered":"<p>AutoInd\u00fastria &nbsp; O presidente da Scania Am\u00e9rica Latina, Christopher Podgorski, esteve reunido na quinta-feira, 2 de maio, com o governador de S\u00e3o Paulo Jo\u00e3o D\u00f3ria para tratar de novo investimento da companhia na f\u00e1brica de S\u00e3o Bernardo do Campo (SP). Em v\u00eddeo, publicado nas redes sociais, no qual tamb\u00e9m est\u00e3o presentes o secret\u00e1rio da Fazenda\u2026 <a class=\"readmore\" href=\"https:\/\/dana.com.br\/canaldana\/2019\/05\/06\/scania-anunciara-novo-investimento-em-sbc\/\">Leia mais \u00bb<\/a><\/p>\n","protected":false},"author":3,"featured_media":0,"comment_status":"closed","ping_status":"closed","sticky":false,"template":"","format":"standard","meta":{"_acf_changed":false,"footnotes":""},"categories":[61],"tags":[],"class_list":["post-34201","post","type-post","status-publish","format-standard","hentry","category-destaques"],"acf":[],"yoast_head":"<!-- This site is optimized with the Yoast SEO plugin v27.3 - https:\/\/yoast.com\/product\/yoast-seo-wordpress\/ -->\n<title>Scania anunciar\u00e1 novo investimento em SBC - Canal Dana<\/title>\n<meta name=\"robots\" content=\"index, follow, max-snippet:-1, max-image-preview:large, max-video-preview:-1\" \/>\n<link rel=\"canonical\" href=\"https:\/\/dana.com.br\/canaldana\/2019\/05\/06\/scania-anunciara-novo-investimento-em-sbc\/\" \/>\n<meta property=\"og:locale\" content=\"pt_BR\" \/>\n<meta property=\"og:type\" content=\"article\" \/>\n<meta property=\"og:title\" content=\"Scania anunciar\u00e1 novo investimento em SBC - Canal Dana\" \/>\n<meta property=\"og:description\" content=\"AutoInd\u00fastria &nbsp; O presidente da Scania Am\u00e9rica Latina, Christopher Podgorski, esteve reunido na quinta-feira, 2 de maio, com o governador de S\u00e3o Paulo Jo\u00e3o D\u00f3ria para tratar de novo investimento da companhia na f\u00e1brica de S\u00e3o Bernardo do Campo (SP). Em v\u00eddeo, publicado nas redes sociais, no qual tamb\u00e9m est\u00e3o presentes o secret\u00e1rio da Fazenda\u2026 Leia mais \u00bb\" \/>\n<meta property=\"og:url\" content=\"https:\/\/dana.com.br\/canaldana\/2019\/05\/06\/scania-anunciara-novo-investimento-em-sbc\/\" \/>\n<meta property=\"og:site_name\" content=\"Canal Dana\" \/>\n<meta property=\"article:published_time\" content=\"2019-05-06T11:17:51+00:00\" \/>\n<meta name=\"author\" content=\"Canal Dana\" \/>\n<meta name=\"twitter:card\" content=\"summary_large_image\" \/>\n<meta name=\"twitter:label1\" content=\"Escrito por\" \/>\n\t<meta name=\"twitter:data1\" content=\"Canal Dana\" \/>\n\t<meta name=\"twitter:label2\" content=\"Est. tempo de leitura\" \/>\n\t<meta name=\"twitter:data2\" content=\"2 minutos\" \/>\n<script type=\"application\/ld+json\" class=\"yoast-schema-graph\">{\"@context\":\"https:\\\/\\\/schema.org\",\"@graph\":[{\"@type\":\"Article\",\"@id\":\"https:\\\/\\\/dana.com.br\\\/canaldana\\\/2019\\\/05\\\/06\\\/scania-anunciara-novo-investimento-em-sbc\\\/#article\",\"isPartOf\":{\"@id\":\"https:\\\/\\\/dana.com.br\\\/canaldana\\\/2019\\\/05\\\/06\\\/scania-anunciara-novo-investimento-em-sbc\\\/\"},\"author\":{\"name\":\"Canal Dana\",\"@id\":\"https:\\\/\\\/dana.com.br\\\/canaldana\\\/#\\\/schema\\\/person\\\/3c21f22f56fcf3bc46b94bc60ea4fef6\"},\"headline\":\"Scania anunciar\u00e1 novo investimento em SBC\",\"datePublished\":\"2019-05-06T11:17:51+00:00\",\"mainEntityOfPage\":{\"@id\":\"https:\\\/\\\/dana.com.br\\\/canaldana\\\/2019\\\/05\\\/06\\\/scania-anunciara-novo-investimento-em-sbc\\\/\"},\"wordCount\":318,\"articleSection\":[\"Destaques\"],\"inLanguage\":\"pt-BR\"},{\"@type\":\"WebPage\",\"@id\":\"https:\\\/\\\/dana.com.br\\\/canaldana\\\/2019\\\/05\\\/06\\\/scania-anunciara-novo-investimento-em-sbc\\\/\",\"url\":\"https:\\\/\\\/dana.com.br\\\/canaldana\\\/2019\\\/05\\\/06\\\/scania-anunciara-novo-investimento-em-sbc\\\/\",\"name\":\"Scania anunciar\u00e1 novo investimento em SBC - Canal Dana\",\"isPartOf\":{\"@id\":\"https:\\\/\\\/dana.com.br\\\/canaldana\\\/#website\"},\"datePublished\":\"2019-05-06T11:17:51+00:00\",\"author\":{\"@id\":\"https:\\\/\\\/dana.com.br\\\/canaldana\\\/#\\\/schema\\\/person\\\/3c21f22f56fcf3bc46b94bc60ea4fef6\"},\"breadcrumb\":{\"@id\":\"https:\\\/\\\/dana.com.br\\\/canaldana\\\/2019\\\/05\\\/06\\\/scania-anunciara-novo-investimento-em-sbc\\\/#breadcrumb\"},\"inLanguage\":\"pt-BR\",\"potentialAction\":[{\"@type\":\"ReadAction\",\"target\":[\"https:\\\/\\\/dana.com.br\\\/canaldana\\\/2019\\\/05\\\/06\\\/scania-anunciara-novo-investimento-em-sbc\\\/\"]}]},{\"@type\":\"BreadcrumbList\",\"@id\":\"https:\\\/\\\/dana.com.br\\\/canaldana\\\/2019\\\/05\\\/06\\\/scania-anunciara-novo-investimento-em-sbc\\\/#breadcrumb\",\"itemListElement\":[{\"@type\":\"ListItem\",\"position\":1,\"name\":\"Home\",\"item\":\"https:\\\/\\\/dana.com.br\\\/canaldana\\\/\"},{\"@type\":\"ListItem\",\"position\":2,\"name\":\"Destaques\",\"item\":\"https:\\\/\\\/dana.com.br\\\/canaldana\\\/destaques\\\/\"},{\"@type\":\"ListItem\",\"position\":3,\"name\":\"Scania anunciar\u00e1 novo investimento em SBC\"}]},{\"@type\":\"WebSite\",\"@id\":\"https:\\\/\\\/dana.com.br\\\/canaldana\\\/#website\",\"url\":\"https:\\\/\\\/dana.com.br\\\/canaldana\\\/\",\"name\":\"Canal Dana\",\"description\":\"Informativo com as principais not\u00edcias da ind\u00fastria automotiva\",\"potentialAction\":[{\"@type\":\"SearchAction\",\"target\":{\"@type\":\"EntryPoint\",\"urlTemplate\":\"https:\\\/\\\/dana.com.br\\\/canaldana\\\/?s={search_term_string}\"},\"query-input\":{\"@type\":\"PropertyValueSpecification\",\"valueRequired\":true,\"valueName\":\"search_term_string\"}}],\"inLanguage\":\"pt-BR\"},{\"@type\":\"Person\",\"@id\":\"https:\\\/\\\/dana.com.br\\\/canaldana\\\/#\\\/schema\\\/person\\\/3c21f22f56fcf3bc46b94bc60ea4fef6\",\"name\":\"Canal Dana\",\"image\":{\"@type\":\"ImageObject\",\"inLanguage\":\"pt-BR\",\"@id\":\"https:\\\/\\\/secure.gravatar.com\\\/avatar\\\/420aaf9278582877d9018637c6817617705899d2858d7572ef0fe59a6b6454b4?s=96&d=mm&r=g\",\"url\":\"https:\\\/\\\/secure.gravatar.com\\\/avatar\\\/420aaf9278582877d9018637c6817617705899d2858d7572ef0fe59a6b6454b4?s=96&d=mm&r=g\",\"contentUrl\":\"https:\\\/\\\/secure.gravatar.com\\\/avatar\\\/420aaf9278582877d9018637c6817617705899d2858d7572ef0fe59a6b6454b4?s=96&d=mm&r=g\",\"caption\":\"Canal Dana\"},\"url\":\"https:\\\/\\\/dana.com.br\\\/canaldana\\\/author\\\/cdeditor\\\/\"}]}<\/script>\n<!-- \/ Yoast SEO plugin. -->","yoast_head_json":{"title":"Scania anunciar\u00e1 novo investimento em SBC - Canal Dana","robots":{"index":"index","follow":"follow","max-snippet":"max-snippet:-1","max-image-preview":"max-image-preview:large","max-video-preview":"max-video-preview:-1"},"canonical":"https:\/\/dana.com.br\/canaldana\/2019\/05\/06\/scania-anunciara-novo-investimento-em-sbc\/","og_locale":"pt_BR","og_type":"article","og_title":"Scania anunciar\u00e1 novo investimento em SBC - Canal Dana","og_description":"AutoInd\u00fastria &nbsp; O presidente da Scania Am\u00e9rica Latina, Christopher Podgorski, esteve reunido na quinta-feira, 2 de maio, com o governador de S\u00e3o Paulo Jo\u00e3o D\u00f3ria para tratar de novo investimento da companhia na f\u00e1brica de S\u00e3o Bernardo do Campo (SP). Em v\u00eddeo, publicado nas redes sociais, no qual tamb\u00e9m est\u00e3o presentes o secret\u00e1rio da Fazenda\u2026 Leia mais \u00bb","og_url":"https:\/\/dana.com.br\/canaldana\/2019\/05\/06\/scania-anunciara-novo-investimento-em-sbc\/","og_site_name":"Canal Dana","article_published_time":"2019-05-06T11:17:51+00:00","author":"Canal Dana","twitter_card":"summary_large_image","twitter_misc":{"Escrito por":"Canal Dana","Est. tempo de leitura":"2 minutos"},"schema":{"@context":"https:\/\/schema.org","@graph":[{"@type":"Article","@id":"https:\/\/dana.com.br\/canaldana\/2019\/05\/06\/scania-anunciara-novo-investimento-em-sbc\/#article","isPartOf":{"@id":"https:\/\/dana.com.br\/canaldana\/2019\/05\/06\/scania-anunciara-novo-investimento-em-sbc\/"},"author":{"name":"Canal Dana","@id":"https:\/\/dana.com.br\/canaldana\/#\/schema\/person\/3c21f22f56fcf3bc46b94bc60ea4fef6"},"headline":"Scania anunciar\u00e1 novo investimento em SBC","datePublished":"2019-05-06T11:17:51+00:00","mainEntityOfPage":{"@id":"https:\/\/dana.com.br\/canaldana\/2019\/05\/06\/scania-anunciara-novo-investimento-em-sbc\/"},"wordCount":318,"articleSection":["Destaques"],"inLanguage":"pt-BR"},{"@type":"WebPage","@id":"https:\/\/dana.com.br\/canaldana\/2019\/05\/06\/scania-anunciara-novo-investimento-em-sbc\/","url":"https:\/\/dana.com.br\/canaldana\/2019\/05\/06\/scania-anunciara-novo-investimento-em-sbc\/","name":"Scania anunciar\u00e1 novo investimento em SBC - Canal Dana","isPartOf":{"@id":"https:\/\/dana.com.br\/canaldana\/#website"},"datePublished":"2019-05-06T11:17:51+00:00","author":{"@id":"https:\/\/dana.com.br\/canaldana\/#\/schema\/person\/3c21f22f56fcf3bc46b94bc60ea4fef6"},"breadcrumb":{"@id":"https:\/\/dana.com.br\/canaldana\/2019\/05\/06\/scania-anunciara-novo-investimento-em-sbc\/#breadcrumb"},"inLanguage":"pt-BR","potentialAction":[{"@type":"ReadAction","target":["https:\/\/dana.com.br\/canaldana\/2019\/05\/06\/scania-anunciara-novo-investimento-em-sbc\/"]}]},{"@type":"BreadcrumbList","@id":"https:\/\/dana.com.br\/canaldana\/2019\/05\/06\/scania-anunciara-novo-investimento-em-sbc\/#breadcrumb","itemListElement":[{"@type":"ListItem","position":1,"name":"Home","item":"https:\/\/dana.com.br\/canaldana\/"},{"@type":"ListItem","position":2,"name":"Destaques","item":"https:\/\/dana.com.br\/canaldana\/destaques\/"},{"@type":"ListItem","position":3,"name":"Scania anunciar\u00e1 novo investimento em SBC"}]},{"@type":"WebSite","@id":"https:\/\/dana.com.br\/canaldana\/#website","url":"https:\/\/dana.com.br\/canaldana\/","name":"Canal Dana","description":"Informativo com as principais not\u00edcias da ind\u00fastria automotiva","potentialAction":[{"@type":"SearchAction","target":{"@type":"EntryPoint","urlTemplate":"https:\/\/dana.com.br\/canaldana\/?s={search_term_string}"},"query-input":{"@type":"PropertyValueSpecification","valueRequired":true,"valueName":"search_term_string"}}],"inLanguage":"pt-BR"},{"@type":"Person","@id":"https:\/\/dana.com.br\/canaldana\/#\/schema\/person\/3c21f22f56fcf3bc46b94bc60ea4fef6","name":"Canal Dana","image":{"@type":"ImageObject","inLanguage":"pt-BR","@id":"https:\/\/secure.gravatar.com\/avatar\/420aaf9278582877d9018637c6817617705899d2858d7572ef0fe59a6b6454b4?s=96&d=mm&r=g","url":"https:\/\/secure.gravatar.com\/avatar\/420aaf9278582877d9018637c6817617705899d2858d7572ef0fe59a6b6454b4?s=96&d=mm&r=g","contentUrl":"https:\/\/secure.gravatar.com\/avatar\/420aaf9278582877d9018637c6817617705899d2858d7572ef0fe59a6b6454b4?s=96&d=mm&r=g","caption":"Canal Dana"},"url":"https:\/\/dana.com.br\/canaldana\/author\/cdeditor\/"}]}},"_links":{"self":[{"href":"https:\/\/dana.com.br\/canaldana\/wp-json\/wp\/v2\/posts\/34201","targetHints":{"allow":["GET"]}}],"collection":[{"href":"https:\/\/dana.com.br\/canaldana\/wp-json\/wp\/v2\/posts"}],"about":[{"href":"https:\/\/dana.com.br\/canaldana\/wp-json\/wp\/v2\/types\/post"}],"author":[{"embeddable":true,"href":"https:\/\/dana.com.br\/canaldana\/wp-json\/wp\/v2\/users\/3"}],"replies":[{"embeddable":true,"href":"https:\/\/dana.com.br\/canaldana\/wp-json\/wp\/v2\/comments?post=34201"}],"version-history":[{"count":0,"href":"https:\/\/dana.com.br\/canaldana\/wp-json\/wp\/v2\/posts\/34201\/revisions"}],"wp:attachment":[{"href":"https:\/\/dana.com.br\/canaldana\/wp-json\/wp\/v2\/media?parent=34201"}],"wp:term":[{"taxonomy":"category","embeddable":true,"href":"https:\/\/dana.com.br\/canaldana\/wp-json\/wp\/v2\/categories?post=34201"},{"taxonomy":"post_tag","embeddable":true,"href":"https:\/\/dana.com.br\/canaldana\/wp-json\/wp\/v2\/tags?post=34201"}],"curies":[{"name":"wp","href":"https:\/\/api.w.org\/{rel}","templated":true}]}}