{"id":33853,"date":"2019-04-22T08:50:23","date_gmt":"2019-04-22T11:50:23","guid":{"rendered":"https:\/\/dana.com.br\/canaldana\/?p=33853"},"modified":"2019-04-22T08:50:23","modified_gmt":"2019-04-22T11:50:23","slug":"fca-disputa-premio-global-de-universidades-corporativas","status":"publish","type":"post","link":"https:\/\/dana.com.br\/canaldana\/2019\/04\/22\/fca-disputa-premio-global-de-universidades-corporativas\/","title":{"rendered":"FCA disputa pr\u00eamio global de universidades corporativas"},"content":{"rendered":"<p><em>AutoInd\u00fastria<\/em><\/p>\n<p>&nbsp;<\/p>\n<p>A FCA, Fiat Chrysler Autom\u00f3veis (FCA), \u00e9 uma das empresas finalistas do GlobalCCU Awards, premia\u00e7\u00e3o mundial que reconhece as melhores universidades corporativas. O conglomerado automotivo foi selecionado pela FCA Latam Dealer Academy, programa de forma\u00e7\u00e3o profissional implementado nas mais de 700 concession\u00e1rias das rede Fiat e Jeep no Brasil. Criada em 2014, a FCA congrega al\u00e9m de Fiat e Jeep, outras tr\u00eas marcas: Ram, Chrysler e Dodge.<\/p>\n<p>&nbsp;<\/p>\n<p>O projeto vencedor ser\u00e1 divulgado no m\u00eas que vem, em evento realizado em S\u00e3o Paulo.\u00a0 S\u00e3o 20 finalistas de pa\u00edses como Fran\u00e7a, Alemanha, R\u00fassia, Ucr\u00e2nia, \u00cdndia, Su\u00ed\u00e7a, dentre outros. O Brasil \u00e9 representado ainda por programas do Banco do Brasil, Caixa Econ\u00f4mica Federal, Santander e McDonald\u2019s.<\/p>\n<p>&nbsp;<\/p>\n<p>\u201cEmbora com produtos distintos, as concession\u00e1rias precisavam falar a mesma l\u00edngua e manter o mesmo padr\u00e3o de qualidade. A FCA Latam Dealer Academy foi uma resposta \u00e0 necessidade de cria\u00e7\u00e3o de uma metodologia \u00fanica de ensino com foco nas compet\u00eancias essenciais para a satisfa\u00e7\u00e3o dos clientes\u201d, conta Tai Kawasaki, diretor de desenvolvimento de Rede da FCA para a Am\u00e9rica Latina.<\/p>\n<p>&nbsp;<\/p>\n<p>O FCA Latam Dealer Academy come\u00e7ou em 2016, com pesquisas de satisfa\u00e7\u00e3o e revis\u00e3o da grade curricular em parceria com o Isvor, a universidade corporativa da FCA, e envolvimento das \u00e1reas de vendas, servi\u00e7os, t\u00e9cnica e administrativa das concession\u00e1rias.<\/p>\n<p>&nbsp;<\/p>\n<p>O objetivo do programa era engajar mais de 20 mil profissionais da rede de concession\u00e1rias. Para isso, inovou nas estrat\u00e9gias de dissemina\u00e7\u00e3o do conte\u00fado ao lan\u00e7ar m\u00e3o de novas tecnologias de aprendizado, como \u201cgamifica\u00e7\u00e3o\u201d, realidade virtual e aumentada nos treinamentos presenciais.<\/p>\n<p>&nbsp;<\/p>\n<p>Um novo portal de treinamento, o World Class Dealer (WCD), foi lan\u00e7ado e integrou conte\u00fados e tecnologia em multicanais, com acesso por smartphones e tablets. A TVFCA, dispon\u00edvel no portal, teve sua programa\u00e7\u00e3o ampliada com v\u00eddeos semanais. Segundo Rog\u00e9rio Ricci, gerente de treinamento da FCA,\u00a0 o portal teve mais de 3 milh\u00f5es de acessos somente no ano passado. No mesmo per\u00edodo, foram produzidos e divulgados 420 v\u00eddeos, com 6 milh\u00f5es de visualiza\u00e7\u00f5es.<\/p>\n<p>&nbsp;<\/p>\n<p>Os usu\u00e1rios tamb\u00e9m podem interagir em tempo real com consultores de treinamento\u00a0 &#8211; s\u00f3 em 2018, foram mais de 1,2 milh\u00e3o de horas de treinamento e qualifica\u00e7\u00e3o. Esse modelo de forma\u00e7\u00e3o deve ser replicado em outros pa\u00edses da Am\u00e9rica Latina, admite Kawasaki.<\/p>\n<p>&nbsp;<\/p>\n<p>A avalia\u00e7\u00e3o da evolu\u00e7\u00e3o das concession\u00e1rias e dos funcion\u00e1rios envolveu ainda a elabora\u00e7\u00e3o de novos indicadores. O \u00cdndice Geral de Conhecimento (IGC), por exemplo, acompanha a realiza\u00e7\u00e3o do Percurso Formativo de cada profissional e de cada concession\u00e1ria. (AutoInd\u00fastria)<\/p>\n","protected":false},"excerpt":{"rendered":"<p>AutoInd\u00fastria &nbsp; A FCA, Fiat Chrysler Autom\u00f3veis (FCA), \u00e9 uma das empresas finalistas do GlobalCCU Awards, premia\u00e7\u00e3o mundial que reconhece as melhores universidades corporativas. O conglomerado automotivo foi selecionado pela FCA Latam Dealer Academy, programa de forma\u00e7\u00e3o profissional implementado nas mais de 700 concession\u00e1rias das rede Fiat e Jeep no Brasil. Criada em 2014, a\u2026 <a class=\"readmore\" href=\"https:\/\/dana.com.br\/canaldana\/2019\/04\/22\/fca-disputa-premio-global-de-universidades-corporativas\/\">Leia mais \u00bb<\/a><\/p>\n","protected":false},"author":3,"featured_media":0,"comment_status":"closed","ping_status":"closed","sticky":false,"template":"","format":"standard","meta":{"_acf_changed":false,"footnotes":""},"categories":[74],"tags":[],"class_list":["post-33853","post","type-post","status-publish","format-standard","hentry","category-premios"],"acf":[],"yoast_head":"<!-- This site is optimized with the Yoast SEO plugin v27.3 - https:\/\/yoast.com\/product\/yoast-seo-wordpress\/ -->\n<title>FCA disputa pr\u00eamio global de universidades corporativas - Canal Dana<\/title>\n<meta name=\"robots\" content=\"index, follow, max-snippet:-1, max-image-preview:large, max-video-preview:-1\" \/>\n<link rel=\"canonical\" href=\"https:\/\/dana.com.br\/canaldana\/2019\/04\/22\/fca-disputa-premio-global-de-universidades-corporativas\/\" \/>\n<meta property=\"og:locale\" content=\"pt_BR\" \/>\n<meta property=\"og:type\" content=\"article\" \/>\n<meta property=\"og:title\" content=\"FCA disputa pr\u00eamio global de universidades corporativas - Canal Dana\" \/>\n<meta property=\"og:description\" content=\"AutoInd\u00fastria &nbsp; A FCA, Fiat Chrysler Autom\u00f3veis (FCA), \u00e9 uma das empresas finalistas do GlobalCCU Awards, premia\u00e7\u00e3o mundial que reconhece as melhores universidades corporativas. O conglomerado automotivo foi selecionado pela FCA Latam Dealer Academy, programa de forma\u00e7\u00e3o profissional implementado nas mais de 700 concession\u00e1rias das rede Fiat e Jeep no Brasil. Criada em 2014, a\u2026 Leia mais \u00bb\" \/>\n<meta property=\"og:url\" content=\"https:\/\/dana.com.br\/canaldana\/2019\/04\/22\/fca-disputa-premio-global-de-universidades-corporativas\/\" \/>\n<meta property=\"og:site_name\" content=\"Canal Dana\" \/>\n<meta property=\"article:published_time\" content=\"2019-04-22T11:50:23+00:00\" \/>\n<meta name=\"author\" content=\"Canal Dana\" \/>\n<meta name=\"twitter:card\" content=\"summary_large_image\" \/>\n<meta name=\"twitter:label1\" content=\"Escrito por\" \/>\n\t<meta name=\"twitter:data1\" content=\"Canal Dana\" \/>\n\t<meta name=\"twitter:label2\" content=\"Est. tempo de leitura\" \/>\n\t<meta name=\"twitter:data2\" content=\"2 minutos\" \/>\n<script type=\"application\/ld+json\" class=\"yoast-schema-graph\">{\"@context\":\"https:\\\/\\\/schema.org\",\"@graph\":[{\"@type\":\"Article\",\"@id\":\"https:\\\/\\\/dana.com.br\\\/canaldana\\\/2019\\\/04\\\/22\\\/fca-disputa-premio-global-de-universidades-corporativas\\\/#article\",\"isPartOf\":{\"@id\":\"https:\\\/\\\/dana.com.br\\\/canaldana\\\/2019\\\/04\\\/22\\\/fca-disputa-premio-global-de-universidades-corporativas\\\/\"},\"author\":{\"name\":\"Canal Dana\",\"@id\":\"https:\\\/\\\/dana.com.br\\\/canaldana\\\/#\\\/schema\\\/person\\\/3c21f22f56fcf3bc46b94bc60ea4fef6\"},\"headline\":\"FCA disputa pr\u00eamio global de universidades corporativas\",\"datePublished\":\"2019-04-22T11:50:23+00:00\",\"mainEntityOfPage\":{\"@id\":\"https:\\\/\\\/dana.com.br\\\/canaldana\\\/2019\\\/04\\\/22\\\/fca-disputa-premio-global-de-universidades-corporativas\\\/\"},\"wordCount\":472,\"articleSection\":[\"Pr\u00eamios\"],\"inLanguage\":\"pt-BR\"},{\"@type\":\"WebPage\",\"@id\":\"https:\\\/\\\/dana.com.br\\\/canaldana\\\/2019\\\/04\\\/22\\\/fca-disputa-premio-global-de-universidades-corporativas\\\/\",\"url\":\"https:\\\/\\\/dana.com.br\\\/canaldana\\\/2019\\\/04\\\/22\\\/fca-disputa-premio-global-de-universidades-corporativas\\\/\",\"name\":\"FCA disputa pr\u00eamio global de universidades corporativas - Canal Dana\",\"isPartOf\":{\"@id\":\"https:\\\/\\\/dana.com.br\\\/canaldana\\\/#website\"},\"datePublished\":\"2019-04-22T11:50:23+00:00\",\"author\":{\"@id\":\"https:\\\/\\\/dana.com.br\\\/canaldana\\\/#\\\/schema\\\/person\\\/3c21f22f56fcf3bc46b94bc60ea4fef6\"},\"breadcrumb\":{\"@id\":\"https:\\\/\\\/dana.com.br\\\/canaldana\\\/2019\\\/04\\\/22\\\/fca-disputa-premio-global-de-universidades-corporativas\\\/#breadcrumb\"},\"inLanguage\":\"pt-BR\",\"potentialAction\":[{\"@type\":\"ReadAction\",\"target\":[\"https:\\\/\\\/dana.com.br\\\/canaldana\\\/2019\\\/04\\\/22\\\/fca-disputa-premio-global-de-universidades-corporativas\\\/\"]}]},{\"@type\":\"BreadcrumbList\",\"@id\":\"https:\\\/\\\/dana.com.br\\\/canaldana\\\/2019\\\/04\\\/22\\\/fca-disputa-premio-global-de-universidades-corporativas\\\/#breadcrumb\",\"itemListElement\":[{\"@type\":\"ListItem\",\"position\":1,\"name\":\"Home\",\"item\":\"https:\\\/\\\/dana.com.br\\\/canaldana\\\/\"},{\"@type\":\"ListItem\",\"position\":2,\"name\":\"Pr\u00eamios\",\"item\":\"https:\\\/\\\/dana.com.br\\\/canaldana\\\/premios\\\/\"},{\"@type\":\"ListItem\",\"position\":3,\"name\":\"FCA disputa pr\u00eamio global de universidades corporativas\"}]},{\"@type\":\"WebSite\",\"@id\":\"https:\\\/\\\/dana.com.br\\\/canaldana\\\/#website\",\"url\":\"https:\\\/\\\/dana.com.br\\\/canaldana\\\/\",\"name\":\"Canal Dana\",\"description\":\"Informativo com as principais not\u00edcias da ind\u00fastria automotiva\",\"potentialAction\":[{\"@type\":\"SearchAction\",\"target\":{\"@type\":\"EntryPoint\",\"urlTemplate\":\"https:\\\/\\\/dana.com.br\\\/canaldana\\\/?s={search_term_string}\"},\"query-input\":{\"@type\":\"PropertyValueSpecification\",\"valueRequired\":true,\"valueName\":\"search_term_string\"}}],\"inLanguage\":\"pt-BR\"},{\"@type\":\"Person\",\"@id\":\"https:\\\/\\\/dana.com.br\\\/canaldana\\\/#\\\/schema\\\/person\\\/3c21f22f56fcf3bc46b94bc60ea4fef6\",\"name\":\"Canal Dana\",\"image\":{\"@type\":\"ImageObject\",\"inLanguage\":\"pt-BR\",\"@id\":\"https:\\\/\\\/secure.gravatar.com\\\/avatar\\\/420aaf9278582877d9018637c6817617705899d2858d7572ef0fe59a6b6454b4?s=96&d=mm&r=g\",\"url\":\"https:\\\/\\\/secure.gravatar.com\\\/avatar\\\/420aaf9278582877d9018637c6817617705899d2858d7572ef0fe59a6b6454b4?s=96&d=mm&r=g\",\"contentUrl\":\"https:\\\/\\\/secure.gravatar.com\\\/avatar\\\/420aaf9278582877d9018637c6817617705899d2858d7572ef0fe59a6b6454b4?s=96&d=mm&r=g\",\"caption\":\"Canal Dana\"},\"url\":\"https:\\\/\\\/dana.com.br\\\/canaldana\\\/author\\\/cdeditor\\\/\"}]}<\/script>\n<!-- \/ Yoast SEO plugin. -->","yoast_head_json":{"title":"FCA disputa pr\u00eamio global de universidades corporativas - Canal Dana","robots":{"index":"index","follow":"follow","max-snippet":"max-snippet:-1","max-image-preview":"max-image-preview:large","max-video-preview":"max-video-preview:-1"},"canonical":"https:\/\/dana.com.br\/canaldana\/2019\/04\/22\/fca-disputa-premio-global-de-universidades-corporativas\/","og_locale":"pt_BR","og_type":"article","og_title":"FCA disputa pr\u00eamio global de universidades corporativas - Canal Dana","og_description":"AutoInd\u00fastria &nbsp; A FCA, Fiat Chrysler Autom\u00f3veis (FCA), \u00e9 uma das empresas finalistas do GlobalCCU Awards, premia\u00e7\u00e3o mundial que reconhece as melhores universidades corporativas. O conglomerado automotivo foi selecionado pela FCA Latam Dealer Academy, programa de forma\u00e7\u00e3o profissional implementado nas mais de 700 concession\u00e1rias das rede Fiat e Jeep no Brasil. Criada em 2014, a\u2026 Leia mais \u00bb","og_url":"https:\/\/dana.com.br\/canaldana\/2019\/04\/22\/fca-disputa-premio-global-de-universidades-corporativas\/","og_site_name":"Canal Dana","article_published_time":"2019-04-22T11:50:23+00:00","author":"Canal Dana","twitter_card":"summary_large_image","twitter_misc":{"Escrito por":"Canal Dana","Est. tempo de leitura":"2 minutos"},"schema":{"@context":"https:\/\/schema.org","@graph":[{"@type":"Article","@id":"https:\/\/dana.com.br\/canaldana\/2019\/04\/22\/fca-disputa-premio-global-de-universidades-corporativas\/#article","isPartOf":{"@id":"https:\/\/dana.com.br\/canaldana\/2019\/04\/22\/fca-disputa-premio-global-de-universidades-corporativas\/"},"author":{"name":"Canal Dana","@id":"https:\/\/dana.com.br\/canaldana\/#\/schema\/person\/3c21f22f56fcf3bc46b94bc60ea4fef6"},"headline":"FCA disputa pr\u00eamio global de universidades corporativas","datePublished":"2019-04-22T11:50:23+00:00","mainEntityOfPage":{"@id":"https:\/\/dana.com.br\/canaldana\/2019\/04\/22\/fca-disputa-premio-global-de-universidades-corporativas\/"},"wordCount":472,"articleSection":["Pr\u00eamios"],"inLanguage":"pt-BR"},{"@type":"WebPage","@id":"https:\/\/dana.com.br\/canaldana\/2019\/04\/22\/fca-disputa-premio-global-de-universidades-corporativas\/","url":"https:\/\/dana.com.br\/canaldana\/2019\/04\/22\/fca-disputa-premio-global-de-universidades-corporativas\/","name":"FCA disputa pr\u00eamio global de universidades corporativas - Canal Dana","isPartOf":{"@id":"https:\/\/dana.com.br\/canaldana\/#website"},"datePublished":"2019-04-22T11:50:23+00:00","author":{"@id":"https:\/\/dana.com.br\/canaldana\/#\/schema\/person\/3c21f22f56fcf3bc46b94bc60ea4fef6"},"breadcrumb":{"@id":"https:\/\/dana.com.br\/canaldana\/2019\/04\/22\/fca-disputa-premio-global-de-universidades-corporativas\/#breadcrumb"},"inLanguage":"pt-BR","potentialAction":[{"@type":"ReadAction","target":["https:\/\/dana.com.br\/canaldana\/2019\/04\/22\/fca-disputa-premio-global-de-universidades-corporativas\/"]}]},{"@type":"BreadcrumbList","@id":"https:\/\/dana.com.br\/canaldana\/2019\/04\/22\/fca-disputa-premio-global-de-universidades-corporativas\/#breadcrumb","itemListElement":[{"@type":"ListItem","position":1,"name":"Home","item":"https:\/\/dana.com.br\/canaldana\/"},{"@type":"ListItem","position":2,"name":"Pr\u00eamios","item":"https:\/\/dana.com.br\/canaldana\/premios\/"},{"@type":"ListItem","position":3,"name":"FCA disputa pr\u00eamio global de universidades corporativas"}]},{"@type":"WebSite","@id":"https:\/\/dana.com.br\/canaldana\/#website","url":"https:\/\/dana.com.br\/canaldana\/","name":"Canal Dana","description":"Informativo com as principais not\u00edcias da ind\u00fastria automotiva","potentialAction":[{"@type":"SearchAction","target":{"@type":"EntryPoint","urlTemplate":"https:\/\/dana.com.br\/canaldana\/?s={search_term_string}"},"query-input":{"@type":"PropertyValueSpecification","valueRequired":true,"valueName":"search_term_string"}}],"inLanguage":"pt-BR"},{"@type":"Person","@id":"https:\/\/dana.com.br\/canaldana\/#\/schema\/person\/3c21f22f56fcf3bc46b94bc60ea4fef6","name":"Canal Dana","image":{"@type":"ImageObject","inLanguage":"pt-BR","@id":"https:\/\/secure.gravatar.com\/avatar\/420aaf9278582877d9018637c6817617705899d2858d7572ef0fe59a6b6454b4?s=96&d=mm&r=g","url":"https:\/\/secure.gravatar.com\/avatar\/420aaf9278582877d9018637c6817617705899d2858d7572ef0fe59a6b6454b4?s=96&d=mm&r=g","contentUrl":"https:\/\/secure.gravatar.com\/avatar\/420aaf9278582877d9018637c6817617705899d2858d7572ef0fe59a6b6454b4?s=96&d=mm&r=g","caption":"Canal Dana"},"url":"https:\/\/dana.com.br\/canaldana\/author\/cdeditor\/"}]}},"_links":{"self":[{"href":"https:\/\/dana.com.br\/canaldana\/wp-json\/wp\/v2\/posts\/33853","targetHints":{"allow":["GET"]}}],"collection":[{"href":"https:\/\/dana.com.br\/canaldana\/wp-json\/wp\/v2\/posts"}],"about":[{"href":"https:\/\/dana.com.br\/canaldana\/wp-json\/wp\/v2\/types\/post"}],"author":[{"embeddable":true,"href":"https:\/\/dana.com.br\/canaldana\/wp-json\/wp\/v2\/users\/3"}],"replies":[{"embeddable":true,"href":"https:\/\/dana.com.br\/canaldana\/wp-json\/wp\/v2\/comments?post=33853"}],"version-history":[{"count":0,"href":"https:\/\/dana.com.br\/canaldana\/wp-json\/wp\/v2\/posts\/33853\/revisions"}],"wp:attachment":[{"href":"https:\/\/dana.com.br\/canaldana\/wp-json\/wp\/v2\/media?parent=33853"}],"wp:term":[{"taxonomy":"category","embeddable":true,"href":"https:\/\/dana.com.br\/canaldana\/wp-json\/wp\/v2\/categories?post=33853"},{"taxonomy":"post_tag","embeddable":true,"href":"https:\/\/dana.com.br\/canaldana\/wp-json\/wp\/v2\/tags?post=33853"}],"curies":[{"name":"wp","href":"https:\/\/api.w.org\/{rel}","templated":true}]}}