{"id":33840,"date":"2019-04-18T08:32:40","date_gmt":"2019-04-18T11:32:40","guid":{"rendered":"https:\/\/dana.com.br\/canaldana\/?p=33840"},"modified":"2019-04-18T08:32:40","modified_gmt":"2019-04-18T11:32:40","slug":"mais-de-111-mil-emplacamentos-na-primeira-quinzena","status":"publish","type":"post","link":"https:\/\/dana.com.br\/canaldana\/2019\/04\/18\/mais-de-111-mil-emplacamentos-na-primeira-quinzena\/","title":{"rendered":"Mais de 111 mil emplacamentos na primeira quinzena"},"content":{"rendered":"<p><em>AutoInd\u00fastria <\/em><\/p>\n<p>&nbsp;<\/p>\n<p>O mercado de ve\u00edculos segue firme em sua trajet\u00f3ria de alta este ano. Abril registra a melhor primeira quinzena de 2019, com quase 111,2 mil unidades comercializadas no per\u00edodo, o que sinaliza um m\u00eas com recorde de vendas no ano.<\/p>\n<p>&nbsp;<\/p>\n<p>Com 11 dias \u00fateis, a m\u00e9dia di\u00e1ria de licenciamentos ficou em 10,1 mil unidades, um crescimento de 8,4% em rela\u00e7\u00e3o \u00e0 m\u00e9dia de 9.329 ve\u00edculos do mesmo per\u00edodo do m\u00eas passado, quando foram negociadas total de 83.960 unidades. Os dados do Renavam relativos \u00e0 primeira quinzena, fornecidos por uma fonte do setor, incluem autom\u00f3veis, comerciais leves, caminh\u00f5es e \u00f4nibus.<\/p>\n<p>&nbsp;<\/p>\n<p>Apesar do feriado da pr\u00f3xima sexta-feira, 19, os concession\u00e1rios est\u00e3o apostando que abril ser\u00e1 encerrado com algo em torno de 230 mil ve\u00edculos novos emplacados no Pa\u00eds. Se a proje\u00e7\u00e3o for confirmada, o mercado encerraria o m\u00eas com alta pr\u00f3xima de 10% em rela\u00e7\u00e3o a mar\u00e7o e tamb\u00e9m um crescimento, de quase 6%, no comparativo com abril de 2018.<\/p>\n<p>&nbsp;<\/p>\n<p>Em janeiro foram emplacadas 199,8 mil unidades e em fevereiro, que teve menos dias \u00fateis, total de 198,6 mil. Em mar\u00e7o, mesmo com o carnaval no in\u00edcio do m\u00eas, o mercado, segundo dados da Fenabrave, atingiu 209,2 mil licenciamentos.<\/p>\n<p>&nbsp;<\/p>\n<p>A m\u00e9dia de venda di\u00e1ria da primeira quinzena de abril \u00e9 superior \u00e0 do m\u00eas de fevereiro inteiro, que ficou em 9,9 mil unidades, e pr\u00f3xima da registrada em mar\u00e7o como um todo, que foi de 11 mil. Como a segunda metade do m\u00eas \u00e9 sempre melhor do que a primeira, tudo indica que abril confirmar\u00e1 um quadrimestre positivo para o setor. (AutoInd\u00fastria\/Alzira Rodrigues)<\/p>\n","protected":false},"excerpt":{"rendered":"<p>AutoInd\u00fastria &nbsp; O mercado de ve\u00edculos segue firme em sua trajet\u00f3ria de alta este ano. Abril registra a melhor primeira quinzena de 2019, com quase 111,2 mil unidades comercializadas no per\u00edodo, o que sinaliza um m\u00eas com recorde de vendas no ano. &nbsp; Com 11 dias \u00fateis, a m\u00e9dia di\u00e1ria de licenciamentos ficou em 10,1\u2026 <a class=\"readmore\" href=\"https:\/\/dana.com.br\/canaldana\/2019\/04\/18\/mais-de-111-mil-emplacamentos-na-primeira-quinzena\/\">Leia mais \u00bb<\/a><\/p>\n","protected":false},"author":3,"featured_media":0,"comment_status":"closed","ping_status":"closed","sticky":false,"template":"","format":"standard","meta":{"_acf_changed":false,"footnotes":""},"categories":[61],"tags":[],"class_list":["post-33840","post","type-post","status-publish","format-standard","hentry","category-destaques"],"acf":[],"yoast_head":"<!-- This site is optimized with the Yoast SEO plugin v27.3 - https:\/\/yoast.com\/product\/yoast-seo-wordpress\/ -->\n<title>Mais de 111 mil emplacamentos na primeira quinzena - Canal Dana<\/title>\n<meta name=\"robots\" content=\"index, follow, max-snippet:-1, max-image-preview:large, max-video-preview:-1\" \/>\n<link rel=\"canonical\" href=\"https:\/\/dana.com.br\/canaldana\/2019\/04\/18\/mais-de-111-mil-emplacamentos-na-primeira-quinzena\/\" \/>\n<meta property=\"og:locale\" content=\"pt_BR\" \/>\n<meta property=\"og:type\" content=\"article\" \/>\n<meta property=\"og:title\" content=\"Mais de 111 mil emplacamentos na primeira quinzena - Canal Dana\" \/>\n<meta property=\"og:description\" content=\"AutoInd\u00fastria &nbsp; O mercado de ve\u00edculos segue firme em sua trajet\u00f3ria de alta este ano. Abril registra a melhor primeira quinzena de 2019, com quase 111,2 mil unidades comercializadas no per\u00edodo, o que sinaliza um m\u00eas com recorde de vendas no ano. &nbsp; Com 11 dias \u00fateis, a m\u00e9dia di\u00e1ria de licenciamentos ficou em 10,1\u2026 Leia mais \u00bb\" \/>\n<meta property=\"og:url\" content=\"https:\/\/dana.com.br\/canaldana\/2019\/04\/18\/mais-de-111-mil-emplacamentos-na-primeira-quinzena\/\" \/>\n<meta property=\"og:site_name\" content=\"Canal Dana\" \/>\n<meta property=\"article:published_time\" content=\"2019-04-18T11:32:40+00:00\" \/>\n<meta name=\"author\" content=\"Canal Dana\" \/>\n<meta name=\"twitter:card\" content=\"summary_large_image\" \/>\n<meta name=\"twitter:label1\" content=\"Escrito por\" \/>\n\t<meta name=\"twitter:data1\" content=\"Canal Dana\" \/>\n\t<meta name=\"twitter:label2\" content=\"Est. tempo de leitura\" \/>\n\t<meta name=\"twitter:data2\" content=\"1 minuto\" \/>\n<script type=\"application\/ld+json\" class=\"yoast-schema-graph\">{\"@context\":\"https:\\\/\\\/schema.org\",\"@graph\":[{\"@type\":\"Article\",\"@id\":\"https:\\\/\\\/dana.com.br\\\/canaldana\\\/2019\\\/04\\\/18\\\/mais-de-111-mil-emplacamentos-na-primeira-quinzena\\\/#article\",\"isPartOf\":{\"@id\":\"https:\\\/\\\/dana.com.br\\\/canaldana\\\/2019\\\/04\\\/18\\\/mais-de-111-mil-emplacamentos-na-primeira-quinzena\\\/\"},\"author\":{\"name\":\"Canal Dana\",\"@id\":\"https:\\\/\\\/dana.com.br\\\/canaldana\\\/#\\\/schema\\\/person\\\/3c21f22f56fcf3bc46b94bc60ea4fef6\"},\"headline\":\"Mais de 111 mil emplacamentos na primeira quinzena\",\"datePublished\":\"2019-04-18T11:32:40+00:00\",\"mainEntityOfPage\":{\"@id\":\"https:\\\/\\\/dana.com.br\\\/canaldana\\\/2019\\\/04\\\/18\\\/mais-de-111-mil-emplacamentos-na-primeira-quinzena\\\/\"},\"wordCount\":288,\"articleSection\":[\"Destaques\"],\"inLanguage\":\"pt-BR\"},{\"@type\":\"WebPage\",\"@id\":\"https:\\\/\\\/dana.com.br\\\/canaldana\\\/2019\\\/04\\\/18\\\/mais-de-111-mil-emplacamentos-na-primeira-quinzena\\\/\",\"url\":\"https:\\\/\\\/dana.com.br\\\/canaldana\\\/2019\\\/04\\\/18\\\/mais-de-111-mil-emplacamentos-na-primeira-quinzena\\\/\",\"name\":\"Mais de 111 mil emplacamentos na primeira quinzena - Canal Dana\",\"isPartOf\":{\"@id\":\"https:\\\/\\\/dana.com.br\\\/canaldana\\\/#website\"},\"datePublished\":\"2019-04-18T11:32:40+00:00\",\"author\":{\"@id\":\"https:\\\/\\\/dana.com.br\\\/canaldana\\\/#\\\/schema\\\/person\\\/3c21f22f56fcf3bc46b94bc60ea4fef6\"},\"breadcrumb\":{\"@id\":\"https:\\\/\\\/dana.com.br\\\/canaldana\\\/2019\\\/04\\\/18\\\/mais-de-111-mil-emplacamentos-na-primeira-quinzena\\\/#breadcrumb\"},\"inLanguage\":\"pt-BR\",\"potentialAction\":[{\"@type\":\"ReadAction\",\"target\":[\"https:\\\/\\\/dana.com.br\\\/canaldana\\\/2019\\\/04\\\/18\\\/mais-de-111-mil-emplacamentos-na-primeira-quinzena\\\/\"]}]},{\"@type\":\"BreadcrumbList\",\"@id\":\"https:\\\/\\\/dana.com.br\\\/canaldana\\\/2019\\\/04\\\/18\\\/mais-de-111-mil-emplacamentos-na-primeira-quinzena\\\/#breadcrumb\",\"itemListElement\":[{\"@type\":\"ListItem\",\"position\":1,\"name\":\"Home\",\"item\":\"https:\\\/\\\/dana.com.br\\\/canaldana\\\/\"},{\"@type\":\"ListItem\",\"position\":2,\"name\":\"Destaques\",\"item\":\"https:\\\/\\\/dana.com.br\\\/canaldana\\\/destaques\\\/\"},{\"@type\":\"ListItem\",\"position\":3,\"name\":\"Mais de 111 mil emplacamentos na primeira quinzena\"}]},{\"@type\":\"WebSite\",\"@id\":\"https:\\\/\\\/dana.com.br\\\/canaldana\\\/#website\",\"url\":\"https:\\\/\\\/dana.com.br\\\/canaldana\\\/\",\"name\":\"Canal Dana\",\"description\":\"Informativo com as principais not\u00edcias da ind\u00fastria automotiva\",\"potentialAction\":[{\"@type\":\"SearchAction\",\"target\":{\"@type\":\"EntryPoint\",\"urlTemplate\":\"https:\\\/\\\/dana.com.br\\\/canaldana\\\/?s={search_term_string}\"},\"query-input\":{\"@type\":\"PropertyValueSpecification\",\"valueRequired\":true,\"valueName\":\"search_term_string\"}}],\"inLanguage\":\"pt-BR\"},{\"@type\":\"Person\",\"@id\":\"https:\\\/\\\/dana.com.br\\\/canaldana\\\/#\\\/schema\\\/person\\\/3c21f22f56fcf3bc46b94bc60ea4fef6\",\"name\":\"Canal Dana\",\"image\":{\"@type\":\"ImageObject\",\"inLanguage\":\"pt-BR\",\"@id\":\"https:\\\/\\\/secure.gravatar.com\\\/avatar\\\/420aaf9278582877d9018637c6817617705899d2858d7572ef0fe59a6b6454b4?s=96&d=mm&r=g\",\"url\":\"https:\\\/\\\/secure.gravatar.com\\\/avatar\\\/420aaf9278582877d9018637c6817617705899d2858d7572ef0fe59a6b6454b4?s=96&d=mm&r=g\",\"contentUrl\":\"https:\\\/\\\/secure.gravatar.com\\\/avatar\\\/420aaf9278582877d9018637c6817617705899d2858d7572ef0fe59a6b6454b4?s=96&d=mm&r=g\",\"caption\":\"Canal Dana\"},\"url\":\"https:\\\/\\\/dana.com.br\\\/canaldana\\\/author\\\/cdeditor\\\/\"}]}<\/script>\n<!-- \/ Yoast SEO plugin. -->","yoast_head_json":{"title":"Mais de 111 mil emplacamentos na primeira quinzena - Canal Dana","robots":{"index":"index","follow":"follow","max-snippet":"max-snippet:-1","max-image-preview":"max-image-preview:large","max-video-preview":"max-video-preview:-1"},"canonical":"https:\/\/dana.com.br\/canaldana\/2019\/04\/18\/mais-de-111-mil-emplacamentos-na-primeira-quinzena\/","og_locale":"pt_BR","og_type":"article","og_title":"Mais de 111 mil emplacamentos na primeira quinzena - Canal Dana","og_description":"AutoInd\u00fastria &nbsp; O mercado de ve\u00edculos segue firme em sua trajet\u00f3ria de alta este ano. Abril registra a melhor primeira quinzena de 2019, com quase 111,2 mil unidades comercializadas no per\u00edodo, o que sinaliza um m\u00eas com recorde de vendas no ano. &nbsp; Com 11 dias \u00fateis, a m\u00e9dia di\u00e1ria de licenciamentos ficou em 10,1\u2026 Leia mais \u00bb","og_url":"https:\/\/dana.com.br\/canaldana\/2019\/04\/18\/mais-de-111-mil-emplacamentos-na-primeira-quinzena\/","og_site_name":"Canal Dana","article_published_time":"2019-04-18T11:32:40+00:00","author":"Canal Dana","twitter_card":"summary_large_image","twitter_misc":{"Escrito por":"Canal Dana","Est. tempo de leitura":"1 minuto"},"schema":{"@context":"https:\/\/schema.org","@graph":[{"@type":"Article","@id":"https:\/\/dana.com.br\/canaldana\/2019\/04\/18\/mais-de-111-mil-emplacamentos-na-primeira-quinzena\/#article","isPartOf":{"@id":"https:\/\/dana.com.br\/canaldana\/2019\/04\/18\/mais-de-111-mil-emplacamentos-na-primeira-quinzena\/"},"author":{"name":"Canal Dana","@id":"https:\/\/dana.com.br\/canaldana\/#\/schema\/person\/3c21f22f56fcf3bc46b94bc60ea4fef6"},"headline":"Mais de 111 mil emplacamentos na primeira quinzena","datePublished":"2019-04-18T11:32:40+00:00","mainEntityOfPage":{"@id":"https:\/\/dana.com.br\/canaldana\/2019\/04\/18\/mais-de-111-mil-emplacamentos-na-primeira-quinzena\/"},"wordCount":288,"articleSection":["Destaques"],"inLanguage":"pt-BR"},{"@type":"WebPage","@id":"https:\/\/dana.com.br\/canaldana\/2019\/04\/18\/mais-de-111-mil-emplacamentos-na-primeira-quinzena\/","url":"https:\/\/dana.com.br\/canaldana\/2019\/04\/18\/mais-de-111-mil-emplacamentos-na-primeira-quinzena\/","name":"Mais de 111 mil emplacamentos na primeira quinzena - Canal Dana","isPartOf":{"@id":"https:\/\/dana.com.br\/canaldana\/#website"},"datePublished":"2019-04-18T11:32:40+00:00","author":{"@id":"https:\/\/dana.com.br\/canaldana\/#\/schema\/person\/3c21f22f56fcf3bc46b94bc60ea4fef6"},"breadcrumb":{"@id":"https:\/\/dana.com.br\/canaldana\/2019\/04\/18\/mais-de-111-mil-emplacamentos-na-primeira-quinzena\/#breadcrumb"},"inLanguage":"pt-BR","potentialAction":[{"@type":"ReadAction","target":["https:\/\/dana.com.br\/canaldana\/2019\/04\/18\/mais-de-111-mil-emplacamentos-na-primeira-quinzena\/"]}]},{"@type":"BreadcrumbList","@id":"https:\/\/dana.com.br\/canaldana\/2019\/04\/18\/mais-de-111-mil-emplacamentos-na-primeira-quinzena\/#breadcrumb","itemListElement":[{"@type":"ListItem","position":1,"name":"Home","item":"https:\/\/dana.com.br\/canaldana\/"},{"@type":"ListItem","position":2,"name":"Destaques","item":"https:\/\/dana.com.br\/canaldana\/destaques\/"},{"@type":"ListItem","position":3,"name":"Mais de 111 mil emplacamentos na primeira quinzena"}]},{"@type":"WebSite","@id":"https:\/\/dana.com.br\/canaldana\/#website","url":"https:\/\/dana.com.br\/canaldana\/","name":"Canal Dana","description":"Informativo com as principais not\u00edcias da ind\u00fastria automotiva","potentialAction":[{"@type":"SearchAction","target":{"@type":"EntryPoint","urlTemplate":"https:\/\/dana.com.br\/canaldana\/?s={search_term_string}"},"query-input":{"@type":"PropertyValueSpecification","valueRequired":true,"valueName":"search_term_string"}}],"inLanguage":"pt-BR"},{"@type":"Person","@id":"https:\/\/dana.com.br\/canaldana\/#\/schema\/person\/3c21f22f56fcf3bc46b94bc60ea4fef6","name":"Canal Dana","image":{"@type":"ImageObject","inLanguage":"pt-BR","@id":"https:\/\/secure.gravatar.com\/avatar\/420aaf9278582877d9018637c6817617705899d2858d7572ef0fe59a6b6454b4?s=96&d=mm&r=g","url":"https:\/\/secure.gravatar.com\/avatar\/420aaf9278582877d9018637c6817617705899d2858d7572ef0fe59a6b6454b4?s=96&d=mm&r=g","contentUrl":"https:\/\/secure.gravatar.com\/avatar\/420aaf9278582877d9018637c6817617705899d2858d7572ef0fe59a6b6454b4?s=96&d=mm&r=g","caption":"Canal Dana"},"url":"https:\/\/dana.com.br\/canaldana\/author\/cdeditor\/"}]}},"_links":{"self":[{"href":"https:\/\/dana.com.br\/canaldana\/wp-json\/wp\/v2\/posts\/33840","targetHints":{"allow":["GET"]}}],"collection":[{"href":"https:\/\/dana.com.br\/canaldana\/wp-json\/wp\/v2\/posts"}],"about":[{"href":"https:\/\/dana.com.br\/canaldana\/wp-json\/wp\/v2\/types\/post"}],"author":[{"embeddable":true,"href":"https:\/\/dana.com.br\/canaldana\/wp-json\/wp\/v2\/users\/3"}],"replies":[{"embeddable":true,"href":"https:\/\/dana.com.br\/canaldana\/wp-json\/wp\/v2\/comments?post=33840"}],"version-history":[{"count":0,"href":"https:\/\/dana.com.br\/canaldana\/wp-json\/wp\/v2\/posts\/33840\/revisions"}],"wp:attachment":[{"href":"https:\/\/dana.com.br\/canaldana\/wp-json\/wp\/v2\/media?parent=33840"}],"wp:term":[{"taxonomy":"category","embeddable":true,"href":"https:\/\/dana.com.br\/canaldana\/wp-json\/wp\/v2\/categories?post=33840"},{"taxonomy":"post_tag","embeddable":true,"href":"https:\/\/dana.com.br\/canaldana\/wp-json\/wp\/v2\/tags?post=33840"}],"curies":[{"name":"wp","href":"https:\/\/api.w.org\/{rel}","templated":true}]}}