{"id":33724,"date":"2019-04-15T09:15:20","date_gmt":"2019-04-15T12:15:20","guid":{"rendered":"https:\/\/dana.com.br\/canaldana\/?p=33724"},"modified":"2019-04-15T09:15:20","modified_gmt":"2019-04-15T12:15:20","slug":"autonomos-da-aptiv-ja-fizeram-25-mil-viagens-em-las-vegas","status":"publish","type":"post","link":"https:\/\/dana.com.br\/canaldana\/2019\/04\/15\/autonomos-da-aptiv-ja-fizeram-25-mil-viagens-em-las-vegas\/","title":{"rendered":"Aut\u00f4nomos da Aptiv j\u00e1 fizeram 25 mil viagens em Las Vegas"},"content":{"rendered":"<p><em>AutoInd\u00fastria<\/em><\/p>\n<p>&nbsp;<\/p>\n<p>Em pouco mais de um ano, o projeto conjunto da Aptiv\u00a0 com a\u00a0 Lyft, empresa americana de transporte que conecta motoristas e usu\u00e1rios de carros compartilhados por meio de aplicativo, j\u00e1 contabiliza mais de 25 mil viagens aut\u00f4nomas em Las Vegas, Estados Unidos.<\/p>\n<p>&nbsp;<\/p>\n<p>Lan\u00e7ado como piloto durante o CES, Consumer Electronics Show, de 2018, e ainda assim em trajeto ponto a ponto pr\u00e9-determinado, o projeto evoluiu bastante neste per\u00edodo. Agora s\u00e3o 30 ve\u00edculos aut\u00f4nomos que circulam pelas ruas da famosa cidade do estado de Nevada.<\/p>\n<p>&nbsp;<\/p>\n<p>As viagens tamb\u00e9m passaram a ser cobradas. No total, os ve\u00edculos se deslocaram para cerca de 1,6 mil destinos tamb\u00e9m para todo o restante do Condado de Clark, cuja sede \u00e9 Las Vegas, incluindo locais de entretenimento, centro de conven\u00e7\u00f5es e reparti\u00e7\u00f5es p\u00fablicas. Segundo a Aptiv, os usu\u00e1rios do servi\u00e7o nesse per\u00edodo concederam nota 4,95 para o m\u00e1ximo de 5 pontos.<\/p>\n<p>&nbsp;<\/p>\n<p>Os autom\u00f3veis contam com mais de 20 dispositvos para transitarem em n\u00edvel 4, ou seja, o condutor s\u00f3 atua em condi\u00e7\u00f5es absolutamente adversas, do contr\u00e1rio a viagem \u00e9 cumprida sem qualquer interven\u00e7\u00e3o humana.<\/p>\n<p>&nbsp;<\/p>\n<p>Para isso, foram instalados radares de longo e curto alcance, GPS, c\u00e2meras e LiDARs, da sigla inglesa para Ligh Detection and Ranging, radares que utilizam o laser para identificar objetos. Eles s\u00e3o capazes de reagir a um objeto pelo menos duzentas0 vezes mais r\u00e1pido do que um ser humano, assegura a Aptiv.<\/p>\n<p>&nbsp;<\/p>\n<p>A empresa de tecnologia automotiva j\u00e1 desenvolve programas-piloto tamb\u00e9m em Boston, tamb\u00e9m nos Estados Unidos, e em Cingapura. Na Cidade-Estado asi\u00e1tica, os ve\u00edculos aut\u00f4nomos levam pessoas de seus pontos de origem para uma rede de transporte j\u00e1 estabelecida e dela at\u00e9 os destinos finais.<\/p>\n<p>&nbsp;<\/p>\n<p>Os ve\u00edculos de n\u00edvel 4 de autonomia da Aptiv j\u00e1 est\u00e3o bem pr\u00f3ximos do que a meta perseguida por toda a ind\u00fastria automotiva para a pr\u00f3xima d\u00e9cada: a condu\u00e7\u00e3o integralmente aut\u00f4noma, que dispensa a presen\u00e7a de um motorista dentro do ve\u00edculo e elimina volante e pedais.<\/p>\n<p>&nbsp;<\/p>\n<p><strong>Os n\u00edveis de condu\u00e7\u00e3o s\u00e3o:<\/strong><\/p>\n<p>&nbsp;<\/p>\n<p><strong>0:<\/strong> a dire\u00e7\u00e3o depende 100% do motorista, com equipamentos que apenas alertam o condutor.<\/p>\n<p><strong>1:<\/strong> o ve\u00edculo \u00e9 capaz de fazer algumas a\u00e7\u00f5es, como manter uma determinada velocidade, mas as principais a\u00e7\u00f5es ao volante ainda dependem do motorista.<\/p>\n<p><strong>2:<\/strong> com tecnologias mais avan\u00e7adas, como assistente de estacionamento, o ve\u00edculo consegue acelerar, frear e se manter dentro das faixas de rodagem, embora o motorista deva estar atento \u00e0 via todo o tempo para assumir a dire\u00e7\u00e3o e reagir em situa\u00e7\u00f5es de emerg\u00eancia.<\/p>\n<p><strong>3:<\/strong> o ve\u00edculo consegue assumir a dire\u00e7\u00e3o, inclusive, em rodovias. Por\u00e9m, o condutor deve estar atento e \u00e9 convidado a demonstrar rea\u00e7\u00f5es, como tocar o volante, de tempos em tempos.<\/p>\n<p><strong>4:<\/strong> praticamente todas as a\u00e7\u00f5es do ve\u00edculo independem do motorista, mas o condutor precisa assumir em condi\u00e7\u00f5es adversas, como clim\u00e1ticas.<\/p>\n<p><strong>5:<\/strong> com todos os equipamentos do n\u00edvel 4, o sistema automatizado dispensa a presen\u00e7a de um condutor, al\u00e9m de volante e pedais, com os comandos feitos por voz ou aplicativo de smartphones. (AutoInd\u00fastria)<\/p>\n","protected":false},"excerpt":{"rendered":"<p>AutoInd\u00fastria &nbsp; Em pouco mais de um ano, o projeto conjunto da Aptiv\u00a0 com a\u00a0 Lyft, empresa americana de transporte que conecta motoristas e usu\u00e1rios de carros compartilhados por meio de aplicativo, j\u00e1 contabiliza mais de 25 mil viagens aut\u00f4nomas em Las Vegas, Estados Unidos. &nbsp; Lan\u00e7ado como piloto durante o CES, Consumer Electronics Show,\u2026 <a class=\"readmore\" href=\"https:\/\/dana.com.br\/canaldana\/2019\/04\/15\/autonomos-da-aptiv-ja-fizeram-25-mil-viagens-em-las-vegas\/\">Leia mais \u00bb<\/a><\/p>\n","protected":false},"author":3,"featured_media":0,"comment_status":"closed","ping_status":"closed","sticky":false,"template":"","format":"standard","meta":{"_acf_changed":false,"footnotes":""},"categories":[79],"tags":[],"class_list":["post-33724","post","type-post","status-publish","format-standard","hentry","category-mercado"],"acf":[],"yoast_head":"<!-- This site is optimized with the Yoast SEO plugin v27.3 - https:\/\/yoast.com\/product\/yoast-seo-wordpress\/ -->\n<title>Aut\u00f4nomos da Aptiv j\u00e1 fizeram 25 mil viagens em Las Vegas - Canal Dana<\/title>\n<meta name=\"robots\" content=\"index, follow, max-snippet:-1, max-image-preview:large, max-video-preview:-1\" \/>\n<link rel=\"canonical\" href=\"https:\/\/dana.com.br\/canaldana\/2019\/04\/15\/autonomos-da-aptiv-ja-fizeram-25-mil-viagens-em-las-vegas\/\" \/>\n<meta property=\"og:locale\" content=\"pt_BR\" \/>\n<meta property=\"og:type\" content=\"article\" \/>\n<meta property=\"og:title\" content=\"Aut\u00f4nomos da Aptiv j\u00e1 fizeram 25 mil viagens em Las Vegas - Canal Dana\" \/>\n<meta property=\"og:description\" content=\"AutoInd\u00fastria &nbsp; Em pouco mais de um ano, o projeto conjunto da Aptiv\u00a0 com a\u00a0 Lyft, empresa americana de transporte que conecta motoristas e usu\u00e1rios de carros compartilhados por meio de aplicativo, j\u00e1 contabiliza mais de 25 mil viagens aut\u00f4nomas em Las Vegas, Estados Unidos. &nbsp; Lan\u00e7ado como piloto durante o CES, Consumer Electronics Show,\u2026 Leia mais \u00bb\" \/>\n<meta property=\"og:url\" content=\"https:\/\/dana.com.br\/canaldana\/2019\/04\/15\/autonomos-da-aptiv-ja-fizeram-25-mil-viagens-em-las-vegas\/\" \/>\n<meta property=\"og:site_name\" content=\"Canal Dana\" \/>\n<meta property=\"article:published_time\" content=\"2019-04-15T12:15:20+00:00\" \/>\n<meta name=\"author\" content=\"Canal Dana\" \/>\n<meta name=\"twitter:card\" content=\"summary_large_image\" \/>\n<meta name=\"twitter:label1\" content=\"Escrito por\" \/>\n\t<meta name=\"twitter:data1\" content=\"Canal Dana\" \/>\n\t<meta name=\"twitter:label2\" content=\"Est. tempo de leitura\" \/>\n\t<meta name=\"twitter:data2\" content=\"3 minutos\" \/>\n<script type=\"application\/ld+json\" class=\"yoast-schema-graph\">{\"@context\":\"https:\\\/\\\/schema.org\",\"@graph\":[{\"@type\":\"Article\",\"@id\":\"https:\\\/\\\/dana.com.br\\\/canaldana\\\/2019\\\/04\\\/15\\\/autonomos-da-aptiv-ja-fizeram-25-mil-viagens-em-las-vegas\\\/#article\",\"isPartOf\":{\"@id\":\"https:\\\/\\\/dana.com.br\\\/canaldana\\\/2019\\\/04\\\/15\\\/autonomos-da-aptiv-ja-fizeram-25-mil-viagens-em-las-vegas\\\/\"},\"author\":{\"name\":\"Canal Dana\",\"@id\":\"https:\\\/\\\/dana.com.br\\\/canaldana\\\/#\\\/schema\\\/person\\\/3c21f22f56fcf3bc46b94bc60ea4fef6\"},\"headline\":\"Aut\u00f4nomos da Aptiv j\u00e1 fizeram 25 mil viagens em Las Vegas\",\"datePublished\":\"2019-04-15T12:15:20+00:00\",\"mainEntityOfPage\":{\"@id\":\"https:\\\/\\\/dana.com.br\\\/canaldana\\\/2019\\\/04\\\/15\\\/autonomos-da-aptiv-ja-fizeram-25-mil-viagens-em-las-vegas\\\/\"},\"wordCount\":556,\"articleSection\":[\"Mercado\"],\"inLanguage\":\"pt-BR\"},{\"@type\":\"WebPage\",\"@id\":\"https:\\\/\\\/dana.com.br\\\/canaldana\\\/2019\\\/04\\\/15\\\/autonomos-da-aptiv-ja-fizeram-25-mil-viagens-em-las-vegas\\\/\",\"url\":\"https:\\\/\\\/dana.com.br\\\/canaldana\\\/2019\\\/04\\\/15\\\/autonomos-da-aptiv-ja-fizeram-25-mil-viagens-em-las-vegas\\\/\",\"name\":\"Aut\u00f4nomos da Aptiv j\u00e1 fizeram 25 mil viagens em Las Vegas - Canal Dana\",\"isPartOf\":{\"@id\":\"https:\\\/\\\/dana.com.br\\\/canaldana\\\/#website\"},\"datePublished\":\"2019-04-15T12:15:20+00:00\",\"author\":{\"@id\":\"https:\\\/\\\/dana.com.br\\\/canaldana\\\/#\\\/schema\\\/person\\\/3c21f22f56fcf3bc46b94bc60ea4fef6\"},\"breadcrumb\":{\"@id\":\"https:\\\/\\\/dana.com.br\\\/canaldana\\\/2019\\\/04\\\/15\\\/autonomos-da-aptiv-ja-fizeram-25-mil-viagens-em-las-vegas\\\/#breadcrumb\"},\"inLanguage\":\"pt-BR\",\"potentialAction\":[{\"@type\":\"ReadAction\",\"target\":[\"https:\\\/\\\/dana.com.br\\\/canaldana\\\/2019\\\/04\\\/15\\\/autonomos-da-aptiv-ja-fizeram-25-mil-viagens-em-las-vegas\\\/\"]}]},{\"@type\":\"BreadcrumbList\",\"@id\":\"https:\\\/\\\/dana.com.br\\\/canaldana\\\/2019\\\/04\\\/15\\\/autonomos-da-aptiv-ja-fizeram-25-mil-viagens-em-las-vegas\\\/#breadcrumb\",\"itemListElement\":[{\"@type\":\"ListItem\",\"position\":1,\"name\":\"Home\",\"item\":\"https:\\\/\\\/dana.com.br\\\/canaldana\\\/\"},{\"@type\":\"ListItem\",\"position\":2,\"name\":\"Mercado\",\"item\":\"https:\\\/\\\/dana.com.br\\\/canaldana\\\/mercado\\\/\"},{\"@type\":\"ListItem\",\"position\":3,\"name\":\"Aut\u00f4nomos da Aptiv j\u00e1 fizeram 25 mil viagens em Las Vegas\"}]},{\"@type\":\"WebSite\",\"@id\":\"https:\\\/\\\/dana.com.br\\\/canaldana\\\/#website\",\"url\":\"https:\\\/\\\/dana.com.br\\\/canaldana\\\/\",\"name\":\"Canal Dana\",\"description\":\"Informativo com as principais not\u00edcias da ind\u00fastria automotiva\",\"potentialAction\":[{\"@type\":\"SearchAction\",\"target\":{\"@type\":\"EntryPoint\",\"urlTemplate\":\"https:\\\/\\\/dana.com.br\\\/canaldana\\\/?s={search_term_string}\"},\"query-input\":{\"@type\":\"PropertyValueSpecification\",\"valueRequired\":true,\"valueName\":\"search_term_string\"}}],\"inLanguage\":\"pt-BR\"},{\"@type\":\"Person\",\"@id\":\"https:\\\/\\\/dana.com.br\\\/canaldana\\\/#\\\/schema\\\/person\\\/3c21f22f56fcf3bc46b94bc60ea4fef6\",\"name\":\"Canal Dana\",\"image\":{\"@type\":\"ImageObject\",\"inLanguage\":\"pt-BR\",\"@id\":\"https:\\\/\\\/secure.gravatar.com\\\/avatar\\\/420aaf9278582877d9018637c6817617705899d2858d7572ef0fe59a6b6454b4?s=96&d=mm&r=g\",\"url\":\"https:\\\/\\\/secure.gravatar.com\\\/avatar\\\/420aaf9278582877d9018637c6817617705899d2858d7572ef0fe59a6b6454b4?s=96&d=mm&r=g\",\"contentUrl\":\"https:\\\/\\\/secure.gravatar.com\\\/avatar\\\/420aaf9278582877d9018637c6817617705899d2858d7572ef0fe59a6b6454b4?s=96&d=mm&r=g\",\"caption\":\"Canal Dana\"},\"url\":\"https:\\\/\\\/dana.com.br\\\/canaldana\\\/author\\\/cdeditor\\\/\"}]}<\/script>\n<!-- \/ Yoast SEO plugin. -->","yoast_head_json":{"title":"Aut\u00f4nomos da Aptiv j\u00e1 fizeram 25 mil viagens em Las Vegas - Canal Dana","robots":{"index":"index","follow":"follow","max-snippet":"max-snippet:-1","max-image-preview":"max-image-preview:large","max-video-preview":"max-video-preview:-1"},"canonical":"https:\/\/dana.com.br\/canaldana\/2019\/04\/15\/autonomos-da-aptiv-ja-fizeram-25-mil-viagens-em-las-vegas\/","og_locale":"pt_BR","og_type":"article","og_title":"Aut\u00f4nomos da Aptiv j\u00e1 fizeram 25 mil viagens em Las Vegas - Canal Dana","og_description":"AutoInd\u00fastria &nbsp; Em pouco mais de um ano, o projeto conjunto da Aptiv\u00a0 com a\u00a0 Lyft, empresa americana de transporte que conecta motoristas e usu\u00e1rios de carros compartilhados por meio de aplicativo, j\u00e1 contabiliza mais de 25 mil viagens aut\u00f4nomas em Las Vegas, Estados Unidos. &nbsp; Lan\u00e7ado como piloto durante o CES, Consumer Electronics Show,\u2026 Leia mais \u00bb","og_url":"https:\/\/dana.com.br\/canaldana\/2019\/04\/15\/autonomos-da-aptiv-ja-fizeram-25-mil-viagens-em-las-vegas\/","og_site_name":"Canal Dana","article_published_time":"2019-04-15T12:15:20+00:00","author":"Canal Dana","twitter_card":"summary_large_image","twitter_misc":{"Escrito por":"Canal Dana","Est. tempo de leitura":"3 minutos"},"schema":{"@context":"https:\/\/schema.org","@graph":[{"@type":"Article","@id":"https:\/\/dana.com.br\/canaldana\/2019\/04\/15\/autonomos-da-aptiv-ja-fizeram-25-mil-viagens-em-las-vegas\/#article","isPartOf":{"@id":"https:\/\/dana.com.br\/canaldana\/2019\/04\/15\/autonomos-da-aptiv-ja-fizeram-25-mil-viagens-em-las-vegas\/"},"author":{"name":"Canal Dana","@id":"https:\/\/dana.com.br\/canaldana\/#\/schema\/person\/3c21f22f56fcf3bc46b94bc60ea4fef6"},"headline":"Aut\u00f4nomos da Aptiv j\u00e1 fizeram 25 mil viagens em Las Vegas","datePublished":"2019-04-15T12:15:20+00:00","mainEntityOfPage":{"@id":"https:\/\/dana.com.br\/canaldana\/2019\/04\/15\/autonomos-da-aptiv-ja-fizeram-25-mil-viagens-em-las-vegas\/"},"wordCount":556,"articleSection":["Mercado"],"inLanguage":"pt-BR"},{"@type":"WebPage","@id":"https:\/\/dana.com.br\/canaldana\/2019\/04\/15\/autonomos-da-aptiv-ja-fizeram-25-mil-viagens-em-las-vegas\/","url":"https:\/\/dana.com.br\/canaldana\/2019\/04\/15\/autonomos-da-aptiv-ja-fizeram-25-mil-viagens-em-las-vegas\/","name":"Aut\u00f4nomos da Aptiv j\u00e1 fizeram 25 mil viagens em Las Vegas - Canal Dana","isPartOf":{"@id":"https:\/\/dana.com.br\/canaldana\/#website"},"datePublished":"2019-04-15T12:15:20+00:00","author":{"@id":"https:\/\/dana.com.br\/canaldana\/#\/schema\/person\/3c21f22f56fcf3bc46b94bc60ea4fef6"},"breadcrumb":{"@id":"https:\/\/dana.com.br\/canaldana\/2019\/04\/15\/autonomos-da-aptiv-ja-fizeram-25-mil-viagens-em-las-vegas\/#breadcrumb"},"inLanguage":"pt-BR","potentialAction":[{"@type":"ReadAction","target":["https:\/\/dana.com.br\/canaldana\/2019\/04\/15\/autonomos-da-aptiv-ja-fizeram-25-mil-viagens-em-las-vegas\/"]}]},{"@type":"BreadcrumbList","@id":"https:\/\/dana.com.br\/canaldana\/2019\/04\/15\/autonomos-da-aptiv-ja-fizeram-25-mil-viagens-em-las-vegas\/#breadcrumb","itemListElement":[{"@type":"ListItem","position":1,"name":"Home","item":"https:\/\/dana.com.br\/canaldana\/"},{"@type":"ListItem","position":2,"name":"Mercado","item":"https:\/\/dana.com.br\/canaldana\/mercado\/"},{"@type":"ListItem","position":3,"name":"Aut\u00f4nomos da Aptiv j\u00e1 fizeram 25 mil viagens em Las Vegas"}]},{"@type":"WebSite","@id":"https:\/\/dana.com.br\/canaldana\/#website","url":"https:\/\/dana.com.br\/canaldana\/","name":"Canal Dana","description":"Informativo com as principais not\u00edcias da ind\u00fastria automotiva","potentialAction":[{"@type":"SearchAction","target":{"@type":"EntryPoint","urlTemplate":"https:\/\/dana.com.br\/canaldana\/?s={search_term_string}"},"query-input":{"@type":"PropertyValueSpecification","valueRequired":true,"valueName":"search_term_string"}}],"inLanguage":"pt-BR"},{"@type":"Person","@id":"https:\/\/dana.com.br\/canaldana\/#\/schema\/person\/3c21f22f56fcf3bc46b94bc60ea4fef6","name":"Canal Dana","image":{"@type":"ImageObject","inLanguage":"pt-BR","@id":"https:\/\/secure.gravatar.com\/avatar\/420aaf9278582877d9018637c6817617705899d2858d7572ef0fe59a6b6454b4?s=96&d=mm&r=g","url":"https:\/\/secure.gravatar.com\/avatar\/420aaf9278582877d9018637c6817617705899d2858d7572ef0fe59a6b6454b4?s=96&d=mm&r=g","contentUrl":"https:\/\/secure.gravatar.com\/avatar\/420aaf9278582877d9018637c6817617705899d2858d7572ef0fe59a6b6454b4?s=96&d=mm&r=g","caption":"Canal Dana"},"url":"https:\/\/dana.com.br\/canaldana\/author\/cdeditor\/"}]}},"_links":{"self":[{"href":"https:\/\/dana.com.br\/canaldana\/wp-json\/wp\/v2\/posts\/33724","targetHints":{"allow":["GET"]}}],"collection":[{"href":"https:\/\/dana.com.br\/canaldana\/wp-json\/wp\/v2\/posts"}],"about":[{"href":"https:\/\/dana.com.br\/canaldana\/wp-json\/wp\/v2\/types\/post"}],"author":[{"embeddable":true,"href":"https:\/\/dana.com.br\/canaldana\/wp-json\/wp\/v2\/users\/3"}],"replies":[{"embeddable":true,"href":"https:\/\/dana.com.br\/canaldana\/wp-json\/wp\/v2\/comments?post=33724"}],"version-history":[{"count":0,"href":"https:\/\/dana.com.br\/canaldana\/wp-json\/wp\/v2\/posts\/33724\/revisions"}],"wp:attachment":[{"href":"https:\/\/dana.com.br\/canaldana\/wp-json\/wp\/v2\/media?parent=33724"}],"wp:term":[{"taxonomy":"category","embeddable":true,"href":"https:\/\/dana.com.br\/canaldana\/wp-json\/wp\/v2\/categories?post=33724"},{"taxonomy":"post_tag","embeddable":true,"href":"https:\/\/dana.com.br\/canaldana\/wp-json\/wp\/v2\/tags?post=33724"}],"curies":[{"name":"wp","href":"https:\/\/api.w.org\/{rel}","templated":true}]}}