{"id":33704,"date":"2019-04-12T08:47:56","date_gmt":"2019-04-12T11:47:56","guid":{"rendered":"https:\/\/dana.com.br\/canaldana\/?p=33704"},"modified":"2019-04-12T08:47:56","modified_gmt":"2019-04-12T11:47:56","slug":"abraciclo-revisa-projecoes-para-2019-diante-de-cenario-positivo-para-o-segmento-de-duas-rodas","status":"publish","type":"post","link":"https:\/\/dana.com.br\/canaldana\/2019\/04\/12\/abraciclo-revisa-projecoes-para-2019-diante-de-cenario-positivo-para-o-segmento-de-duas-rodas\/","title":{"rendered":"Abraciclo revisa proje\u00e7\u00f5es para 2019 diante de cen\u00e1rio positivo para o segmento de duas rodas"},"content":{"rendered":"<p><em>Revista Publiracing <\/em><\/p>\n<p>&nbsp;<\/p>\n<p>A Associa\u00e7\u00e3o Brasileira dos Fabricantes de Motocicletas, Ciclomotores, Motonetas, Bicicletas e Similares \u2013 Abraciclo revisou suas proje\u00e7\u00f5es para este ano. A nova expectativa \u00e9 que a produ\u00e7\u00e3o atinja 1.100.000 unidades, eleva\u00e7\u00e3o de 6,1% ante o resultado de 2018 (1.036.846 motocicletas). A estimativa anterior, apresentada em dezembro do ano passado, era de 1.080.000 unidades, alta de 4,2% ante 2018.<\/p>\n<p>&nbsp;<\/p>\n<p>Tamb\u00e9m foram revisadas para cima as perspectivas de vendas no atacado e no varejo. No atacado, ou seja, no repasse de motocicletas das f\u00e1bricas para as concession\u00e1rias, a nova estimativa \u00e9 de 1.060.000 unidades, eleva\u00e7\u00e3o de 10,7% ante 2018 (957.617 unidades). A estimativa inicial indicava 1.031.000, alta de 7,7%.<\/p>\n<p>&nbsp;<\/p>\n<p>No varejo, ou seja, emplacamentos, a nova proje\u00e7\u00e3o \u00e9 de 1.020.000 unidades, crescimento de 8,5% ante 2018 (940.108 motocicletas). Anteriormente a perspectiva era de 998.000 unidades, aumento de 6,2%.<\/p>\n<p>&nbsp;<\/p>\n<p>A associa\u00e7\u00e3o tamb\u00e9m revisou as proje\u00e7\u00f5es de exporta\u00e7\u00e3o para 2019, que agora apontam embarque de 40 mil unidades, baixa de 41,2% ante 2018 (68.073 motocicletas). Em dezembro a estimativa era de 49 mil unidades, queda de 28%.<\/p>\n<p>&nbsp;<\/p>\n<p>Na avalia\u00e7\u00e3o de Marcos Fermanian, presidente da Abraciclo, \u201ca retomada do setor de motocicletas no mercado interno no primeiro trimestre superou as expectativas. A estabilidade das taxas de juros no menor patamar hist\u00f3rico e a amplia\u00e7\u00e3o da oferta de cr\u00e9dito pelos bancos t\u00eam contribu\u00eddo para a recupera\u00e7\u00e3o mais acelerada do setor. J\u00e1 em rela\u00e7\u00e3o \u00e0s exporta\u00e7\u00f5es, o recuo est\u00e1 diretamente relacionado \u00e0 redu\u00e7\u00e3o dos embarques para a Argentina, principal destino das motocicletas fabricadas no Polo industrial de Manaus\u201d.<\/p>\n<p>&nbsp;<\/p>\n<p>No acumulado dos tr\u00eas primeiros meses do ano foram produzidas no Brasil 276.835 motocicletas, alta de 6,6% ante igual per\u00edodo de 2018 (259.587 unidades).<\/p>\n<p>&nbsp;<\/p>\n<p>Em mar\u00e7o foram produzidas 91.537 motocicletas, queda de 3,3% na compara\u00e7\u00e3o com mar\u00e7o de 2018 (94.649 unidades) e de 9,6% ante fevereiro (101.292 unidades). \u201cTivemos 19 dias \u00fateis em mar\u00e7o, dois a menos que no mesmo m\u00eas do ano passado e um a menos que fevereiro\u201d, explica Fermanian.<\/p>\n<p>&nbsp;<\/p>\n<p>De janeiro a mar\u00e7o deste ano as vendas no atacado somaram 270.641 motocicletas, alta de 15,7% ante mesmo per\u00edodo de 2018 (234.010).<\/p>\n<p>&nbsp;<\/p>\n<p>Apenas em mar\u00e7o o repasse de motocicletas para as concession\u00e1rias foi de 93.559 unidades, aumento de 7,2% ante mar\u00e7o de 2018 (87.243 unidades). Na compara\u00e7\u00e3o com fevereiro foi registrada queda de 2% (95.427 unidades).<\/p>\n<p>&nbsp;<\/p>\n<p>De acordo com levantamento do Registro Nacional de Ve\u00edculos Automotores (Renavam), foram emplacadas 258.652 motocicletas no primeiro trimestre deste ano, alta de 17,9% ante mesmo per\u00edodo de 2018 (219.304 motocicletas).<\/p>\n<p>&nbsp;<\/p>\n<p>Ainda com base nos dados do Renavam, em mar\u00e7o foram licenciadas 83.798 motocicletas, eleva\u00e7\u00e3o de 5,6% ante mar\u00e7o de 2018 (79.320 unidades). Na compara\u00e7\u00e3o com fevereiro foi registrada queda de 0,4% (84.150 motocicletas).<\/p>\n<p>Em mar\u00e7o a m\u00e9dia di\u00e1ria de vendas foi de 4.410 unidades, crescimento de 16,8% ante mar\u00e7o do ano passado (3.777 unidades) e de 4,8% ante fevereiro (4.208 motocicletas). \u201c\u00c9 o melhor resultado alcan\u00e7ado pelo setor para o m\u00eas de mar\u00e7o desde 2015. O aumento na m\u00e9dia di\u00e1ria comprova a retomada do setor\u201d, analisa Fermanian.<\/p>\n<p>&nbsp;<\/p>\n<p>No primeiro trimestre foram exportadas 11.382 motocicletas, recuo de 51,2% ante mesmo per\u00edodo de 2018 (23.320 unidades). Em mar\u00e7o o volume embarcado foi de 3.525 unidades, redu\u00e7\u00e3o de 54,5% na compara\u00e7\u00e3o com o mesmo m\u00eas de 2018 (7.747 motocicletas). Em rela\u00e7\u00e3o a fevereiro, houve aumento de 7,2% (3.287 unidades).<\/p>\n<p>&nbsp;<\/p>\n<p>Segundo dados do portal de estat\u00edsticas de com\u00e9rcio exterior Comex Stat analisados pela Abraciclo, a Argentina foi o principal comprador de motocicletas brasileiras no primeiro trimestre, com 3.832 unidades, 37,7% do total. Em segundo lugar ficaram os Estados Unidos, com 2.224 unidades e 21,9% de participa\u00e7\u00e3o, e em terceiro o Canad\u00e1, 1.488 unidades e 14,7% de participa\u00e7\u00e3o.<\/p>\n<p>&nbsp;<\/p>\n<p>Em mar\u00e7o a Argentina manteve a lideran\u00e7a com 2.660 motocicletas compradas do Brasil, com 53,2% do total, seguida pelo Canad\u00e1, com 988 unidades e 19,7% de participa\u00e7\u00e3o, e pelos Estados Unidos, com 608 unidades e 12,2% de participa\u00e7\u00e3o.<\/p>\n<p>&nbsp;<\/p>\n<p>A Street liderou o ranking de motocicletas mais comercializadas por categoria no Pa\u00eds no primeiro trimestre de 2019, com 51,8% de participa\u00e7\u00e3o (140.256 unidades, alta de 17,2% ante 119.723 no primeiro trimestre de 2018). Em segundo lugar ficou a Trail, com 19,4% (52.459 motocicletas, crescimento de 1,7% ante 51.599 no mesmo per\u00edodo do ano passado). A Motoneta ficou na terceira coloca\u00e7\u00e3o com 15% (40.616 unidades, eleva\u00e7\u00e3o de 23,3% ante 32.948 de janeiro a mar\u00e7o do ano passado).<\/p>\n<p>&nbsp;<\/p>\n<p>Na sequ\u00eancia do ranking vieram Scooter, com 7,5% de participa\u00e7\u00e3o (20.232 motocicletas, crescimento de 31,5% ante 15.386 do primeiro trimestre de 2018), e Naked, com 2,4% de participa\u00e7\u00e3o (6.574 unidades, avan\u00e7o de 16,5% ante 5.642 no mesmo per\u00edodo do ano passado).<\/p>\n<p>&nbsp;<\/p>\n<p>Em mar\u00e7o as posi\u00e7\u00f5es do ranking se mantiveram: Street em primeiro com 48,8% de participa\u00e7\u00e3o (45.688 motocicletas), seguida por Trail com 19% (17.736), Motoneta com 15,5% (14.462), Scooter com 10,5% (9.822) e Naked com 2,3% (2.114).<\/p>\n<p>&nbsp;<\/p>\n<p>Os emplacamentos de Scooters no primeiro trimestre somaram 18.730 unidades, alta de 7,3% na compara\u00e7\u00e3o com o mesmo per\u00edodo do ano passado (17.451 unidades).<\/p>\n<p>&nbsp;<\/p>\n<p>Em mar\u00e7o foram licenciadas 5.990 Scooters, queda de 4,4% ante 6.264 unidades em mar\u00e7o de 2018. Na compara\u00e7\u00e3o com fevereiro, baixa de 1,6% (6.085 unidades). (Revista Publiracing)<\/p>\n","protected":false},"excerpt":{"rendered":"<p>Revista Publiracing &nbsp; A Associa\u00e7\u00e3o Brasileira dos Fabricantes de Motocicletas, Ciclomotores, Motonetas, Bicicletas e Similares \u2013 Abraciclo revisou suas proje\u00e7\u00f5es para este ano. A nova expectativa \u00e9 que a produ\u00e7\u00e3o atinja 1.100.000 unidades, eleva\u00e7\u00e3o de 6,1% ante o resultado de 2018 (1.036.846 motocicletas). A estimativa anterior, apresentada em dezembro do ano passado, era de 1.080.000\u2026 <a class=\"readmore\" href=\"https:\/\/dana.com.br\/canaldana\/2019\/04\/12\/abraciclo-revisa-projecoes-para-2019-diante-de-cenario-positivo-para-o-segmento-de-duas-rodas\/\">Leia mais \u00bb<\/a><\/p>\n","protected":false},"author":3,"featured_media":0,"comment_status":"closed","ping_status":"closed","sticky":false,"template":"","format":"standard","meta":{"_acf_changed":false,"footnotes":""},"categories":[79],"tags":[],"class_list":["post-33704","post","type-post","status-publish","format-standard","hentry","category-mercado"],"acf":[],"yoast_head":"<!-- This site is optimized with the Yoast SEO plugin v27.3 - https:\/\/yoast.com\/product\/yoast-seo-wordpress\/ -->\n<title>Abraciclo revisa proje\u00e7\u00f5es para 2019 diante de cen\u00e1rio positivo para o segmento de duas rodas - Canal Dana<\/title>\n<meta name=\"robots\" content=\"index, follow, max-snippet:-1, max-image-preview:large, max-video-preview:-1\" \/>\n<link rel=\"canonical\" href=\"https:\/\/dana.com.br\/canaldana\/2019\/04\/12\/abraciclo-revisa-projecoes-para-2019-diante-de-cenario-positivo-para-o-segmento-de-duas-rodas\/\" \/>\n<meta property=\"og:locale\" content=\"pt_BR\" \/>\n<meta property=\"og:type\" content=\"article\" \/>\n<meta property=\"og:title\" content=\"Abraciclo revisa proje\u00e7\u00f5es para 2019 diante de cen\u00e1rio positivo para o segmento de duas rodas - Canal Dana\" \/>\n<meta property=\"og:description\" content=\"Revista Publiracing &nbsp; A Associa\u00e7\u00e3o Brasileira dos Fabricantes de Motocicletas, Ciclomotores, Motonetas, Bicicletas e Similares \u2013 Abraciclo revisou suas proje\u00e7\u00f5es para este ano. A nova expectativa \u00e9 que a produ\u00e7\u00e3o atinja 1.100.000 unidades, eleva\u00e7\u00e3o de 6,1% ante o resultado de 2018 (1.036.846 motocicletas). A estimativa anterior, apresentada em dezembro do ano passado, era de 1.080.000\u2026 Leia mais \u00bb\" \/>\n<meta property=\"og:url\" content=\"https:\/\/dana.com.br\/canaldana\/2019\/04\/12\/abraciclo-revisa-projecoes-para-2019-diante-de-cenario-positivo-para-o-segmento-de-duas-rodas\/\" \/>\n<meta property=\"og:site_name\" content=\"Canal Dana\" \/>\n<meta property=\"article:published_time\" content=\"2019-04-12T11:47:56+00:00\" \/>\n<meta name=\"author\" content=\"Canal Dana\" \/>\n<meta name=\"twitter:card\" content=\"summary_large_image\" \/>\n<meta name=\"twitter:label1\" content=\"Escrito por\" \/>\n\t<meta name=\"twitter:data1\" content=\"Canal Dana\" \/>\n\t<meta name=\"twitter:label2\" content=\"Est. tempo de leitura\" \/>\n\t<meta name=\"twitter:data2\" content=\"4 minutos\" \/>\n<script type=\"application\/ld+json\" class=\"yoast-schema-graph\">{\"@context\":\"https:\\\/\\\/schema.org\",\"@graph\":[{\"@type\":\"Article\",\"@id\":\"https:\\\/\\\/dana.com.br\\\/canaldana\\\/2019\\\/04\\\/12\\\/abraciclo-revisa-projecoes-para-2019-diante-de-cenario-positivo-para-o-segmento-de-duas-rodas\\\/#article\",\"isPartOf\":{\"@id\":\"https:\\\/\\\/dana.com.br\\\/canaldana\\\/2019\\\/04\\\/12\\\/abraciclo-revisa-projecoes-para-2019-diante-de-cenario-positivo-para-o-segmento-de-duas-rodas\\\/\"},\"author\":{\"name\":\"Canal Dana\",\"@id\":\"https:\\\/\\\/dana.com.br\\\/canaldana\\\/#\\\/schema\\\/person\\\/3c21f22f56fcf3bc46b94bc60ea4fef6\"},\"headline\":\"Abraciclo revisa proje\u00e7\u00f5es para 2019 diante de cen\u00e1rio positivo para o segmento de duas rodas\",\"datePublished\":\"2019-04-12T11:47:56+00:00\",\"mainEntityOfPage\":{\"@id\":\"https:\\\/\\\/dana.com.br\\\/canaldana\\\/2019\\\/04\\\/12\\\/abraciclo-revisa-projecoes-para-2019-diante-de-cenario-positivo-para-o-segmento-de-duas-rodas\\\/\"},\"wordCount\":833,\"articleSection\":[\"Mercado\"],\"inLanguage\":\"pt-BR\"},{\"@type\":\"WebPage\",\"@id\":\"https:\\\/\\\/dana.com.br\\\/canaldana\\\/2019\\\/04\\\/12\\\/abraciclo-revisa-projecoes-para-2019-diante-de-cenario-positivo-para-o-segmento-de-duas-rodas\\\/\",\"url\":\"https:\\\/\\\/dana.com.br\\\/canaldana\\\/2019\\\/04\\\/12\\\/abraciclo-revisa-projecoes-para-2019-diante-de-cenario-positivo-para-o-segmento-de-duas-rodas\\\/\",\"name\":\"Abraciclo revisa proje\u00e7\u00f5es para 2019 diante de cen\u00e1rio positivo para o segmento de duas rodas - Canal Dana\",\"isPartOf\":{\"@id\":\"https:\\\/\\\/dana.com.br\\\/canaldana\\\/#website\"},\"datePublished\":\"2019-04-12T11:47:56+00:00\",\"author\":{\"@id\":\"https:\\\/\\\/dana.com.br\\\/canaldana\\\/#\\\/schema\\\/person\\\/3c21f22f56fcf3bc46b94bc60ea4fef6\"},\"breadcrumb\":{\"@id\":\"https:\\\/\\\/dana.com.br\\\/canaldana\\\/2019\\\/04\\\/12\\\/abraciclo-revisa-projecoes-para-2019-diante-de-cenario-positivo-para-o-segmento-de-duas-rodas\\\/#breadcrumb\"},\"inLanguage\":\"pt-BR\",\"potentialAction\":[{\"@type\":\"ReadAction\",\"target\":[\"https:\\\/\\\/dana.com.br\\\/canaldana\\\/2019\\\/04\\\/12\\\/abraciclo-revisa-projecoes-para-2019-diante-de-cenario-positivo-para-o-segmento-de-duas-rodas\\\/\"]}]},{\"@type\":\"BreadcrumbList\",\"@id\":\"https:\\\/\\\/dana.com.br\\\/canaldana\\\/2019\\\/04\\\/12\\\/abraciclo-revisa-projecoes-para-2019-diante-de-cenario-positivo-para-o-segmento-de-duas-rodas\\\/#breadcrumb\",\"itemListElement\":[{\"@type\":\"ListItem\",\"position\":1,\"name\":\"Home\",\"item\":\"https:\\\/\\\/dana.com.br\\\/canaldana\\\/\"},{\"@type\":\"ListItem\",\"position\":2,\"name\":\"Mercado\",\"item\":\"https:\\\/\\\/dana.com.br\\\/canaldana\\\/mercado\\\/\"},{\"@type\":\"ListItem\",\"position\":3,\"name\":\"Abraciclo revisa proje\u00e7\u00f5es para 2019 diante de cen\u00e1rio positivo para o segmento de duas rodas\"}]},{\"@type\":\"WebSite\",\"@id\":\"https:\\\/\\\/dana.com.br\\\/canaldana\\\/#website\",\"url\":\"https:\\\/\\\/dana.com.br\\\/canaldana\\\/\",\"name\":\"Canal Dana\",\"description\":\"Informativo com as principais not\u00edcias da ind\u00fastria automotiva\",\"potentialAction\":[{\"@type\":\"SearchAction\",\"target\":{\"@type\":\"EntryPoint\",\"urlTemplate\":\"https:\\\/\\\/dana.com.br\\\/canaldana\\\/?s={search_term_string}\"},\"query-input\":{\"@type\":\"PropertyValueSpecification\",\"valueRequired\":true,\"valueName\":\"search_term_string\"}}],\"inLanguage\":\"pt-BR\"},{\"@type\":\"Person\",\"@id\":\"https:\\\/\\\/dana.com.br\\\/canaldana\\\/#\\\/schema\\\/person\\\/3c21f22f56fcf3bc46b94bc60ea4fef6\",\"name\":\"Canal Dana\",\"image\":{\"@type\":\"ImageObject\",\"inLanguage\":\"pt-BR\",\"@id\":\"https:\\\/\\\/secure.gravatar.com\\\/avatar\\\/420aaf9278582877d9018637c6817617705899d2858d7572ef0fe59a6b6454b4?s=96&d=mm&r=g\",\"url\":\"https:\\\/\\\/secure.gravatar.com\\\/avatar\\\/420aaf9278582877d9018637c6817617705899d2858d7572ef0fe59a6b6454b4?s=96&d=mm&r=g\",\"contentUrl\":\"https:\\\/\\\/secure.gravatar.com\\\/avatar\\\/420aaf9278582877d9018637c6817617705899d2858d7572ef0fe59a6b6454b4?s=96&d=mm&r=g\",\"caption\":\"Canal Dana\"},\"url\":\"https:\\\/\\\/dana.com.br\\\/canaldana\\\/author\\\/cdeditor\\\/\"}]}<\/script>\n<!-- \/ Yoast SEO plugin. -->","yoast_head_json":{"title":"Abraciclo revisa proje\u00e7\u00f5es para 2019 diante de cen\u00e1rio positivo para o segmento de duas rodas - Canal Dana","robots":{"index":"index","follow":"follow","max-snippet":"max-snippet:-1","max-image-preview":"max-image-preview:large","max-video-preview":"max-video-preview:-1"},"canonical":"https:\/\/dana.com.br\/canaldana\/2019\/04\/12\/abraciclo-revisa-projecoes-para-2019-diante-de-cenario-positivo-para-o-segmento-de-duas-rodas\/","og_locale":"pt_BR","og_type":"article","og_title":"Abraciclo revisa proje\u00e7\u00f5es para 2019 diante de cen\u00e1rio positivo para o segmento de duas rodas - Canal Dana","og_description":"Revista Publiracing &nbsp; A Associa\u00e7\u00e3o Brasileira dos Fabricantes de Motocicletas, Ciclomotores, Motonetas, Bicicletas e Similares \u2013 Abraciclo revisou suas proje\u00e7\u00f5es para este ano. A nova expectativa \u00e9 que a produ\u00e7\u00e3o atinja 1.100.000 unidades, eleva\u00e7\u00e3o de 6,1% ante o resultado de 2018 (1.036.846 motocicletas). A estimativa anterior, apresentada em dezembro do ano passado, era de 1.080.000\u2026 Leia mais \u00bb","og_url":"https:\/\/dana.com.br\/canaldana\/2019\/04\/12\/abraciclo-revisa-projecoes-para-2019-diante-de-cenario-positivo-para-o-segmento-de-duas-rodas\/","og_site_name":"Canal Dana","article_published_time":"2019-04-12T11:47:56+00:00","author":"Canal Dana","twitter_card":"summary_large_image","twitter_misc":{"Escrito por":"Canal Dana","Est. tempo de leitura":"4 minutos"},"schema":{"@context":"https:\/\/schema.org","@graph":[{"@type":"Article","@id":"https:\/\/dana.com.br\/canaldana\/2019\/04\/12\/abraciclo-revisa-projecoes-para-2019-diante-de-cenario-positivo-para-o-segmento-de-duas-rodas\/#article","isPartOf":{"@id":"https:\/\/dana.com.br\/canaldana\/2019\/04\/12\/abraciclo-revisa-projecoes-para-2019-diante-de-cenario-positivo-para-o-segmento-de-duas-rodas\/"},"author":{"name":"Canal Dana","@id":"https:\/\/dana.com.br\/canaldana\/#\/schema\/person\/3c21f22f56fcf3bc46b94bc60ea4fef6"},"headline":"Abraciclo revisa proje\u00e7\u00f5es para 2019 diante de cen\u00e1rio positivo para o segmento de duas rodas","datePublished":"2019-04-12T11:47:56+00:00","mainEntityOfPage":{"@id":"https:\/\/dana.com.br\/canaldana\/2019\/04\/12\/abraciclo-revisa-projecoes-para-2019-diante-de-cenario-positivo-para-o-segmento-de-duas-rodas\/"},"wordCount":833,"articleSection":["Mercado"],"inLanguage":"pt-BR"},{"@type":"WebPage","@id":"https:\/\/dana.com.br\/canaldana\/2019\/04\/12\/abraciclo-revisa-projecoes-para-2019-diante-de-cenario-positivo-para-o-segmento-de-duas-rodas\/","url":"https:\/\/dana.com.br\/canaldana\/2019\/04\/12\/abraciclo-revisa-projecoes-para-2019-diante-de-cenario-positivo-para-o-segmento-de-duas-rodas\/","name":"Abraciclo revisa proje\u00e7\u00f5es para 2019 diante de cen\u00e1rio positivo para o segmento de duas rodas - Canal Dana","isPartOf":{"@id":"https:\/\/dana.com.br\/canaldana\/#website"},"datePublished":"2019-04-12T11:47:56+00:00","author":{"@id":"https:\/\/dana.com.br\/canaldana\/#\/schema\/person\/3c21f22f56fcf3bc46b94bc60ea4fef6"},"breadcrumb":{"@id":"https:\/\/dana.com.br\/canaldana\/2019\/04\/12\/abraciclo-revisa-projecoes-para-2019-diante-de-cenario-positivo-para-o-segmento-de-duas-rodas\/#breadcrumb"},"inLanguage":"pt-BR","potentialAction":[{"@type":"ReadAction","target":["https:\/\/dana.com.br\/canaldana\/2019\/04\/12\/abraciclo-revisa-projecoes-para-2019-diante-de-cenario-positivo-para-o-segmento-de-duas-rodas\/"]}]},{"@type":"BreadcrumbList","@id":"https:\/\/dana.com.br\/canaldana\/2019\/04\/12\/abraciclo-revisa-projecoes-para-2019-diante-de-cenario-positivo-para-o-segmento-de-duas-rodas\/#breadcrumb","itemListElement":[{"@type":"ListItem","position":1,"name":"Home","item":"https:\/\/dana.com.br\/canaldana\/"},{"@type":"ListItem","position":2,"name":"Mercado","item":"https:\/\/dana.com.br\/canaldana\/mercado\/"},{"@type":"ListItem","position":3,"name":"Abraciclo revisa proje\u00e7\u00f5es para 2019 diante de cen\u00e1rio positivo para o segmento de duas rodas"}]},{"@type":"WebSite","@id":"https:\/\/dana.com.br\/canaldana\/#website","url":"https:\/\/dana.com.br\/canaldana\/","name":"Canal Dana","description":"Informativo com as principais not\u00edcias da ind\u00fastria automotiva","potentialAction":[{"@type":"SearchAction","target":{"@type":"EntryPoint","urlTemplate":"https:\/\/dana.com.br\/canaldana\/?s={search_term_string}"},"query-input":{"@type":"PropertyValueSpecification","valueRequired":true,"valueName":"search_term_string"}}],"inLanguage":"pt-BR"},{"@type":"Person","@id":"https:\/\/dana.com.br\/canaldana\/#\/schema\/person\/3c21f22f56fcf3bc46b94bc60ea4fef6","name":"Canal Dana","image":{"@type":"ImageObject","inLanguage":"pt-BR","@id":"https:\/\/secure.gravatar.com\/avatar\/420aaf9278582877d9018637c6817617705899d2858d7572ef0fe59a6b6454b4?s=96&d=mm&r=g","url":"https:\/\/secure.gravatar.com\/avatar\/420aaf9278582877d9018637c6817617705899d2858d7572ef0fe59a6b6454b4?s=96&d=mm&r=g","contentUrl":"https:\/\/secure.gravatar.com\/avatar\/420aaf9278582877d9018637c6817617705899d2858d7572ef0fe59a6b6454b4?s=96&d=mm&r=g","caption":"Canal Dana"},"url":"https:\/\/dana.com.br\/canaldana\/author\/cdeditor\/"}]}},"_links":{"self":[{"href":"https:\/\/dana.com.br\/canaldana\/wp-json\/wp\/v2\/posts\/33704","targetHints":{"allow":["GET"]}}],"collection":[{"href":"https:\/\/dana.com.br\/canaldana\/wp-json\/wp\/v2\/posts"}],"about":[{"href":"https:\/\/dana.com.br\/canaldana\/wp-json\/wp\/v2\/types\/post"}],"author":[{"embeddable":true,"href":"https:\/\/dana.com.br\/canaldana\/wp-json\/wp\/v2\/users\/3"}],"replies":[{"embeddable":true,"href":"https:\/\/dana.com.br\/canaldana\/wp-json\/wp\/v2\/comments?post=33704"}],"version-history":[{"count":0,"href":"https:\/\/dana.com.br\/canaldana\/wp-json\/wp\/v2\/posts\/33704\/revisions"}],"wp:attachment":[{"href":"https:\/\/dana.com.br\/canaldana\/wp-json\/wp\/v2\/media?parent=33704"}],"wp:term":[{"taxonomy":"category","embeddable":true,"href":"https:\/\/dana.com.br\/canaldana\/wp-json\/wp\/v2\/categories?post=33704"},{"taxonomy":"post_tag","embeddable":true,"href":"https:\/\/dana.com.br\/canaldana\/wp-json\/wp\/v2\/tags?post=33704"}],"curies":[{"name":"wp","href":"https:\/\/api.w.org\/{rel}","templated":true}]}}