{"id":33495,"date":"2019-04-04T08:34:21","date_gmt":"2019-04-04T11:34:21","guid":{"rendered":"https:\/\/dana.com.br\/canaldana\/?p=33495"},"modified":"2019-04-04T08:34:21","modified_gmt":"2019-04-04T11:34:21","slug":"renault-tira-quarto-lugar-da-ford","status":"publish","type":"post","link":"https:\/\/dana.com.br\/canaldana\/2019\/04\/04\/renault-tira-quarto-lugar-da-ford\/","title":{"rendered":"Renault tira quarto lugar da Ford"},"content":{"rendered":"<p><em>Jornal do Carro<\/em><\/p>\n<p>&nbsp;<\/p>\n<p>A principal mudan\u00e7a no ranking de montadoras no primeiro trimestre \u00e9 a evolu\u00e7\u00e3o da Renault. A marca francesa conseguiu tirar a Ford do quarto lugar do ranking de vendas por montadoras.<\/p>\n<p>&nbsp;<\/p>\n<p>Com isso, a montadora confirma a posi\u00e7\u00e3o que j\u00e1 havia conquistado nos dois primeiros meses de 2019. Em mar\u00e7o, no entanto, o resultado da Renault foi ainda melhor.<\/p>\n<p>&nbsp;<\/p>\n<p>No acumulado de janeiro a mar\u00e7o, a Renault somou 51.283 unidades vendidas. Com isso, ficou atr\u00e1s apenas da l\u00edder GM (106.409), da vice Volkswagen (82.981) e da terceira colocada, Fiat (78.821).<\/p>\n<p>&nbsp;<\/p>\n<p>Com isso, a Renault \u201cjogou\u201d a Ford para o quinto lugar, com 48.041 unidades vendidas. A norte-americana n\u00e3o est\u00e1 muito \u00e0 frente da sexta, Toyota, que soma 47.298 emplacamentos.<\/p>\n<p>&nbsp;<\/p>\n<p>O s\u00e9timo lugar \u00e9 da Hyundai, tamb\u00e9m n\u00e3o muito distante de Ford e Toyota. A sul-coreana tem 44.651 unidades vendidas at\u00e9 agora.<\/p>\n<p>&nbsp;<\/p>\n<p>Honda (31.598), Jeep (28.680) e Nissan (22.294) fecham o grupo das dez montadoras que mais venderam carro no Brasil no primeiro trimestre.<\/p>\n<p>&nbsp;<\/p>\n<p><strong>Carros de passeio em mar\u00e7o<\/strong><\/p>\n<p>&nbsp;<\/p>\n<p>Considerando apenas o m\u00eas de mar\u00e7o, chamou a aten\u00e7\u00e3o o resultado da Renault na venda de autom\u00f3veis (descontando-se modelos comerciais leves, como picapes e vans). Nesse caso, a marca foi terceira colocada em emplacamentos, superando a Fiat.<\/p>\n<p>&nbsp;<\/p>\n<p>Al\u00e9m de Kwid, o oitavo carro mais vendido em mar\u00e7o, e do Sandero, o 14\u00ba, a marca francesa conseguiu colocar um terceiro modelo na lista dos mais emplacados. Trata-se do Logan, que foi 18\u00ba mais comercializado no m\u00eas passado.<\/p>\n<p>&nbsp;<\/p>\n<p>H\u00e1 muitos anos o Logan n\u00e3o aparecia na lista dos 20 mais vendidos do Pa\u00eds.<\/p>\n<p>&nbsp;<\/p>\n<p>Considerando a soma de emplacamentos de autom\u00f3veis e comerciais leves, a Renault ficou com o quarto lugar em mar\u00e7o (tamb\u00e9m atr\u00e1s de GM, VW e Fiat, respectivamente). Por\u00e9m, no m\u00eas passado, o quinto lugar n\u00e3o ficou com a Ford, e sim com a Toyota.<\/p>\n<p>&nbsp;<\/p>\n<p>A Ford obteve a sexta coloca\u00e7\u00e3o. Hyundai, Honda, Jeep e Nissan ocuparam em mar\u00e7o as mesmas posi\u00e7\u00f5es que conquistaram no primeiro trimestre. (Jornal do Carro)<\/p>\n","protected":false},"excerpt":{"rendered":"<p>Jornal do Carro &nbsp; A principal mudan\u00e7a no ranking de montadoras no primeiro trimestre \u00e9 a evolu\u00e7\u00e3o da Renault. A marca francesa conseguiu tirar a Ford do quarto lugar do ranking de vendas por montadoras. &nbsp; Com isso, a montadora confirma a posi\u00e7\u00e3o que j\u00e1 havia conquistado nos dois primeiros meses de 2019. Em mar\u00e7o,\u2026 <a class=\"readmore\" href=\"https:\/\/dana.com.br\/canaldana\/2019\/04\/04\/renault-tira-quarto-lugar-da-ford\/\">Leia mais \u00bb<\/a><\/p>\n","protected":false},"author":3,"featured_media":0,"comment_status":"closed","ping_status":"closed","sticky":false,"template":"","format":"standard","meta":{"_acf_changed":false,"footnotes":""},"categories":[79],"tags":[],"class_list":["post-33495","post","type-post","status-publish","format-standard","hentry","category-mercado"],"acf":[],"yoast_head":"<!-- This site is optimized with the Yoast SEO plugin v27.3 - https:\/\/yoast.com\/product\/yoast-seo-wordpress\/ -->\n<title>Renault tira quarto lugar da Ford - Canal Dana<\/title>\n<meta name=\"robots\" content=\"index, follow, max-snippet:-1, max-image-preview:large, max-video-preview:-1\" \/>\n<link rel=\"canonical\" href=\"https:\/\/dana.com.br\/canaldana\/2019\/04\/04\/renault-tira-quarto-lugar-da-ford\/\" \/>\n<meta property=\"og:locale\" content=\"pt_BR\" \/>\n<meta property=\"og:type\" content=\"article\" \/>\n<meta property=\"og:title\" content=\"Renault tira quarto lugar da Ford - Canal Dana\" \/>\n<meta property=\"og:description\" content=\"Jornal do Carro &nbsp; A principal mudan\u00e7a no ranking de montadoras no primeiro trimestre \u00e9 a evolu\u00e7\u00e3o da Renault. A marca francesa conseguiu tirar a Ford do quarto lugar do ranking de vendas por montadoras. &nbsp; Com isso, a montadora confirma a posi\u00e7\u00e3o que j\u00e1 havia conquistado nos dois primeiros meses de 2019. Em mar\u00e7o,\u2026 Leia mais \u00bb\" \/>\n<meta property=\"og:url\" content=\"https:\/\/dana.com.br\/canaldana\/2019\/04\/04\/renault-tira-quarto-lugar-da-ford\/\" \/>\n<meta property=\"og:site_name\" content=\"Canal Dana\" \/>\n<meta property=\"article:published_time\" content=\"2019-04-04T11:34:21+00:00\" \/>\n<meta name=\"author\" content=\"Canal Dana\" \/>\n<meta name=\"twitter:card\" content=\"summary_large_image\" \/>\n<meta name=\"twitter:label1\" content=\"Escrito por\" \/>\n\t<meta name=\"twitter:data1\" content=\"Canal Dana\" \/>\n\t<meta name=\"twitter:label2\" content=\"Est. tempo de leitura\" \/>\n\t<meta name=\"twitter:data2\" content=\"2 minutos\" \/>\n<script type=\"application\/ld+json\" class=\"yoast-schema-graph\">{\"@context\":\"https:\\\/\\\/schema.org\",\"@graph\":[{\"@type\":\"Article\",\"@id\":\"https:\\\/\\\/dana.com.br\\\/canaldana\\\/2019\\\/04\\\/04\\\/renault-tira-quarto-lugar-da-ford\\\/#article\",\"isPartOf\":{\"@id\":\"https:\\\/\\\/dana.com.br\\\/canaldana\\\/2019\\\/04\\\/04\\\/renault-tira-quarto-lugar-da-ford\\\/\"},\"author\":{\"name\":\"Canal Dana\",\"@id\":\"https:\\\/\\\/dana.com.br\\\/canaldana\\\/#\\\/schema\\\/person\\\/3c21f22f56fcf3bc46b94bc60ea4fef6\"},\"headline\":\"Renault tira quarto lugar da Ford\",\"datePublished\":\"2019-04-04T11:34:21+00:00\",\"mainEntityOfPage\":{\"@id\":\"https:\\\/\\\/dana.com.br\\\/canaldana\\\/2019\\\/04\\\/04\\\/renault-tira-quarto-lugar-da-ford\\\/\"},\"wordCount\":363,\"articleSection\":[\"Mercado\"],\"inLanguage\":\"pt-BR\"},{\"@type\":\"WebPage\",\"@id\":\"https:\\\/\\\/dana.com.br\\\/canaldana\\\/2019\\\/04\\\/04\\\/renault-tira-quarto-lugar-da-ford\\\/\",\"url\":\"https:\\\/\\\/dana.com.br\\\/canaldana\\\/2019\\\/04\\\/04\\\/renault-tira-quarto-lugar-da-ford\\\/\",\"name\":\"Renault tira quarto lugar da Ford - Canal Dana\",\"isPartOf\":{\"@id\":\"https:\\\/\\\/dana.com.br\\\/canaldana\\\/#website\"},\"datePublished\":\"2019-04-04T11:34:21+00:00\",\"author\":{\"@id\":\"https:\\\/\\\/dana.com.br\\\/canaldana\\\/#\\\/schema\\\/person\\\/3c21f22f56fcf3bc46b94bc60ea4fef6\"},\"breadcrumb\":{\"@id\":\"https:\\\/\\\/dana.com.br\\\/canaldana\\\/2019\\\/04\\\/04\\\/renault-tira-quarto-lugar-da-ford\\\/#breadcrumb\"},\"inLanguage\":\"pt-BR\",\"potentialAction\":[{\"@type\":\"ReadAction\",\"target\":[\"https:\\\/\\\/dana.com.br\\\/canaldana\\\/2019\\\/04\\\/04\\\/renault-tira-quarto-lugar-da-ford\\\/\"]}]},{\"@type\":\"BreadcrumbList\",\"@id\":\"https:\\\/\\\/dana.com.br\\\/canaldana\\\/2019\\\/04\\\/04\\\/renault-tira-quarto-lugar-da-ford\\\/#breadcrumb\",\"itemListElement\":[{\"@type\":\"ListItem\",\"position\":1,\"name\":\"Home\",\"item\":\"https:\\\/\\\/dana.com.br\\\/canaldana\\\/\"},{\"@type\":\"ListItem\",\"position\":2,\"name\":\"Mercado\",\"item\":\"https:\\\/\\\/dana.com.br\\\/canaldana\\\/mercado\\\/\"},{\"@type\":\"ListItem\",\"position\":3,\"name\":\"Renault tira quarto lugar da Ford\"}]},{\"@type\":\"WebSite\",\"@id\":\"https:\\\/\\\/dana.com.br\\\/canaldana\\\/#website\",\"url\":\"https:\\\/\\\/dana.com.br\\\/canaldana\\\/\",\"name\":\"Canal Dana\",\"description\":\"Informativo com as principais not\u00edcias da ind\u00fastria automotiva\",\"potentialAction\":[{\"@type\":\"SearchAction\",\"target\":{\"@type\":\"EntryPoint\",\"urlTemplate\":\"https:\\\/\\\/dana.com.br\\\/canaldana\\\/?s={search_term_string}\"},\"query-input\":{\"@type\":\"PropertyValueSpecification\",\"valueRequired\":true,\"valueName\":\"search_term_string\"}}],\"inLanguage\":\"pt-BR\"},{\"@type\":\"Person\",\"@id\":\"https:\\\/\\\/dana.com.br\\\/canaldana\\\/#\\\/schema\\\/person\\\/3c21f22f56fcf3bc46b94bc60ea4fef6\",\"name\":\"Canal Dana\",\"image\":{\"@type\":\"ImageObject\",\"inLanguage\":\"pt-BR\",\"@id\":\"https:\\\/\\\/secure.gravatar.com\\\/avatar\\\/420aaf9278582877d9018637c6817617705899d2858d7572ef0fe59a6b6454b4?s=96&d=mm&r=g\",\"url\":\"https:\\\/\\\/secure.gravatar.com\\\/avatar\\\/420aaf9278582877d9018637c6817617705899d2858d7572ef0fe59a6b6454b4?s=96&d=mm&r=g\",\"contentUrl\":\"https:\\\/\\\/secure.gravatar.com\\\/avatar\\\/420aaf9278582877d9018637c6817617705899d2858d7572ef0fe59a6b6454b4?s=96&d=mm&r=g\",\"caption\":\"Canal Dana\"},\"url\":\"https:\\\/\\\/dana.com.br\\\/canaldana\\\/author\\\/cdeditor\\\/\"}]}<\/script>\n<!-- \/ Yoast SEO plugin. -->","yoast_head_json":{"title":"Renault tira quarto lugar da Ford - Canal Dana","robots":{"index":"index","follow":"follow","max-snippet":"max-snippet:-1","max-image-preview":"max-image-preview:large","max-video-preview":"max-video-preview:-1"},"canonical":"https:\/\/dana.com.br\/canaldana\/2019\/04\/04\/renault-tira-quarto-lugar-da-ford\/","og_locale":"pt_BR","og_type":"article","og_title":"Renault tira quarto lugar da Ford - Canal Dana","og_description":"Jornal do Carro &nbsp; A principal mudan\u00e7a no ranking de montadoras no primeiro trimestre \u00e9 a evolu\u00e7\u00e3o da Renault. A marca francesa conseguiu tirar a Ford do quarto lugar do ranking de vendas por montadoras. &nbsp; Com isso, a montadora confirma a posi\u00e7\u00e3o que j\u00e1 havia conquistado nos dois primeiros meses de 2019. Em mar\u00e7o,\u2026 Leia mais \u00bb","og_url":"https:\/\/dana.com.br\/canaldana\/2019\/04\/04\/renault-tira-quarto-lugar-da-ford\/","og_site_name":"Canal Dana","article_published_time":"2019-04-04T11:34:21+00:00","author":"Canal Dana","twitter_card":"summary_large_image","twitter_misc":{"Escrito por":"Canal Dana","Est. tempo de leitura":"2 minutos"},"schema":{"@context":"https:\/\/schema.org","@graph":[{"@type":"Article","@id":"https:\/\/dana.com.br\/canaldana\/2019\/04\/04\/renault-tira-quarto-lugar-da-ford\/#article","isPartOf":{"@id":"https:\/\/dana.com.br\/canaldana\/2019\/04\/04\/renault-tira-quarto-lugar-da-ford\/"},"author":{"name":"Canal Dana","@id":"https:\/\/dana.com.br\/canaldana\/#\/schema\/person\/3c21f22f56fcf3bc46b94bc60ea4fef6"},"headline":"Renault tira quarto lugar da Ford","datePublished":"2019-04-04T11:34:21+00:00","mainEntityOfPage":{"@id":"https:\/\/dana.com.br\/canaldana\/2019\/04\/04\/renault-tira-quarto-lugar-da-ford\/"},"wordCount":363,"articleSection":["Mercado"],"inLanguage":"pt-BR"},{"@type":"WebPage","@id":"https:\/\/dana.com.br\/canaldana\/2019\/04\/04\/renault-tira-quarto-lugar-da-ford\/","url":"https:\/\/dana.com.br\/canaldana\/2019\/04\/04\/renault-tira-quarto-lugar-da-ford\/","name":"Renault tira quarto lugar da Ford - Canal Dana","isPartOf":{"@id":"https:\/\/dana.com.br\/canaldana\/#website"},"datePublished":"2019-04-04T11:34:21+00:00","author":{"@id":"https:\/\/dana.com.br\/canaldana\/#\/schema\/person\/3c21f22f56fcf3bc46b94bc60ea4fef6"},"breadcrumb":{"@id":"https:\/\/dana.com.br\/canaldana\/2019\/04\/04\/renault-tira-quarto-lugar-da-ford\/#breadcrumb"},"inLanguage":"pt-BR","potentialAction":[{"@type":"ReadAction","target":["https:\/\/dana.com.br\/canaldana\/2019\/04\/04\/renault-tira-quarto-lugar-da-ford\/"]}]},{"@type":"BreadcrumbList","@id":"https:\/\/dana.com.br\/canaldana\/2019\/04\/04\/renault-tira-quarto-lugar-da-ford\/#breadcrumb","itemListElement":[{"@type":"ListItem","position":1,"name":"Home","item":"https:\/\/dana.com.br\/canaldana\/"},{"@type":"ListItem","position":2,"name":"Mercado","item":"https:\/\/dana.com.br\/canaldana\/mercado\/"},{"@type":"ListItem","position":3,"name":"Renault tira quarto lugar da Ford"}]},{"@type":"WebSite","@id":"https:\/\/dana.com.br\/canaldana\/#website","url":"https:\/\/dana.com.br\/canaldana\/","name":"Canal Dana","description":"Informativo com as principais not\u00edcias da ind\u00fastria automotiva","potentialAction":[{"@type":"SearchAction","target":{"@type":"EntryPoint","urlTemplate":"https:\/\/dana.com.br\/canaldana\/?s={search_term_string}"},"query-input":{"@type":"PropertyValueSpecification","valueRequired":true,"valueName":"search_term_string"}}],"inLanguage":"pt-BR"},{"@type":"Person","@id":"https:\/\/dana.com.br\/canaldana\/#\/schema\/person\/3c21f22f56fcf3bc46b94bc60ea4fef6","name":"Canal Dana","image":{"@type":"ImageObject","inLanguage":"pt-BR","@id":"https:\/\/secure.gravatar.com\/avatar\/420aaf9278582877d9018637c6817617705899d2858d7572ef0fe59a6b6454b4?s=96&d=mm&r=g","url":"https:\/\/secure.gravatar.com\/avatar\/420aaf9278582877d9018637c6817617705899d2858d7572ef0fe59a6b6454b4?s=96&d=mm&r=g","contentUrl":"https:\/\/secure.gravatar.com\/avatar\/420aaf9278582877d9018637c6817617705899d2858d7572ef0fe59a6b6454b4?s=96&d=mm&r=g","caption":"Canal Dana"},"url":"https:\/\/dana.com.br\/canaldana\/author\/cdeditor\/"}]}},"_links":{"self":[{"href":"https:\/\/dana.com.br\/canaldana\/wp-json\/wp\/v2\/posts\/33495","targetHints":{"allow":["GET"]}}],"collection":[{"href":"https:\/\/dana.com.br\/canaldana\/wp-json\/wp\/v2\/posts"}],"about":[{"href":"https:\/\/dana.com.br\/canaldana\/wp-json\/wp\/v2\/types\/post"}],"author":[{"embeddable":true,"href":"https:\/\/dana.com.br\/canaldana\/wp-json\/wp\/v2\/users\/3"}],"replies":[{"embeddable":true,"href":"https:\/\/dana.com.br\/canaldana\/wp-json\/wp\/v2\/comments?post=33495"}],"version-history":[{"count":0,"href":"https:\/\/dana.com.br\/canaldana\/wp-json\/wp\/v2\/posts\/33495\/revisions"}],"wp:attachment":[{"href":"https:\/\/dana.com.br\/canaldana\/wp-json\/wp\/v2\/media?parent=33495"}],"wp:term":[{"taxonomy":"category","embeddable":true,"href":"https:\/\/dana.com.br\/canaldana\/wp-json\/wp\/v2\/categories?post=33495"},{"taxonomy":"post_tag","embeddable":true,"href":"https:\/\/dana.com.br\/canaldana\/wp-json\/wp\/v2\/tags?post=33495"}],"curies":[{"name":"wp","href":"https:\/\/api.w.org\/{rel}","templated":true}]}}