{"id":33367,"date":"2019-03-29T08:23:43","date_gmt":"2019-03-29T11:23:43","guid":{"rendered":"https:\/\/dana.com.br\/canaldana\/?p=33367"},"modified":"2019-03-29T08:23:43","modified_gmt":"2019-03-29T11:23:43","slug":"ruy-irigaray-aposta-em-reter-gm-e-atrair-outra-montadora","status":"publish","type":"post","link":"https:\/\/dana.com.br\/canaldana\/2019\/03\/29\/ruy-irigaray-aposta-em-reter-gm-e-atrair-outra-montadora\/","title":{"rendered":"Ruy Irigaray aposta em reter GM e atrair outra montadora"},"content":{"rendered":"<p><em>Jornal do Com\u00e9rcio\/RS<\/em><\/p>\n<p>&nbsp;<\/p>\n<p>O novo secret\u00e1rio de Desenvolvimento Econ\u00f4mico e Turismo do Rio Grande do Sul, Ruy Irigaray (PSL), assumiu ontem o cargo com foco na negocia\u00e7\u00e3o para manter e ampliar investimentos da General Motors (GM) no Estado e j\u00e1 fala em atrair uma nova montadora. Irigaray armou que j\u00e1 est\u00e1 &#8220;em tratativas com uma nova bandeira&#8221; que pode desembarcar em solo ga\u00facho, sem revelar qual seria a companhia.<\/p>\n<p>&nbsp;<\/p>\n<p>O secret\u00e1rio assume o posto em meio \u00e0s tratativas com a montadora norte-americana, com unidade em Gravata\u00ed, que chegou a colocar em d\u00favida a perman\u00eancia devido aos resultados da opera\u00e7\u00e3o. O an\u00fancio de aportes de R$ 10 bilh\u00f5es em S\u00e3o Paulo, na semana passada, afastou riscos, mas a empresa pediu melhores condi\u00e7\u00f5es para reduzir custos e negocia termos com o Estado e setores na opera\u00e7\u00e3o log\u00edstica, como Porto do Rio Grande e terminais privados, como o Tecon.<\/p>\n<p>&nbsp;<\/p>\n<p>Empossado pelo governador Eduardo Leite (PSDB) na manh\u00e3 de ontem, no Pal\u00e1cio Piratini, o novo secret\u00e1rio defendeu que o governo trabalhe de forma mais propositiva e criativa para atrair mais projetos e investimentos. Irigaray, deixou a vaga na Assembleia Legislativa &#8211; abrindo espa\u00e7o ao suplente Rodrigo Lorenzoni (DEM) &#8211; para assumir a pasta deixada pelo deputado estadual Dirceu Franciscon (PTB), empossado no come\u00e7o de janeiro. O novo titular armou que ter\u00e1 como um dos seus objetivos buscar investimentos fora do Rio Grande do Sul e &#8220;segurar investimentos que est\u00e3o saindo do Estado&#8221;.<\/p>\n<p>&nbsp;<\/p>\n<p>&#8220;Vou estar na linha de frente, lidando diretamente com o empreendedor, com o investidor, para que continue viabilizando os neg\u00f3cios que existem aqui, al\u00e9m de manter os que est\u00e3o vislumbrando sair do Rio Grande do Sul&#8221;, prometeu Irigaray. &#8220;Muitos empres\u00e1rios e investidores n\u00e3o t\u00eam colocado dinheiro no Estado devido \u00e0 burocracia. Temos uma linha bem clara, a de desburocratizar para crescer. Para, a partir disso, ter um marco de inova\u00e7\u00e3o ligado ao setor produtivo&#8221;, conceitua.<\/p>\n<p>&nbsp;<\/p>\n<p>Irigaray opina que o Rio Grande do Sul trabalhou com &#8220;um grande des\u00e2nimo&#8221; nos \u00faltimos anos, atrelado \u00e0 crise das finan\u00e7as p\u00fablicas estaduais. Para superar esse cen\u00e1rio, ele aposta em uma mudan\u00e7a de postura nos neg\u00f3cios. &#8220;Temos que saber vender o Rio Grande do Sul para fora. Temos que ir atr\u00e1s deles (investidores), n\u00e3o esperar que eles caiam no nosso colo. Vamos para outros estados e para outros pa\u00edses buscar novos investimentos&#8221;, armou o Irigaray.<\/p>\n<p>&nbsp;<\/p>\n<p>O secret\u00e1rio informou que as primeiras a\u00e7\u00f5es ser\u00e3o para acertar a \u00e1rea administrativa da pasta.<\/p>\n<p>&nbsp;<\/p>\n<p>Um dos aspectos que precisa ter encaminhamento envolve a opera\u00e7\u00e3o da Junta Comercial.<\/p>\n<p>&nbsp;<\/p>\n<p>Segundo o secret\u00e1rio, 4 mil processos est\u00e3o represados h\u00e1 mais de 30 dias na junta, ligados \u00e0 abertura, ao fechamento e \u00e0 an\u00e1lise de empresas em fun\u00e7\u00e3o de altera\u00e7\u00f5es solicitadas ou outras demandas. At\u00e9 segunda-feira (1 de abril), Irigaray espera fechar a nomea\u00e7\u00e3o dos novos vogais e da nova diretoria do \u00f3rg\u00e3o para &#8220;botar em dia&#8221; os processos, projeta. (Jornal do Com\u00e9rcio\/RS)<\/p>\n","protected":false},"excerpt":{"rendered":"<p>Jornal do Com\u00e9rcio\/RS &nbsp; O novo secret\u00e1rio de Desenvolvimento Econ\u00f4mico e Turismo do Rio Grande do Sul, Ruy Irigaray (PSL), assumiu ontem o cargo com foco na negocia\u00e7\u00e3o para manter e ampliar investimentos da General Motors (GM) no Estado e j\u00e1 fala em atrair uma nova montadora. Irigaray armou que j\u00e1 est\u00e1 &#8220;em tratativas com\u2026 <a class=\"readmore\" href=\"https:\/\/dana.com.br\/canaldana\/2019\/03\/29\/ruy-irigaray-aposta-em-reter-gm-e-atrair-outra-montadora\/\">Leia mais \u00bb<\/a><\/p>\n","protected":false},"author":3,"featured_media":0,"comment_status":"closed","ping_status":"closed","sticky":false,"template":"","format":"standard","meta":{"_acf_changed":false,"footnotes":""},"categories":[61],"tags":[],"class_list":["post-33367","post","type-post","status-publish","format-standard","hentry","category-destaques"],"acf":[],"yoast_head":"<!-- This site is optimized with the Yoast SEO plugin v27.3 - https:\/\/yoast.com\/product\/yoast-seo-wordpress\/ -->\n<title>Ruy Irigaray aposta em reter GM e atrair outra montadora - Canal Dana<\/title>\n<meta name=\"robots\" content=\"index, follow, max-snippet:-1, max-image-preview:large, max-video-preview:-1\" \/>\n<link rel=\"canonical\" href=\"https:\/\/dana.com.br\/canaldana\/2019\/03\/29\/ruy-irigaray-aposta-em-reter-gm-e-atrair-outra-montadora\/\" \/>\n<meta property=\"og:locale\" content=\"pt_BR\" \/>\n<meta property=\"og:type\" content=\"article\" \/>\n<meta property=\"og:title\" content=\"Ruy Irigaray aposta em reter GM e atrair outra montadora - Canal Dana\" \/>\n<meta property=\"og:description\" content=\"Jornal do Com\u00e9rcio\/RS &nbsp; O novo secret\u00e1rio de Desenvolvimento Econ\u00f4mico e Turismo do Rio Grande do Sul, Ruy Irigaray (PSL), assumiu ontem o cargo com foco na negocia\u00e7\u00e3o para manter e ampliar investimentos da General Motors (GM) no Estado e j\u00e1 fala em atrair uma nova montadora. Irigaray armou que j\u00e1 est\u00e1 &#8220;em tratativas com\u2026 Leia mais \u00bb\" \/>\n<meta property=\"og:url\" content=\"https:\/\/dana.com.br\/canaldana\/2019\/03\/29\/ruy-irigaray-aposta-em-reter-gm-e-atrair-outra-montadora\/\" \/>\n<meta property=\"og:site_name\" content=\"Canal Dana\" \/>\n<meta property=\"article:published_time\" content=\"2019-03-29T11:23:43+00:00\" \/>\n<meta name=\"author\" content=\"Canal Dana\" \/>\n<meta name=\"twitter:card\" content=\"summary_large_image\" \/>\n<meta name=\"twitter:label1\" content=\"Escrito por\" \/>\n\t<meta name=\"twitter:data1\" content=\"Canal Dana\" \/>\n\t<meta name=\"twitter:label2\" content=\"Est. tempo de leitura\" \/>\n\t<meta name=\"twitter:data2\" content=\"3 minutos\" \/>\n<script type=\"application\/ld+json\" class=\"yoast-schema-graph\">{\"@context\":\"https:\\\/\\\/schema.org\",\"@graph\":[{\"@type\":\"Article\",\"@id\":\"https:\\\/\\\/dana.com.br\\\/canaldana\\\/2019\\\/03\\\/29\\\/ruy-irigaray-aposta-em-reter-gm-e-atrair-outra-montadora\\\/#article\",\"isPartOf\":{\"@id\":\"https:\\\/\\\/dana.com.br\\\/canaldana\\\/2019\\\/03\\\/29\\\/ruy-irigaray-aposta-em-reter-gm-e-atrair-outra-montadora\\\/\"},\"author\":{\"name\":\"Canal Dana\",\"@id\":\"https:\\\/\\\/dana.com.br\\\/canaldana\\\/#\\\/schema\\\/person\\\/3c21f22f56fcf3bc46b94bc60ea4fef6\"},\"headline\":\"Ruy Irigaray aposta em reter GM e atrair outra montadora\",\"datePublished\":\"2019-03-29T11:23:43+00:00\",\"mainEntityOfPage\":{\"@id\":\"https:\\\/\\\/dana.com.br\\\/canaldana\\\/2019\\\/03\\\/29\\\/ruy-irigaray-aposta-em-reter-gm-e-atrair-outra-montadora\\\/\"},\"wordCount\":538,\"articleSection\":[\"Destaques\"],\"inLanguage\":\"pt-BR\"},{\"@type\":\"WebPage\",\"@id\":\"https:\\\/\\\/dana.com.br\\\/canaldana\\\/2019\\\/03\\\/29\\\/ruy-irigaray-aposta-em-reter-gm-e-atrair-outra-montadora\\\/\",\"url\":\"https:\\\/\\\/dana.com.br\\\/canaldana\\\/2019\\\/03\\\/29\\\/ruy-irigaray-aposta-em-reter-gm-e-atrair-outra-montadora\\\/\",\"name\":\"Ruy Irigaray aposta em reter GM e atrair outra montadora - Canal Dana\",\"isPartOf\":{\"@id\":\"https:\\\/\\\/dana.com.br\\\/canaldana\\\/#website\"},\"datePublished\":\"2019-03-29T11:23:43+00:00\",\"author\":{\"@id\":\"https:\\\/\\\/dana.com.br\\\/canaldana\\\/#\\\/schema\\\/person\\\/3c21f22f56fcf3bc46b94bc60ea4fef6\"},\"breadcrumb\":{\"@id\":\"https:\\\/\\\/dana.com.br\\\/canaldana\\\/2019\\\/03\\\/29\\\/ruy-irigaray-aposta-em-reter-gm-e-atrair-outra-montadora\\\/#breadcrumb\"},\"inLanguage\":\"pt-BR\",\"potentialAction\":[{\"@type\":\"ReadAction\",\"target\":[\"https:\\\/\\\/dana.com.br\\\/canaldana\\\/2019\\\/03\\\/29\\\/ruy-irigaray-aposta-em-reter-gm-e-atrair-outra-montadora\\\/\"]}]},{\"@type\":\"BreadcrumbList\",\"@id\":\"https:\\\/\\\/dana.com.br\\\/canaldana\\\/2019\\\/03\\\/29\\\/ruy-irigaray-aposta-em-reter-gm-e-atrair-outra-montadora\\\/#breadcrumb\",\"itemListElement\":[{\"@type\":\"ListItem\",\"position\":1,\"name\":\"Home\",\"item\":\"https:\\\/\\\/dana.com.br\\\/canaldana\\\/\"},{\"@type\":\"ListItem\",\"position\":2,\"name\":\"Destaques\",\"item\":\"https:\\\/\\\/dana.com.br\\\/canaldana\\\/destaques\\\/\"},{\"@type\":\"ListItem\",\"position\":3,\"name\":\"Ruy Irigaray aposta em reter GM e atrair outra montadora\"}]},{\"@type\":\"WebSite\",\"@id\":\"https:\\\/\\\/dana.com.br\\\/canaldana\\\/#website\",\"url\":\"https:\\\/\\\/dana.com.br\\\/canaldana\\\/\",\"name\":\"Canal Dana\",\"description\":\"Informativo com as principais not\u00edcias da ind\u00fastria automotiva\",\"potentialAction\":[{\"@type\":\"SearchAction\",\"target\":{\"@type\":\"EntryPoint\",\"urlTemplate\":\"https:\\\/\\\/dana.com.br\\\/canaldana\\\/?s={search_term_string}\"},\"query-input\":{\"@type\":\"PropertyValueSpecification\",\"valueRequired\":true,\"valueName\":\"search_term_string\"}}],\"inLanguage\":\"pt-BR\"},{\"@type\":\"Person\",\"@id\":\"https:\\\/\\\/dana.com.br\\\/canaldana\\\/#\\\/schema\\\/person\\\/3c21f22f56fcf3bc46b94bc60ea4fef6\",\"name\":\"Canal Dana\",\"image\":{\"@type\":\"ImageObject\",\"inLanguage\":\"pt-BR\",\"@id\":\"https:\\\/\\\/secure.gravatar.com\\\/avatar\\\/420aaf9278582877d9018637c6817617705899d2858d7572ef0fe59a6b6454b4?s=96&d=mm&r=g\",\"url\":\"https:\\\/\\\/secure.gravatar.com\\\/avatar\\\/420aaf9278582877d9018637c6817617705899d2858d7572ef0fe59a6b6454b4?s=96&d=mm&r=g\",\"contentUrl\":\"https:\\\/\\\/secure.gravatar.com\\\/avatar\\\/420aaf9278582877d9018637c6817617705899d2858d7572ef0fe59a6b6454b4?s=96&d=mm&r=g\",\"caption\":\"Canal Dana\"},\"url\":\"https:\\\/\\\/dana.com.br\\\/canaldana\\\/author\\\/cdeditor\\\/\"}]}<\/script>\n<!-- \/ Yoast SEO plugin. -->","yoast_head_json":{"title":"Ruy Irigaray aposta em reter GM e atrair outra montadora - Canal Dana","robots":{"index":"index","follow":"follow","max-snippet":"max-snippet:-1","max-image-preview":"max-image-preview:large","max-video-preview":"max-video-preview:-1"},"canonical":"https:\/\/dana.com.br\/canaldana\/2019\/03\/29\/ruy-irigaray-aposta-em-reter-gm-e-atrair-outra-montadora\/","og_locale":"pt_BR","og_type":"article","og_title":"Ruy Irigaray aposta em reter GM e atrair outra montadora - Canal Dana","og_description":"Jornal do Com\u00e9rcio\/RS &nbsp; O novo secret\u00e1rio de Desenvolvimento Econ\u00f4mico e Turismo do Rio Grande do Sul, Ruy Irigaray (PSL), assumiu ontem o cargo com foco na negocia\u00e7\u00e3o para manter e ampliar investimentos da General Motors (GM) no Estado e j\u00e1 fala em atrair uma nova montadora. Irigaray armou que j\u00e1 est\u00e1 &#8220;em tratativas com\u2026 Leia mais \u00bb","og_url":"https:\/\/dana.com.br\/canaldana\/2019\/03\/29\/ruy-irigaray-aposta-em-reter-gm-e-atrair-outra-montadora\/","og_site_name":"Canal Dana","article_published_time":"2019-03-29T11:23:43+00:00","author":"Canal Dana","twitter_card":"summary_large_image","twitter_misc":{"Escrito por":"Canal Dana","Est. tempo de leitura":"3 minutos"},"schema":{"@context":"https:\/\/schema.org","@graph":[{"@type":"Article","@id":"https:\/\/dana.com.br\/canaldana\/2019\/03\/29\/ruy-irigaray-aposta-em-reter-gm-e-atrair-outra-montadora\/#article","isPartOf":{"@id":"https:\/\/dana.com.br\/canaldana\/2019\/03\/29\/ruy-irigaray-aposta-em-reter-gm-e-atrair-outra-montadora\/"},"author":{"name":"Canal Dana","@id":"https:\/\/dana.com.br\/canaldana\/#\/schema\/person\/3c21f22f56fcf3bc46b94bc60ea4fef6"},"headline":"Ruy Irigaray aposta em reter GM e atrair outra montadora","datePublished":"2019-03-29T11:23:43+00:00","mainEntityOfPage":{"@id":"https:\/\/dana.com.br\/canaldana\/2019\/03\/29\/ruy-irigaray-aposta-em-reter-gm-e-atrair-outra-montadora\/"},"wordCount":538,"articleSection":["Destaques"],"inLanguage":"pt-BR"},{"@type":"WebPage","@id":"https:\/\/dana.com.br\/canaldana\/2019\/03\/29\/ruy-irigaray-aposta-em-reter-gm-e-atrair-outra-montadora\/","url":"https:\/\/dana.com.br\/canaldana\/2019\/03\/29\/ruy-irigaray-aposta-em-reter-gm-e-atrair-outra-montadora\/","name":"Ruy Irigaray aposta em reter GM e atrair outra montadora - Canal Dana","isPartOf":{"@id":"https:\/\/dana.com.br\/canaldana\/#website"},"datePublished":"2019-03-29T11:23:43+00:00","author":{"@id":"https:\/\/dana.com.br\/canaldana\/#\/schema\/person\/3c21f22f56fcf3bc46b94bc60ea4fef6"},"breadcrumb":{"@id":"https:\/\/dana.com.br\/canaldana\/2019\/03\/29\/ruy-irigaray-aposta-em-reter-gm-e-atrair-outra-montadora\/#breadcrumb"},"inLanguage":"pt-BR","potentialAction":[{"@type":"ReadAction","target":["https:\/\/dana.com.br\/canaldana\/2019\/03\/29\/ruy-irigaray-aposta-em-reter-gm-e-atrair-outra-montadora\/"]}]},{"@type":"BreadcrumbList","@id":"https:\/\/dana.com.br\/canaldana\/2019\/03\/29\/ruy-irigaray-aposta-em-reter-gm-e-atrair-outra-montadora\/#breadcrumb","itemListElement":[{"@type":"ListItem","position":1,"name":"Home","item":"https:\/\/dana.com.br\/canaldana\/"},{"@type":"ListItem","position":2,"name":"Destaques","item":"https:\/\/dana.com.br\/canaldana\/destaques\/"},{"@type":"ListItem","position":3,"name":"Ruy Irigaray aposta em reter GM e atrair outra montadora"}]},{"@type":"WebSite","@id":"https:\/\/dana.com.br\/canaldana\/#website","url":"https:\/\/dana.com.br\/canaldana\/","name":"Canal Dana","description":"Informativo com as principais not\u00edcias da ind\u00fastria automotiva","potentialAction":[{"@type":"SearchAction","target":{"@type":"EntryPoint","urlTemplate":"https:\/\/dana.com.br\/canaldana\/?s={search_term_string}"},"query-input":{"@type":"PropertyValueSpecification","valueRequired":true,"valueName":"search_term_string"}}],"inLanguage":"pt-BR"},{"@type":"Person","@id":"https:\/\/dana.com.br\/canaldana\/#\/schema\/person\/3c21f22f56fcf3bc46b94bc60ea4fef6","name":"Canal Dana","image":{"@type":"ImageObject","inLanguage":"pt-BR","@id":"https:\/\/secure.gravatar.com\/avatar\/420aaf9278582877d9018637c6817617705899d2858d7572ef0fe59a6b6454b4?s=96&d=mm&r=g","url":"https:\/\/secure.gravatar.com\/avatar\/420aaf9278582877d9018637c6817617705899d2858d7572ef0fe59a6b6454b4?s=96&d=mm&r=g","contentUrl":"https:\/\/secure.gravatar.com\/avatar\/420aaf9278582877d9018637c6817617705899d2858d7572ef0fe59a6b6454b4?s=96&d=mm&r=g","caption":"Canal Dana"},"url":"https:\/\/dana.com.br\/canaldana\/author\/cdeditor\/"}]}},"_links":{"self":[{"href":"https:\/\/dana.com.br\/canaldana\/wp-json\/wp\/v2\/posts\/33367","targetHints":{"allow":["GET"]}}],"collection":[{"href":"https:\/\/dana.com.br\/canaldana\/wp-json\/wp\/v2\/posts"}],"about":[{"href":"https:\/\/dana.com.br\/canaldana\/wp-json\/wp\/v2\/types\/post"}],"author":[{"embeddable":true,"href":"https:\/\/dana.com.br\/canaldana\/wp-json\/wp\/v2\/users\/3"}],"replies":[{"embeddable":true,"href":"https:\/\/dana.com.br\/canaldana\/wp-json\/wp\/v2\/comments?post=33367"}],"version-history":[{"count":0,"href":"https:\/\/dana.com.br\/canaldana\/wp-json\/wp\/v2\/posts\/33367\/revisions"}],"wp:attachment":[{"href":"https:\/\/dana.com.br\/canaldana\/wp-json\/wp\/v2\/media?parent=33367"}],"wp:term":[{"taxonomy":"category","embeddable":true,"href":"https:\/\/dana.com.br\/canaldana\/wp-json\/wp\/v2\/categories?post=33367"},{"taxonomy":"post_tag","embeddable":true,"href":"https:\/\/dana.com.br\/canaldana\/wp-json\/wp\/v2\/tags?post=33367"}],"curies":[{"name":"wp","href":"https:\/\/api.w.org\/{rel}","templated":true}]}}