{"id":33353,"date":"2019-03-29T08:19:04","date_gmt":"2019-03-29T11:19:04","guid":{"rendered":"https:\/\/dana.com.br\/canaldana\/?p=33353"},"modified":"2019-03-29T08:19:04","modified_gmt":"2019-03-29T11:19:04","slug":"ford-fechara-tres-fabricas-na-russia","status":"publish","type":"post","link":"https:\/\/dana.com.br\/canaldana\/2019\/03\/29\/ford-fechara-tres-fabricas-na-russia\/","title":{"rendered":"Ford fechar\u00e1 tr\u00eas f\u00e1bricas na R\u00fassia"},"content":{"rendered":"<p><em>Not\u00edcias Automotivas\/Ag\u00eancia CNN <\/em><\/p>\n<p>&nbsp;<\/p>\n<p>Se a coisa j\u00e1 est\u00e1 ruim para a Ford no Brasil, depois que a mesma anunciou o fechamento de sua f\u00e1brica (e sede) no bairro do Tabo\u00e3o, em S\u00e3o Bernardo do Campo, imagina ent\u00e3o l\u00e1 na R\u00fassia. Pois \u00e9, em busca de reduzir os custos globais de forma dr\u00e1stica, a montadora americana anunciou o fechamento de suas tr\u00eas f\u00e1bricas de autom\u00f3veis e comerciais leves na terra de Vladimir Putin.<\/p>\n<p>&nbsp;<\/p>\n<p>De todo o portf\u00f3lio da Ford na R\u00fassia, apenas a van Transit continuar\u00e1 sendo feita por l\u00e1. As f\u00e1bricas de Naberezhnye Chelny e S\u00e3o Petersburgo, por exemplo, produzem os modelos Fiesta, EcoSport, Focus e Mondeo, sendo os dois \u00faltimos na segunda planta, localizada na famosa e hist\u00f3rica cidade, que j\u00e1 foi a capital do pa\u00eds.<\/p>\n<p>&nbsp;<\/p>\n<p>Al\u00e9m dessas duas, a Ford fechar\u00e1 ainda a f\u00e1brica de motores em Elabuga. No total, a montadora americana \u2013 associada com o grupo local Sollers \u2013 tem capacidade para 360.000 carros por ano, um volume que chega a ser superior ao feito aqui no Brasil. A parceira russa assumir\u00e1 51% do neg\u00f3cio na produ\u00e7\u00e3o da van Transit, numa quarta instala\u00e7\u00e3o.<\/p>\n<p>&nbsp;<\/p>\n<p>No geral, a Ford e a Sollers empregam 3.700 pessoas, cujos destinos s\u00e3o incertos. A demiss\u00e3o \u00e9 algo irrevers\u00edvel, exceto se a Sollers abra\u00e7ar um novo s\u00f3cio, que produza carros de baixo custo, por exemplo, pois \u00e9 isso que o mercado russo est\u00e1 comprando. A companhia de Detroit quer cortar US$ 11 bilh\u00f5es para aumentar a rentabilidade de suas opera\u00e7\u00f5es internacionais, que assumem apenas 3% do lucro da empresa.<\/p>\n<p>&nbsp;<\/p>\n<p>Assim, a Ford R\u00fassia praticamente deixa de existir como montadora, enquanto a Ford Europa perder\u00e1 uma f\u00e1brica de transmiss\u00f5es na Fran\u00e7a, al\u00e9m das minivans da fam\u00edlia MAX, que sumir\u00e3o completamente. A marca aposta em SUVs e por isso o foco estar\u00e1 neles. Aqui, Tabo\u00e3o foi uma das v\u00edtimas, assim como o New Fiesta, a divis\u00e3o de caminh\u00f5es e em breve a dupla do Focus, al\u00e9m de Fusion no M\u00e9xico.<\/p>\n<p>&nbsp;<\/p>\n<p>Qual ser\u00e1 a pr\u00f3xima? A Alemanha, possivelmente. \u00c9 que a Ford j\u00e1 entrou em negocia\u00e7\u00e3o com sindicatos locais e a planta de Saarlouis (onde s\u00e3o feitas C-MAX e Grand C-MAX) pode ser fechada tamb\u00e9m, ap\u00f3s o fim da fabrica\u00e7\u00e3o dos monovolumes familiares. (Not\u00edcias Automotivas\/Ag\u00eancia CNN\/Ricardo de Oliveira)<\/p>\n","protected":false},"excerpt":{"rendered":"<p>Not\u00edcias Automotivas\/Ag\u00eancia CNN &nbsp; Se a coisa j\u00e1 est\u00e1 ruim para a Ford no Brasil, depois que a mesma anunciou o fechamento de sua f\u00e1brica (e sede) no bairro do Tabo\u00e3o, em S\u00e3o Bernardo do Campo, imagina ent\u00e3o l\u00e1 na R\u00fassia. Pois \u00e9, em busca de reduzir os custos globais de forma dr\u00e1stica, a montadora\u2026 <a class=\"readmore\" href=\"https:\/\/dana.com.br\/canaldana\/2019\/03\/29\/ford-fechara-tres-fabricas-na-russia\/\">Leia mais \u00bb<\/a><\/p>\n","protected":false},"author":3,"featured_media":0,"comment_status":"closed","ping_status":"closed","sticky":false,"template":"","format":"standard","meta":{"_acf_changed":false,"footnotes":""},"categories":[79],"tags":[],"class_list":["post-33353","post","type-post","status-publish","format-standard","hentry","category-mercado"],"acf":[],"yoast_head":"<!-- This site is optimized with the Yoast SEO plugin v27.3 - https:\/\/yoast.com\/product\/yoast-seo-wordpress\/ -->\n<title>Ford fechar\u00e1 tr\u00eas f\u00e1bricas na R\u00fassia - Canal Dana<\/title>\n<meta name=\"robots\" content=\"index, follow, max-snippet:-1, max-image-preview:large, max-video-preview:-1\" \/>\n<link rel=\"canonical\" href=\"https:\/\/dana.com.br\/canaldana\/2019\/03\/29\/ford-fechara-tres-fabricas-na-russia\/\" \/>\n<meta property=\"og:locale\" content=\"pt_BR\" \/>\n<meta property=\"og:type\" content=\"article\" \/>\n<meta property=\"og:title\" content=\"Ford fechar\u00e1 tr\u00eas f\u00e1bricas na R\u00fassia - Canal Dana\" \/>\n<meta property=\"og:description\" content=\"Not\u00edcias Automotivas\/Ag\u00eancia CNN &nbsp; Se a coisa j\u00e1 est\u00e1 ruim para a Ford no Brasil, depois que a mesma anunciou o fechamento de sua f\u00e1brica (e sede) no bairro do Tabo\u00e3o, em S\u00e3o Bernardo do Campo, imagina ent\u00e3o l\u00e1 na R\u00fassia. Pois \u00e9, em busca de reduzir os custos globais de forma dr\u00e1stica, a montadora\u2026 Leia mais \u00bb\" \/>\n<meta property=\"og:url\" content=\"https:\/\/dana.com.br\/canaldana\/2019\/03\/29\/ford-fechara-tres-fabricas-na-russia\/\" \/>\n<meta property=\"og:site_name\" content=\"Canal Dana\" \/>\n<meta property=\"article:published_time\" content=\"2019-03-29T11:19:04+00:00\" \/>\n<meta name=\"author\" content=\"Canal Dana\" \/>\n<meta name=\"twitter:card\" content=\"summary_large_image\" \/>\n<meta name=\"twitter:label1\" content=\"Escrito por\" \/>\n\t<meta name=\"twitter:data1\" content=\"Canal Dana\" \/>\n\t<meta name=\"twitter:label2\" content=\"Est. tempo de leitura\" \/>\n\t<meta name=\"twitter:data2\" content=\"2 minutos\" \/>\n<script type=\"application\/ld+json\" class=\"yoast-schema-graph\">{\"@context\":\"https:\\\/\\\/schema.org\",\"@graph\":[{\"@type\":\"Article\",\"@id\":\"https:\\\/\\\/dana.com.br\\\/canaldana\\\/2019\\\/03\\\/29\\\/ford-fechara-tres-fabricas-na-russia\\\/#article\",\"isPartOf\":{\"@id\":\"https:\\\/\\\/dana.com.br\\\/canaldana\\\/2019\\\/03\\\/29\\\/ford-fechara-tres-fabricas-na-russia\\\/\"},\"author\":{\"name\":\"Canal Dana\",\"@id\":\"https:\\\/\\\/dana.com.br\\\/canaldana\\\/#\\\/schema\\\/person\\\/3c21f22f56fcf3bc46b94bc60ea4fef6\"},\"headline\":\"Ford fechar\u00e1 tr\u00eas f\u00e1bricas na R\u00fassia\",\"datePublished\":\"2019-03-29T11:19:04+00:00\",\"mainEntityOfPage\":{\"@id\":\"https:\\\/\\\/dana.com.br\\\/canaldana\\\/2019\\\/03\\\/29\\\/ford-fechara-tres-fabricas-na-russia\\\/\"},\"wordCount\":429,\"articleSection\":[\"Mercado\"],\"inLanguage\":\"pt-BR\"},{\"@type\":\"WebPage\",\"@id\":\"https:\\\/\\\/dana.com.br\\\/canaldana\\\/2019\\\/03\\\/29\\\/ford-fechara-tres-fabricas-na-russia\\\/\",\"url\":\"https:\\\/\\\/dana.com.br\\\/canaldana\\\/2019\\\/03\\\/29\\\/ford-fechara-tres-fabricas-na-russia\\\/\",\"name\":\"Ford fechar\u00e1 tr\u00eas f\u00e1bricas na R\u00fassia - Canal Dana\",\"isPartOf\":{\"@id\":\"https:\\\/\\\/dana.com.br\\\/canaldana\\\/#website\"},\"datePublished\":\"2019-03-29T11:19:04+00:00\",\"author\":{\"@id\":\"https:\\\/\\\/dana.com.br\\\/canaldana\\\/#\\\/schema\\\/person\\\/3c21f22f56fcf3bc46b94bc60ea4fef6\"},\"breadcrumb\":{\"@id\":\"https:\\\/\\\/dana.com.br\\\/canaldana\\\/2019\\\/03\\\/29\\\/ford-fechara-tres-fabricas-na-russia\\\/#breadcrumb\"},\"inLanguage\":\"pt-BR\",\"potentialAction\":[{\"@type\":\"ReadAction\",\"target\":[\"https:\\\/\\\/dana.com.br\\\/canaldana\\\/2019\\\/03\\\/29\\\/ford-fechara-tres-fabricas-na-russia\\\/\"]}]},{\"@type\":\"BreadcrumbList\",\"@id\":\"https:\\\/\\\/dana.com.br\\\/canaldana\\\/2019\\\/03\\\/29\\\/ford-fechara-tres-fabricas-na-russia\\\/#breadcrumb\",\"itemListElement\":[{\"@type\":\"ListItem\",\"position\":1,\"name\":\"Home\",\"item\":\"https:\\\/\\\/dana.com.br\\\/canaldana\\\/\"},{\"@type\":\"ListItem\",\"position\":2,\"name\":\"Mercado\",\"item\":\"https:\\\/\\\/dana.com.br\\\/canaldana\\\/mercado\\\/\"},{\"@type\":\"ListItem\",\"position\":3,\"name\":\"Ford fechar\u00e1 tr\u00eas f\u00e1bricas na R\u00fassia\"}]},{\"@type\":\"WebSite\",\"@id\":\"https:\\\/\\\/dana.com.br\\\/canaldana\\\/#website\",\"url\":\"https:\\\/\\\/dana.com.br\\\/canaldana\\\/\",\"name\":\"Canal Dana\",\"description\":\"Informativo com as principais not\u00edcias da ind\u00fastria automotiva\",\"potentialAction\":[{\"@type\":\"SearchAction\",\"target\":{\"@type\":\"EntryPoint\",\"urlTemplate\":\"https:\\\/\\\/dana.com.br\\\/canaldana\\\/?s={search_term_string}\"},\"query-input\":{\"@type\":\"PropertyValueSpecification\",\"valueRequired\":true,\"valueName\":\"search_term_string\"}}],\"inLanguage\":\"pt-BR\"},{\"@type\":\"Person\",\"@id\":\"https:\\\/\\\/dana.com.br\\\/canaldana\\\/#\\\/schema\\\/person\\\/3c21f22f56fcf3bc46b94bc60ea4fef6\",\"name\":\"Canal Dana\",\"image\":{\"@type\":\"ImageObject\",\"inLanguage\":\"pt-BR\",\"@id\":\"https:\\\/\\\/secure.gravatar.com\\\/avatar\\\/420aaf9278582877d9018637c6817617705899d2858d7572ef0fe59a6b6454b4?s=96&d=mm&r=g\",\"url\":\"https:\\\/\\\/secure.gravatar.com\\\/avatar\\\/420aaf9278582877d9018637c6817617705899d2858d7572ef0fe59a6b6454b4?s=96&d=mm&r=g\",\"contentUrl\":\"https:\\\/\\\/secure.gravatar.com\\\/avatar\\\/420aaf9278582877d9018637c6817617705899d2858d7572ef0fe59a6b6454b4?s=96&d=mm&r=g\",\"caption\":\"Canal Dana\"},\"url\":\"https:\\\/\\\/dana.com.br\\\/canaldana\\\/author\\\/cdeditor\\\/\"}]}<\/script>\n<!-- \/ Yoast SEO plugin. -->","yoast_head_json":{"title":"Ford fechar\u00e1 tr\u00eas f\u00e1bricas na R\u00fassia - Canal Dana","robots":{"index":"index","follow":"follow","max-snippet":"max-snippet:-1","max-image-preview":"max-image-preview:large","max-video-preview":"max-video-preview:-1"},"canonical":"https:\/\/dana.com.br\/canaldana\/2019\/03\/29\/ford-fechara-tres-fabricas-na-russia\/","og_locale":"pt_BR","og_type":"article","og_title":"Ford fechar\u00e1 tr\u00eas f\u00e1bricas na R\u00fassia - Canal Dana","og_description":"Not\u00edcias Automotivas\/Ag\u00eancia CNN &nbsp; Se a coisa j\u00e1 est\u00e1 ruim para a Ford no Brasil, depois que a mesma anunciou o fechamento de sua f\u00e1brica (e sede) no bairro do Tabo\u00e3o, em S\u00e3o Bernardo do Campo, imagina ent\u00e3o l\u00e1 na R\u00fassia. Pois \u00e9, em busca de reduzir os custos globais de forma dr\u00e1stica, a montadora\u2026 Leia mais \u00bb","og_url":"https:\/\/dana.com.br\/canaldana\/2019\/03\/29\/ford-fechara-tres-fabricas-na-russia\/","og_site_name":"Canal Dana","article_published_time":"2019-03-29T11:19:04+00:00","author":"Canal Dana","twitter_card":"summary_large_image","twitter_misc":{"Escrito por":"Canal Dana","Est. tempo de leitura":"2 minutos"},"schema":{"@context":"https:\/\/schema.org","@graph":[{"@type":"Article","@id":"https:\/\/dana.com.br\/canaldana\/2019\/03\/29\/ford-fechara-tres-fabricas-na-russia\/#article","isPartOf":{"@id":"https:\/\/dana.com.br\/canaldana\/2019\/03\/29\/ford-fechara-tres-fabricas-na-russia\/"},"author":{"name":"Canal Dana","@id":"https:\/\/dana.com.br\/canaldana\/#\/schema\/person\/3c21f22f56fcf3bc46b94bc60ea4fef6"},"headline":"Ford fechar\u00e1 tr\u00eas f\u00e1bricas na R\u00fassia","datePublished":"2019-03-29T11:19:04+00:00","mainEntityOfPage":{"@id":"https:\/\/dana.com.br\/canaldana\/2019\/03\/29\/ford-fechara-tres-fabricas-na-russia\/"},"wordCount":429,"articleSection":["Mercado"],"inLanguage":"pt-BR"},{"@type":"WebPage","@id":"https:\/\/dana.com.br\/canaldana\/2019\/03\/29\/ford-fechara-tres-fabricas-na-russia\/","url":"https:\/\/dana.com.br\/canaldana\/2019\/03\/29\/ford-fechara-tres-fabricas-na-russia\/","name":"Ford fechar\u00e1 tr\u00eas f\u00e1bricas na R\u00fassia - Canal Dana","isPartOf":{"@id":"https:\/\/dana.com.br\/canaldana\/#website"},"datePublished":"2019-03-29T11:19:04+00:00","author":{"@id":"https:\/\/dana.com.br\/canaldana\/#\/schema\/person\/3c21f22f56fcf3bc46b94bc60ea4fef6"},"breadcrumb":{"@id":"https:\/\/dana.com.br\/canaldana\/2019\/03\/29\/ford-fechara-tres-fabricas-na-russia\/#breadcrumb"},"inLanguage":"pt-BR","potentialAction":[{"@type":"ReadAction","target":["https:\/\/dana.com.br\/canaldana\/2019\/03\/29\/ford-fechara-tres-fabricas-na-russia\/"]}]},{"@type":"BreadcrumbList","@id":"https:\/\/dana.com.br\/canaldana\/2019\/03\/29\/ford-fechara-tres-fabricas-na-russia\/#breadcrumb","itemListElement":[{"@type":"ListItem","position":1,"name":"Home","item":"https:\/\/dana.com.br\/canaldana\/"},{"@type":"ListItem","position":2,"name":"Mercado","item":"https:\/\/dana.com.br\/canaldana\/mercado\/"},{"@type":"ListItem","position":3,"name":"Ford fechar\u00e1 tr\u00eas f\u00e1bricas na R\u00fassia"}]},{"@type":"WebSite","@id":"https:\/\/dana.com.br\/canaldana\/#website","url":"https:\/\/dana.com.br\/canaldana\/","name":"Canal Dana","description":"Informativo com as principais not\u00edcias da ind\u00fastria automotiva","potentialAction":[{"@type":"SearchAction","target":{"@type":"EntryPoint","urlTemplate":"https:\/\/dana.com.br\/canaldana\/?s={search_term_string}"},"query-input":{"@type":"PropertyValueSpecification","valueRequired":true,"valueName":"search_term_string"}}],"inLanguage":"pt-BR"},{"@type":"Person","@id":"https:\/\/dana.com.br\/canaldana\/#\/schema\/person\/3c21f22f56fcf3bc46b94bc60ea4fef6","name":"Canal Dana","image":{"@type":"ImageObject","inLanguage":"pt-BR","@id":"https:\/\/secure.gravatar.com\/avatar\/420aaf9278582877d9018637c6817617705899d2858d7572ef0fe59a6b6454b4?s=96&d=mm&r=g","url":"https:\/\/secure.gravatar.com\/avatar\/420aaf9278582877d9018637c6817617705899d2858d7572ef0fe59a6b6454b4?s=96&d=mm&r=g","contentUrl":"https:\/\/secure.gravatar.com\/avatar\/420aaf9278582877d9018637c6817617705899d2858d7572ef0fe59a6b6454b4?s=96&d=mm&r=g","caption":"Canal Dana"},"url":"https:\/\/dana.com.br\/canaldana\/author\/cdeditor\/"}]}},"_links":{"self":[{"href":"https:\/\/dana.com.br\/canaldana\/wp-json\/wp\/v2\/posts\/33353","targetHints":{"allow":["GET"]}}],"collection":[{"href":"https:\/\/dana.com.br\/canaldana\/wp-json\/wp\/v2\/posts"}],"about":[{"href":"https:\/\/dana.com.br\/canaldana\/wp-json\/wp\/v2\/types\/post"}],"author":[{"embeddable":true,"href":"https:\/\/dana.com.br\/canaldana\/wp-json\/wp\/v2\/users\/3"}],"replies":[{"embeddable":true,"href":"https:\/\/dana.com.br\/canaldana\/wp-json\/wp\/v2\/comments?post=33353"}],"version-history":[{"count":0,"href":"https:\/\/dana.com.br\/canaldana\/wp-json\/wp\/v2\/posts\/33353\/revisions"}],"wp:attachment":[{"href":"https:\/\/dana.com.br\/canaldana\/wp-json\/wp\/v2\/media?parent=33353"}],"wp:term":[{"taxonomy":"category","embeddable":true,"href":"https:\/\/dana.com.br\/canaldana\/wp-json\/wp\/v2\/categories?post=33353"},{"taxonomy":"post_tag","embeddable":true,"href":"https:\/\/dana.com.br\/canaldana\/wp-json\/wp\/v2\/tags?post=33353"}],"curies":[{"name":"wp","href":"https:\/\/api.w.org\/{rel}","templated":true}]}}