{"id":33345,"date":"2019-03-29T08:16:50","date_gmt":"2019-03-29T11:16:50","guid":{"rendered":"https:\/\/dana.com.br\/canaldana\/?p=33345"},"modified":"2019-03-29T08:16:50","modified_gmt":"2019-03-29T11:16:50","slug":"agrishow-2019-espera-superar-o-volume-de-negocios-alcancados-na-edicao-2018","status":"publish","type":"post","link":"https:\/\/dana.com.br\/canaldana\/2019\/03\/29\/agrishow-2019-espera-superar-o-volume-de-negocios-alcancados-na-edicao-2018\/","title":{"rendered":"Agrishow 2019 espera superar o volume de neg\u00f3cios alcan\u00e7ados na edi\u00e7\u00e3o 2018"},"content":{"rendered":"<p><em>Investimentos e Not\u00edcia<\/em><\/p>\n<p>&nbsp;<\/p>\n<p>O bom momento vivido pelo agroneg\u00f3cio brasileiro deve continuar em 2019. De acordo com o levantamento da Companhia Nacional de Abastecimento (Conab), o Brasil pode obter a segunda maior safra de gr\u00e3os da hist\u00f3ria. A estimativa para a safra 2018\/2019 \u00e9 alcan\u00e7ar 233,29 milh\u00f5es de toneladas, o que significa um aumento de 2,5% ante o per\u00edodo anterior 2017\/2018. A manuten\u00e7\u00e3o da produ\u00e7\u00e3o agr\u00edcola ressalta o protagonismo e a lideran\u00e7a do segmento tanto na economia nacional como na oferta de alimentos de alta qualidade para todo o mundo.<\/p>\n<p>&nbsp;<\/p>\n<p>Para contribuir com esse cen\u00e1rio, a Agrishow 2019 \u2013 26\u00aa Feira Internacional de Tecnologia Agr\u00edcola em A\u00e7\u00e3o tem o objetivo de reunir, em um \u00fanico local, os mais importantes lan\u00e7amentos em m\u00e1quinas, equipamentos, implementos, produtos, servi\u00e7os e tecnologias; discutir os temas mais relevantes para o setor; demonstrar as inova\u00e7\u00f5es agr\u00edcola, solu\u00e7\u00f5es sustent\u00e1veis e integradas para ajudar os pequenos, m\u00e9dios e grandes produtores rurais, agricultores familiares e pecuaristas a melhorar o desempenho de suas atividades, seja na planta\u00e7\u00e3o e colheita de diversas culturas ou nas pastagens, com ganhos reais de produtividade, efici\u00eancia e economia de recursos naturais e insumos, redu\u00e7\u00e3o de custos e eleva\u00e7\u00e3o da rentabilidade.<\/p>\n<p>&nbsp;<\/p>\n<p>O evento, marcado entre os dias 29 de abril e 3 de maio, em Ribeir\u00e3o Preto, \u00e9 uma iniciativa das principais entidades do segmento no pa\u00eds: Abag \u2013 Associa\u00e7\u00e3o Brasileira do Agroneg\u00f3cio, Abimaq \u2013 Associa\u00e7\u00e3o Brasileira da Ind\u00fastria de M\u00e1quinas e Equipamentos, Anda \u2013 Associa\u00e7\u00e3o Nacional para Difus\u00e3o de Adubos, Faesp \u2013 Federa\u00e7\u00e3o da Agricultura e da Pecu\u00e1ria do Estado de S\u00e3o Paulo e SRB &#8211; Sociedade Rural Brasileira. O evento \u00e9 organizado pela Informa Exhibitions, integrante do Grupo Informa, principal promotora de feiras de neg\u00f3cios no Brasil e no mundo.<\/p>\n<p>&nbsp;<\/p>\n<p>\u201cA nossa expectativa em rela\u00e7\u00e3o \u00e0 Agrishow 2019 \u00e9 a melhor poss\u00edvel, pois a economia est\u00e1 num bom momento, o que deve repercutir favoravelmente nas vendas de m\u00e1quinas e equipamentos, que \u00e9 um dos principais pilares da feira\u201d, afirmou Jo\u00e3o Carlos Marchesan, presidente da Abimaq, durante coletiva de imprensa promovida nesta ter\u00e7a-feira, dia 26 de mar\u00e7o, em S\u00e3o Paulo.<\/p>\n<p>&nbsp;<\/p>\n<p>Por ser uma das maiores feiras de tecnologia agr\u00edcola do mundo, a Agrishow 2019 ter\u00e1 a participa\u00e7\u00e3o de mais de 800 marcas nacionais e internacionais, vindas dos Estados Unidos, Argentina, Fran\u00e7a, China, \u00cdndia e Turquia. Esses expositores est\u00e3o estrategicamente organizados por setores, a fim de facilitar o planejamento dos mais de 150 mil visitantes do Brasil e do exterior que, em muitas situa\u00e7\u00f5es, aguardam a realiza\u00e7\u00e3o da feira para a efetiva\u00e7\u00e3o de neg\u00f3cios. Entre as \u00e1reas da feira est\u00e3o: agricultura de precis\u00e3o, agricultura familiar, armazenagem (silos e armaz\u00e9ns), corretivos, fertilizantes, defensivos, equipamentos de seguran\u00e7a (EPI), equipamentos de irriga\u00e7\u00e3o, ferramentas, implementos e m\u00e1quinas agr\u00edcolas, m\u00e1quinas para constru\u00e7\u00e3o, pe\u00e7as, autope\u00e7as, pneus, equipamentos e produtos para pecu\u00e1ria, produ\u00e7\u00e3o de biodiesel, sacarias e embalagens, seguros, sementes, software e hardware, telas, arames, cercas, v\u00e1lvulas, bombas, motores e ve\u00edculos (pick ups, caminh\u00f5es e utilit\u00e1rios, al\u00e9m de avi\u00f5es agr\u00edcolas).<\/p>\n<p>&nbsp;<\/p>\n<p>\u201cPretendemos na Agrishow deste ano enfatizar todas as cadeias produtivas, apresentando inova\u00e7\u00f5es desde a \u00e1rea de insumos, como fertilizantes e sementes, passando pelo segmento de m\u00e1quinas e implementos agr\u00edcolas at\u00e9 as tecnologias para agricultura de precis\u00e3o, conectividade e ILPF (Integra\u00e7\u00e3o Lavoura-Pecu\u00e1ria-Floresta)\u201d, ressaltou Francisco Matturro, presidente da Agrishow.<\/p>\n<p>&nbsp;<\/p>\n<p>Considerada a mais importante vitrine de tend\u00eancias para o segmento, o evento deve superar a edi\u00e7\u00e3o de 2018 em volume de neg\u00f3cios iniciados pelos expositores e visitantes durante a feira. A Agrishow 2019 conta ainda com a presen\u00e7a de profissionais, empres\u00e1rios e t\u00e9cnicos da cadeia produtiva, representantes das entidades setoriais, pesquisadores, autoridades, lideran\u00e7as governamentais e membros de \u00f3rg\u00e3os e secretarias p\u00fablicas.<\/p>\n<p>&nbsp;<\/p>\n<p><strong>Novidades e atra\u00e7\u00f5es<\/strong><\/p>\n<p>&nbsp;<\/p>\n<p>Uma das principais novidades desta edi\u00e7\u00e3o da Agrishow \u00e9 a expans\u00e3o de sua \u00e1rea, que passou de 440 mil m\u00b2 para 520 mil m\u00b2, resultado da nova \u00e1rea de plantio e tratos de horticultura da Arena de Demonstra\u00e7\u00f5es de Campo, que trar\u00e1 tamb\u00e9m m\u00e1quinas e produtos inovadores para o agro.<\/p>\n<p>&nbsp;<\/p>\n<p>Com mais de 6 mil m\u00b2, a \u00e1rea de horticultura ter\u00e1 curadoria da Coopercitrus e ser\u00e1 voltada para inova\u00e7\u00f5es, irriga\u00e7\u00e3o, orienta\u00e7\u00e3o e tecnologia, com uma estrutura que contar\u00e1 com estufa, corpo t\u00e9cnico especializado, e um portf\u00f3lio completo para atender as especificidades da \u00e1rea.<\/p>\n<p>&nbsp;<\/p>\n<p>Outra atividade paralela que faz sucesso na Agrishow \u00e9 a Arena de Conhecimento. Palco de apresenta\u00e7\u00f5es de novas tecnologias e tend\u00eancias, contar\u00e1 com palestras, reuni\u00f5es e encontros com players do setor, objetivando levar informa\u00e7\u00e3o relevante para o dia a dia e para os neg\u00f3cios dos profissionais do campo.<\/p>\n<p>&nbsp;<\/p>\n<p>No dia 30 de abril, na Arena do Conhecimento, ser\u00e3o anunciados os vencedores do Pr\u00eamio Trator do Ano Brasil 2019\/2020, que visa premiar os melhores tratores fabricados e comercializados no pa\u00eds. A premia\u00e7\u00e3o conta com produtos indicados em quatro diferentes categorias de produtos: at\u00e9 100cv, de 100 a 200cv, mais de 200cv e a categoria de Tratores Especiais. Ao todo s\u00e3o 15 marcas participantes, somando 44 diferentes produtos a serem avaliados por professores doutores da \u00e1rea de mecaniza\u00e7\u00e3o agr\u00edcola de importantes universidades p\u00fablicas do pa\u00eds. A premia\u00e7\u00e3o conta com o apoio da Agrishow.<\/p>\n<p>&nbsp;<\/p>\n<p>Outra atra\u00e7\u00e3o da Agrishow 2019 ser\u00e1 a Arena de Inova\u00e7\u00e3o, um espa\u00e7o destinado a startups do agroneg\u00f3cio e voltado \u00e0 conectividade no campo. Ser\u00e3o dez startups participantes, que apresentar\u00e3o solu\u00e7\u00f5es inovadoras e importantes para o segmento, como por exemplo, automatiza\u00e7\u00e3o agr\u00edcola, sistemas e drones de pulveriza\u00e7\u00e3o, drones para capta\u00e7\u00e3o de dados e imagens, plataforma para instala\u00e7\u00e3o de pain\u00e9is solares, APP de gerenciamento de pessoas e gest\u00e3o de fazendas, sistema de informa\u00e7\u00e3o em tempo real para pecu\u00e1ria e solu\u00e7\u00f5es tecnol\u00f3gicas embarcadas em campo.<\/p>\n<p>&nbsp;<\/p>\n<p>Uma importante novidade ser\u00e1 o Banco de Dados Colaborativo do Agricultor (BDCA), a ser apresentado pela Abimaq. O BDCA \u00e9 um banco de dados com o prop\u00f3sito de integra\u00e7\u00e3o dos dados gerados por equipamentos e sensores de todos os fabricantes, sendo que a libera\u00e7\u00e3o do acesso aos dados \u00e9 autorizado pelo agricultor. O benef\u00edcio para o agricultor \u00e9 ter todas as informa\u00e7\u00f5es de suas m\u00e1quinas e sensores integrados em um \u00fanico local, sem depender do sistema de um \u00fanico fabricante. Os fabricantes podem compartilhar parte ou a totalidade dos dados gerados, atendendo a demanda dos agricultores de integra\u00e7\u00e3o dos dados provenientes de m\u00e1quinas de diferentes marcas.<\/p>\n<p>&nbsp;<\/p>\n<p>Ainda sobre as novidades, a Agrishow, que sempre valorizou os diversos aspectos da produ\u00e7\u00e3o no campo, ter\u00e1 nesta edi\u00e7\u00e3o a Arena do Produtor Artesanal, que vai reunir produtores de caf\u00e9, cacha\u00e7a, doces, embutidos, entre outros, ressaltando o valor agregado do produto final. Al\u00e9m disso, haver\u00e1 um Lounge Jur\u00eddico para resolver d\u00favidas legais e muitas a\u00e7\u00f5es de sustentabilidade, como a coleta seletiva e reciclagem do lixo gerado no evento.<\/p>\n<p>&nbsp;<\/p>\n<p>Durante a Agrishow 2019, ocorrer\u00e1 20\u00aa Rodada Internacional de Neg\u00f3cios, a ser realizada entre os dias 30 de abril e 02 de maio e que reunir\u00e1 fabricantes brasileiras de m\u00e1quinas, implementos agr\u00edcolas e equipamentos de irriga\u00e7\u00e3o, com compradores (importadores, distribuidores e representantes) estrangeiros, vindos especialmente ao Brasil para este fim. Esta \u00e9 uma a\u00e7\u00e3o de promo\u00e7\u00e3o comercial e \u00e9 organizada pelo Programa Brazil Machinery Solutions, resultado da parceria entre a Ag\u00eancia Brasileira de Promo\u00e7\u00e3o de Exporta\u00e7\u00f5es e Investimentos (Apex-Brasil) e a ABIMAQ.<\/p>\n<p>&nbsp;<\/p>\n<p>Denominado Projeto Comprador, esta Rodada Internacional de Neg\u00f3cios tem como objetivo principal potencializar o contato e as negocia\u00e7\u00f5es entre fabricantes brasileiros e importadores dos mais diversos pa\u00edses. Para esta edi\u00e7\u00e3o do Projeto Comprador, est\u00e3o sendo prospectados importadores dos seguintes pa\u00edses: \u00c1frica do Sul, Argentina, Austr\u00e1lia, Chile, Col\u00f4mbia, Eti\u00f3pia, EUA, M\u00e9xico, Nig\u00e9ria, Peru e R\u00fassia.<\/p>\n<p>&nbsp;<\/p>\n<p>A Agrishow 2019 tamb\u00e9m ser\u00e1 contemplada com o Projeto Imagem, que tem como objetivo promover e divulgar a ind\u00fastria brasileira de m\u00e1quinas e equipamentos ao mercado internacional, por meio de visitas de jornalistas, formadores de opini\u00e3o e especialistas ao Brasil para conhecer o setor. Para esta edi\u00e7\u00e3o do Projeto Imagem, o Programa BMS receber\u00e1 jornalistas de diversos pa\u00edses, com visita confirmada destaca-se a Revista Farmer\u00b4s Review Africa, com sede em Joanesburgo, na \u00c1frica do Sul e da revista Actualidad Del Campo, do Paraguai.<\/p>\n<p>&nbsp;<\/p>\n<p>Ainda durante a feira, est\u00e1 marcada a entrega do \u201cDeusa Ceres\u201d, no dia 2 de maio, no Centro Cana. Uma das mais tradicionais premia\u00e7\u00f5es do agroneg\u00f3cio brasileiro, concedida pela Associa\u00e7\u00e3o de Engenheiros Agr\u00f4nomos do Estado de S\u00e3o Paulo (AEASP), visa homenagear os engenheiros agr\u00f4nomos que se destacam em diversas \u00e1reas. (Investimentos e Not\u00edcias)<\/p>\n","protected":false},"excerpt":{"rendered":"<p>Investimentos e Not\u00edcia &nbsp; O bom momento vivido pelo agroneg\u00f3cio brasileiro deve continuar em 2019. De acordo com o levantamento da Companhia Nacional de Abastecimento (Conab), o Brasil pode obter a segunda maior safra de gr\u00e3os da hist\u00f3ria. A estimativa para a safra 2018\/2019 \u00e9 alcan\u00e7ar 233,29 milh\u00f5es de toneladas, o que significa um aumento\u2026 <a class=\"readmore\" href=\"https:\/\/dana.com.br\/canaldana\/2019\/03\/29\/agrishow-2019-espera-superar-o-volume-de-negocios-alcancados-na-edicao-2018\/\">Leia mais \u00bb<\/a><\/p>\n","protected":false},"author":3,"featured_media":0,"comment_status":"closed","ping_status":"closed","sticky":false,"template":"","format":"standard","meta":{"_acf_changed":false,"footnotes":""},"categories":[82],"tags":[],"class_list":["post-33345","post","type-post","status-publish","format-standard","hentry","category-eventos"],"acf":[],"yoast_head":"<!-- This site is optimized with the Yoast SEO plugin v27.3 - https:\/\/yoast.com\/product\/yoast-seo-wordpress\/ -->\n<title>Agrishow 2019 espera superar o volume de neg\u00f3cios alcan\u00e7ados na edi\u00e7\u00e3o 2018 - Canal Dana<\/title>\n<meta name=\"robots\" content=\"index, follow, max-snippet:-1, max-image-preview:large, max-video-preview:-1\" \/>\n<link rel=\"canonical\" href=\"https:\/\/dana.com.br\/canaldana\/2019\/03\/29\/agrishow-2019-espera-superar-o-volume-de-negocios-alcancados-na-edicao-2018\/\" \/>\n<meta property=\"og:locale\" content=\"pt_BR\" \/>\n<meta property=\"og:type\" content=\"article\" \/>\n<meta property=\"og:title\" content=\"Agrishow 2019 espera superar o volume de neg\u00f3cios alcan\u00e7ados na edi\u00e7\u00e3o 2018 - Canal Dana\" \/>\n<meta property=\"og:description\" content=\"Investimentos e Not\u00edcia &nbsp; O bom momento vivido pelo agroneg\u00f3cio brasileiro deve continuar em 2019. De acordo com o levantamento da Companhia Nacional de Abastecimento (Conab), o Brasil pode obter a segunda maior safra de gr\u00e3os da hist\u00f3ria. A estimativa para a safra 2018\/2019 \u00e9 alcan\u00e7ar 233,29 milh\u00f5es de toneladas, o que significa um aumento\u2026 Leia mais \u00bb\" \/>\n<meta property=\"og:url\" content=\"https:\/\/dana.com.br\/canaldana\/2019\/03\/29\/agrishow-2019-espera-superar-o-volume-de-negocios-alcancados-na-edicao-2018\/\" \/>\n<meta property=\"og:site_name\" content=\"Canal Dana\" \/>\n<meta property=\"article:published_time\" content=\"2019-03-29T11:16:50+00:00\" \/>\n<meta name=\"author\" content=\"Canal Dana\" \/>\n<meta name=\"twitter:card\" content=\"summary_large_image\" \/>\n<meta name=\"twitter:label1\" content=\"Escrito por\" \/>\n\t<meta name=\"twitter:data1\" content=\"Canal Dana\" \/>\n\t<meta name=\"twitter:label2\" content=\"Est. tempo de leitura\" \/>\n\t<meta name=\"twitter:data2\" content=\"8 minutos\" \/>\n<script type=\"application\/ld+json\" class=\"yoast-schema-graph\">{\"@context\":\"https:\\\/\\\/schema.org\",\"@graph\":[{\"@type\":\"Article\",\"@id\":\"https:\\\/\\\/dana.com.br\\\/canaldana\\\/2019\\\/03\\\/29\\\/agrishow-2019-espera-superar-o-volume-de-negocios-alcancados-na-edicao-2018\\\/#article\",\"isPartOf\":{\"@id\":\"https:\\\/\\\/dana.com.br\\\/canaldana\\\/2019\\\/03\\\/29\\\/agrishow-2019-espera-superar-o-volume-de-negocios-alcancados-na-edicao-2018\\\/\"},\"author\":{\"name\":\"Canal Dana\",\"@id\":\"https:\\\/\\\/dana.com.br\\\/canaldana\\\/#\\\/schema\\\/person\\\/3c21f22f56fcf3bc46b94bc60ea4fef6\"},\"headline\":\"Agrishow 2019 espera superar o volume de neg\u00f3cios alcan\u00e7ados na edi\u00e7\u00e3o 2018\",\"datePublished\":\"2019-03-29T11:16:50+00:00\",\"mainEntityOfPage\":{\"@id\":\"https:\\\/\\\/dana.com.br\\\/canaldana\\\/2019\\\/03\\\/29\\\/agrishow-2019-espera-superar-o-volume-de-negocios-alcancados-na-edicao-2018\\\/\"},\"wordCount\":1525,\"articleSection\":[\"Eventos\"],\"inLanguage\":\"pt-BR\"},{\"@type\":\"WebPage\",\"@id\":\"https:\\\/\\\/dana.com.br\\\/canaldana\\\/2019\\\/03\\\/29\\\/agrishow-2019-espera-superar-o-volume-de-negocios-alcancados-na-edicao-2018\\\/\",\"url\":\"https:\\\/\\\/dana.com.br\\\/canaldana\\\/2019\\\/03\\\/29\\\/agrishow-2019-espera-superar-o-volume-de-negocios-alcancados-na-edicao-2018\\\/\",\"name\":\"Agrishow 2019 espera superar o volume de neg\u00f3cios alcan\u00e7ados na edi\u00e7\u00e3o 2018 - Canal Dana\",\"isPartOf\":{\"@id\":\"https:\\\/\\\/dana.com.br\\\/canaldana\\\/#website\"},\"datePublished\":\"2019-03-29T11:16:50+00:00\",\"author\":{\"@id\":\"https:\\\/\\\/dana.com.br\\\/canaldana\\\/#\\\/schema\\\/person\\\/3c21f22f56fcf3bc46b94bc60ea4fef6\"},\"breadcrumb\":{\"@id\":\"https:\\\/\\\/dana.com.br\\\/canaldana\\\/2019\\\/03\\\/29\\\/agrishow-2019-espera-superar-o-volume-de-negocios-alcancados-na-edicao-2018\\\/#breadcrumb\"},\"inLanguage\":\"pt-BR\",\"potentialAction\":[{\"@type\":\"ReadAction\",\"target\":[\"https:\\\/\\\/dana.com.br\\\/canaldana\\\/2019\\\/03\\\/29\\\/agrishow-2019-espera-superar-o-volume-de-negocios-alcancados-na-edicao-2018\\\/\"]}]},{\"@type\":\"BreadcrumbList\",\"@id\":\"https:\\\/\\\/dana.com.br\\\/canaldana\\\/2019\\\/03\\\/29\\\/agrishow-2019-espera-superar-o-volume-de-negocios-alcancados-na-edicao-2018\\\/#breadcrumb\",\"itemListElement\":[{\"@type\":\"ListItem\",\"position\":1,\"name\":\"Home\",\"item\":\"https:\\\/\\\/dana.com.br\\\/canaldana\\\/\"},{\"@type\":\"ListItem\",\"position\":2,\"name\":\"Eventos\",\"item\":\"https:\\\/\\\/dana.com.br\\\/canaldana\\\/eventos\\\/\"},{\"@type\":\"ListItem\",\"position\":3,\"name\":\"Agrishow 2019 espera superar o volume de neg\u00f3cios alcan\u00e7ados na edi\u00e7\u00e3o 2018\"}]},{\"@type\":\"WebSite\",\"@id\":\"https:\\\/\\\/dana.com.br\\\/canaldana\\\/#website\",\"url\":\"https:\\\/\\\/dana.com.br\\\/canaldana\\\/\",\"name\":\"Canal Dana\",\"description\":\"Informativo com as principais not\u00edcias da ind\u00fastria automotiva\",\"potentialAction\":[{\"@type\":\"SearchAction\",\"target\":{\"@type\":\"EntryPoint\",\"urlTemplate\":\"https:\\\/\\\/dana.com.br\\\/canaldana\\\/?s={search_term_string}\"},\"query-input\":{\"@type\":\"PropertyValueSpecification\",\"valueRequired\":true,\"valueName\":\"search_term_string\"}}],\"inLanguage\":\"pt-BR\"},{\"@type\":\"Person\",\"@id\":\"https:\\\/\\\/dana.com.br\\\/canaldana\\\/#\\\/schema\\\/person\\\/3c21f22f56fcf3bc46b94bc60ea4fef6\",\"name\":\"Canal Dana\",\"image\":{\"@type\":\"ImageObject\",\"inLanguage\":\"pt-BR\",\"@id\":\"https:\\\/\\\/secure.gravatar.com\\\/avatar\\\/420aaf9278582877d9018637c6817617705899d2858d7572ef0fe59a6b6454b4?s=96&d=mm&r=g\",\"url\":\"https:\\\/\\\/secure.gravatar.com\\\/avatar\\\/420aaf9278582877d9018637c6817617705899d2858d7572ef0fe59a6b6454b4?s=96&d=mm&r=g\",\"contentUrl\":\"https:\\\/\\\/secure.gravatar.com\\\/avatar\\\/420aaf9278582877d9018637c6817617705899d2858d7572ef0fe59a6b6454b4?s=96&d=mm&r=g\",\"caption\":\"Canal Dana\"},\"url\":\"https:\\\/\\\/dana.com.br\\\/canaldana\\\/author\\\/cdeditor\\\/\"}]}<\/script>\n<!-- \/ Yoast SEO plugin. -->","yoast_head_json":{"title":"Agrishow 2019 espera superar o volume de neg\u00f3cios alcan\u00e7ados na edi\u00e7\u00e3o 2018 - Canal Dana","robots":{"index":"index","follow":"follow","max-snippet":"max-snippet:-1","max-image-preview":"max-image-preview:large","max-video-preview":"max-video-preview:-1"},"canonical":"https:\/\/dana.com.br\/canaldana\/2019\/03\/29\/agrishow-2019-espera-superar-o-volume-de-negocios-alcancados-na-edicao-2018\/","og_locale":"pt_BR","og_type":"article","og_title":"Agrishow 2019 espera superar o volume de neg\u00f3cios alcan\u00e7ados na edi\u00e7\u00e3o 2018 - Canal Dana","og_description":"Investimentos e Not\u00edcia &nbsp; O bom momento vivido pelo agroneg\u00f3cio brasileiro deve continuar em 2019. De acordo com o levantamento da Companhia Nacional de Abastecimento (Conab), o Brasil pode obter a segunda maior safra de gr\u00e3os da hist\u00f3ria. A estimativa para a safra 2018\/2019 \u00e9 alcan\u00e7ar 233,29 milh\u00f5es de toneladas, o que significa um aumento\u2026 Leia mais \u00bb","og_url":"https:\/\/dana.com.br\/canaldana\/2019\/03\/29\/agrishow-2019-espera-superar-o-volume-de-negocios-alcancados-na-edicao-2018\/","og_site_name":"Canal Dana","article_published_time":"2019-03-29T11:16:50+00:00","author":"Canal Dana","twitter_card":"summary_large_image","twitter_misc":{"Escrito por":"Canal Dana","Est. tempo de leitura":"8 minutos"},"schema":{"@context":"https:\/\/schema.org","@graph":[{"@type":"Article","@id":"https:\/\/dana.com.br\/canaldana\/2019\/03\/29\/agrishow-2019-espera-superar-o-volume-de-negocios-alcancados-na-edicao-2018\/#article","isPartOf":{"@id":"https:\/\/dana.com.br\/canaldana\/2019\/03\/29\/agrishow-2019-espera-superar-o-volume-de-negocios-alcancados-na-edicao-2018\/"},"author":{"name":"Canal Dana","@id":"https:\/\/dana.com.br\/canaldana\/#\/schema\/person\/3c21f22f56fcf3bc46b94bc60ea4fef6"},"headline":"Agrishow 2019 espera superar o volume de neg\u00f3cios alcan\u00e7ados na edi\u00e7\u00e3o 2018","datePublished":"2019-03-29T11:16:50+00:00","mainEntityOfPage":{"@id":"https:\/\/dana.com.br\/canaldana\/2019\/03\/29\/agrishow-2019-espera-superar-o-volume-de-negocios-alcancados-na-edicao-2018\/"},"wordCount":1525,"articleSection":["Eventos"],"inLanguage":"pt-BR"},{"@type":"WebPage","@id":"https:\/\/dana.com.br\/canaldana\/2019\/03\/29\/agrishow-2019-espera-superar-o-volume-de-negocios-alcancados-na-edicao-2018\/","url":"https:\/\/dana.com.br\/canaldana\/2019\/03\/29\/agrishow-2019-espera-superar-o-volume-de-negocios-alcancados-na-edicao-2018\/","name":"Agrishow 2019 espera superar o volume de neg\u00f3cios alcan\u00e7ados na edi\u00e7\u00e3o 2018 - Canal Dana","isPartOf":{"@id":"https:\/\/dana.com.br\/canaldana\/#website"},"datePublished":"2019-03-29T11:16:50+00:00","author":{"@id":"https:\/\/dana.com.br\/canaldana\/#\/schema\/person\/3c21f22f56fcf3bc46b94bc60ea4fef6"},"breadcrumb":{"@id":"https:\/\/dana.com.br\/canaldana\/2019\/03\/29\/agrishow-2019-espera-superar-o-volume-de-negocios-alcancados-na-edicao-2018\/#breadcrumb"},"inLanguage":"pt-BR","potentialAction":[{"@type":"ReadAction","target":["https:\/\/dana.com.br\/canaldana\/2019\/03\/29\/agrishow-2019-espera-superar-o-volume-de-negocios-alcancados-na-edicao-2018\/"]}]},{"@type":"BreadcrumbList","@id":"https:\/\/dana.com.br\/canaldana\/2019\/03\/29\/agrishow-2019-espera-superar-o-volume-de-negocios-alcancados-na-edicao-2018\/#breadcrumb","itemListElement":[{"@type":"ListItem","position":1,"name":"Home","item":"https:\/\/dana.com.br\/canaldana\/"},{"@type":"ListItem","position":2,"name":"Eventos","item":"https:\/\/dana.com.br\/canaldana\/eventos\/"},{"@type":"ListItem","position":3,"name":"Agrishow 2019 espera superar o volume de neg\u00f3cios alcan\u00e7ados na edi\u00e7\u00e3o 2018"}]},{"@type":"WebSite","@id":"https:\/\/dana.com.br\/canaldana\/#website","url":"https:\/\/dana.com.br\/canaldana\/","name":"Canal Dana","description":"Informativo com as principais not\u00edcias da ind\u00fastria automotiva","potentialAction":[{"@type":"SearchAction","target":{"@type":"EntryPoint","urlTemplate":"https:\/\/dana.com.br\/canaldana\/?s={search_term_string}"},"query-input":{"@type":"PropertyValueSpecification","valueRequired":true,"valueName":"search_term_string"}}],"inLanguage":"pt-BR"},{"@type":"Person","@id":"https:\/\/dana.com.br\/canaldana\/#\/schema\/person\/3c21f22f56fcf3bc46b94bc60ea4fef6","name":"Canal Dana","image":{"@type":"ImageObject","inLanguage":"pt-BR","@id":"https:\/\/secure.gravatar.com\/avatar\/420aaf9278582877d9018637c6817617705899d2858d7572ef0fe59a6b6454b4?s=96&d=mm&r=g","url":"https:\/\/secure.gravatar.com\/avatar\/420aaf9278582877d9018637c6817617705899d2858d7572ef0fe59a6b6454b4?s=96&d=mm&r=g","contentUrl":"https:\/\/secure.gravatar.com\/avatar\/420aaf9278582877d9018637c6817617705899d2858d7572ef0fe59a6b6454b4?s=96&d=mm&r=g","caption":"Canal Dana"},"url":"https:\/\/dana.com.br\/canaldana\/author\/cdeditor\/"}]}},"_links":{"self":[{"href":"https:\/\/dana.com.br\/canaldana\/wp-json\/wp\/v2\/posts\/33345","targetHints":{"allow":["GET"]}}],"collection":[{"href":"https:\/\/dana.com.br\/canaldana\/wp-json\/wp\/v2\/posts"}],"about":[{"href":"https:\/\/dana.com.br\/canaldana\/wp-json\/wp\/v2\/types\/post"}],"author":[{"embeddable":true,"href":"https:\/\/dana.com.br\/canaldana\/wp-json\/wp\/v2\/users\/3"}],"replies":[{"embeddable":true,"href":"https:\/\/dana.com.br\/canaldana\/wp-json\/wp\/v2\/comments?post=33345"}],"version-history":[{"count":0,"href":"https:\/\/dana.com.br\/canaldana\/wp-json\/wp\/v2\/posts\/33345\/revisions"}],"wp:attachment":[{"href":"https:\/\/dana.com.br\/canaldana\/wp-json\/wp\/v2\/media?parent=33345"}],"wp:term":[{"taxonomy":"category","embeddable":true,"href":"https:\/\/dana.com.br\/canaldana\/wp-json\/wp\/v2\/categories?post=33345"},{"taxonomy":"post_tag","embeddable":true,"href":"https:\/\/dana.com.br\/canaldana\/wp-json\/wp\/v2\/tags?post=33345"}],"curies":[{"name":"wp","href":"https:\/\/api.w.org\/{rel}","templated":true}]}}