{"id":33334,"date":"2019-03-28T08:42:46","date_gmt":"2019-03-28T11:42:46","guid":{"rendered":"https:\/\/dana.com.br\/canaldana\/?p=33334"},"modified":"2019-03-28T08:42:46","modified_gmt":"2019-03-28T11:42:46","slug":"importacao-de-autopecas-recua-219-no-bimestre","status":"publish","type":"post","link":"https:\/\/dana.com.br\/canaldana\/2019\/03\/28\/importacao-de-autopecas-recua-219-no-bimestre\/","title":{"rendered":"Importa\u00e7\u00e3o de autope\u00e7as recua 21,9% no bimestre"},"content":{"rendered":"<p><em>AutoInd\u00fastria<\/em><\/p>\n<p>&nbsp;<\/p>\n<p>As importa\u00e7\u00f5es de autope\u00e7as registraram queda de 21,9% no primeiro bimestre deste ano, atingindo US$ 1,8 bilh\u00e3o ante os US$ 2,2 bilh\u00f5es do mesmo per\u00edodo do ano passado. Tamb\u00e9m houve retra\u00e7\u00e3o nas exporta\u00e7\u00f5es, mas em \u00edndice menor, de 7,4%, com receita de US$ 1,1 bilh\u00e3o nos primeiros dois meses de 2019.<\/p>\n<p>&nbsp;<\/p>\n<p>O resultado \u00e9 um d\u00e9ficit na balan\u00e7a comercial do setor de US$ 625,9 milh\u00f5es, valor 39,2% inferior ao verificado no primeiro bimestre do ano passado, que foi de US$ 1 bilh\u00e3o, conforme dados divulgados esta semana pelo Sindipe\u00e7as.<\/p>\n<p>&nbsp;<\/p>\n<p>Na avalia\u00e7\u00e3o da entidade, o desempenho deste in\u00edcio de ano \u201cpode ser explicado por fatores associados \u00e0 volatilidade da taxa de c\u00e2mbio, \u00e0s incertezas provocadas pelas falhas de comunica\u00e7\u00e3o do governo, aos desdobramentos da crise na Argentina e \u00e0s d\u00favidas provocadas por declara\u00e7\u00f5es da General Motors, que n\u00e3o se confirmaram, mas que foram mantidas no caso da Ford\u201d.<\/p>\n<p>&nbsp;<\/p>\n<p>As exporta\u00e7\u00f5es para a Argentina continuam encolhendo. As vendas para o pa\u00eds vizinho ca\u00edram 39,3% no bimestre, de 368,1 milh\u00f5es para US$ 223,8 milh\u00f5es no comparativo interanual. J\u00e1 para os Estados Unidos houve alta de 12,3%, com total de US$ 259,2 milh\u00f5es. Tamb\u00e9m cresceram as exporta\u00e7\u00f5es para o M\u00e9xico (37,4%), Chile (61,9%), Col\u00f4mbia (36,3%) e Peru (62%).<\/p>\n<p>&nbsp;<\/p>\n<p>No caso das importa\u00e7\u00f5es, houve pequeno crescimento de 1,3% nas compras oriundas da China, com total de US$ 307,4 milh\u00f5es este ano. J\u00e1 as importa\u00e7\u00f5es provenientes dos Estados Unidos, M\u00e9xico, Alemanha, Jap\u00e3o e Coreia do Sul apresentaram queda em faixa pr\u00f3xima a 30%. (AutoInd\u00fastria)<\/p>\n","protected":false},"excerpt":{"rendered":"<p>AutoInd\u00fastria &nbsp; As importa\u00e7\u00f5es de autope\u00e7as registraram queda de 21,9% no primeiro bimestre deste ano, atingindo US$ 1,8 bilh\u00e3o ante os US$ 2,2 bilh\u00f5es do mesmo per\u00edodo do ano passado. Tamb\u00e9m houve retra\u00e7\u00e3o nas exporta\u00e7\u00f5es, mas em \u00edndice menor, de 7,4%, com receita de US$ 1,1 bilh\u00e3o nos primeiros dois meses de 2019. &nbsp; O\u2026 <a class=\"readmore\" href=\"https:\/\/dana.com.br\/canaldana\/2019\/03\/28\/importacao-de-autopecas-recua-219-no-bimestre\/\">Leia mais \u00bb<\/a><\/p>\n","protected":false},"author":3,"featured_media":0,"comment_status":"closed","ping_status":"closed","sticky":false,"template":"","format":"standard","meta":{"_acf_changed":false,"footnotes":""},"categories":[61],"tags":[],"class_list":["post-33334","post","type-post","status-publish","format-standard","hentry","category-destaques"],"acf":[],"yoast_head":"<!-- This site is optimized with the Yoast SEO plugin v27.3 - https:\/\/yoast.com\/product\/yoast-seo-wordpress\/ -->\n<title>Importa\u00e7\u00e3o de autope\u00e7as recua 21,9% no bimestre - Canal Dana<\/title>\n<meta name=\"robots\" content=\"index, follow, max-snippet:-1, max-image-preview:large, max-video-preview:-1\" \/>\n<link rel=\"canonical\" href=\"https:\/\/dana.com.br\/canaldana\/2019\/03\/28\/importacao-de-autopecas-recua-219-no-bimestre\/\" \/>\n<meta property=\"og:locale\" content=\"pt_BR\" \/>\n<meta property=\"og:type\" content=\"article\" \/>\n<meta property=\"og:title\" content=\"Importa\u00e7\u00e3o de autope\u00e7as recua 21,9% no bimestre - Canal Dana\" \/>\n<meta property=\"og:description\" content=\"AutoInd\u00fastria &nbsp; As importa\u00e7\u00f5es de autope\u00e7as registraram queda de 21,9% no primeiro bimestre deste ano, atingindo US$ 1,8 bilh\u00e3o ante os US$ 2,2 bilh\u00f5es do mesmo per\u00edodo do ano passado. Tamb\u00e9m houve retra\u00e7\u00e3o nas exporta\u00e7\u00f5es, mas em \u00edndice menor, de 7,4%, com receita de US$ 1,1 bilh\u00e3o nos primeiros dois meses de 2019. &nbsp; O\u2026 Leia mais \u00bb\" \/>\n<meta property=\"og:url\" content=\"https:\/\/dana.com.br\/canaldana\/2019\/03\/28\/importacao-de-autopecas-recua-219-no-bimestre\/\" \/>\n<meta property=\"og:site_name\" content=\"Canal Dana\" \/>\n<meta property=\"article:published_time\" content=\"2019-03-28T11:42:46+00:00\" \/>\n<meta name=\"author\" content=\"Canal Dana\" \/>\n<meta name=\"twitter:card\" content=\"summary_large_image\" \/>\n<meta name=\"twitter:label1\" content=\"Escrito por\" \/>\n\t<meta name=\"twitter:data1\" content=\"Canal Dana\" \/>\n\t<meta name=\"twitter:label2\" content=\"Est. tempo de leitura\" \/>\n\t<meta name=\"twitter:data2\" content=\"1 minuto\" \/>\n<script type=\"application\/ld+json\" class=\"yoast-schema-graph\">{\"@context\":\"https:\\\/\\\/schema.org\",\"@graph\":[{\"@type\":\"Article\",\"@id\":\"https:\\\/\\\/dana.com.br\\\/canaldana\\\/2019\\\/03\\\/28\\\/importacao-de-autopecas-recua-219-no-bimestre\\\/#article\",\"isPartOf\":{\"@id\":\"https:\\\/\\\/dana.com.br\\\/canaldana\\\/2019\\\/03\\\/28\\\/importacao-de-autopecas-recua-219-no-bimestre\\\/\"},\"author\":{\"name\":\"Canal Dana\",\"@id\":\"https:\\\/\\\/dana.com.br\\\/canaldana\\\/#\\\/schema\\\/person\\\/3c21f22f56fcf3bc46b94bc60ea4fef6\"},\"headline\":\"Importa\u00e7\u00e3o de autope\u00e7as recua 21,9% no bimestre\",\"datePublished\":\"2019-03-28T11:42:46+00:00\",\"mainEntityOfPage\":{\"@id\":\"https:\\\/\\\/dana.com.br\\\/canaldana\\\/2019\\\/03\\\/28\\\/importacao-de-autopecas-recua-219-no-bimestre\\\/\"},\"wordCount\":278,\"articleSection\":[\"Destaques\"],\"inLanguage\":\"pt-BR\"},{\"@type\":\"WebPage\",\"@id\":\"https:\\\/\\\/dana.com.br\\\/canaldana\\\/2019\\\/03\\\/28\\\/importacao-de-autopecas-recua-219-no-bimestre\\\/\",\"url\":\"https:\\\/\\\/dana.com.br\\\/canaldana\\\/2019\\\/03\\\/28\\\/importacao-de-autopecas-recua-219-no-bimestre\\\/\",\"name\":\"Importa\u00e7\u00e3o de autope\u00e7as recua 21,9% no bimestre - Canal Dana\",\"isPartOf\":{\"@id\":\"https:\\\/\\\/dana.com.br\\\/canaldana\\\/#website\"},\"datePublished\":\"2019-03-28T11:42:46+00:00\",\"author\":{\"@id\":\"https:\\\/\\\/dana.com.br\\\/canaldana\\\/#\\\/schema\\\/person\\\/3c21f22f56fcf3bc46b94bc60ea4fef6\"},\"breadcrumb\":{\"@id\":\"https:\\\/\\\/dana.com.br\\\/canaldana\\\/2019\\\/03\\\/28\\\/importacao-de-autopecas-recua-219-no-bimestre\\\/#breadcrumb\"},\"inLanguage\":\"pt-BR\",\"potentialAction\":[{\"@type\":\"ReadAction\",\"target\":[\"https:\\\/\\\/dana.com.br\\\/canaldana\\\/2019\\\/03\\\/28\\\/importacao-de-autopecas-recua-219-no-bimestre\\\/\"]}]},{\"@type\":\"BreadcrumbList\",\"@id\":\"https:\\\/\\\/dana.com.br\\\/canaldana\\\/2019\\\/03\\\/28\\\/importacao-de-autopecas-recua-219-no-bimestre\\\/#breadcrumb\",\"itemListElement\":[{\"@type\":\"ListItem\",\"position\":1,\"name\":\"Home\",\"item\":\"https:\\\/\\\/dana.com.br\\\/canaldana\\\/\"},{\"@type\":\"ListItem\",\"position\":2,\"name\":\"Destaques\",\"item\":\"https:\\\/\\\/dana.com.br\\\/canaldana\\\/destaques\\\/\"},{\"@type\":\"ListItem\",\"position\":3,\"name\":\"Importa\u00e7\u00e3o de autope\u00e7as recua 21,9% no bimestre\"}]},{\"@type\":\"WebSite\",\"@id\":\"https:\\\/\\\/dana.com.br\\\/canaldana\\\/#website\",\"url\":\"https:\\\/\\\/dana.com.br\\\/canaldana\\\/\",\"name\":\"Canal Dana\",\"description\":\"Informativo com as principais not\u00edcias da ind\u00fastria automotiva\",\"potentialAction\":[{\"@type\":\"SearchAction\",\"target\":{\"@type\":\"EntryPoint\",\"urlTemplate\":\"https:\\\/\\\/dana.com.br\\\/canaldana\\\/?s={search_term_string}\"},\"query-input\":{\"@type\":\"PropertyValueSpecification\",\"valueRequired\":true,\"valueName\":\"search_term_string\"}}],\"inLanguage\":\"pt-BR\"},{\"@type\":\"Person\",\"@id\":\"https:\\\/\\\/dana.com.br\\\/canaldana\\\/#\\\/schema\\\/person\\\/3c21f22f56fcf3bc46b94bc60ea4fef6\",\"name\":\"Canal Dana\",\"image\":{\"@type\":\"ImageObject\",\"inLanguage\":\"pt-BR\",\"@id\":\"https:\\\/\\\/secure.gravatar.com\\\/avatar\\\/420aaf9278582877d9018637c6817617705899d2858d7572ef0fe59a6b6454b4?s=96&d=mm&r=g\",\"url\":\"https:\\\/\\\/secure.gravatar.com\\\/avatar\\\/420aaf9278582877d9018637c6817617705899d2858d7572ef0fe59a6b6454b4?s=96&d=mm&r=g\",\"contentUrl\":\"https:\\\/\\\/secure.gravatar.com\\\/avatar\\\/420aaf9278582877d9018637c6817617705899d2858d7572ef0fe59a6b6454b4?s=96&d=mm&r=g\",\"caption\":\"Canal Dana\"},\"url\":\"https:\\\/\\\/dana.com.br\\\/canaldana\\\/author\\\/cdeditor\\\/\"}]}<\/script>\n<!-- \/ Yoast SEO plugin. -->","yoast_head_json":{"title":"Importa\u00e7\u00e3o de autope\u00e7as recua 21,9% no bimestre - Canal Dana","robots":{"index":"index","follow":"follow","max-snippet":"max-snippet:-1","max-image-preview":"max-image-preview:large","max-video-preview":"max-video-preview:-1"},"canonical":"https:\/\/dana.com.br\/canaldana\/2019\/03\/28\/importacao-de-autopecas-recua-219-no-bimestre\/","og_locale":"pt_BR","og_type":"article","og_title":"Importa\u00e7\u00e3o de autope\u00e7as recua 21,9% no bimestre - Canal Dana","og_description":"AutoInd\u00fastria &nbsp; As importa\u00e7\u00f5es de autope\u00e7as registraram queda de 21,9% no primeiro bimestre deste ano, atingindo US$ 1,8 bilh\u00e3o ante os US$ 2,2 bilh\u00f5es do mesmo per\u00edodo do ano passado. Tamb\u00e9m houve retra\u00e7\u00e3o nas exporta\u00e7\u00f5es, mas em \u00edndice menor, de 7,4%, com receita de US$ 1,1 bilh\u00e3o nos primeiros dois meses de 2019. &nbsp; O\u2026 Leia mais \u00bb","og_url":"https:\/\/dana.com.br\/canaldana\/2019\/03\/28\/importacao-de-autopecas-recua-219-no-bimestre\/","og_site_name":"Canal Dana","article_published_time":"2019-03-28T11:42:46+00:00","author":"Canal Dana","twitter_card":"summary_large_image","twitter_misc":{"Escrito por":"Canal Dana","Est. tempo de leitura":"1 minuto"},"schema":{"@context":"https:\/\/schema.org","@graph":[{"@type":"Article","@id":"https:\/\/dana.com.br\/canaldana\/2019\/03\/28\/importacao-de-autopecas-recua-219-no-bimestre\/#article","isPartOf":{"@id":"https:\/\/dana.com.br\/canaldana\/2019\/03\/28\/importacao-de-autopecas-recua-219-no-bimestre\/"},"author":{"name":"Canal Dana","@id":"https:\/\/dana.com.br\/canaldana\/#\/schema\/person\/3c21f22f56fcf3bc46b94bc60ea4fef6"},"headline":"Importa\u00e7\u00e3o de autope\u00e7as recua 21,9% no bimestre","datePublished":"2019-03-28T11:42:46+00:00","mainEntityOfPage":{"@id":"https:\/\/dana.com.br\/canaldana\/2019\/03\/28\/importacao-de-autopecas-recua-219-no-bimestre\/"},"wordCount":278,"articleSection":["Destaques"],"inLanguage":"pt-BR"},{"@type":"WebPage","@id":"https:\/\/dana.com.br\/canaldana\/2019\/03\/28\/importacao-de-autopecas-recua-219-no-bimestre\/","url":"https:\/\/dana.com.br\/canaldana\/2019\/03\/28\/importacao-de-autopecas-recua-219-no-bimestre\/","name":"Importa\u00e7\u00e3o de autope\u00e7as recua 21,9% no bimestre - Canal Dana","isPartOf":{"@id":"https:\/\/dana.com.br\/canaldana\/#website"},"datePublished":"2019-03-28T11:42:46+00:00","author":{"@id":"https:\/\/dana.com.br\/canaldana\/#\/schema\/person\/3c21f22f56fcf3bc46b94bc60ea4fef6"},"breadcrumb":{"@id":"https:\/\/dana.com.br\/canaldana\/2019\/03\/28\/importacao-de-autopecas-recua-219-no-bimestre\/#breadcrumb"},"inLanguage":"pt-BR","potentialAction":[{"@type":"ReadAction","target":["https:\/\/dana.com.br\/canaldana\/2019\/03\/28\/importacao-de-autopecas-recua-219-no-bimestre\/"]}]},{"@type":"BreadcrumbList","@id":"https:\/\/dana.com.br\/canaldana\/2019\/03\/28\/importacao-de-autopecas-recua-219-no-bimestre\/#breadcrumb","itemListElement":[{"@type":"ListItem","position":1,"name":"Home","item":"https:\/\/dana.com.br\/canaldana\/"},{"@type":"ListItem","position":2,"name":"Destaques","item":"https:\/\/dana.com.br\/canaldana\/destaques\/"},{"@type":"ListItem","position":3,"name":"Importa\u00e7\u00e3o de autope\u00e7as recua 21,9% no bimestre"}]},{"@type":"WebSite","@id":"https:\/\/dana.com.br\/canaldana\/#website","url":"https:\/\/dana.com.br\/canaldana\/","name":"Canal Dana","description":"Informativo com as principais not\u00edcias da ind\u00fastria automotiva","potentialAction":[{"@type":"SearchAction","target":{"@type":"EntryPoint","urlTemplate":"https:\/\/dana.com.br\/canaldana\/?s={search_term_string}"},"query-input":{"@type":"PropertyValueSpecification","valueRequired":true,"valueName":"search_term_string"}}],"inLanguage":"pt-BR"},{"@type":"Person","@id":"https:\/\/dana.com.br\/canaldana\/#\/schema\/person\/3c21f22f56fcf3bc46b94bc60ea4fef6","name":"Canal Dana","image":{"@type":"ImageObject","inLanguage":"pt-BR","@id":"https:\/\/secure.gravatar.com\/avatar\/420aaf9278582877d9018637c6817617705899d2858d7572ef0fe59a6b6454b4?s=96&d=mm&r=g","url":"https:\/\/secure.gravatar.com\/avatar\/420aaf9278582877d9018637c6817617705899d2858d7572ef0fe59a6b6454b4?s=96&d=mm&r=g","contentUrl":"https:\/\/secure.gravatar.com\/avatar\/420aaf9278582877d9018637c6817617705899d2858d7572ef0fe59a6b6454b4?s=96&d=mm&r=g","caption":"Canal Dana"},"url":"https:\/\/dana.com.br\/canaldana\/author\/cdeditor\/"}]}},"_links":{"self":[{"href":"https:\/\/dana.com.br\/canaldana\/wp-json\/wp\/v2\/posts\/33334","targetHints":{"allow":["GET"]}}],"collection":[{"href":"https:\/\/dana.com.br\/canaldana\/wp-json\/wp\/v2\/posts"}],"about":[{"href":"https:\/\/dana.com.br\/canaldana\/wp-json\/wp\/v2\/types\/post"}],"author":[{"embeddable":true,"href":"https:\/\/dana.com.br\/canaldana\/wp-json\/wp\/v2\/users\/3"}],"replies":[{"embeddable":true,"href":"https:\/\/dana.com.br\/canaldana\/wp-json\/wp\/v2\/comments?post=33334"}],"version-history":[{"count":0,"href":"https:\/\/dana.com.br\/canaldana\/wp-json\/wp\/v2\/posts\/33334\/revisions"}],"wp:attachment":[{"href":"https:\/\/dana.com.br\/canaldana\/wp-json\/wp\/v2\/media?parent=33334"}],"wp:term":[{"taxonomy":"category","embeddable":true,"href":"https:\/\/dana.com.br\/canaldana\/wp-json\/wp\/v2\/categories?post=33334"},{"taxonomy":"post_tag","embeddable":true,"href":"https:\/\/dana.com.br\/canaldana\/wp-json\/wp\/v2\/tags?post=33334"}],"curies":[{"name":"wp","href":"https:\/\/api.w.org\/{rel}","templated":true}]}}