{"id":33332,"date":"2019-03-28T08:42:16","date_gmt":"2019-03-28T11:42:16","guid":{"rendered":"https:\/\/dana.com.br\/canaldana\/?p=33332"},"modified":"2019-03-28T08:42:16","modified_gmt":"2019-03-28T11:42:16","slug":"presidentes-de-montadoras-destacam-otimismo-no-congresso-automotivo","status":"publish","type":"post","link":"https:\/\/dana.com.br\/canaldana\/2019\/03\/28\/presidentes-de-montadoras-destacam-otimismo-no-congresso-automotivo\/","title":{"rendered":"Presidentes de montadoras destacam otimismo no Congresso Automotivo"},"content":{"rendered":"<p><em>ABC do ABC<\/em><\/p>\n<p>&nbsp;<\/p>\n<p>Durante o segundo e \u00faltimo dia do 1\u00b0Congresso Latino-Americano da Ind\u00fastria Automotiva, realizado entre ontem e hoje (26\/03) no Cenforpe, em S\u00e3o Bernardo, o tom otimista e a proje\u00e7\u00e3o de expans\u00e3o do mercado foram a t\u00f4nica nos discursos das principais montadoras que participaram do evento.<\/p>\n<p>&nbsp;<\/p>\n<p>Executivos da Volkswagen, Toyota e General Motors fizeram apresenta\u00e7\u00f5es sobre o momento da ind\u00fastria automobil\u00edstica e relataram dados econ\u00f4micos que apontam para n\u00fameros melhores tanto na venda de ve\u00edculos para o mercado brasileiro quanto para exporta\u00e7\u00f5es.<\/p>\n<p>&nbsp;<\/p>\n<p>A abertura do dia de atividades foi feita pelo presidente da Volkswagen Am\u00e9rica do Sul, Pablo Di Si, que trouxe proje\u00e7\u00f5es a respeito da comercializa\u00e7\u00e3o de autom\u00f3veis. Na vis\u00e3o dele, a Am\u00e9rica Latina tem a possibilidade de expandir as vendas em 4,7% neste ano e em 5,1% em 2020.<\/p>\n<p>&nbsp;<\/p>\n<p>Para o mercado brasileiro, Di Si destacou que a venda de ve\u00edculos pode subir para R$ 2,8 milh\u00f5es de unidades em 2019 e para R$ 3 milh\u00f5es no ano que vem. &#8220;Estamos vivendo momento positivo, com baixa inadimpl\u00eancia e retomada da confian\u00e7a do n\u00edvel de confian\u00e7a do consumidor&#8221;, destacou o executivo da Volks, que lidera investimentos de R$ 2,6 bilh\u00f5es na planta de S\u00e3o Bernardo.<\/p>\n<p>&nbsp;<\/p>\n<p>Por sua vez, o vice-presidente da Toyota do Brasil, Celso Simomura, relatou que a marca espera expans\u00e3o nas vendas na regi\u00e3o da Am\u00e9rica Latina e Caribe para 445 mil unidades.<\/p>\n<p>&nbsp;<\/p>\n<p>S\u00e3o Bernardo colabora para esse crescimento em duas frentes. A planta estabelecida no munic\u00edpio fabrica pe\u00e7as que s\u00e3o fornecidas para outras f\u00e1bricas no Brasil e exportadas para Argentina e Estados Unidos. A cidade sedia ainda um centro de design de novos modelos.<\/p>\n<p>&nbsp;<\/p>\n<p>Entre as estrat\u00e9gias da montadora est\u00e3o a regionaliza\u00e7\u00e3o da produ\u00e7\u00e3o de ve\u00edculos, lan\u00e7amento de novos produtos e a ado\u00e7\u00e3o de novas tecnologias.<\/p>\n<p>&nbsp;<\/p>\n<p>J\u00e1 o presidente da General Motors Am\u00e9rica do Sul, Carlos Zarlenga, confirmou novos investimentos de R$ 10 bilh\u00f5es no Brasil. Por outro lado, o executivo alertou para problemas existentes no mercado brasileiro. &#8220;Estamos reafirmando uma soma decisiva para o futuro da empresa no Brasil e na Am\u00e9rica do Sul. Mas temos um quadro delicado, com exporta\u00e7\u00f5es quase inexistentes e baixo retorno. Precisamos discutir as quest\u00f5es log\u00edsticas e de carga tribut\u00e1ria. O momento \u00e9 prop\u00edcio para isso&#8221;, ponderou.<\/p>\n<p>&nbsp;<\/p>\n<p><strong>Pauta tem\u00e1tica<\/strong><\/p>\n<p>&nbsp;<\/p>\n<p>O encerramento do Congresso foi marcado tamb\u00e9m por discuss\u00f5es t\u00e9cnicas promovidas por grandes players do mercado de autope\u00e7as e implementos.<\/p>\n<p>&nbsp;<\/p>\n<p>Em uma sala do Cenforpe, profissionais de empresas como Wheaton, Usiminas, FPT e Schaeffer apresentaram solu\u00e7\u00f5es e debateram alternativas sobre temas como uso do a\u00e7o na fabrica\u00e7\u00e3o de autom\u00f3veis, fontes alternativas de energia e solu\u00e7\u00f5es para motores.<\/p>\n<p>&nbsp;<\/p>\n<p>O 1\u00b0Congresso Latino-Americano da Ind\u00fastria Automotiva foi realizado pela Prefeitura de S\u00e3o Bernardo em parceria com a Editora AutoData, principal publica\u00e7\u00e3o de an\u00e1lise econ\u00f4mica e de assuntos relacionados ao setor automotivo. (ABC do ABC)<\/p>\n","protected":false},"excerpt":{"rendered":"<p>ABC do ABC &nbsp; Durante o segundo e \u00faltimo dia do 1\u00b0Congresso Latino-Americano da Ind\u00fastria Automotiva, realizado entre ontem e hoje (26\/03) no Cenforpe, em S\u00e3o Bernardo, o tom otimista e a proje\u00e7\u00e3o de expans\u00e3o do mercado foram a t\u00f4nica nos discursos das principais montadoras que participaram do evento. &nbsp; Executivos da Volkswagen, Toyota e\u2026 <a class=\"readmore\" href=\"https:\/\/dana.com.br\/canaldana\/2019\/03\/28\/presidentes-de-montadoras-destacam-otimismo-no-congresso-automotivo\/\">Leia mais \u00bb<\/a><\/p>\n","protected":false},"author":3,"featured_media":0,"comment_status":"closed","ping_status":"closed","sticky":false,"template":"","format":"standard","meta":{"_acf_changed":false,"footnotes":""},"categories":[61],"tags":[],"class_list":["post-33332","post","type-post","status-publish","format-standard","hentry","category-destaques"],"acf":[],"yoast_head":"<!-- This site is optimized with the Yoast SEO plugin v27.3 - https:\/\/yoast.com\/product\/yoast-seo-wordpress\/ -->\n<title>Presidentes de montadoras destacam otimismo no Congresso Automotivo - Canal Dana<\/title>\n<meta name=\"robots\" content=\"index, follow, max-snippet:-1, max-image-preview:large, max-video-preview:-1\" \/>\n<link rel=\"canonical\" href=\"https:\/\/dana.com.br\/canaldana\/2019\/03\/28\/presidentes-de-montadoras-destacam-otimismo-no-congresso-automotivo\/\" \/>\n<meta property=\"og:locale\" content=\"pt_BR\" \/>\n<meta property=\"og:type\" content=\"article\" \/>\n<meta property=\"og:title\" content=\"Presidentes de montadoras destacam otimismo no Congresso Automotivo - Canal Dana\" \/>\n<meta property=\"og:description\" content=\"ABC do ABC &nbsp; Durante o segundo e \u00faltimo dia do 1\u00b0Congresso Latino-Americano da Ind\u00fastria Automotiva, realizado entre ontem e hoje (26\/03) no Cenforpe, em S\u00e3o Bernardo, o tom otimista e a proje\u00e7\u00e3o de expans\u00e3o do mercado foram a t\u00f4nica nos discursos das principais montadoras que participaram do evento. &nbsp; Executivos da Volkswagen, Toyota e\u2026 Leia mais \u00bb\" \/>\n<meta property=\"og:url\" content=\"https:\/\/dana.com.br\/canaldana\/2019\/03\/28\/presidentes-de-montadoras-destacam-otimismo-no-congresso-automotivo\/\" \/>\n<meta property=\"og:site_name\" content=\"Canal Dana\" \/>\n<meta property=\"article:published_time\" content=\"2019-03-28T11:42:16+00:00\" \/>\n<meta name=\"author\" content=\"Canal Dana\" \/>\n<meta name=\"twitter:card\" content=\"summary_large_image\" \/>\n<meta name=\"twitter:label1\" content=\"Escrito por\" \/>\n\t<meta name=\"twitter:data1\" content=\"Canal Dana\" \/>\n\t<meta name=\"twitter:label2\" content=\"Est. tempo de leitura\" \/>\n\t<meta name=\"twitter:data2\" content=\"3 minutos\" \/>\n<script type=\"application\/ld+json\" class=\"yoast-schema-graph\">{\"@context\":\"https:\\\/\\\/schema.org\",\"@graph\":[{\"@type\":\"Article\",\"@id\":\"https:\\\/\\\/dana.com.br\\\/canaldana\\\/2019\\\/03\\\/28\\\/presidentes-de-montadoras-destacam-otimismo-no-congresso-automotivo\\\/#article\",\"isPartOf\":{\"@id\":\"https:\\\/\\\/dana.com.br\\\/canaldana\\\/2019\\\/03\\\/28\\\/presidentes-de-montadoras-destacam-otimismo-no-congresso-automotivo\\\/\"},\"author\":{\"name\":\"Canal Dana\",\"@id\":\"https:\\\/\\\/dana.com.br\\\/canaldana\\\/#\\\/schema\\\/person\\\/3c21f22f56fcf3bc46b94bc60ea4fef6\"},\"headline\":\"Presidentes de montadoras destacam otimismo no Congresso Automotivo\",\"datePublished\":\"2019-03-28T11:42:16+00:00\",\"mainEntityOfPage\":{\"@id\":\"https:\\\/\\\/dana.com.br\\\/canaldana\\\/2019\\\/03\\\/28\\\/presidentes-de-montadoras-destacam-otimismo-no-congresso-automotivo\\\/\"},\"wordCount\":536,\"articleSection\":[\"Destaques\"],\"inLanguage\":\"pt-BR\"},{\"@type\":\"WebPage\",\"@id\":\"https:\\\/\\\/dana.com.br\\\/canaldana\\\/2019\\\/03\\\/28\\\/presidentes-de-montadoras-destacam-otimismo-no-congresso-automotivo\\\/\",\"url\":\"https:\\\/\\\/dana.com.br\\\/canaldana\\\/2019\\\/03\\\/28\\\/presidentes-de-montadoras-destacam-otimismo-no-congresso-automotivo\\\/\",\"name\":\"Presidentes de montadoras destacam otimismo no Congresso Automotivo - Canal Dana\",\"isPartOf\":{\"@id\":\"https:\\\/\\\/dana.com.br\\\/canaldana\\\/#website\"},\"datePublished\":\"2019-03-28T11:42:16+00:00\",\"author\":{\"@id\":\"https:\\\/\\\/dana.com.br\\\/canaldana\\\/#\\\/schema\\\/person\\\/3c21f22f56fcf3bc46b94bc60ea4fef6\"},\"breadcrumb\":{\"@id\":\"https:\\\/\\\/dana.com.br\\\/canaldana\\\/2019\\\/03\\\/28\\\/presidentes-de-montadoras-destacam-otimismo-no-congresso-automotivo\\\/#breadcrumb\"},\"inLanguage\":\"pt-BR\",\"potentialAction\":[{\"@type\":\"ReadAction\",\"target\":[\"https:\\\/\\\/dana.com.br\\\/canaldana\\\/2019\\\/03\\\/28\\\/presidentes-de-montadoras-destacam-otimismo-no-congresso-automotivo\\\/\"]}]},{\"@type\":\"BreadcrumbList\",\"@id\":\"https:\\\/\\\/dana.com.br\\\/canaldana\\\/2019\\\/03\\\/28\\\/presidentes-de-montadoras-destacam-otimismo-no-congresso-automotivo\\\/#breadcrumb\",\"itemListElement\":[{\"@type\":\"ListItem\",\"position\":1,\"name\":\"Home\",\"item\":\"https:\\\/\\\/dana.com.br\\\/canaldana\\\/\"},{\"@type\":\"ListItem\",\"position\":2,\"name\":\"Destaques\",\"item\":\"https:\\\/\\\/dana.com.br\\\/canaldana\\\/destaques\\\/\"},{\"@type\":\"ListItem\",\"position\":3,\"name\":\"Presidentes de montadoras destacam otimismo no Congresso Automotivo\"}]},{\"@type\":\"WebSite\",\"@id\":\"https:\\\/\\\/dana.com.br\\\/canaldana\\\/#website\",\"url\":\"https:\\\/\\\/dana.com.br\\\/canaldana\\\/\",\"name\":\"Canal Dana\",\"description\":\"Informativo com as principais not\u00edcias da ind\u00fastria automotiva\",\"potentialAction\":[{\"@type\":\"SearchAction\",\"target\":{\"@type\":\"EntryPoint\",\"urlTemplate\":\"https:\\\/\\\/dana.com.br\\\/canaldana\\\/?s={search_term_string}\"},\"query-input\":{\"@type\":\"PropertyValueSpecification\",\"valueRequired\":true,\"valueName\":\"search_term_string\"}}],\"inLanguage\":\"pt-BR\"},{\"@type\":\"Person\",\"@id\":\"https:\\\/\\\/dana.com.br\\\/canaldana\\\/#\\\/schema\\\/person\\\/3c21f22f56fcf3bc46b94bc60ea4fef6\",\"name\":\"Canal Dana\",\"image\":{\"@type\":\"ImageObject\",\"inLanguage\":\"pt-BR\",\"@id\":\"https:\\\/\\\/secure.gravatar.com\\\/avatar\\\/420aaf9278582877d9018637c6817617705899d2858d7572ef0fe59a6b6454b4?s=96&d=mm&r=g\",\"url\":\"https:\\\/\\\/secure.gravatar.com\\\/avatar\\\/420aaf9278582877d9018637c6817617705899d2858d7572ef0fe59a6b6454b4?s=96&d=mm&r=g\",\"contentUrl\":\"https:\\\/\\\/secure.gravatar.com\\\/avatar\\\/420aaf9278582877d9018637c6817617705899d2858d7572ef0fe59a6b6454b4?s=96&d=mm&r=g\",\"caption\":\"Canal Dana\"},\"url\":\"https:\\\/\\\/dana.com.br\\\/canaldana\\\/author\\\/cdeditor\\\/\"}]}<\/script>\n<!-- \/ Yoast SEO plugin. -->","yoast_head_json":{"title":"Presidentes de montadoras destacam otimismo no Congresso Automotivo - Canal Dana","robots":{"index":"index","follow":"follow","max-snippet":"max-snippet:-1","max-image-preview":"max-image-preview:large","max-video-preview":"max-video-preview:-1"},"canonical":"https:\/\/dana.com.br\/canaldana\/2019\/03\/28\/presidentes-de-montadoras-destacam-otimismo-no-congresso-automotivo\/","og_locale":"pt_BR","og_type":"article","og_title":"Presidentes de montadoras destacam otimismo no Congresso Automotivo - Canal Dana","og_description":"ABC do ABC &nbsp; Durante o segundo e \u00faltimo dia do 1\u00b0Congresso Latino-Americano da Ind\u00fastria Automotiva, realizado entre ontem e hoje (26\/03) no Cenforpe, em S\u00e3o Bernardo, o tom otimista e a proje\u00e7\u00e3o de expans\u00e3o do mercado foram a t\u00f4nica nos discursos das principais montadoras que participaram do evento. &nbsp; Executivos da Volkswagen, Toyota e\u2026 Leia mais \u00bb","og_url":"https:\/\/dana.com.br\/canaldana\/2019\/03\/28\/presidentes-de-montadoras-destacam-otimismo-no-congresso-automotivo\/","og_site_name":"Canal Dana","article_published_time":"2019-03-28T11:42:16+00:00","author":"Canal Dana","twitter_card":"summary_large_image","twitter_misc":{"Escrito por":"Canal Dana","Est. tempo de leitura":"3 minutos"},"schema":{"@context":"https:\/\/schema.org","@graph":[{"@type":"Article","@id":"https:\/\/dana.com.br\/canaldana\/2019\/03\/28\/presidentes-de-montadoras-destacam-otimismo-no-congresso-automotivo\/#article","isPartOf":{"@id":"https:\/\/dana.com.br\/canaldana\/2019\/03\/28\/presidentes-de-montadoras-destacam-otimismo-no-congresso-automotivo\/"},"author":{"name":"Canal Dana","@id":"https:\/\/dana.com.br\/canaldana\/#\/schema\/person\/3c21f22f56fcf3bc46b94bc60ea4fef6"},"headline":"Presidentes de montadoras destacam otimismo no Congresso Automotivo","datePublished":"2019-03-28T11:42:16+00:00","mainEntityOfPage":{"@id":"https:\/\/dana.com.br\/canaldana\/2019\/03\/28\/presidentes-de-montadoras-destacam-otimismo-no-congresso-automotivo\/"},"wordCount":536,"articleSection":["Destaques"],"inLanguage":"pt-BR"},{"@type":"WebPage","@id":"https:\/\/dana.com.br\/canaldana\/2019\/03\/28\/presidentes-de-montadoras-destacam-otimismo-no-congresso-automotivo\/","url":"https:\/\/dana.com.br\/canaldana\/2019\/03\/28\/presidentes-de-montadoras-destacam-otimismo-no-congresso-automotivo\/","name":"Presidentes de montadoras destacam otimismo no Congresso Automotivo - Canal Dana","isPartOf":{"@id":"https:\/\/dana.com.br\/canaldana\/#website"},"datePublished":"2019-03-28T11:42:16+00:00","author":{"@id":"https:\/\/dana.com.br\/canaldana\/#\/schema\/person\/3c21f22f56fcf3bc46b94bc60ea4fef6"},"breadcrumb":{"@id":"https:\/\/dana.com.br\/canaldana\/2019\/03\/28\/presidentes-de-montadoras-destacam-otimismo-no-congresso-automotivo\/#breadcrumb"},"inLanguage":"pt-BR","potentialAction":[{"@type":"ReadAction","target":["https:\/\/dana.com.br\/canaldana\/2019\/03\/28\/presidentes-de-montadoras-destacam-otimismo-no-congresso-automotivo\/"]}]},{"@type":"BreadcrumbList","@id":"https:\/\/dana.com.br\/canaldana\/2019\/03\/28\/presidentes-de-montadoras-destacam-otimismo-no-congresso-automotivo\/#breadcrumb","itemListElement":[{"@type":"ListItem","position":1,"name":"Home","item":"https:\/\/dana.com.br\/canaldana\/"},{"@type":"ListItem","position":2,"name":"Destaques","item":"https:\/\/dana.com.br\/canaldana\/destaques\/"},{"@type":"ListItem","position":3,"name":"Presidentes de montadoras destacam otimismo no Congresso Automotivo"}]},{"@type":"WebSite","@id":"https:\/\/dana.com.br\/canaldana\/#website","url":"https:\/\/dana.com.br\/canaldana\/","name":"Canal Dana","description":"Informativo com as principais not\u00edcias da ind\u00fastria automotiva","potentialAction":[{"@type":"SearchAction","target":{"@type":"EntryPoint","urlTemplate":"https:\/\/dana.com.br\/canaldana\/?s={search_term_string}"},"query-input":{"@type":"PropertyValueSpecification","valueRequired":true,"valueName":"search_term_string"}}],"inLanguage":"pt-BR"},{"@type":"Person","@id":"https:\/\/dana.com.br\/canaldana\/#\/schema\/person\/3c21f22f56fcf3bc46b94bc60ea4fef6","name":"Canal Dana","image":{"@type":"ImageObject","inLanguage":"pt-BR","@id":"https:\/\/secure.gravatar.com\/avatar\/420aaf9278582877d9018637c6817617705899d2858d7572ef0fe59a6b6454b4?s=96&d=mm&r=g","url":"https:\/\/secure.gravatar.com\/avatar\/420aaf9278582877d9018637c6817617705899d2858d7572ef0fe59a6b6454b4?s=96&d=mm&r=g","contentUrl":"https:\/\/secure.gravatar.com\/avatar\/420aaf9278582877d9018637c6817617705899d2858d7572ef0fe59a6b6454b4?s=96&d=mm&r=g","caption":"Canal Dana"},"url":"https:\/\/dana.com.br\/canaldana\/author\/cdeditor\/"}]}},"_links":{"self":[{"href":"https:\/\/dana.com.br\/canaldana\/wp-json\/wp\/v2\/posts\/33332","targetHints":{"allow":["GET"]}}],"collection":[{"href":"https:\/\/dana.com.br\/canaldana\/wp-json\/wp\/v2\/posts"}],"about":[{"href":"https:\/\/dana.com.br\/canaldana\/wp-json\/wp\/v2\/types\/post"}],"author":[{"embeddable":true,"href":"https:\/\/dana.com.br\/canaldana\/wp-json\/wp\/v2\/users\/3"}],"replies":[{"embeddable":true,"href":"https:\/\/dana.com.br\/canaldana\/wp-json\/wp\/v2\/comments?post=33332"}],"version-history":[{"count":0,"href":"https:\/\/dana.com.br\/canaldana\/wp-json\/wp\/v2\/posts\/33332\/revisions"}],"wp:attachment":[{"href":"https:\/\/dana.com.br\/canaldana\/wp-json\/wp\/v2\/media?parent=33332"}],"wp:term":[{"taxonomy":"category","embeddable":true,"href":"https:\/\/dana.com.br\/canaldana\/wp-json\/wp\/v2\/categories?post=33332"},{"taxonomy":"post_tag","embeddable":true,"href":"https:\/\/dana.com.br\/canaldana\/wp-json\/wp\/v2\/tags?post=33332"}],"curies":[{"name":"wp","href":"https:\/\/api.w.org\/{rel}","templated":true}]}}