{"id":33312,"date":"2019-03-28T08:37:47","date_gmt":"2019-03-28T11:37:47","guid":{"rendered":"https:\/\/dana.com.br\/canaldana\/?p=33312"},"modified":"2019-03-28T08:37:47","modified_gmt":"2019-03-28T11:37:47","slug":"alemanha-precisara-de-10-milhoes-de-carros-eletricos-para-reduzir-poluicao","status":"publish","type":"post","link":"https:\/\/dana.com.br\/canaldana\/2019\/03\/28\/alemanha-precisara-de-10-milhoes-de-carros-eletricos-para-reduzir-poluicao\/","title":{"rendered":"Alemanha precisar\u00e1 de 10 milh\u00f5es de carros el\u00e9tricos para reduzir polui\u00e7\u00e3o"},"content":{"rendered":"<p><em>UOL Carros<\/em><\/p>\n<p>&nbsp;<\/p>\n<p>A Alemanha precisar\u00e1 de um grande aumento no n\u00famero de carros el\u00e9tricos nas rodovias para cortar seriamente a emiss\u00e3o de carbono pela ind\u00fastria de transportes.<\/p>\n<p>&nbsp;<\/p>\n<p>Enquanto o pa\u00eds fecha usinas de carv\u00e3o para gerar energia mais limpa, os gases estufa do setor de transporte s\u00e3o tarefa mais \u00e1rdua. Um forte lobby de carros, em torno de 800 mil empregos no setor automotivo, e a paix\u00e3o por carros dom\u00e9sticos de motor a combust\u00e3o deixam as autoridades cautelosas sobre o aumento de impostos nos combust\u00edveis.<\/p>\n<p>&nbsp;<\/p>\n<p>Esses dados s\u00e3o muito importantes, de acordo com um painel de especialistas formado pela chanceler Angela Merkel, apresentados ao governo esta semana em Berlim. Cerca de 10 milh\u00f5es de carros el\u00e9tricos ser\u00e3o necess\u00e1rios at\u00e9 2030 para alcan\u00e7ar diminui\u00e7\u00e3o significativa de emiss\u00f5es de poluentes, segundo o acordo global de Paris. Somente 200 mil carros puramente el\u00e9tricos ou h\u00edbridos circulam nas estradas do pa\u00eds atualmente.<\/p>\n<p>&nbsp;<\/p>\n<p>&#8220;Aumentar a frota de carros el\u00e9tricos para 10 milh\u00f5es ou 20% do n\u00famero de carros registrados \u00e9 fundamental para cortar emiss\u00f5es&#8221;, disse Arno Klare, um legislador e porta voz do Partido Social Democr\u00e1tico sobre mobilidade el\u00e9trica.<\/p>\n<p>&nbsp;<\/p>\n<p>&#8220;N\u00e3o ser\u00e1 f\u00e1cil, mas pode ser feito&#8221;.<\/p>\n<p>&nbsp;<\/p>\n<p>Merkel quer transformar em lei as pol\u00edticas para cortar emiss\u00f5es ainda este ano. Gases de efeito estufa emitidos por ve\u00edculos t\u00eam aumentado devido ao aumento da economia que impulsionou a venda de carros e transportes por caminh\u00f5es.<\/p>\n<p>&nbsp;<\/p>\n<p>Embora atenta \u00e0 pol\u00edtica que pode prejudicar a ind\u00fastria automobil\u00edstica, Merkel est\u00e1 inclinada a seguir o Acordo de Paris para cortar emiss\u00e3o de poluentes em 42% at\u00e9 2030, comparado aos n\u00edveis de 1990.<\/p>\n<p>&nbsp;<\/p>\n<p>Liderados pelo ex-presidente da SAP, Henning Kagermann, com a ajuda de alguns executivos da ind\u00fastria automobil\u00edstica, o grupo lista tr\u00eas pol\u00edticas poss\u00edveis para ajudar a Alemanha a alcan\u00e7ar seu objetivo. Uma prerrogativa \u00e9 Merkel n\u00e3o estar obrigada a seguir as recomenda\u00e7\u00f5es enquanto atinge a meta de redu\u00e7\u00f5es.<\/p>\n<p>&nbsp;<\/p>\n<p>A meta de emiss\u00e3o de poluentes da Alemanha para 2030 significa reduzir emiss\u00f5es de 170 milh\u00f5es de toneladas em 2018 at\u00e9 no m\u00e1ximo de 98 milh\u00f5es toneladas at\u00e9 2030.<\/p>\n<p>&nbsp;<\/p>\n<p>O painel tamb\u00e9m sugere que combust\u00edveis sint\u00e9ticos e biocombust\u00edveis possam contribuir para cobrir a lacuna de carbono no setor de transportes. Esses combust\u00edveis t\u00eam a vantagem de n\u00e3o precisar fazer altera\u00e7\u00f5es nos motores ou na infraestrutura dos postos de gasolina, de acordo com o relat\u00f3rio.<\/p>\n<p>&nbsp;<\/p>\n<p>&#8220;O que \u00e9 realmente importante \u00e9 que tamb\u00e9m apoiamos essa estrat\u00e9gia ao incentivar outras tecnologias limpas, incluindo combust\u00edveis sint\u00e9ticos&#8221;, afirmou Klare, que n\u00e3o est\u00e1 no painel, mas assiste a algumas sess\u00f5es. &#8220;Procuramos uma mudan\u00e7a radical de como nos mover de A para B&#8221;. (UOL Carros)<\/p>\n","protected":false},"excerpt":{"rendered":"<p>UOL Carros &nbsp; A Alemanha precisar\u00e1 de um grande aumento no n\u00famero de carros el\u00e9tricos nas rodovias para cortar seriamente a emiss\u00e3o de carbono pela ind\u00fastria de transportes. &nbsp; Enquanto o pa\u00eds fecha usinas de carv\u00e3o para gerar energia mais limpa, os gases estufa do setor de transporte s\u00e3o tarefa mais \u00e1rdua. Um forte lobby\u2026 <a class=\"readmore\" href=\"https:\/\/dana.com.br\/canaldana\/2019\/03\/28\/alemanha-precisara-de-10-milhoes-de-carros-eletricos-para-reduzir-poluicao\/\">Leia mais \u00bb<\/a><\/p>\n","protected":false},"author":3,"featured_media":0,"comment_status":"closed","ping_status":"closed","sticky":false,"template":"","format":"standard","meta":{"_acf_changed":false,"footnotes":""},"categories":[110],"tags":[],"class_list":["post-33312","post","type-post","status-publish","format-standard","hentry","category-eletricos"],"acf":[],"yoast_head":"<!-- This site is optimized with the Yoast SEO plugin v27.3 - https:\/\/yoast.com\/product\/yoast-seo-wordpress\/ -->\n<title>Alemanha precisar\u00e1 de 10 milh\u00f5es de carros el\u00e9tricos para reduzir polui\u00e7\u00e3o - Canal Dana<\/title>\n<meta name=\"robots\" content=\"index, follow, max-snippet:-1, max-image-preview:large, max-video-preview:-1\" \/>\n<link rel=\"canonical\" href=\"https:\/\/dana.com.br\/canaldana\/2019\/03\/28\/alemanha-precisara-de-10-milhoes-de-carros-eletricos-para-reduzir-poluicao\/\" \/>\n<meta property=\"og:locale\" content=\"pt_BR\" \/>\n<meta property=\"og:type\" content=\"article\" \/>\n<meta property=\"og:title\" content=\"Alemanha precisar\u00e1 de 10 milh\u00f5es de carros el\u00e9tricos para reduzir polui\u00e7\u00e3o - Canal Dana\" \/>\n<meta property=\"og:description\" content=\"UOL Carros &nbsp; A Alemanha precisar\u00e1 de um grande aumento no n\u00famero de carros el\u00e9tricos nas rodovias para cortar seriamente a emiss\u00e3o de carbono pela ind\u00fastria de transportes. &nbsp; Enquanto o pa\u00eds fecha usinas de carv\u00e3o para gerar energia mais limpa, os gases estufa do setor de transporte s\u00e3o tarefa mais \u00e1rdua. Um forte lobby\u2026 Leia mais \u00bb\" \/>\n<meta property=\"og:url\" content=\"https:\/\/dana.com.br\/canaldana\/2019\/03\/28\/alemanha-precisara-de-10-milhoes-de-carros-eletricos-para-reduzir-poluicao\/\" \/>\n<meta property=\"og:site_name\" content=\"Canal Dana\" \/>\n<meta property=\"article:published_time\" content=\"2019-03-28T11:37:47+00:00\" \/>\n<meta name=\"author\" content=\"Canal Dana\" \/>\n<meta name=\"twitter:card\" content=\"summary_large_image\" \/>\n<meta name=\"twitter:label1\" content=\"Escrito por\" \/>\n\t<meta name=\"twitter:data1\" content=\"Canal Dana\" \/>\n\t<meta name=\"twitter:label2\" content=\"Est. tempo de leitura\" \/>\n\t<meta name=\"twitter:data2\" content=\"2 minutos\" \/>\n<script type=\"application\/ld+json\" class=\"yoast-schema-graph\">{\"@context\":\"https:\\\/\\\/schema.org\",\"@graph\":[{\"@type\":\"Article\",\"@id\":\"https:\\\/\\\/dana.com.br\\\/canaldana\\\/2019\\\/03\\\/28\\\/alemanha-precisara-de-10-milhoes-de-carros-eletricos-para-reduzir-poluicao\\\/#article\",\"isPartOf\":{\"@id\":\"https:\\\/\\\/dana.com.br\\\/canaldana\\\/2019\\\/03\\\/28\\\/alemanha-precisara-de-10-milhoes-de-carros-eletricos-para-reduzir-poluicao\\\/\"},\"author\":{\"name\":\"Canal Dana\",\"@id\":\"https:\\\/\\\/dana.com.br\\\/canaldana\\\/#\\\/schema\\\/person\\\/3c21f22f56fcf3bc46b94bc60ea4fef6\"},\"headline\":\"Alemanha precisar\u00e1 de 10 milh\u00f5es de carros el\u00e9tricos para reduzir polui\u00e7\u00e3o\",\"datePublished\":\"2019-03-28T11:37:47+00:00\",\"mainEntityOfPage\":{\"@id\":\"https:\\\/\\\/dana.com.br\\\/canaldana\\\/2019\\\/03\\\/28\\\/alemanha-precisara-de-10-milhoes-de-carros-eletricos-para-reduzir-poluicao\\\/\"},\"wordCount\":502,\"articleSection\":[\"El\u00e9tricos\"],\"inLanguage\":\"pt-BR\"},{\"@type\":\"WebPage\",\"@id\":\"https:\\\/\\\/dana.com.br\\\/canaldana\\\/2019\\\/03\\\/28\\\/alemanha-precisara-de-10-milhoes-de-carros-eletricos-para-reduzir-poluicao\\\/\",\"url\":\"https:\\\/\\\/dana.com.br\\\/canaldana\\\/2019\\\/03\\\/28\\\/alemanha-precisara-de-10-milhoes-de-carros-eletricos-para-reduzir-poluicao\\\/\",\"name\":\"Alemanha precisar\u00e1 de 10 milh\u00f5es de carros el\u00e9tricos para reduzir polui\u00e7\u00e3o - Canal Dana\",\"isPartOf\":{\"@id\":\"https:\\\/\\\/dana.com.br\\\/canaldana\\\/#website\"},\"datePublished\":\"2019-03-28T11:37:47+00:00\",\"author\":{\"@id\":\"https:\\\/\\\/dana.com.br\\\/canaldana\\\/#\\\/schema\\\/person\\\/3c21f22f56fcf3bc46b94bc60ea4fef6\"},\"breadcrumb\":{\"@id\":\"https:\\\/\\\/dana.com.br\\\/canaldana\\\/2019\\\/03\\\/28\\\/alemanha-precisara-de-10-milhoes-de-carros-eletricos-para-reduzir-poluicao\\\/#breadcrumb\"},\"inLanguage\":\"pt-BR\",\"potentialAction\":[{\"@type\":\"ReadAction\",\"target\":[\"https:\\\/\\\/dana.com.br\\\/canaldana\\\/2019\\\/03\\\/28\\\/alemanha-precisara-de-10-milhoes-de-carros-eletricos-para-reduzir-poluicao\\\/\"]}]},{\"@type\":\"BreadcrumbList\",\"@id\":\"https:\\\/\\\/dana.com.br\\\/canaldana\\\/2019\\\/03\\\/28\\\/alemanha-precisara-de-10-milhoes-de-carros-eletricos-para-reduzir-poluicao\\\/#breadcrumb\",\"itemListElement\":[{\"@type\":\"ListItem\",\"position\":1,\"name\":\"Home\",\"item\":\"https:\\\/\\\/dana.com.br\\\/canaldana\\\/\"},{\"@type\":\"ListItem\",\"position\":2,\"name\":\"El\u00e9tricos\",\"item\":\"https:\\\/\\\/dana.com.br\\\/canaldana\\\/eletricos\\\/\"},{\"@type\":\"ListItem\",\"position\":3,\"name\":\"Alemanha precisar\u00e1 de 10 milh\u00f5es de carros el\u00e9tricos para reduzir polui\u00e7\u00e3o\"}]},{\"@type\":\"WebSite\",\"@id\":\"https:\\\/\\\/dana.com.br\\\/canaldana\\\/#website\",\"url\":\"https:\\\/\\\/dana.com.br\\\/canaldana\\\/\",\"name\":\"Canal Dana\",\"description\":\"Informativo com as principais not\u00edcias da ind\u00fastria automotiva\",\"potentialAction\":[{\"@type\":\"SearchAction\",\"target\":{\"@type\":\"EntryPoint\",\"urlTemplate\":\"https:\\\/\\\/dana.com.br\\\/canaldana\\\/?s={search_term_string}\"},\"query-input\":{\"@type\":\"PropertyValueSpecification\",\"valueRequired\":true,\"valueName\":\"search_term_string\"}}],\"inLanguage\":\"pt-BR\"},{\"@type\":\"Person\",\"@id\":\"https:\\\/\\\/dana.com.br\\\/canaldana\\\/#\\\/schema\\\/person\\\/3c21f22f56fcf3bc46b94bc60ea4fef6\",\"name\":\"Canal Dana\",\"image\":{\"@type\":\"ImageObject\",\"inLanguage\":\"pt-BR\",\"@id\":\"https:\\\/\\\/secure.gravatar.com\\\/avatar\\\/420aaf9278582877d9018637c6817617705899d2858d7572ef0fe59a6b6454b4?s=96&d=mm&r=g\",\"url\":\"https:\\\/\\\/secure.gravatar.com\\\/avatar\\\/420aaf9278582877d9018637c6817617705899d2858d7572ef0fe59a6b6454b4?s=96&d=mm&r=g\",\"contentUrl\":\"https:\\\/\\\/secure.gravatar.com\\\/avatar\\\/420aaf9278582877d9018637c6817617705899d2858d7572ef0fe59a6b6454b4?s=96&d=mm&r=g\",\"caption\":\"Canal Dana\"},\"url\":\"https:\\\/\\\/dana.com.br\\\/canaldana\\\/author\\\/cdeditor\\\/\"}]}<\/script>\n<!-- \/ Yoast SEO plugin. -->","yoast_head_json":{"title":"Alemanha precisar\u00e1 de 10 milh\u00f5es de carros el\u00e9tricos para reduzir polui\u00e7\u00e3o - Canal Dana","robots":{"index":"index","follow":"follow","max-snippet":"max-snippet:-1","max-image-preview":"max-image-preview:large","max-video-preview":"max-video-preview:-1"},"canonical":"https:\/\/dana.com.br\/canaldana\/2019\/03\/28\/alemanha-precisara-de-10-milhoes-de-carros-eletricos-para-reduzir-poluicao\/","og_locale":"pt_BR","og_type":"article","og_title":"Alemanha precisar\u00e1 de 10 milh\u00f5es de carros el\u00e9tricos para reduzir polui\u00e7\u00e3o - Canal Dana","og_description":"UOL Carros &nbsp; A Alemanha precisar\u00e1 de um grande aumento no n\u00famero de carros el\u00e9tricos nas rodovias para cortar seriamente a emiss\u00e3o de carbono pela ind\u00fastria de transportes. &nbsp; Enquanto o pa\u00eds fecha usinas de carv\u00e3o para gerar energia mais limpa, os gases estufa do setor de transporte s\u00e3o tarefa mais \u00e1rdua. Um forte lobby\u2026 Leia mais \u00bb","og_url":"https:\/\/dana.com.br\/canaldana\/2019\/03\/28\/alemanha-precisara-de-10-milhoes-de-carros-eletricos-para-reduzir-poluicao\/","og_site_name":"Canal Dana","article_published_time":"2019-03-28T11:37:47+00:00","author":"Canal Dana","twitter_card":"summary_large_image","twitter_misc":{"Escrito por":"Canal Dana","Est. tempo de leitura":"2 minutos"},"schema":{"@context":"https:\/\/schema.org","@graph":[{"@type":"Article","@id":"https:\/\/dana.com.br\/canaldana\/2019\/03\/28\/alemanha-precisara-de-10-milhoes-de-carros-eletricos-para-reduzir-poluicao\/#article","isPartOf":{"@id":"https:\/\/dana.com.br\/canaldana\/2019\/03\/28\/alemanha-precisara-de-10-milhoes-de-carros-eletricos-para-reduzir-poluicao\/"},"author":{"name":"Canal Dana","@id":"https:\/\/dana.com.br\/canaldana\/#\/schema\/person\/3c21f22f56fcf3bc46b94bc60ea4fef6"},"headline":"Alemanha precisar\u00e1 de 10 milh\u00f5es de carros el\u00e9tricos para reduzir polui\u00e7\u00e3o","datePublished":"2019-03-28T11:37:47+00:00","mainEntityOfPage":{"@id":"https:\/\/dana.com.br\/canaldana\/2019\/03\/28\/alemanha-precisara-de-10-milhoes-de-carros-eletricos-para-reduzir-poluicao\/"},"wordCount":502,"articleSection":["El\u00e9tricos"],"inLanguage":"pt-BR"},{"@type":"WebPage","@id":"https:\/\/dana.com.br\/canaldana\/2019\/03\/28\/alemanha-precisara-de-10-milhoes-de-carros-eletricos-para-reduzir-poluicao\/","url":"https:\/\/dana.com.br\/canaldana\/2019\/03\/28\/alemanha-precisara-de-10-milhoes-de-carros-eletricos-para-reduzir-poluicao\/","name":"Alemanha precisar\u00e1 de 10 milh\u00f5es de carros el\u00e9tricos para reduzir polui\u00e7\u00e3o - Canal Dana","isPartOf":{"@id":"https:\/\/dana.com.br\/canaldana\/#website"},"datePublished":"2019-03-28T11:37:47+00:00","author":{"@id":"https:\/\/dana.com.br\/canaldana\/#\/schema\/person\/3c21f22f56fcf3bc46b94bc60ea4fef6"},"breadcrumb":{"@id":"https:\/\/dana.com.br\/canaldana\/2019\/03\/28\/alemanha-precisara-de-10-milhoes-de-carros-eletricos-para-reduzir-poluicao\/#breadcrumb"},"inLanguage":"pt-BR","potentialAction":[{"@type":"ReadAction","target":["https:\/\/dana.com.br\/canaldana\/2019\/03\/28\/alemanha-precisara-de-10-milhoes-de-carros-eletricos-para-reduzir-poluicao\/"]}]},{"@type":"BreadcrumbList","@id":"https:\/\/dana.com.br\/canaldana\/2019\/03\/28\/alemanha-precisara-de-10-milhoes-de-carros-eletricos-para-reduzir-poluicao\/#breadcrumb","itemListElement":[{"@type":"ListItem","position":1,"name":"Home","item":"https:\/\/dana.com.br\/canaldana\/"},{"@type":"ListItem","position":2,"name":"El\u00e9tricos","item":"https:\/\/dana.com.br\/canaldana\/eletricos\/"},{"@type":"ListItem","position":3,"name":"Alemanha precisar\u00e1 de 10 milh\u00f5es de carros el\u00e9tricos para reduzir polui\u00e7\u00e3o"}]},{"@type":"WebSite","@id":"https:\/\/dana.com.br\/canaldana\/#website","url":"https:\/\/dana.com.br\/canaldana\/","name":"Canal Dana","description":"Informativo com as principais not\u00edcias da ind\u00fastria automotiva","potentialAction":[{"@type":"SearchAction","target":{"@type":"EntryPoint","urlTemplate":"https:\/\/dana.com.br\/canaldana\/?s={search_term_string}"},"query-input":{"@type":"PropertyValueSpecification","valueRequired":true,"valueName":"search_term_string"}}],"inLanguage":"pt-BR"},{"@type":"Person","@id":"https:\/\/dana.com.br\/canaldana\/#\/schema\/person\/3c21f22f56fcf3bc46b94bc60ea4fef6","name":"Canal Dana","image":{"@type":"ImageObject","inLanguage":"pt-BR","@id":"https:\/\/secure.gravatar.com\/avatar\/420aaf9278582877d9018637c6817617705899d2858d7572ef0fe59a6b6454b4?s=96&d=mm&r=g","url":"https:\/\/secure.gravatar.com\/avatar\/420aaf9278582877d9018637c6817617705899d2858d7572ef0fe59a6b6454b4?s=96&d=mm&r=g","contentUrl":"https:\/\/secure.gravatar.com\/avatar\/420aaf9278582877d9018637c6817617705899d2858d7572ef0fe59a6b6454b4?s=96&d=mm&r=g","caption":"Canal Dana"},"url":"https:\/\/dana.com.br\/canaldana\/author\/cdeditor\/"}]}},"_links":{"self":[{"href":"https:\/\/dana.com.br\/canaldana\/wp-json\/wp\/v2\/posts\/33312","targetHints":{"allow":["GET"]}}],"collection":[{"href":"https:\/\/dana.com.br\/canaldana\/wp-json\/wp\/v2\/posts"}],"about":[{"href":"https:\/\/dana.com.br\/canaldana\/wp-json\/wp\/v2\/types\/post"}],"author":[{"embeddable":true,"href":"https:\/\/dana.com.br\/canaldana\/wp-json\/wp\/v2\/users\/3"}],"replies":[{"embeddable":true,"href":"https:\/\/dana.com.br\/canaldana\/wp-json\/wp\/v2\/comments?post=33312"}],"version-history":[{"count":0,"href":"https:\/\/dana.com.br\/canaldana\/wp-json\/wp\/v2\/posts\/33312\/revisions"}],"wp:attachment":[{"href":"https:\/\/dana.com.br\/canaldana\/wp-json\/wp\/v2\/media?parent=33312"}],"wp:term":[{"taxonomy":"category","embeddable":true,"href":"https:\/\/dana.com.br\/canaldana\/wp-json\/wp\/v2\/categories?post=33312"},{"taxonomy":"post_tag","embeddable":true,"href":"https:\/\/dana.com.br\/canaldana\/wp-json\/wp\/v2\/tags?post=33312"}],"curies":[{"name":"wp","href":"https:\/\/api.w.org\/{rel}","templated":true}]}}