{"id":33245,"date":"2019-03-26T08:09:43","date_gmt":"2019-03-26T11:09:43","guid":{"rendered":"https:\/\/dana.com.br\/canaldana\/?p=33245"},"modified":"2019-03-26T08:09:43","modified_gmt":"2019-03-26T11:09:43","slug":"o-moderfrota-acabou-e-agora","status":"publish","type":"post","link":"https:\/\/dana.com.br\/canaldana\/2019\/03\/26\/o-moderfrota-acabou-e-agora\/","title":{"rendered":"O Moderfrota acabou, e agora?"},"content":{"rendered":"<p>Jornal do Com\u00e9rcio-RS<\/p>\n<p>&nbsp;<\/p>\n<p>Ap\u00f3s quatro anos demonstrando queda nas vendas diante de um cen\u00e1rio de crise, o segmento de m\u00e1quinas agr\u00edcolas, em 2018, deu o primeiro sinal de crescimento com a comercializa\u00e7\u00e3o de um total de 47,8 mil unidades, configurando uma alta de 12,7% sobre 2017. H\u00e1 sinais positivos para 2019 advindos dos resultados de neg\u00f3cios em eventos importantes do agroneg\u00f3cio no in\u00edcio do ano, dentre eles, o Show Rural Coopavel em Cascavel (PR) e a Expodireto Cotrijal em N\u00e3o Me Toque (RS). Entretanto, a principal incerteza reside em uma quest\u00e3o antiga que impacta o segmento: o poss\u00edvel t\u00e9rmino dos recursos subsidiados para financiamento de equipamentos.<\/p>\n<p>&nbsp;<\/p>\n<p>Desde o ano 2000, a principal linha de cr\u00e9dito oferecida para a compra de m\u00e1quinas agr\u00edcolas com recursos do BNDES \u00e9 o Moderfrota, com juros subsidiados pelo governo federal. No passado, a import\u00e2ncia do programa para o desempenho de equipamentos agr\u00edcolas foi not\u00e1vel. Como resultado, o n\u00famero de tratores no campo aumentou entre 2006 e 2017 em mais de 50%, superando a marca de 1,2 milh\u00e3o de unidades, segundo dados preliminares do Censo Agropecu\u00e1rio realizado pelo IBGE.<\/p>\n<p>&nbsp;<\/p>\n<p>A perspectiva para a continuidade do programa, ou a substitui\u00e7\u00e3o por outra fonte de financiamento em condi\u00e7\u00f5es similares, entretanto, revela um cen\u00e1rio de incertezas e d\u00favidas para a ind\u00fastria, os agentes financeiros, as concession\u00e1rias e os produtores rurais. Dada a natureza de longo prazo da aquisi\u00e7\u00e3o de equipamentos para a produ\u00e7\u00e3o, o que os agentes deste segmento deveriam esperar para os pr\u00f3ximos cinco a 10 anos? A aposta mais plaus\u00edvel estaria em considerar a descontinuidade de tais fontes de financiamento. No macroambiente econ\u00f4mico, considera-se uma maior probabilidade de um cen\u00e1rio de estabilidade nas taxas de juros de longo prazo, tendo como base os n\u00edveis atuais, sem os solavancos hist\u00f3ricos de fortes altas observados em anos passados.<\/p>\n<p>&nbsp;<\/p>\n<p>Neste novo cen\u00e1rio, apresenta-se uma nova possibilidade para o segmento de m\u00e1quinas agr\u00edcolas sustentar seu crescimento, estruturalmente menos dependente de subs\u00eddios governamentais e baseada em solu\u00e7\u00f5es de mercado. Nesse sentido, cada elo da cadeia produtiva, individualmente e em a\u00e7\u00f5es conjuntas, dever\u00e1 buscar modelos alternativos para o financiamento de equipamentos agr\u00edcolas. Dentre os exemplos de novos caminhos, pode-se citar o financiamento de m\u00e1quinas com recursos do mercado de capitais, lastreados em receb\u00edveis do agroneg\u00f3cio, uma tend\u00eancia observada para o setor agro como um todo. Ademais, o incremento de modalidades de vendas utilizando ferramentas como o Barter (troca por gr\u00e3os como moeda de pagamento), traria benef\u00edcios aos produtores rurais pela conveni\u00eancia na contrata\u00e7\u00e3o e prote\u00e7\u00e3o contra a varia\u00e7\u00e3o dos custos de produ\u00e7\u00e3o em rela\u00e7\u00e3o ao pre\u00e7o dos produtos.<\/p>\n<p>&nbsp;<\/p>\n<p>A competitividade global do agroneg\u00f3cio brasileiro, que levou o Pa\u00eds a posi\u00e7\u00e3o de lideran\u00e7a atual, depende da renova\u00e7\u00e3o dos bens de capital utilizados dentro da porteira, pois s\u00e3o fontes de inova\u00e7\u00e3o e sustentabilidade da produ\u00e7\u00e3o nacional. (Jornal do Com\u00e9rcio-RS\/Ernani Carvalho da Costa Neto, s\u00f3cio da Bateleur)<\/p>\n","protected":false},"excerpt":{"rendered":"<p>Jornal do Com\u00e9rcio-RS &nbsp; Ap\u00f3s quatro anos demonstrando queda nas vendas diante de um cen\u00e1rio de crise, o segmento de m\u00e1quinas agr\u00edcolas, em 2018, deu o primeiro sinal de crescimento com a comercializa\u00e7\u00e3o de um total de 47,8 mil unidades, configurando uma alta de 12,7% sobre 2017. H\u00e1 sinais positivos para 2019 advindos dos resultados\u2026 <a class=\"readmore\" href=\"https:\/\/dana.com.br\/canaldana\/2019\/03\/26\/o-moderfrota-acabou-e-agora\/\">Leia mais \u00bb<\/a><\/p>\n","protected":false},"author":3,"featured_media":0,"comment_status":"closed","ping_status":"closed","sticky":false,"template":"","format":"standard","meta":{"_acf_changed":false,"footnotes":""},"categories":[100],"tags":[],"class_list":["post-33245","post","type-post","status-publish","format-standard","hentry","category-artigo"],"acf":[],"yoast_head":"<!-- This site is optimized with the Yoast SEO plugin v27.3 - https:\/\/yoast.com\/product\/yoast-seo-wordpress\/ -->\n<title>O Moderfrota acabou, e agora? - Canal Dana<\/title>\n<meta name=\"robots\" content=\"index, follow, max-snippet:-1, max-image-preview:large, max-video-preview:-1\" \/>\n<link rel=\"canonical\" href=\"https:\/\/dana.com.br\/canaldana\/2019\/03\/26\/o-moderfrota-acabou-e-agora\/\" \/>\n<meta property=\"og:locale\" content=\"pt_BR\" \/>\n<meta property=\"og:type\" content=\"article\" \/>\n<meta property=\"og:title\" content=\"O Moderfrota acabou, e agora? - Canal Dana\" \/>\n<meta property=\"og:description\" content=\"Jornal do Com\u00e9rcio-RS &nbsp; Ap\u00f3s quatro anos demonstrando queda nas vendas diante de um cen\u00e1rio de crise, o segmento de m\u00e1quinas agr\u00edcolas, em 2018, deu o primeiro sinal de crescimento com a comercializa\u00e7\u00e3o de um total de 47,8 mil unidades, configurando uma alta de 12,7% sobre 2017. H\u00e1 sinais positivos para 2019 advindos dos resultados\u2026 Leia mais \u00bb\" \/>\n<meta property=\"og:url\" content=\"https:\/\/dana.com.br\/canaldana\/2019\/03\/26\/o-moderfrota-acabou-e-agora\/\" \/>\n<meta property=\"og:site_name\" content=\"Canal Dana\" \/>\n<meta property=\"article:published_time\" content=\"2019-03-26T11:09:43+00:00\" \/>\n<meta name=\"author\" content=\"Canal Dana\" \/>\n<meta name=\"twitter:card\" content=\"summary_large_image\" \/>\n<meta name=\"twitter:label1\" content=\"Escrito por\" \/>\n\t<meta name=\"twitter:data1\" content=\"Canal Dana\" \/>\n\t<meta name=\"twitter:label2\" content=\"Est. tempo de leitura\" \/>\n\t<meta name=\"twitter:data2\" content=\"3 minutos\" \/>\n<script type=\"application\/ld+json\" class=\"yoast-schema-graph\">{\"@context\":\"https:\\\/\\\/schema.org\",\"@graph\":[{\"@type\":\"Article\",\"@id\":\"https:\\\/\\\/dana.com.br\\\/canaldana\\\/2019\\\/03\\\/26\\\/o-moderfrota-acabou-e-agora\\\/#article\",\"isPartOf\":{\"@id\":\"https:\\\/\\\/dana.com.br\\\/canaldana\\\/2019\\\/03\\\/26\\\/o-moderfrota-acabou-e-agora\\\/\"},\"author\":{\"name\":\"Canal Dana\",\"@id\":\"https:\\\/\\\/dana.com.br\\\/canaldana\\\/#\\\/schema\\\/person\\\/3c21f22f56fcf3bc46b94bc60ea4fef6\"},\"headline\":\"O Moderfrota acabou, e agora?\",\"datePublished\":\"2019-03-26T11:09:43+00:00\",\"mainEntityOfPage\":{\"@id\":\"https:\\\/\\\/dana.com.br\\\/canaldana\\\/2019\\\/03\\\/26\\\/o-moderfrota-acabou-e-agora\\\/\"},\"wordCount\":536,\"articleSection\":[\"Artigo\"],\"inLanguage\":\"pt-BR\"},{\"@type\":\"WebPage\",\"@id\":\"https:\\\/\\\/dana.com.br\\\/canaldana\\\/2019\\\/03\\\/26\\\/o-moderfrota-acabou-e-agora\\\/\",\"url\":\"https:\\\/\\\/dana.com.br\\\/canaldana\\\/2019\\\/03\\\/26\\\/o-moderfrota-acabou-e-agora\\\/\",\"name\":\"O Moderfrota acabou, e agora? - Canal Dana\",\"isPartOf\":{\"@id\":\"https:\\\/\\\/dana.com.br\\\/canaldana\\\/#website\"},\"datePublished\":\"2019-03-26T11:09:43+00:00\",\"author\":{\"@id\":\"https:\\\/\\\/dana.com.br\\\/canaldana\\\/#\\\/schema\\\/person\\\/3c21f22f56fcf3bc46b94bc60ea4fef6\"},\"breadcrumb\":{\"@id\":\"https:\\\/\\\/dana.com.br\\\/canaldana\\\/2019\\\/03\\\/26\\\/o-moderfrota-acabou-e-agora\\\/#breadcrumb\"},\"inLanguage\":\"pt-BR\",\"potentialAction\":[{\"@type\":\"ReadAction\",\"target\":[\"https:\\\/\\\/dana.com.br\\\/canaldana\\\/2019\\\/03\\\/26\\\/o-moderfrota-acabou-e-agora\\\/\"]}]},{\"@type\":\"BreadcrumbList\",\"@id\":\"https:\\\/\\\/dana.com.br\\\/canaldana\\\/2019\\\/03\\\/26\\\/o-moderfrota-acabou-e-agora\\\/#breadcrumb\",\"itemListElement\":[{\"@type\":\"ListItem\",\"position\":1,\"name\":\"Home\",\"item\":\"https:\\\/\\\/dana.com.br\\\/canaldana\\\/\"},{\"@type\":\"ListItem\",\"position\":2,\"name\":\"Artigo\",\"item\":\"https:\\\/\\\/dana.com.br\\\/canaldana\\\/artigo\\\/\"},{\"@type\":\"ListItem\",\"position\":3,\"name\":\"O Moderfrota acabou, e agora?\"}]},{\"@type\":\"WebSite\",\"@id\":\"https:\\\/\\\/dana.com.br\\\/canaldana\\\/#website\",\"url\":\"https:\\\/\\\/dana.com.br\\\/canaldana\\\/\",\"name\":\"Canal Dana\",\"description\":\"Informativo com as principais not\u00edcias da ind\u00fastria automotiva\",\"potentialAction\":[{\"@type\":\"SearchAction\",\"target\":{\"@type\":\"EntryPoint\",\"urlTemplate\":\"https:\\\/\\\/dana.com.br\\\/canaldana\\\/?s={search_term_string}\"},\"query-input\":{\"@type\":\"PropertyValueSpecification\",\"valueRequired\":true,\"valueName\":\"search_term_string\"}}],\"inLanguage\":\"pt-BR\"},{\"@type\":\"Person\",\"@id\":\"https:\\\/\\\/dana.com.br\\\/canaldana\\\/#\\\/schema\\\/person\\\/3c21f22f56fcf3bc46b94bc60ea4fef6\",\"name\":\"Canal Dana\",\"image\":{\"@type\":\"ImageObject\",\"inLanguage\":\"pt-BR\",\"@id\":\"https:\\\/\\\/secure.gravatar.com\\\/avatar\\\/420aaf9278582877d9018637c6817617705899d2858d7572ef0fe59a6b6454b4?s=96&d=mm&r=g\",\"url\":\"https:\\\/\\\/secure.gravatar.com\\\/avatar\\\/420aaf9278582877d9018637c6817617705899d2858d7572ef0fe59a6b6454b4?s=96&d=mm&r=g\",\"contentUrl\":\"https:\\\/\\\/secure.gravatar.com\\\/avatar\\\/420aaf9278582877d9018637c6817617705899d2858d7572ef0fe59a6b6454b4?s=96&d=mm&r=g\",\"caption\":\"Canal Dana\"},\"url\":\"https:\\\/\\\/dana.com.br\\\/canaldana\\\/author\\\/cdeditor\\\/\"}]}<\/script>\n<!-- \/ Yoast SEO plugin. -->","yoast_head_json":{"title":"O Moderfrota acabou, e agora? - Canal Dana","robots":{"index":"index","follow":"follow","max-snippet":"max-snippet:-1","max-image-preview":"max-image-preview:large","max-video-preview":"max-video-preview:-1"},"canonical":"https:\/\/dana.com.br\/canaldana\/2019\/03\/26\/o-moderfrota-acabou-e-agora\/","og_locale":"pt_BR","og_type":"article","og_title":"O Moderfrota acabou, e agora? - Canal Dana","og_description":"Jornal do Com\u00e9rcio-RS &nbsp; Ap\u00f3s quatro anos demonstrando queda nas vendas diante de um cen\u00e1rio de crise, o segmento de m\u00e1quinas agr\u00edcolas, em 2018, deu o primeiro sinal de crescimento com a comercializa\u00e7\u00e3o de um total de 47,8 mil unidades, configurando uma alta de 12,7% sobre 2017. H\u00e1 sinais positivos para 2019 advindos dos resultados\u2026 Leia mais \u00bb","og_url":"https:\/\/dana.com.br\/canaldana\/2019\/03\/26\/o-moderfrota-acabou-e-agora\/","og_site_name":"Canal Dana","article_published_time":"2019-03-26T11:09:43+00:00","author":"Canal Dana","twitter_card":"summary_large_image","twitter_misc":{"Escrito por":"Canal Dana","Est. tempo de leitura":"3 minutos"},"schema":{"@context":"https:\/\/schema.org","@graph":[{"@type":"Article","@id":"https:\/\/dana.com.br\/canaldana\/2019\/03\/26\/o-moderfrota-acabou-e-agora\/#article","isPartOf":{"@id":"https:\/\/dana.com.br\/canaldana\/2019\/03\/26\/o-moderfrota-acabou-e-agora\/"},"author":{"name":"Canal Dana","@id":"https:\/\/dana.com.br\/canaldana\/#\/schema\/person\/3c21f22f56fcf3bc46b94bc60ea4fef6"},"headline":"O Moderfrota acabou, e agora?","datePublished":"2019-03-26T11:09:43+00:00","mainEntityOfPage":{"@id":"https:\/\/dana.com.br\/canaldana\/2019\/03\/26\/o-moderfrota-acabou-e-agora\/"},"wordCount":536,"articleSection":["Artigo"],"inLanguage":"pt-BR"},{"@type":"WebPage","@id":"https:\/\/dana.com.br\/canaldana\/2019\/03\/26\/o-moderfrota-acabou-e-agora\/","url":"https:\/\/dana.com.br\/canaldana\/2019\/03\/26\/o-moderfrota-acabou-e-agora\/","name":"O Moderfrota acabou, e agora? - Canal Dana","isPartOf":{"@id":"https:\/\/dana.com.br\/canaldana\/#website"},"datePublished":"2019-03-26T11:09:43+00:00","author":{"@id":"https:\/\/dana.com.br\/canaldana\/#\/schema\/person\/3c21f22f56fcf3bc46b94bc60ea4fef6"},"breadcrumb":{"@id":"https:\/\/dana.com.br\/canaldana\/2019\/03\/26\/o-moderfrota-acabou-e-agora\/#breadcrumb"},"inLanguage":"pt-BR","potentialAction":[{"@type":"ReadAction","target":["https:\/\/dana.com.br\/canaldana\/2019\/03\/26\/o-moderfrota-acabou-e-agora\/"]}]},{"@type":"BreadcrumbList","@id":"https:\/\/dana.com.br\/canaldana\/2019\/03\/26\/o-moderfrota-acabou-e-agora\/#breadcrumb","itemListElement":[{"@type":"ListItem","position":1,"name":"Home","item":"https:\/\/dana.com.br\/canaldana\/"},{"@type":"ListItem","position":2,"name":"Artigo","item":"https:\/\/dana.com.br\/canaldana\/artigo\/"},{"@type":"ListItem","position":3,"name":"O Moderfrota acabou, e agora?"}]},{"@type":"WebSite","@id":"https:\/\/dana.com.br\/canaldana\/#website","url":"https:\/\/dana.com.br\/canaldana\/","name":"Canal Dana","description":"Informativo com as principais not\u00edcias da ind\u00fastria automotiva","potentialAction":[{"@type":"SearchAction","target":{"@type":"EntryPoint","urlTemplate":"https:\/\/dana.com.br\/canaldana\/?s={search_term_string}"},"query-input":{"@type":"PropertyValueSpecification","valueRequired":true,"valueName":"search_term_string"}}],"inLanguage":"pt-BR"},{"@type":"Person","@id":"https:\/\/dana.com.br\/canaldana\/#\/schema\/person\/3c21f22f56fcf3bc46b94bc60ea4fef6","name":"Canal Dana","image":{"@type":"ImageObject","inLanguage":"pt-BR","@id":"https:\/\/secure.gravatar.com\/avatar\/420aaf9278582877d9018637c6817617705899d2858d7572ef0fe59a6b6454b4?s=96&d=mm&r=g","url":"https:\/\/secure.gravatar.com\/avatar\/420aaf9278582877d9018637c6817617705899d2858d7572ef0fe59a6b6454b4?s=96&d=mm&r=g","contentUrl":"https:\/\/secure.gravatar.com\/avatar\/420aaf9278582877d9018637c6817617705899d2858d7572ef0fe59a6b6454b4?s=96&d=mm&r=g","caption":"Canal Dana"},"url":"https:\/\/dana.com.br\/canaldana\/author\/cdeditor\/"}]}},"_links":{"self":[{"href":"https:\/\/dana.com.br\/canaldana\/wp-json\/wp\/v2\/posts\/33245","targetHints":{"allow":["GET"]}}],"collection":[{"href":"https:\/\/dana.com.br\/canaldana\/wp-json\/wp\/v2\/posts"}],"about":[{"href":"https:\/\/dana.com.br\/canaldana\/wp-json\/wp\/v2\/types\/post"}],"author":[{"embeddable":true,"href":"https:\/\/dana.com.br\/canaldana\/wp-json\/wp\/v2\/users\/3"}],"replies":[{"embeddable":true,"href":"https:\/\/dana.com.br\/canaldana\/wp-json\/wp\/v2\/comments?post=33245"}],"version-history":[{"count":0,"href":"https:\/\/dana.com.br\/canaldana\/wp-json\/wp\/v2\/posts\/33245\/revisions"}],"wp:attachment":[{"href":"https:\/\/dana.com.br\/canaldana\/wp-json\/wp\/v2\/media?parent=33245"}],"wp:term":[{"taxonomy":"category","embeddable":true,"href":"https:\/\/dana.com.br\/canaldana\/wp-json\/wp\/v2\/categories?post=33245"},{"taxonomy":"post_tag","embeddable":true,"href":"https:\/\/dana.com.br\/canaldana\/wp-json\/wp\/v2\/tags?post=33245"}],"curies":[{"name":"wp","href":"https:\/\/api.w.org\/{rel}","templated":true}]}}