{"id":33236,"date":"2019-03-25T08:19:52","date_gmt":"2019-03-25T11:19:52","guid":{"rendered":"https:\/\/dana.com.br\/canaldana\/?p=33236"},"modified":"2019-03-25T08:19:52","modified_gmt":"2019-03-25T11:19:52","slug":"em-crise-montadoras-buscam-reinvencao","status":"publish","type":"post","link":"https:\/\/dana.com.br\/canaldana\/2019\/03\/25\/em-crise-montadoras-buscam-reinvencao\/","title":{"rendered":"Em crise, montadoras buscam reinven\u00e7\u00e3o"},"content":{"rendered":"<p><em>O Estado de S. Paulo <\/em><\/p>\n<p>&nbsp;<\/p>\n<p>O processo de reestrutura\u00e7\u00e3o global da ind\u00fastria automobil\u00edstica que fez da Ford do ABC paulista sua primeira v\u00edtima no Brasil j\u00e1 levou ou levar\u00e1 em breve ao fechamento de pelo menos 20 f\u00e1bricas, a maior parte na Europa e nos EUA. Em busca de receitas para aplicar em tecnologias e produtos para atender a uma nova demanda de consumidores, as multinacionais est\u00e3o se desfazendo de opera\u00e7\u00f5es deficit\u00e1rias ou de baixo retorno financeiro. Novas baixas v\u00e3o ocorrer nos pr\u00f3ximos anos.<\/p>\n<p>&nbsp;<\/p>\n<p>O efeito sobre o emprego ser\u00e1 \u201cbrutal\u201d, diz o presidente da Associa\u00e7\u00e3o Europeia de Fabricantes de Ve\u00edculos (Acea), Carlos Tavares, tamb\u00e9m presidente da francesa PSA Peugeot Citro\u00ebn. Segundo ele, s\u00f3 neste ano, foram anunciadas 30 mil demiss\u00f5es. Para Tavares, as mudan\u00e7as est\u00e3o sendo feitas r\u00e1pido demais para atender as novas legisla\u00e7\u00f5es, principalmente, nos pa\u00edses europeus.<\/p>\n<p>&nbsp;<\/p>\n<p>Paralelamente, as montadoras se preparam para acompanhar as mudan\u00e7as tecnol\u00f3gicas se juntando a empresas que dominam mais o tema. Na \u00faltima d\u00e9cada, adquiriram 443 startups em especial dos setores de manufatura 4.0, eletrifica\u00e7\u00e3o, compartilhamento e conectividade.<\/p>\n<p>&nbsp;<\/p>\n<p>Um exemplo \u00e9 a General Motors, que vai fechar dez f\u00e1bricas na Am\u00e9rica do Norte, \u00c1sia e Austr\u00e1lia. Por outro lado, investiu em 44 startups, das quais 22 ligadas \u00e0 eletrifica\u00e7\u00e3o e manufatura digital, segundo estudo da consultoria KPMG.<\/p>\n<p>&nbsp;<\/p>\n<p>No Brasil, ap\u00f3s concluir negocia\u00e7\u00f5es com governos, funcion\u00e1rios, revendas e fornecedores para reduzir custos, a GM anunciou, semana passada, novo plano de investimento de R$ 10 bilh\u00f5es. Em janeiro, a presidente mundial da empresa, Mary Barra, disse que n\u00e3o continuaria investindo na Am\u00e9rica do Sul \u201cpara perder dinheiro\u201d e exigiu a volta da lucratividade este ano.<\/p>\n<p>&nbsp;<\/p>\n<p>Para o economista e s\u00f3cio da MB Associados, Jos\u00e9 Roberto Mendon\u00e7a de Barros, \u201ca ind\u00fastria automobil\u00edstica mundial passa por um furac\u00e3o e trava uma luta pela sobreviv\u00eancia\u201d.<\/p>\n<p>&nbsp;<\/p>\n<p>O que impressiona, diz ele, \u00e9 que o setor enfrenta quatro amea\u00e7as simult\u00e2neas: a posse do carro j\u00e1 n\u00e3o \u00e9 desejo de muitos jovens; o modelo de neg\u00f3cios deixa de ser s\u00f3 de produ\u00e7\u00e3o e venda de carros e inclui presta\u00e7\u00e3o de servi\u00e7os; a mudan\u00e7a do motor a combust\u00e3o para os el\u00e9tricos e, depois, aut\u00f4nomos; e o uso maior da tecnologia embarcada. \u201cS\u00e3o quatro linhas de mudan\u00e7as globais definitivas que exigem desafio gigantesco\u201d.<\/p>\n<p>&nbsp;<\/p>\n<p><strong>Reestrutura\u00e7\u00e3o tenta reduzir ociosidade nas f\u00e1bricas<\/strong><\/p>\n<p>&nbsp;<\/p>\n<p>Al\u00e9m de atender a uma nova demanda voltada a utilit\u00e1rios-esportivos (SUVs) e picapes, e no m\u00e9dio e longo prazos \u00e0 produ\u00e7\u00e3o voltada a el\u00e9tricos e aut\u00f4nomos, o movimento de reestrutura\u00e7\u00e3o tenta aliviar a alta ociosidade das f\u00e1bricas.<\/p>\n<p>&nbsp;<\/p>\n<p>Dados da PricewaterhouseCoopers (PwC) mostram que, neste ano, 41,8 milh\u00f5es de ve\u00edculos v\u00e3o \u201csobrar\u201d nas f\u00e1bricas de todo o mundo. Desse total, 2 milh\u00f5es s\u00e3o no Brasil, onde a ind\u00fastria tem capacidade para 5 milh\u00f5es de ve\u00edculos.<\/p>\n<p>&nbsp;<\/p>\n<p>No mundo, as montadoras t\u00eam capacidade para 139,7 milh\u00f5es de autom\u00f3veis e comerciais leves, mas a produ\u00e7\u00e3o prevista para este ano \u00e9 de 98 milh\u00f5es. A ociosidade de 40% come\u00e7ar\u00e1 a regredir at\u00e9 chegar em 28% em 2025. Ainda assim, haver\u00e1 \u201csobra\u201d de 32 milh\u00f5es de ve\u00edculos, pois a capacidade produtiva continuar\u00e1 crescendo, ainda que em ritmo menor. Segundo Mendon\u00e7a de Barros, mesmo sem o fen\u00f4meno dos el\u00e9tricos e aut\u00f4nomos, que exigir\u00e1 profunda mudan\u00e7a no jeito de se produzir ve\u00edculos, \u201cteria de ocorrer uma concentra\u00e7\u00e3o porque h\u00e1 mais f\u00e1bricas do que demanda, no Brasil e no mundo\u201d.<\/p>\n<p>&nbsp;<\/p>\n<p><strong>Novos neg\u00f3cios<\/strong><\/p>\n<p>&nbsp;<\/p>\n<p>\u201cH\u00e1 uma necessidade das grandes fabricantes de se reposicionarem para um ambiente de neg\u00f3cios muito diferente do atual\u201d, afirma Ricardo Bacellar, diretor da KPMG. \u201cElas precisam buscar novos neg\u00f3cios para oferecer servi\u00e7os de mobilidade e, para crescer numa \u00e1rea precisa tirar de outra.\u201d<\/p>\n<p>&nbsp;<\/p>\n<p>No caso da Ford, a decis\u00e3o da matriz foi abandonar a produ\u00e7\u00e3o de sed\u00e3s e focar em SUVs e picapes, modelos mais atraentes aos consumidores e mais lucrativos. Tamb\u00e9m desistiu dos caminh\u00f5es, o que levar\u00e1 ao fechamento da f\u00e1brica do ABC.<\/p>\n<p>&nbsp;<\/p>\n<p>\u201cInfelizmente estamos vendo a ind\u00fastria automotiva mundial num processo de reestrutura\u00e7\u00e3o, com fechamento de unidades, o que \u00e9 muito preocupante\u201d, diz Valter Sanches, secret\u00e1rio-geral do IndustriALL, entidade que re\u00fane 608 sindicatos de 140 pa\u00edses. \u201cO impacto vai muito al\u00e9m dos trabalhadores e suas fam\u00edlias, pois impostos deixam de ser arrecadados, o que \u00e9 ruim para os pa\u00edses.\u201d<\/p>\n<p>&nbsp;<\/p>\n<p>Al\u00e9m do Brasil, a Ford fechar\u00e1 f\u00e1bricas em v\u00e1rios pa\u00edses. Em 2018, o grupo fez uma alian\u00e7a global com a Volkswagen para o desenvolvimento de picapes, vans e novas tecnologias.<\/p>\n<p>&nbsp;<\/p>\n<p><strong>Encolhimento<\/strong><\/p>\n<p><strong>\u00a0<\/strong><\/p>\n<p><strong>Ford<\/strong><\/p>\n<p>Vai fechar este ano a f\u00e1brica do ABC e uma na Fran\u00e7a. Estuda fechar duas f\u00e1bricas na R\u00fassia e uma no Reino Unido. Fechar\u00e1 5 mil postos na Alemanha.<\/p>\n<p>&nbsp;<\/p>\n<p><strong>General Motors<\/strong><\/p>\n<p>Fechar\u00e1 este ano 5 f\u00e1bricas nos EUA e Canad\u00e1 e duas em locais n\u00e3o definidos. Em 2018 fechou uma f\u00e1brica na R\u00fassia, uma na Coreia e uma na Austr\u00e1lia.<\/p>\n<p>&nbsp;<\/p>\n<p><strong>Honda<\/strong><\/p>\n<p>Vai fechar a filial do Reino Unido em 2021 e encerrar uma linha de produ\u00e7\u00e3o de sed\u00e3s na Turquia.<\/p>\n<p>&nbsp;<\/p>\n<p><strong>Toyota<\/strong><\/p>\n<p>Fechou filial da Austr\u00e1lia em 2017.<\/p>\n<p>&nbsp;<\/p>\n<p><strong>Volkswagen<\/strong><\/p>\n<p>At\u00e9 2020, 9 mil oper\u00e1rios de v\u00e1rios pa\u00edses ser\u00e3o incentivados a se aposentarem. Abrir\u00e1 2,7 mil postos em novas tecnologias.<\/p>\n<p>&nbsp;<\/p>\n<p><strong>Jaguar Land Rover<\/strong><\/p>\n<p>Far\u00e1 4,5 mil demiss\u00f5es. (O Estado de S. Paulo\/Cleide Silva)<\/p>\n","protected":false},"excerpt":{"rendered":"<p>O Estado de S. Paulo &nbsp; O processo de reestrutura\u00e7\u00e3o global da ind\u00fastria automobil\u00edstica que fez da Ford do ABC paulista sua primeira v\u00edtima no Brasil j\u00e1 levou ou levar\u00e1 em breve ao fechamento de pelo menos 20 f\u00e1bricas, a maior parte na Europa e nos EUA. Em busca de receitas para aplicar em tecnologias\u2026 <a class=\"readmore\" href=\"https:\/\/dana.com.br\/canaldana\/2019\/03\/25\/em-crise-montadoras-buscam-reinvencao\/\">Leia mais \u00bb<\/a><\/p>\n","protected":false},"author":3,"featured_media":0,"comment_status":"closed","ping_status":"closed","sticky":false,"template":"","format":"standard","meta":{"_acf_changed":false,"footnotes":""},"categories":[61],"tags":[],"class_list":["post-33236","post","type-post","status-publish","format-standard","hentry","category-destaques"],"acf":[],"yoast_head":"<!-- This site is optimized with the Yoast SEO plugin v27.3 - https:\/\/yoast.com\/product\/yoast-seo-wordpress\/ -->\n<title>Em crise, montadoras buscam reinven\u00e7\u00e3o - Canal Dana<\/title>\n<meta name=\"robots\" content=\"index, follow, max-snippet:-1, max-image-preview:large, max-video-preview:-1\" \/>\n<link rel=\"canonical\" href=\"https:\/\/dana.com.br\/canaldana\/2019\/03\/25\/em-crise-montadoras-buscam-reinvencao\/\" \/>\n<meta property=\"og:locale\" content=\"pt_BR\" \/>\n<meta property=\"og:type\" content=\"article\" \/>\n<meta property=\"og:title\" content=\"Em crise, montadoras buscam reinven\u00e7\u00e3o - Canal Dana\" \/>\n<meta property=\"og:description\" content=\"O Estado de S. Paulo &nbsp; O processo de reestrutura\u00e7\u00e3o global da ind\u00fastria automobil\u00edstica que fez da Ford do ABC paulista sua primeira v\u00edtima no Brasil j\u00e1 levou ou levar\u00e1 em breve ao fechamento de pelo menos 20 f\u00e1bricas, a maior parte na Europa e nos EUA. Em busca de receitas para aplicar em tecnologias\u2026 Leia mais \u00bb\" \/>\n<meta property=\"og:url\" content=\"https:\/\/dana.com.br\/canaldana\/2019\/03\/25\/em-crise-montadoras-buscam-reinvencao\/\" \/>\n<meta property=\"og:site_name\" content=\"Canal Dana\" \/>\n<meta property=\"article:published_time\" content=\"2019-03-25T11:19:52+00:00\" \/>\n<meta name=\"author\" content=\"Canal Dana\" \/>\n<meta name=\"twitter:card\" content=\"summary_large_image\" \/>\n<meta name=\"twitter:label1\" content=\"Escrito por\" \/>\n\t<meta name=\"twitter:data1\" content=\"Canal Dana\" \/>\n\t<meta name=\"twitter:label2\" content=\"Est. tempo de leitura\" \/>\n\t<meta name=\"twitter:data2\" content=\"5 minutos\" \/>\n<script type=\"application\/ld+json\" class=\"yoast-schema-graph\">{\"@context\":\"https:\\\/\\\/schema.org\",\"@graph\":[{\"@type\":\"Article\",\"@id\":\"https:\\\/\\\/dana.com.br\\\/canaldana\\\/2019\\\/03\\\/25\\\/em-crise-montadoras-buscam-reinvencao\\\/#article\",\"isPartOf\":{\"@id\":\"https:\\\/\\\/dana.com.br\\\/canaldana\\\/2019\\\/03\\\/25\\\/em-crise-montadoras-buscam-reinvencao\\\/\"},\"author\":{\"name\":\"Canal Dana\",\"@id\":\"https:\\\/\\\/dana.com.br\\\/canaldana\\\/#\\\/schema\\\/person\\\/3c21f22f56fcf3bc46b94bc60ea4fef6\"},\"headline\":\"Em crise, montadoras buscam reinven\u00e7\u00e3o\",\"datePublished\":\"2019-03-25T11:19:52+00:00\",\"mainEntityOfPage\":{\"@id\":\"https:\\\/\\\/dana.com.br\\\/canaldana\\\/2019\\\/03\\\/25\\\/em-crise-montadoras-buscam-reinvencao\\\/\"},\"wordCount\":964,\"articleSection\":[\"Destaques\"],\"inLanguage\":\"pt-BR\"},{\"@type\":\"WebPage\",\"@id\":\"https:\\\/\\\/dana.com.br\\\/canaldana\\\/2019\\\/03\\\/25\\\/em-crise-montadoras-buscam-reinvencao\\\/\",\"url\":\"https:\\\/\\\/dana.com.br\\\/canaldana\\\/2019\\\/03\\\/25\\\/em-crise-montadoras-buscam-reinvencao\\\/\",\"name\":\"Em crise, montadoras buscam reinven\u00e7\u00e3o - Canal Dana\",\"isPartOf\":{\"@id\":\"https:\\\/\\\/dana.com.br\\\/canaldana\\\/#website\"},\"datePublished\":\"2019-03-25T11:19:52+00:00\",\"author\":{\"@id\":\"https:\\\/\\\/dana.com.br\\\/canaldana\\\/#\\\/schema\\\/person\\\/3c21f22f56fcf3bc46b94bc60ea4fef6\"},\"breadcrumb\":{\"@id\":\"https:\\\/\\\/dana.com.br\\\/canaldana\\\/2019\\\/03\\\/25\\\/em-crise-montadoras-buscam-reinvencao\\\/#breadcrumb\"},\"inLanguage\":\"pt-BR\",\"potentialAction\":[{\"@type\":\"ReadAction\",\"target\":[\"https:\\\/\\\/dana.com.br\\\/canaldana\\\/2019\\\/03\\\/25\\\/em-crise-montadoras-buscam-reinvencao\\\/\"]}]},{\"@type\":\"BreadcrumbList\",\"@id\":\"https:\\\/\\\/dana.com.br\\\/canaldana\\\/2019\\\/03\\\/25\\\/em-crise-montadoras-buscam-reinvencao\\\/#breadcrumb\",\"itemListElement\":[{\"@type\":\"ListItem\",\"position\":1,\"name\":\"Home\",\"item\":\"https:\\\/\\\/dana.com.br\\\/canaldana\\\/\"},{\"@type\":\"ListItem\",\"position\":2,\"name\":\"Destaques\",\"item\":\"https:\\\/\\\/dana.com.br\\\/canaldana\\\/destaques\\\/\"},{\"@type\":\"ListItem\",\"position\":3,\"name\":\"Em crise, montadoras buscam reinven\u00e7\u00e3o\"}]},{\"@type\":\"WebSite\",\"@id\":\"https:\\\/\\\/dana.com.br\\\/canaldana\\\/#website\",\"url\":\"https:\\\/\\\/dana.com.br\\\/canaldana\\\/\",\"name\":\"Canal Dana\",\"description\":\"Informativo com as principais not\u00edcias da ind\u00fastria automotiva\",\"potentialAction\":[{\"@type\":\"SearchAction\",\"target\":{\"@type\":\"EntryPoint\",\"urlTemplate\":\"https:\\\/\\\/dana.com.br\\\/canaldana\\\/?s={search_term_string}\"},\"query-input\":{\"@type\":\"PropertyValueSpecification\",\"valueRequired\":true,\"valueName\":\"search_term_string\"}}],\"inLanguage\":\"pt-BR\"},{\"@type\":\"Person\",\"@id\":\"https:\\\/\\\/dana.com.br\\\/canaldana\\\/#\\\/schema\\\/person\\\/3c21f22f56fcf3bc46b94bc60ea4fef6\",\"name\":\"Canal Dana\",\"image\":{\"@type\":\"ImageObject\",\"inLanguage\":\"pt-BR\",\"@id\":\"https:\\\/\\\/secure.gravatar.com\\\/avatar\\\/420aaf9278582877d9018637c6817617705899d2858d7572ef0fe59a6b6454b4?s=96&d=mm&r=g\",\"url\":\"https:\\\/\\\/secure.gravatar.com\\\/avatar\\\/420aaf9278582877d9018637c6817617705899d2858d7572ef0fe59a6b6454b4?s=96&d=mm&r=g\",\"contentUrl\":\"https:\\\/\\\/secure.gravatar.com\\\/avatar\\\/420aaf9278582877d9018637c6817617705899d2858d7572ef0fe59a6b6454b4?s=96&d=mm&r=g\",\"caption\":\"Canal Dana\"},\"url\":\"https:\\\/\\\/dana.com.br\\\/canaldana\\\/author\\\/cdeditor\\\/\"}]}<\/script>\n<!-- \/ Yoast SEO plugin. -->","yoast_head_json":{"title":"Em crise, montadoras buscam reinven\u00e7\u00e3o - Canal Dana","robots":{"index":"index","follow":"follow","max-snippet":"max-snippet:-1","max-image-preview":"max-image-preview:large","max-video-preview":"max-video-preview:-1"},"canonical":"https:\/\/dana.com.br\/canaldana\/2019\/03\/25\/em-crise-montadoras-buscam-reinvencao\/","og_locale":"pt_BR","og_type":"article","og_title":"Em crise, montadoras buscam reinven\u00e7\u00e3o - Canal Dana","og_description":"O Estado de S. Paulo &nbsp; O processo de reestrutura\u00e7\u00e3o global da ind\u00fastria automobil\u00edstica que fez da Ford do ABC paulista sua primeira v\u00edtima no Brasil j\u00e1 levou ou levar\u00e1 em breve ao fechamento de pelo menos 20 f\u00e1bricas, a maior parte na Europa e nos EUA. Em busca de receitas para aplicar em tecnologias\u2026 Leia mais \u00bb","og_url":"https:\/\/dana.com.br\/canaldana\/2019\/03\/25\/em-crise-montadoras-buscam-reinvencao\/","og_site_name":"Canal Dana","article_published_time":"2019-03-25T11:19:52+00:00","author":"Canal Dana","twitter_card":"summary_large_image","twitter_misc":{"Escrito por":"Canal Dana","Est. tempo de leitura":"5 minutos"},"schema":{"@context":"https:\/\/schema.org","@graph":[{"@type":"Article","@id":"https:\/\/dana.com.br\/canaldana\/2019\/03\/25\/em-crise-montadoras-buscam-reinvencao\/#article","isPartOf":{"@id":"https:\/\/dana.com.br\/canaldana\/2019\/03\/25\/em-crise-montadoras-buscam-reinvencao\/"},"author":{"name":"Canal Dana","@id":"https:\/\/dana.com.br\/canaldana\/#\/schema\/person\/3c21f22f56fcf3bc46b94bc60ea4fef6"},"headline":"Em crise, montadoras buscam reinven\u00e7\u00e3o","datePublished":"2019-03-25T11:19:52+00:00","mainEntityOfPage":{"@id":"https:\/\/dana.com.br\/canaldana\/2019\/03\/25\/em-crise-montadoras-buscam-reinvencao\/"},"wordCount":964,"articleSection":["Destaques"],"inLanguage":"pt-BR"},{"@type":"WebPage","@id":"https:\/\/dana.com.br\/canaldana\/2019\/03\/25\/em-crise-montadoras-buscam-reinvencao\/","url":"https:\/\/dana.com.br\/canaldana\/2019\/03\/25\/em-crise-montadoras-buscam-reinvencao\/","name":"Em crise, montadoras buscam reinven\u00e7\u00e3o - Canal Dana","isPartOf":{"@id":"https:\/\/dana.com.br\/canaldana\/#website"},"datePublished":"2019-03-25T11:19:52+00:00","author":{"@id":"https:\/\/dana.com.br\/canaldana\/#\/schema\/person\/3c21f22f56fcf3bc46b94bc60ea4fef6"},"breadcrumb":{"@id":"https:\/\/dana.com.br\/canaldana\/2019\/03\/25\/em-crise-montadoras-buscam-reinvencao\/#breadcrumb"},"inLanguage":"pt-BR","potentialAction":[{"@type":"ReadAction","target":["https:\/\/dana.com.br\/canaldana\/2019\/03\/25\/em-crise-montadoras-buscam-reinvencao\/"]}]},{"@type":"BreadcrumbList","@id":"https:\/\/dana.com.br\/canaldana\/2019\/03\/25\/em-crise-montadoras-buscam-reinvencao\/#breadcrumb","itemListElement":[{"@type":"ListItem","position":1,"name":"Home","item":"https:\/\/dana.com.br\/canaldana\/"},{"@type":"ListItem","position":2,"name":"Destaques","item":"https:\/\/dana.com.br\/canaldana\/destaques\/"},{"@type":"ListItem","position":3,"name":"Em crise, montadoras buscam reinven\u00e7\u00e3o"}]},{"@type":"WebSite","@id":"https:\/\/dana.com.br\/canaldana\/#website","url":"https:\/\/dana.com.br\/canaldana\/","name":"Canal Dana","description":"Informativo com as principais not\u00edcias da ind\u00fastria automotiva","potentialAction":[{"@type":"SearchAction","target":{"@type":"EntryPoint","urlTemplate":"https:\/\/dana.com.br\/canaldana\/?s={search_term_string}"},"query-input":{"@type":"PropertyValueSpecification","valueRequired":true,"valueName":"search_term_string"}}],"inLanguage":"pt-BR"},{"@type":"Person","@id":"https:\/\/dana.com.br\/canaldana\/#\/schema\/person\/3c21f22f56fcf3bc46b94bc60ea4fef6","name":"Canal Dana","image":{"@type":"ImageObject","inLanguage":"pt-BR","@id":"https:\/\/secure.gravatar.com\/avatar\/420aaf9278582877d9018637c6817617705899d2858d7572ef0fe59a6b6454b4?s=96&d=mm&r=g","url":"https:\/\/secure.gravatar.com\/avatar\/420aaf9278582877d9018637c6817617705899d2858d7572ef0fe59a6b6454b4?s=96&d=mm&r=g","contentUrl":"https:\/\/secure.gravatar.com\/avatar\/420aaf9278582877d9018637c6817617705899d2858d7572ef0fe59a6b6454b4?s=96&d=mm&r=g","caption":"Canal Dana"},"url":"https:\/\/dana.com.br\/canaldana\/author\/cdeditor\/"}]}},"_links":{"self":[{"href":"https:\/\/dana.com.br\/canaldana\/wp-json\/wp\/v2\/posts\/33236","targetHints":{"allow":["GET"]}}],"collection":[{"href":"https:\/\/dana.com.br\/canaldana\/wp-json\/wp\/v2\/posts"}],"about":[{"href":"https:\/\/dana.com.br\/canaldana\/wp-json\/wp\/v2\/types\/post"}],"author":[{"embeddable":true,"href":"https:\/\/dana.com.br\/canaldana\/wp-json\/wp\/v2\/users\/3"}],"replies":[{"embeddable":true,"href":"https:\/\/dana.com.br\/canaldana\/wp-json\/wp\/v2\/comments?post=33236"}],"version-history":[{"count":0,"href":"https:\/\/dana.com.br\/canaldana\/wp-json\/wp\/v2\/posts\/33236\/revisions"}],"wp:attachment":[{"href":"https:\/\/dana.com.br\/canaldana\/wp-json\/wp\/v2\/media?parent=33236"}],"wp:term":[{"taxonomy":"category","embeddable":true,"href":"https:\/\/dana.com.br\/canaldana\/wp-json\/wp\/v2\/categories?post=33236"},{"taxonomy":"post_tag","embeddable":true,"href":"https:\/\/dana.com.br\/canaldana\/wp-json\/wp\/v2\/tags?post=33236"}],"curies":[{"name":"wp","href":"https:\/\/api.w.org\/{rel}","templated":true}]}}