{"id":33232,"date":"2019-03-25T08:18:52","date_gmt":"2019-03-25T11:18:52","guid":{"rendered":"https:\/\/dana.com.br\/canaldana\/?p=33232"},"modified":"2019-03-25T08:18:52","modified_gmt":"2019-03-25T11:18:52","slug":"audi-e-ducati-inauguram-primeiro-modelo-de-concessionaria-integrada-em-ms","status":"publish","type":"post","link":"https:\/\/dana.com.br\/canaldana\/2019\/03\/25\/audi-e-ducati-inauguram-primeiro-modelo-de-concessionaria-integrada-em-ms\/","title":{"rendered":"Audi e Ducati inauguram primeiro modelo de concession\u00e1ria integrada em MS"},"content":{"rendered":"<p><em>A Cr\u00edtica<\/em><\/p>\n<p>&nbsp;<\/p>\n<p>A Audi do Brasil e a Ducati do Brasil inauguraram em Campo Grande-MS, o primeiro modelo de concession\u00e1ria integrada do Pa\u00eds em Campo Grande, Mato Grosso do Sul. O Grupo Autobel ser\u00e1 o respons\u00e1vel por comercializar as motocicletas da empresa italiana ao lado dos ve\u00edculos alem\u00e3es que j\u00e1 s\u00e3o vendidos na cidade.<\/p>\n<p>&nbsp;<\/p>\n<p>O novo formato incluir\u00e1 um espa\u00e7o exclusivo de 100 metros quadrados para motocicletas com oficina e p\u00e1tio. J\u00e1 a \u00e1rea de showroom apresentar\u00e1 um novo modelo de exposi\u00e7\u00e3o &#8211; as motocicletas estar\u00e3o distribu\u00eddas pela concession\u00e1ria ao lado dos carros da Audi, exemplificando a sinergia entre os modelos de quatro e duas rodas.<\/p>\n<p>&nbsp;<\/p>\n<p>\u201cEsta inaugura\u00e7\u00e3o representa um benef\u00edcio direto aos nossos consumidores, pois eles ter\u00e3o a chance de ver em um mesmo local produtos Audi e Ducati, que trazem em seu DNA muita tecnologia, sofistica\u00e7\u00e3o e esportividade\u201d, afirma Johannes Roscheck, CEO e presidente da Audi do Brasil.<\/p>\n<p>&nbsp;<\/p>\n<p>Com a chegada da Ducati, a concession\u00e1ria passa a oferecer um portf\u00f3lio de produtos ainda mais sofisticado, como os modelos da linha Multistrada, fam\u00edlia Panigale, e modelos da fam\u00edlia Monster, Diavel e XDiavel, Scrambler e Supersport. Os modelos complementam a extensa lista de ve\u00edculos Audi j\u00e1 vendidos na regi\u00e3o com as fam\u00edlias A, Q e os esportivos da Audi Sport.<\/p>\n<p>&nbsp;<\/p>\n<p>A 10a. concession\u00e1ria Ducati no Brasil abriu suas portas na cidade de Campo Grande, capital do Mato Grosso do Sul, ontem, quinta-feira, dia 22 de mar\u00e7o<\/p>\n<p>&nbsp;<\/p>\n<p>A expectativa com a nova Ducati Campo Grande \u00e9 suprir as mais variadas necessidades dos clientes, atrav\u00e9s de produtos, servi\u00e7os e uma plataforma de experi\u00eancia exclusiva. \u201cAssim como n\u00f3s, o campo-grandense \u00e9 apaixonado por duas e quatro rodas, por isso, o mercado da regi\u00e3o \u00e9 muito promissor e dever\u00e1 superar as expectativas\u201d, prev\u00ea Diego Borghi, presidente da Ducati do Brasil<\/p>\n<p>&nbsp;<\/p>\n<p>\u201cO sonho de quem atua com distribui\u00e7\u00e3o no setor automotivo \u00e9 representar marcas conceituadas e superar as expectativas dos clientes. Nosso foco \u00e9 atuar de forma ativa em vendas e p\u00f3s-vendas, investir na estrutura da concession\u00e1ria com ferramental excelente e alta qualifica\u00e7\u00e3o da equipe\u201d, destaca Cristiano Gionco, diretor do grupo Autobel.<\/p>\n<p>&nbsp;<\/p>\n<p>A marca italiana \u00e9 especializada em motos esportivas.<\/p>\n<p>&nbsp;<\/p>\n<p>Esta ser\u00e1 a d\u00e9cima concession\u00e1ria da marca italiana no Pa\u00eds, a primeira na cidade. Est\u00e1 localizada na Av. Afonso Pena, 5720, no bairro Ch\u00e1cara Cachoeira, em Campo Grande\/MS, regi\u00e3o nobre para o setor automotivo e local privilegiado da capital sul- mato-grossense.<\/p>\n<p>&nbsp;<\/p>\n<p><strong>Servi\u00e7o<\/strong><\/p>\n<p><strong>Audi Center Campo Grande<\/strong><\/p>\n<p><strong>Concession\u00e1ria Audi e Ducati em Campo Grande<\/strong><\/p>\n<p><strong>Endere\u00e7o: <\/strong>Av. Afonso Pena, 5720 &#8211; Ch\u00e1cara Cachoeira, Campo Grande &#8211; MS, 79040-010<\/p>\n<p><strong>Telefone:<\/strong> (67) 3041-8800<\/p>\n<p>(A Cr\u00edtica)<\/p>\n","protected":false},"excerpt":{"rendered":"<p>A Cr\u00edtica &nbsp; A Audi do Brasil e a Ducati do Brasil inauguraram em Campo Grande-MS, o primeiro modelo de concession\u00e1ria integrada do Pa\u00eds em Campo Grande, Mato Grosso do Sul. O Grupo Autobel ser\u00e1 o respons\u00e1vel por comercializar as motocicletas da empresa italiana ao lado dos ve\u00edculos alem\u00e3es que j\u00e1 s\u00e3o vendidos na cidade.\u2026 <a class=\"readmore\" href=\"https:\/\/dana.com.br\/canaldana\/2019\/03\/25\/audi-e-ducati-inauguram-primeiro-modelo-de-concessionaria-integrada-em-ms\/\">Leia mais \u00bb<\/a><\/p>\n","protected":false},"author":3,"featured_media":0,"comment_status":"closed","ping_status":"closed","sticky":false,"template":"","format":"standard","meta":{"_acf_changed":false,"footnotes":""},"categories":[61],"tags":[],"class_list":["post-33232","post","type-post","status-publish","format-standard","hentry","category-destaques"],"acf":[],"yoast_head":"<!-- This site is optimized with the Yoast SEO plugin v27.3 - https:\/\/yoast.com\/product\/yoast-seo-wordpress\/ -->\n<title>Audi e Ducati inauguram primeiro modelo de concession\u00e1ria integrada em MS - Canal Dana<\/title>\n<meta name=\"robots\" content=\"index, follow, max-snippet:-1, max-image-preview:large, max-video-preview:-1\" \/>\n<link rel=\"canonical\" href=\"https:\/\/dana.com.br\/canaldana\/2019\/03\/25\/audi-e-ducati-inauguram-primeiro-modelo-de-concessionaria-integrada-em-ms\/\" \/>\n<meta property=\"og:locale\" content=\"pt_BR\" \/>\n<meta property=\"og:type\" content=\"article\" \/>\n<meta property=\"og:title\" content=\"Audi e Ducati inauguram primeiro modelo de concession\u00e1ria integrada em MS - Canal Dana\" \/>\n<meta property=\"og:description\" content=\"A Cr\u00edtica &nbsp; A Audi do Brasil e a Ducati do Brasil inauguraram em Campo Grande-MS, o primeiro modelo de concession\u00e1ria integrada do Pa\u00eds em Campo Grande, Mato Grosso do Sul. O Grupo Autobel ser\u00e1 o respons\u00e1vel por comercializar as motocicletas da empresa italiana ao lado dos ve\u00edculos alem\u00e3es que j\u00e1 s\u00e3o vendidos na cidade.\u2026 Leia mais \u00bb\" \/>\n<meta property=\"og:url\" content=\"https:\/\/dana.com.br\/canaldana\/2019\/03\/25\/audi-e-ducati-inauguram-primeiro-modelo-de-concessionaria-integrada-em-ms\/\" \/>\n<meta property=\"og:site_name\" content=\"Canal Dana\" \/>\n<meta property=\"article:published_time\" content=\"2019-03-25T11:18:52+00:00\" \/>\n<meta name=\"author\" content=\"Canal Dana\" \/>\n<meta name=\"twitter:card\" content=\"summary_large_image\" \/>\n<meta name=\"twitter:label1\" content=\"Escrito por\" \/>\n\t<meta name=\"twitter:data1\" content=\"Canal Dana\" \/>\n\t<meta name=\"twitter:label2\" content=\"Est. tempo de leitura\" \/>\n\t<meta name=\"twitter:data2\" content=\"2 minutos\" \/>\n<script type=\"application\/ld+json\" class=\"yoast-schema-graph\">{\"@context\":\"https:\\\/\\\/schema.org\",\"@graph\":[{\"@type\":\"Article\",\"@id\":\"https:\\\/\\\/dana.com.br\\\/canaldana\\\/2019\\\/03\\\/25\\\/audi-e-ducati-inauguram-primeiro-modelo-de-concessionaria-integrada-em-ms\\\/#article\",\"isPartOf\":{\"@id\":\"https:\\\/\\\/dana.com.br\\\/canaldana\\\/2019\\\/03\\\/25\\\/audi-e-ducati-inauguram-primeiro-modelo-de-concessionaria-integrada-em-ms\\\/\"},\"author\":{\"name\":\"Canal Dana\",\"@id\":\"https:\\\/\\\/dana.com.br\\\/canaldana\\\/#\\\/schema\\\/person\\\/3c21f22f56fcf3bc46b94bc60ea4fef6\"},\"headline\":\"Audi e Ducati inauguram primeiro modelo de concession\u00e1ria integrada em MS\",\"datePublished\":\"2019-03-25T11:18:52+00:00\",\"mainEntityOfPage\":{\"@id\":\"https:\\\/\\\/dana.com.br\\\/canaldana\\\/2019\\\/03\\\/25\\\/audi-e-ducati-inauguram-primeiro-modelo-de-concessionaria-integrada-em-ms\\\/\"},\"wordCount\":483,\"articleSection\":[\"Destaques\"],\"inLanguage\":\"pt-BR\"},{\"@type\":\"WebPage\",\"@id\":\"https:\\\/\\\/dana.com.br\\\/canaldana\\\/2019\\\/03\\\/25\\\/audi-e-ducati-inauguram-primeiro-modelo-de-concessionaria-integrada-em-ms\\\/\",\"url\":\"https:\\\/\\\/dana.com.br\\\/canaldana\\\/2019\\\/03\\\/25\\\/audi-e-ducati-inauguram-primeiro-modelo-de-concessionaria-integrada-em-ms\\\/\",\"name\":\"Audi e Ducati inauguram primeiro modelo de concession\u00e1ria integrada em MS - Canal Dana\",\"isPartOf\":{\"@id\":\"https:\\\/\\\/dana.com.br\\\/canaldana\\\/#website\"},\"datePublished\":\"2019-03-25T11:18:52+00:00\",\"author\":{\"@id\":\"https:\\\/\\\/dana.com.br\\\/canaldana\\\/#\\\/schema\\\/person\\\/3c21f22f56fcf3bc46b94bc60ea4fef6\"},\"breadcrumb\":{\"@id\":\"https:\\\/\\\/dana.com.br\\\/canaldana\\\/2019\\\/03\\\/25\\\/audi-e-ducati-inauguram-primeiro-modelo-de-concessionaria-integrada-em-ms\\\/#breadcrumb\"},\"inLanguage\":\"pt-BR\",\"potentialAction\":[{\"@type\":\"ReadAction\",\"target\":[\"https:\\\/\\\/dana.com.br\\\/canaldana\\\/2019\\\/03\\\/25\\\/audi-e-ducati-inauguram-primeiro-modelo-de-concessionaria-integrada-em-ms\\\/\"]}]},{\"@type\":\"BreadcrumbList\",\"@id\":\"https:\\\/\\\/dana.com.br\\\/canaldana\\\/2019\\\/03\\\/25\\\/audi-e-ducati-inauguram-primeiro-modelo-de-concessionaria-integrada-em-ms\\\/#breadcrumb\",\"itemListElement\":[{\"@type\":\"ListItem\",\"position\":1,\"name\":\"Home\",\"item\":\"https:\\\/\\\/dana.com.br\\\/canaldana\\\/\"},{\"@type\":\"ListItem\",\"position\":2,\"name\":\"Destaques\",\"item\":\"https:\\\/\\\/dana.com.br\\\/canaldana\\\/destaques\\\/\"},{\"@type\":\"ListItem\",\"position\":3,\"name\":\"Audi e Ducati inauguram primeiro modelo de concession\u00e1ria integrada em MS\"}]},{\"@type\":\"WebSite\",\"@id\":\"https:\\\/\\\/dana.com.br\\\/canaldana\\\/#website\",\"url\":\"https:\\\/\\\/dana.com.br\\\/canaldana\\\/\",\"name\":\"Canal Dana\",\"description\":\"Informativo com as principais not\u00edcias da ind\u00fastria automotiva\",\"potentialAction\":[{\"@type\":\"SearchAction\",\"target\":{\"@type\":\"EntryPoint\",\"urlTemplate\":\"https:\\\/\\\/dana.com.br\\\/canaldana\\\/?s={search_term_string}\"},\"query-input\":{\"@type\":\"PropertyValueSpecification\",\"valueRequired\":true,\"valueName\":\"search_term_string\"}}],\"inLanguage\":\"pt-BR\"},{\"@type\":\"Person\",\"@id\":\"https:\\\/\\\/dana.com.br\\\/canaldana\\\/#\\\/schema\\\/person\\\/3c21f22f56fcf3bc46b94bc60ea4fef6\",\"name\":\"Canal Dana\",\"image\":{\"@type\":\"ImageObject\",\"inLanguage\":\"pt-BR\",\"@id\":\"https:\\\/\\\/secure.gravatar.com\\\/avatar\\\/420aaf9278582877d9018637c6817617705899d2858d7572ef0fe59a6b6454b4?s=96&d=mm&r=g\",\"url\":\"https:\\\/\\\/secure.gravatar.com\\\/avatar\\\/420aaf9278582877d9018637c6817617705899d2858d7572ef0fe59a6b6454b4?s=96&d=mm&r=g\",\"contentUrl\":\"https:\\\/\\\/secure.gravatar.com\\\/avatar\\\/420aaf9278582877d9018637c6817617705899d2858d7572ef0fe59a6b6454b4?s=96&d=mm&r=g\",\"caption\":\"Canal Dana\"},\"url\":\"https:\\\/\\\/dana.com.br\\\/canaldana\\\/author\\\/cdeditor\\\/\"}]}<\/script>\n<!-- \/ Yoast SEO plugin. -->","yoast_head_json":{"title":"Audi e Ducati inauguram primeiro modelo de concession\u00e1ria integrada em MS - Canal Dana","robots":{"index":"index","follow":"follow","max-snippet":"max-snippet:-1","max-image-preview":"max-image-preview:large","max-video-preview":"max-video-preview:-1"},"canonical":"https:\/\/dana.com.br\/canaldana\/2019\/03\/25\/audi-e-ducati-inauguram-primeiro-modelo-de-concessionaria-integrada-em-ms\/","og_locale":"pt_BR","og_type":"article","og_title":"Audi e Ducati inauguram primeiro modelo de concession\u00e1ria integrada em MS - Canal Dana","og_description":"A Cr\u00edtica &nbsp; A Audi do Brasil e a Ducati do Brasil inauguraram em Campo Grande-MS, o primeiro modelo de concession\u00e1ria integrada do Pa\u00eds em Campo Grande, Mato Grosso do Sul. O Grupo Autobel ser\u00e1 o respons\u00e1vel por comercializar as motocicletas da empresa italiana ao lado dos ve\u00edculos alem\u00e3es que j\u00e1 s\u00e3o vendidos na cidade.\u2026 Leia mais \u00bb","og_url":"https:\/\/dana.com.br\/canaldana\/2019\/03\/25\/audi-e-ducati-inauguram-primeiro-modelo-de-concessionaria-integrada-em-ms\/","og_site_name":"Canal Dana","article_published_time":"2019-03-25T11:18:52+00:00","author":"Canal Dana","twitter_card":"summary_large_image","twitter_misc":{"Escrito por":"Canal Dana","Est. tempo de leitura":"2 minutos"},"schema":{"@context":"https:\/\/schema.org","@graph":[{"@type":"Article","@id":"https:\/\/dana.com.br\/canaldana\/2019\/03\/25\/audi-e-ducati-inauguram-primeiro-modelo-de-concessionaria-integrada-em-ms\/#article","isPartOf":{"@id":"https:\/\/dana.com.br\/canaldana\/2019\/03\/25\/audi-e-ducati-inauguram-primeiro-modelo-de-concessionaria-integrada-em-ms\/"},"author":{"name":"Canal Dana","@id":"https:\/\/dana.com.br\/canaldana\/#\/schema\/person\/3c21f22f56fcf3bc46b94bc60ea4fef6"},"headline":"Audi e Ducati inauguram primeiro modelo de concession\u00e1ria integrada em MS","datePublished":"2019-03-25T11:18:52+00:00","mainEntityOfPage":{"@id":"https:\/\/dana.com.br\/canaldana\/2019\/03\/25\/audi-e-ducati-inauguram-primeiro-modelo-de-concessionaria-integrada-em-ms\/"},"wordCount":483,"articleSection":["Destaques"],"inLanguage":"pt-BR"},{"@type":"WebPage","@id":"https:\/\/dana.com.br\/canaldana\/2019\/03\/25\/audi-e-ducati-inauguram-primeiro-modelo-de-concessionaria-integrada-em-ms\/","url":"https:\/\/dana.com.br\/canaldana\/2019\/03\/25\/audi-e-ducati-inauguram-primeiro-modelo-de-concessionaria-integrada-em-ms\/","name":"Audi e Ducati inauguram primeiro modelo de concession\u00e1ria integrada em MS - Canal Dana","isPartOf":{"@id":"https:\/\/dana.com.br\/canaldana\/#website"},"datePublished":"2019-03-25T11:18:52+00:00","author":{"@id":"https:\/\/dana.com.br\/canaldana\/#\/schema\/person\/3c21f22f56fcf3bc46b94bc60ea4fef6"},"breadcrumb":{"@id":"https:\/\/dana.com.br\/canaldana\/2019\/03\/25\/audi-e-ducati-inauguram-primeiro-modelo-de-concessionaria-integrada-em-ms\/#breadcrumb"},"inLanguage":"pt-BR","potentialAction":[{"@type":"ReadAction","target":["https:\/\/dana.com.br\/canaldana\/2019\/03\/25\/audi-e-ducati-inauguram-primeiro-modelo-de-concessionaria-integrada-em-ms\/"]}]},{"@type":"BreadcrumbList","@id":"https:\/\/dana.com.br\/canaldana\/2019\/03\/25\/audi-e-ducati-inauguram-primeiro-modelo-de-concessionaria-integrada-em-ms\/#breadcrumb","itemListElement":[{"@type":"ListItem","position":1,"name":"Home","item":"https:\/\/dana.com.br\/canaldana\/"},{"@type":"ListItem","position":2,"name":"Destaques","item":"https:\/\/dana.com.br\/canaldana\/destaques\/"},{"@type":"ListItem","position":3,"name":"Audi e Ducati inauguram primeiro modelo de concession\u00e1ria integrada em MS"}]},{"@type":"WebSite","@id":"https:\/\/dana.com.br\/canaldana\/#website","url":"https:\/\/dana.com.br\/canaldana\/","name":"Canal Dana","description":"Informativo com as principais not\u00edcias da ind\u00fastria automotiva","potentialAction":[{"@type":"SearchAction","target":{"@type":"EntryPoint","urlTemplate":"https:\/\/dana.com.br\/canaldana\/?s={search_term_string}"},"query-input":{"@type":"PropertyValueSpecification","valueRequired":true,"valueName":"search_term_string"}}],"inLanguage":"pt-BR"},{"@type":"Person","@id":"https:\/\/dana.com.br\/canaldana\/#\/schema\/person\/3c21f22f56fcf3bc46b94bc60ea4fef6","name":"Canal Dana","image":{"@type":"ImageObject","inLanguage":"pt-BR","@id":"https:\/\/secure.gravatar.com\/avatar\/420aaf9278582877d9018637c6817617705899d2858d7572ef0fe59a6b6454b4?s=96&d=mm&r=g","url":"https:\/\/secure.gravatar.com\/avatar\/420aaf9278582877d9018637c6817617705899d2858d7572ef0fe59a6b6454b4?s=96&d=mm&r=g","contentUrl":"https:\/\/secure.gravatar.com\/avatar\/420aaf9278582877d9018637c6817617705899d2858d7572ef0fe59a6b6454b4?s=96&d=mm&r=g","caption":"Canal Dana"},"url":"https:\/\/dana.com.br\/canaldana\/author\/cdeditor\/"}]}},"_links":{"self":[{"href":"https:\/\/dana.com.br\/canaldana\/wp-json\/wp\/v2\/posts\/33232","targetHints":{"allow":["GET"]}}],"collection":[{"href":"https:\/\/dana.com.br\/canaldana\/wp-json\/wp\/v2\/posts"}],"about":[{"href":"https:\/\/dana.com.br\/canaldana\/wp-json\/wp\/v2\/types\/post"}],"author":[{"embeddable":true,"href":"https:\/\/dana.com.br\/canaldana\/wp-json\/wp\/v2\/users\/3"}],"replies":[{"embeddable":true,"href":"https:\/\/dana.com.br\/canaldana\/wp-json\/wp\/v2\/comments?post=33232"}],"version-history":[{"count":0,"href":"https:\/\/dana.com.br\/canaldana\/wp-json\/wp\/v2\/posts\/33232\/revisions"}],"wp:attachment":[{"href":"https:\/\/dana.com.br\/canaldana\/wp-json\/wp\/v2\/media?parent=33232"}],"wp:term":[{"taxonomy":"category","embeddable":true,"href":"https:\/\/dana.com.br\/canaldana\/wp-json\/wp\/v2\/categories?post=33232"},{"taxonomy":"post_tag","embeddable":true,"href":"https:\/\/dana.com.br\/canaldana\/wp-json\/wp\/v2\/tags?post=33232"}],"curies":[{"name":"wp","href":"https:\/\/api.w.org\/{rel}","templated":true}]}}