{"id":33124,"date":"2019-03-20T08:47:59","date_gmt":"2019-03-20T11:47:59","guid":{"rendered":"https:\/\/dana.com.br\/canaldana\/?p=33124"},"modified":"2019-03-20T08:47:59","modified_gmt":"2019-03-20T11:47:59","slug":"fabrica-de-sao-carlos-e-eleita-a-mais-eficiente-dentre-as-unidades-de-componentes-do-grupo-volkswagen","status":"publish","type":"post","link":"https:\/\/dana.com.br\/canaldana\/2019\/03\/20\/fabrica-de-sao-carlos-e-eleita-a-mais-eficiente-dentre-as-unidades-de-componentes-do-grupo-volkswagen\/","title":{"rendered":"F\u00e1brica de S\u00e3o Carlos \u00e9 eleita a mais eficiente dentre as unidades de componentes do Grupo Volkswagen"},"content":{"rendered":"<p><em>A Cidade ON S\u00e3o &#8211; Carlos<\/em><\/p>\n<p>&nbsp;<\/p>\n<p>A unidade produtora de motores ficou com o primeiro lugar na categoria Efici\u00eancia de Montagem, superando 19 concorrentes em todo o mundo. Os principais fatores que levaram \u00e0 conquista s\u00e3o o aumento da efici\u00eancia dos processos produtivos, como por exemplo a redu\u00e7\u00e3o do tempo ciclo das opera\u00e7\u00f5es autom\u00e1ticas, o treinamento dos empregados com foco em versatilidade e o aumento da efici\u00eancia nos postos de trabalho.<\/p>\n<p>&nbsp;<\/p>\n<p>&#8220;A f\u00e1brica de S\u00e3o Carlos \u00e9 estrat\u00e9gica para a Volkswagen do Brasil e um player importante para a Empresa no mundo, pela alta tecnologia de seus processos que permitem a fabrica\u00e7\u00e3o de motores que geram um diferencial para os carros da Marca. Essa qualidade \u00e9 reconhecida pelos diversos contratos de exporta\u00e7\u00e3o que temos para v\u00e1rios pa\u00edses. Os nossos motores atendem os mercados mais exigentes do mundo, como o norte americano e alem\u00e3o&#8221;, disse o Presidente e CEO da Volkswagen Am\u00e9rica Latina, Pablo Di Si.<\/p>\n<p>&nbsp;<\/p>\n<p>A f\u00e1brica conquistou ainda o terceiro lugar na categoria Networking (trabalho conjunto com outras unidades de Componentes). A premia\u00e7\u00e3o se refere \u00e0s avalia\u00e7\u00f5es do programa mundial, realizadas ao longo de 2018, a partir de auditorias peri\u00f3dicas nas \u00e1reas produtivas, que avaliam tamb\u00e9m aspectos como Shopfloor Management (Gest\u00e3o da produ\u00e7\u00e3o), processos log\u00edsticos e custo de ferramental.<\/p>\n<p>&nbsp;<\/p>\n<p>&#8220;Essa vit\u00f3ria s\u00f3 foi poss\u00edvel gra\u00e7as ao engajamento de todos os empregados e ao relacionamento com nossos parceiros. Ela \u00e9 de extrema import\u00e2ncia, pois coloca S\u00e3o Carlos em destaque perante todo o Grupo e traz uma visibilidade fundamental para que possamos conquistar novos neg\u00f3cios&#8221; destacou Marcus Gorisch, Plant Manager da unidade.<\/p>\n<p>&nbsp;<\/p>\n<p><strong>Programa SPEED+ <\/strong><\/p>\n<p>&nbsp;<\/p>\n<p>A premia\u00e7\u00e3o SPEED+, iniciada em 2017, est\u00e1 em sua segunda edi\u00e7\u00e3o e reconhece as melhores unidades de componentes pelos seus indicadores nas categorias efici\u00eancia de usinagem, efici\u00eancia de montagem, Shopfloor Management, excel\u00eancia de processos, custos de ferramental e Networking. Representantes das 19 f\u00e1bricas, de sete pa\u00edses, participaram da premia\u00e7\u00e3o, que reconheceu os melhores de 2018. A unidade de S\u00e3o Carlos estreou em 2018 na competi\u00e7\u00e3o.<\/p>\n<p>&nbsp;<\/p>\n<p><strong>F\u00e1brica de S\u00e3o Carlos <\/strong><\/p>\n<p>&nbsp;<\/p>\n<p>Com mais de 11 milh\u00f5es de motores produzidos desde o in\u00edcio de suas atividades em 1996, a unidade de S\u00e3o Carlos \u00e9 respons\u00e1vel pela produ\u00e7\u00e3o dos propulsores da fam\u00edlia EA211 nas vers\u00f5es 1.0l MPI, 1.0l TSI, 1.4l TSI e 1.6l MSI, que equipam os modelos Novo Polo, Virtus, T-Cross, up!, cross up!, Gol, Voyage, Saveiro, Saveiro Cross, Jetta, Tiguan, Golf e Audi A3. Em S\u00e3o Carlos, tamb\u00e9m \u00e9 fabricado o consagrado EA111 1.6l, presente nos modelos Gol, Fox, Voyage, e Saveiro. Para o mercado brasileiro, 100% dos produtos recebem a tecnologia bicombust\u00edvel Total Flex. Para o mercado externo, Argentina, M\u00e9xico, entre outros, s\u00e3o produzidos motores a gasolina. (A Cidade ON S\u00e3o &#8211; Carlos)<\/p>\n","protected":false},"excerpt":{"rendered":"<p>A Cidade ON S\u00e3o &#8211; Carlos &nbsp; A unidade produtora de motores ficou com o primeiro lugar na categoria Efici\u00eancia de Montagem, superando 19 concorrentes em todo o mundo. Os principais fatores que levaram \u00e0 conquista s\u00e3o o aumento da efici\u00eancia dos processos produtivos, como por exemplo a redu\u00e7\u00e3o do tempo ciclo das opera\u00e7\u00f5es autom\u00e1ticas,\u2026 <a class=\"readmore\" href=\"https:\/\/dana.com.br\/canaldana\/2019\/03\/20\/fabrica-de-sao-carlos-e-eleita-a-mais-eficiente-dentre-as-unidades-de-componentes-do-grupo-volkswagen\/\">Leia mais \u00bb<\/a><\/p>\n","protected":false},"author":3,"featured_media":0,"comment_status":"closed","ping_status":"closed","sticky":false,"template":"","format":"standard","meta":{"_acf_changed":false,"footnotes":""},"categories":[74],"tags":[],"class_list":["post-33124","post","type-post","status-publish","format-standard","hentry","category-premios"],"acf":[],"yoast_head":"<!-- This site is optimized with the Yoast SEO plugin v27.3 - https:\/\/yoast.com\/product\/yoast-seo-wordpress\/ -->\n<title>F\u00e1brica de S\u00e3o Carlos \u00e9 eleita a mais eficiente dentre as unidades de componentes do Grupo Volkswagen - Canal Dana<\/title>\n<meta name=\"robots\" content=\"index, follow, max-snippet:-1, max-image-preview:large, max-video-preview:-1\" \/>\n<link rel=\"canonical\" href=\"https:\/\/dana.com.br\/canaldana\/2019\/03\/20\/fabrica-de-sao-carlos-e-eleita-a-mais-eficiente-dentre-as-unidades-de-componentes-do-grupo-volkswagen\/\" \/>\n<meta property=\"og:locale\" content=\"pt_BR\" \/>\n<meta property=\"og:type\" content=\"article\" \/>\n<meta property=\"og:title\" content=\"F\u00e1brica de S\u00e3o Carlos \u00e9 eleita a mais eficiente dentre as unidades de componentes do Grupo Volkswagen - Canal Dana\" \/>\n<meta property=\"og:description\" content=\"A Cidade ON S\u00e3o &#8211; Carlos &nbsp; A unidade produtora de motores ficou com o primeiro lugar na categoria Efici\u00eancia de Montagem, superando 19 concorrentes em todo o mundo. Os principais fatores que levaram \u00e0 conquista s\u00e3o o aumento da efici\u00eancia dos processos produtivos, como por exemplo a redu\u00e7\u00e3o do tempo ciclo das opera\u00e7\u00f5es autom\u00e1ticas,\u2026 Leia mais \u00bb\" \/>\n<meta property=\"og:url\" content=\"https:\/\/dana.com.br\/canaldana\/2019\/03\/20\/fabrica-de-sao-carlos-e-eleita-a-mais-eficiente-dentre-as-unidades-de-componentes-do-grupo-volkswagen\/\" \/>\n<meta property=\"og:site_name\" content=\"Canal Dana\" \/>\n<meta property=\"article:published_time\" content=\"2019-03-20T11:47:59+00:00\" \/>\n<meta name=\"author\" content=\"Canal Dana\" \/>\n<meta name=\"twitter:card\" content=\"summary_large_image\" \/>\n<meta name=\"twitter:label1\" content=\"Escrito por\" \/>\n\t<meta name=\"twitter:data1\" content=\"Canal Dana\" \/>\n\t<meta name=\"twitter:label2\" content=\"Est. tempo de leitura\" \/>\n\t<meta name=\"twitter:data2\" content=\"2 minutos\" \/>\n<script type=\"application\/ld+json\" class=\"yoast-schema-graph\">{\"@context\":\"https:\\\/\\\/schema.org\",\"@graph\":[{\"@type\":\"Article\",\"@id\":\"https:\\\/\\\/dana.com.br\\\/canaldana\\\/2019\\\/03\\\/20\\\/fabrica-de-sao-carlos-e-eleita-a-mais-eficiente-dentre-as-unidades-de-componentes-do-grupo-volkswagen\\\/#article\",\"isPartOf\":{\"@id\":\"https:\\\/\\\/dana.com.br\\\/canaldana\\\/2019\\\/03\\\/20\\\/fabrica-de-sao-carlos-e-eleita-a-mais-eficiente-dentre-as-unidades-de-componentes-do-grupo-volkswagen\\\/\"},\"author\":{\"name\":\"Canal Dana\",\"@id\":\"https:\\\/\\\/dana.com.br\\\/canaldana\\\/#\\\/schema\\\/person\\\/3c21f22f56fcf3bc46b94bc60ea4fef6\"},\"headline\":\"F\u00e1brica de S\u00e3o Carlos \u00e9 eleita a mais eficiente dentre as unidades de componentes do Grupo Volkswagen\",\"datePublished\":\"2019-03-20T11:47:59+00:00\",\"mainEntityOfPage\":{\"@id\":\"https:\\\/\\\/dana.com.br\\\/canaldana\\\/2019\\\/03\\\/20\\\/fabrica-de-sao-carlos-e-eleita-a-mais-eficiente-dentre-as-unidades-de-componentes-do-grupo-volkswagen\\\/\"},\"wordCount\":512,\"articleSection\":[\"Pr\u00eamios\"],\"inLanguage\":\"pt-BR\"},{\"@type\":\"WebPage\",\"@id\":\"https:\\\/\\\/dana.com.br\\\/canaldana\\\/2019\\\/03\\\/20\\\/fabrica-de-sao-carlos-e-eleita-a-mais-eficiente-dentre-as-unidades-de-componentes-do-grupo-volkswagen\\\/\",\"url\":\"https:\\\/\\\/dana.com.br\\\/canaldana\\\/2019\\\/03\\\/20\\\/fabrica-de-sao-carlos-e-eleita-a-mais-eficiente-dentre-as-unidades-de-componentes-do-grupo-volkswagen\\\/\",\"name\":\"F\u00e1brica de S\u00e3o Carlos \u00e9 eleita a mais eficiente dentre as unidades de componentes do Grupo Volkswagen - Canal Dana\",\"isPartOf\":{\"@id\":\"https:\\\/\\\/dana.com.br\\\/canaldana\\\/#website\"},\"datePublished\":\"2019-03-20T11:47:59+00:00\",\"author\":{\"@id\":\"https:\\\/\\\/dana.com.br\\\/canaldana\\\/#\\\/schema\\\/person\\\/3c21f22f56fcf3bc46b94bc60ea4fef6\"},\"breadcrumb\":{\"@id\":\"https:\\\/\\\/dana.com.br\\\/canaldana\\\/2019\\\/03\\\/20\\\/fabrica-de-sao-carlos-e-eleita-a-mais-eficiente-dentre-as-unidades-de-componentes-do-grupo-volkswagen\\\/#breadcrumb\"},\"inLanguage\":\"pt-BR\",\"potentialAction\":[{\"@type\":\"ReadAction\",\"target\":[\"https:\\\/\\\/dana.com.br\\\/canaldana\\\/2019\\\/03\\\/20\\\/fabrica-de-sao-carlos-e-eleita-a-mais-eficiente-dentre-as-unidades-de-componentes-do-grupo-volkswagen\\\/\"]}]},{\"@type\":\"BreadcrumbList\",\"@id\":\"https:\\\/\\\/dana.com.br\\\/canaldana\\\/2019\\\/03\\\/20\\\/fabrica-de-sao-carlos-e-eleita-a-mais-eficiente-dentre-as-unidades-de-componentes-do-grupo-volkswagen\\\/#breadcrumb\",\"itemListElement\":[{\"@type\":\"ListItem\",\"position\":1,\"name\":\"Home\",\"item\":\"https:\\\/\\\/dana.com.br\\\/canaldana\\\/\"},{\"@type\":\"ListItem\",\"position\":2,\"name\":\"Pr\u00eamios\",\"item\":\"https:\\\/\\\/dana.com.br\\\/canaldana\\\/premios\\\/\"},{\"@type\":\"ListItem\",\"position\":3,\"name\":\"F\u00e1brica de S\u00e3o Carlos \u00e9 eleita a mais eficiente dentre as unidades de componentes do Grupo Volkswagen\"}]},{\"@type\":\"WebSite\",\"@id\":\"https:\\\/\\\/dana.com.br\\\/canaldana\\\/#website\",\"url\":\"https:\\\/\\\/dana.com.br\\\/canaldana\\\/\",\"name\":\"Canal Dana\",\"description\":\"Informativo com as principais not\u00edcias da ind\u00fastria automotiva\",\"potentialAction\":[{\"@type\":\"SearchAction\",\"target\":{\"@type\":\"EntryPoint\",\"urlTemplate\":\"https:\\\/\\\/dana.com.br\\\/canaldana\\\/?s={search_term_string}\"},\"query-input\":{\"@type\":\"PropertyValueSpecification\",\"valueRequired\":true,\"valueName\":\"search_term_string\"}}],\"inLanguage\":\"pt-BR\"},{\"@type\":\"Person\",\"@id\":\"https:\\\/\\\/dana.com.br\\\/canaldana\\\/#\\\/schema\\\/person\\\/3c21f22f56fcf3bc46b94bc60ea4fef6\",\"name\":\"Canal Dana\",\"image\":{\"@type\":\"ImageObject\",\"inLanguage\":\"pt-BR\",\"@id\":\"https:\\\/\\\/secure.gravatar.com\\\/avatar\\\/420aaf9278582877d9018637c6817617705899d2858d7572ef0fe59a6b6454b4?s=96&d=mm&r=g\",\"url\":\"https:\\\/\\\/secure.gravatar.com\\\/avatar\\\/420aaf9278582877d9018637c6817617705899d2858d7572ef0fe59a6b6454b4?s=96&d=mm&r=g\",\"contentUrl\":\"https:\\\/\\\/secure.gravatar.com\\\/avatar\\\/420aaf9278582877d9018637c6817617705899d2858d7572ef0fe59a6b6454b4?s=96&d=mm&r=g\",\"caption\":\"Canal Dana\"},\"url\":\"https:\\\/\\\/dana.com.br\\\/canaldana\\\/author\\\/cdeditor\\\/\"}]}<\/script>\n<!-- \/ Yoast SEO plugin. -->","yoast_head_json":{"title":"F\u00e1brica de S\u00e3o Carlos \u00e9 eleita a mais eficiente dentre as unidades de componentes do Grupo Volkswagen - Canal Dana","robots":{"index":"index","follow":"follow","max-snippet":"max-snippet:-1","max-image-preview":"max-image-preview:large","max-video-preview":"max-video-preview:-1"},"canonical":"https:\/\/dana.com.br\/canaldana\/2019\/03\/20\/fabrica-de-sao-carlos-e-eleita-a-mais-eficiente-dentre-as-unidades-de-componentes-do-grupo-volkswagen\/","og_locale":"pt_BR","og_type":"article","og_title":"F\u00e1brica de S\u00e3o Carlos \u00e9 eleita a mais eficiente dentre as unidades de componentes do Grupo Volkswagen - Canal Dana","og_description":"A Cidade ON S\u00e3o &#8211; Carlos &nbsp; A unidade produtora de motores ficou com o primeiro lugar na categoria Efici\u00eancia de Montagem, superando 19 concorrentes em todo o mundo. Os principais fatores que levaram \u00e0 conquista s\u00e3o o aumento da efici\u00eancia dos processos produtivos, como por exemplo a redu\u00e7\u00e3o do tempo ciclo das opera\u00e7\u00f5es autom\u00e1ticas,\u2026 Leia mais \u00bb","og_url":"https:\/\/dana.com.br\/canaldana\/2019\/03\/20\/fabrica-de-sao-carlos-e-eleita-a-mais-eficiente-dentre-as-unidades-de-componentes-do-grupo-volkswagen\/","og_site_name":"Canal Dana","article_published_time":"2019-03-20T11:47:59+00:00","author":"Canal Dana","twitter_card":"summary_large_image","twitter_misc":{"Escrito por":"Canal Dana","Est. tempo de leitura":"2 minutos"},"schema":{"@context":"https:\/\/schema.org","@graph":[{"@type":"Article","@id":"https:\/\/dana.com.br\/canaldana\/2019\/03\/20\/fabrica-de-sao-carlos-e-eleita-a-mais-eficiente-dentre-as-unidades-de-componentes-do-grupo-volkswagen\/#article","isPartOf":{"@id":"https:\/\/dana.com.br\/canaldana\/2019\/03\/20\/fabrica-de-sao-carlos-e-eleita-a-mais-eficiente-dentre-as-unidades-de-componentes-do-grupo-volkswagen\/"},"author":{"name":"Canal Dana","@id":"https:\/\/dana.com.br\/canaldana\/#\/schema\/person\/3c21f22f56fcf3bc46b94bc60ea4fef6"},"headline":"F\u00e1brica de S\u00e3o Carlos \u00e9 eleita a mais eficiente dentre as unidades de componentes do Grupo Volkswagen","datePublished":"2019-03-20T11:47:59+00:00","mainEntityOfPage":{"@id":"https:\/\/dana.com.br\/canaldana\/2019\/03\/20\/fabrica-de-sao-carlos-e-eleita-a-mais-eficiente-dentre-as-unidades-de-componentes-do-grupo-volkswagen\/"},"wordCount":512,"articleSection":["Pr\u00eamios"],"inLanguage":"pt-BR"},{"@type":"WebPage","@id":"https:\/\/dana.com.br\/canaldana\/2019\/03\/20\/fabrica-de-sao-carlos-e-eleita-a-mais-eficiente-dentre-as-unidades-de-componentes-do-grupo-volkswagen\/","url":"https:\/\/dana.com.br\/canaldana\/2019\/03\/20\/fabrica-de-sao-carlos-e-eleita-a-mais-eficiente-dentre-as-unidades-de-componentes-do-grupo-volkswagen\/","name":"F\u00e1brica de S\u00e3o Carlos \u00e9 eleita a mais eficiente dentre as unidades de componentes do Grupo Volkswagen - Canal Dana","isPartOf":{"@id":"https:\/\/dana.com.br\/canaldana\/#website"},"datePublished":"2019-03-20T11:47:59+00:00","author":{"@id":"https:\/\/dana.com.br\/canaldana\/#\/schema\/person\/3c21f22f56fcf3bc46b94bc60ea4fef6"},"breadcrumb":{"@id":"https:\/\/dana.com.br\/canaldana\/2019\/03\/20\/fabrica-de-sao-carlos-e-eleita-a-mais-eficiente-dentre-as-unidades-de-componentes-do-grupo-volkswagen\/#breadcrumb"},"inLanguage":"pt-BR","potentialAction":[{"@type":"ReadAction","target":["https:\/\/dana.com.br\/canaldana\/2019\/03\/20\/fabrica-de-sao-carlos-e-eleita-a-mais-eficiente-dentre-as-unidades-de-componentes-do-grupo-volkswagen\/"]}]},{"@type":"BreadcrumbList","@id":"https:\/\/dana.com.br\/canaldana\/2019\/03\/20\/fabrica-de-sao-carlos-e-eleita-a-mais-eficiente-dentre-as-unidades-de-componentes-do-grupo-volkswagen\/#breadcrumb","itemListElement":[{"@type":"ListItem","position":1,"name":"Home","item":"https:\/\/dana.com.br\/canaldana\/"},{"@type":"ListItem","position":2,"name":"Pr\u00eamios","item":"https:\/\/dana.com.br\/canaldana\/premios\/"},{"@type":"ListItem","position":3,"name":"F\u00e1brica de S\u00e3o Carlos \u00e9 eleita a mais eficiente dentre as unidades de componentes do Grupo Volkswagen"}]},{"@type":"WebSite","@id":"https:\/\/dana.com.br\/canaldana\/#website","url":"https:\/\/dana.com.br\/canaldana\/","name":"Canal Dana","description":"Informativo com as principais not\u00edcias da ind\u00fastria automotiva","potentialAction":[{"@type":"SearchAction","target":{"@type":"EntryPoint","urlTemplate":"https:\/\/dana.com.br\/canaldana\/?s={search_term_string}"},"query-input":{"@type":"PropertyValueSpecification","valueRequired":true,"valueName":"search_term_string"}}],"inLanguage":"pt-BR"},{"@type":"Person","@id":"https:\/\/dana.com.br\/canaldana\/#\/schema\/person\/3c21f22f56fcf3bc46b94bc60ea4fef6","name":"Canal Dana","image":{"@type":"ImageObject","inLanguage":"pt-BR","@id":"https:\/\/secure.gravatar.com\/avatar\/420aaf9278582877d9018637c6817617705899d2858d7572ef0fe59a6b6454b4?s=96&d=mm&r=g","url":"https:\/\/secure.gravatar.com\/avatar\/420aaf9278582877d9018637c6817617705899d2858d7572ef0fe59a6b6454b4?s=96&d=mm&r=g","contentUrl":"https:\/\/secure.gravatar.com\/avatar\/420aaf9278582877d9018637c6817617705899d2858d7572ef0fe59a6b6454b4?s=96&d=mm&r=g","caption":"Canal Dana"},"url":"https:\/\/dana.com.br\/canaldana\/author\/cdeditor\/"}]}},"_links":{"self":[{"href":"https:\/\/dana.com.br\/canaldana\/wp-json\/wp\/v2\/posts\/33124","targetHints":{"allow":["GET"]}}],"collection":[{"href":"https:\/\/dana.com.br\/canaldana\/wp-json\/wp\/v2\/posts"}],"about":[{"href":"https:\/\/dana.com.br\/canaldana\/wp-json\/wp\/v2\/types\/post"}],"author":[{"embeddable":true,"href":"https:\/\/dana.com.br\/canaldana\/wp-json\/wp\/v2\/users\/3"}],"replies":[{"embeddable":true,"href":"https:\/\/dana.com.br\/canaldana\/wp-json\/wp\/v2\/comments?post=33124"}],"version-history":[{"count":0,"href":"https:\/\/dana.com.br\/canaldana\/wp-json\/wp\/v2\/posts\/33124\/revisions"}],"wp:attachment":[{"href":"https:\/\/dana.com.br\/canaldana\/wp-json\/wp\/v2\/media?parent=33124"}],"wp:term":[{"taxonomy":"category","embeddable":true,"href":"https:\/\/dana.com.br\/canaldana\/wp-json\/wp\/v2\/categories?post=33124"},{"taxonomy":"post_tag","embeddable":true,"href":"https:\/\/dana.com.br\/canaldana\/wp-json\/wp\/v2\/tags?post=33124"}],"curies":[{"name":"wp","href":"https:\/\/api.w.org\/{rel}","templated":true}]}}