{"id":33035,"date":"2019-03-15T09:09:08","date_gmt":"2019-03-15T12:09:08","guid":{"rendered":"https:\/\/dana.com.br\/canaldana\/?p=33035"},"modified":"2019-03-15T09:09:08","modified_gmt":"2019-03-15T12:09:08","slug":"fiscalizacao-e-conscientizacao-aumentam-uso-do-arla-32","status":"publish","type":"post","link":"https:\/\/dana.com.br\/canaldana\/2019\/03\/15\/fiscalizacao-e-conscientizacao-aumentam-uso-do-arla-32\/","title":{"rendered":"Fiscaliza\u00e7\u00e3o e conscientiza\u00e7\u00e3o aumentam uso do ARLA 32"},"content":{"rendered":"<p><em>Frota &amp; Cia <\/em><\/p>\n<p>&nbsp;<\/p>\n<p>De acordo com a an\u00e1lise da AFEEVAS (Associa\u00e7\u00e3o dos Fabricantes de Equipamentos para Controle de Emiss\u00f5es Veiculares da Am\u00e9rica do Sul) do ano de 2018, o consumo do ARLA 32 apresentou melhora e fechou o per\u00edodo em 35%. O Agente Redutor L\u00edquido Automotivo utilizado em ve\u00edculos produzidos a partir de 2012, \u00e9 uma das alternativas mais eficientes para controlar as emiss\u00f5es de gases poluentes.<\/p>\n<p>&nbsp;<\/p>\n<p>Segundo dados divulgados pela Organiza\u00e7\u00e3o Mundial da Sa\u00fade (OMS), anualmente, sete milh\u00f5es de pessoas no mundo morrem por causa da polui\u00e7\u00e3o do ar. Ainda, nove em cada dez pessoas est\u00e3o expostas a altos n\u00edveis de poluentes. Isso contribui para o desenvolvimento de doen\u00e7as respirat\u00f3rias, mas os resultados da OMS mostram tamb\u00e9m uma forte liga\u00e7\u00e3o entre polui\u00e7\u00e3o do ar e as doen\u00e7as cardiovasculares ou c\u00e2ncer.<\/p>\n<p>&nbsp;<\/p>\n<p>O estudo da AFEEVAS \u00e9 realizado periodicamente com objetivo de comparar o uso do ARLA 31 ao Diesel S-10. Esse n\u00famero, 35%, ainda est\u00e1 muito aqu\u00e9m do necess\u00e1rio para atender \u00e0s necessidades ambientais e n\u00e3o \u00e9 compat\u00edvel com as exig\u00eancias da nova fase P8 da legisla\u00e7\u00e3o do PROCONVE, estabelecida pelo CONAMA em novembro de 2018 e que reduz significativamente as emiss\u00f5es dos gases de escape, sendo 80% para o NOx.<\/p>\n<p>&nbsp;<\/p>\n<p>\u201cEst\u00e1 longe do ideal, mas tem mostrado uma melhora gradativa. A intensifica\u00e7\u00e3o das opera\u00e7\u00f5es de fiscaliza\u00e7\u00e3o em todo o pa\u00eds e a conscientiza\u00e7\u00e3o das transportadoras contribu\u00edram para esse progresso do mercado\u201d, afirma Elcio Farah, diretor adjunto da AFEEVAS.<\/p>\n<p>&nbsp;<\/p>\n<p><strong>Irregularidades e Fiscaliza\u00e7\u00e3o<\/strong><\/p>\n<p>&nbsp;<\/p>\n<p>\u00c9 comum que sejam atuados ve\u00edculos com o uso indevido do ARLA 32, entre as ilegalidades est\u00e3o: a dilui\u00e7\u00e3o com \u00e1gua, fabrica\u00e7\u00e3o caseira, baixa qualidade dos componentes, fraude fiscal, emuladores eletr\u00f4nicos, etc. As opera\u00e7\u00f5es de fiscaliza\u00e7\u00e3o realizadas pela Pol\u00edcia Rodovi\u00e1ria Federal e IBAMA contribu\u00edram para a redu\u00e7\u00e3o do d\u00e9ficit.<\/p>\n<p>&nbsp;<\/p>\n<p>\u201cCada ve\u00edculo que n\u00e3o utiliza o Arla 32 emite de 4 a 5 vezes mais poluentes. Por isso a import\u00e2ncia da conscientiza\u00e7\u00e3o. \u00c9 um processo gradual, mas a expectativa \u00e9 que o mercado entenda que essas irregularidades praticadas prejudicam os ve\u00edculos, o meio ambiente, a popula\u00e7\u00e3o e a economia do pa\u00eds como um todo\u201d, comenta Farah.<\/p>\n<p>&nbsp;<\/p>\n<p>A AFEEVAS faz um alerta aos motoristas e transportadoras que n\u00e3o circulam regularmente, pois a utiliza\u00e7\u00e3o de emuladores ou solu\u00e7\u00f5es caseiras e de origem duvidosa podem causar um preju\u00edzo de mais de R$ 20 mil para a troca do catalisador, al\u00e9m de multas de at\u00e9 R$ 1 Mi, pontos na CNH, pris\u00e3o do infrator e apreens\u00e3o do ve\u00edculo. (Frota &amp; Cia\/Andr\u00e9 Silva)<\/p>\n","protected":false},"excerpt":{"rendered":"<p>Frota &amp; Cia &nbsp; De acordo com a an\u00e1lise da AFEEVAS (Associa\u00e7\u00e3o dos Fabricantes de Equipamentos para Controle de Emiss\u00f5es Veiculares da Am\u00e9rica do Sul) do ano de 2018, o consumo do ARLA 32 apresentou melhora e fechou o per\u00edodo em 35%. O Agente Redutor L\u00edquido Automotivo utilizado em ve\u00edculos produzidos a partir de 2012,\u2026 <a class=\"readmore\" href=\"https:\/\/dana.com.br\/canaldana\/2019\/03\/15\/fiscalizacao-e-conscientizacao-aumentam-uso-do-arla-32\/\">Leia mais \u00bb<\/a><\/p>\n","protected":false},"author":3,"featured_media":0,"comment_status":"closed","ping_status":"closed","sticky":false,"template":"","format":"standard","meta":{"_acf_changed":false,"footnotes":""},"categories":[63],"tags":[],"class_list":["post-33035","post","type-post","status-publish","format-standard","hentry","category-meio-ambiente"],"acf":[],"yoast_head":"<!-- This site is optimized with the Yoast SEO plugin v27.3 - https:\/\/yoast.com\/product\/yoast-seo-wordpress\/ -->\n<title>Fiscaliza\u00e7\u00e3o e conscientiza\u00e7\u00e3o aumentam uso do ARLA 32 - Canal Dana<\/title>\n<meta name=\"robots\" content=\"index, follow, max-snippet:-1, max-image-preview:large, max-video-preview:-1\" \/>\n<link rel=\"canonical\" href=\"https:\/\/dana.com.br\/canaldana\/2019\/03\/15\/fiscalizacao-e-conscientizacao-aumentam-uso-do-arla-32\/\" \/>\n<meta property=\"og:locale\" content=\"pt_BR\" \/>\n<meta property=\"og:type\" content=\"article\" \/>\n<meta property=\"og:title\" content=\"Fiscaliza\u00e7\u00e3o e conscientiza\u00e7\u00e3o aumentam uso do ARLA 32 - Canal Dana\" \/>\n<meta property=\"og:description\" content=\"Frota &amp; Cia &nbsp; De acordo com a an\u00e1lise da AFEEVAS (Associa\u00e7\u00e3o dos Fabricantes de Equipamentos para Controle de Emiss\u00f5es Veiculares da Am\u00e9rica do Sul) do ano de 2018, o consumo do ARLA 32 apresentou melhora e fechou o per\u00edodo em 35%. O Agente Redutor L\u00edquido Automotivo utilizado em ve\u00edculos produzidos a partir de 2012,\u2026 Leia mais \u00bb\" \/>\n<meta property=\"og:url\" content=\"https:\/\/dana.com.br\/canaldana\/2019\/03\/15\/fiscalizacao-e-conscientizacao-aumentam-uso-do-arla-32\/\" \/>\n<meta property=\"og:site_name\" content=\"Canal Dana\" \/>\n<meta property=\"article:published_time\" content=\"2019-03-15T12:09:08+00:00\" \/>\n<meta name=\"author\" content=\"Canal Dana\" \/>\n<meta name=\"twitter:card\" content=\"summary_large_image\" \/>\n<meta name=\"twitter:label1\" content=\"Escrito por\" \/>\n\t<meta name=\"twitter:data1\" content=\"Canal Dana\" \/>\n\t<meta name=\"twitter:label2\" content=\"Est. tempo de leitura\" \/>\n\t<meta name=\"twitter:data2\" content=\"2 minutos\" \/>\n<script type=\"application\/ld+json\" class=\"yoast-schema-graph\">{\"@context\":\"https:\\\/\\\/schema.org\",\"@graph\":[{\"@type\":\"Article\",\"@id\":\"https:\\\/\\\/dana.com.br\\\/canaldana\\\/2019\\\/03\\\/15\\\/fiscalizacao-e-conscientizacao-aumentam-uso-do-arla-32\\\/#article\",\"isPartOf\":{\"@id\":\"https:\\\/\\\/dana.com.br\\\/canaldana\\\/2019\\\/03\\\/15\\\/fiscalizacao-e-conscientizacao-aumentam-uso-do-arla-32\\\/\"},\"author\":{\"name\":\"Canal Dana\",\"@id\":\"https:\\\/\\\/dana.com.br\\\/canaldana\\\/#\\\/schema\\\/person\\\/3c21f22f56fcf3bc46b94bc60ea4fef6\"},\"headline\":\"Fiscaliza\u00e7\u00e3o e conscientiza\u00e7\u00e3o aumentam uso do ARLA 32\",\"datePublished\":\"2019-03-15T12:09:08+00:00\",\"mainEntityOfPage\":{\"@id\":\"https:\\\/\\\/dana.com.br\\\/canaldana\\\/2019\\\/03\\\/15\\\/fiscalizacao-e-conscientizacao-aumentam-uso-do-arla-32\\\/\"},\"wordCount\":470,\"articleSection\":[\"Meio Ambiente\"],\"inLanguage\":\"pt-BR\"},{\"@type\":\"WebPage\",\"@id\":\"https:\\\/\\\/dana.com.br\\\/canaldana\\\/2019\\\/03\\\/15\\\/fiscalizacao-e-conscientizacao-aumentam-uso-do-arla-32\\\/\",\"url\":\"https:\\\/\\\/dana.com.br\\\/canaldana\\\/2019\\\/03\\\/15\\\/fiscalizacao-e-conscientizacao-aumentam-uso-do-arla-32\\\/\",\"name\":\"Fiscaliza\u00e7\u00e3o e conscientiza\u00e7\u00e3o aumentam uso do ARLA 32 - Canal Dana\",\"isPartOf\":{\"@id\":\"https:\\\/\\\/dana.com.br\\\/canaldana\\\/#website\"},\"datePublished\":\"2019-03-15T12:09:08+00:00\",\"author\":{\"@id\":\"https:\\\/\\\/dana.com.br\\\/canaldana\\\/#\\\/schema\\\/person\\\/3c21f22f56fcf3bc46b94bc60ea4fef6\"},\"breadcrumb\":{\"@id\":\"https:\\\/\\\/dana.com.br\\\/canaldana\\\/2019\\\/03\\\/15\\\/fiscalizacao-e-conscientizacao-aumentam-uso-do-arla-32\\\/#breadcrumb\"},\"inLanguage\":\"pt-BR\",\"potentialAction\":[{\"@type\":\"ReadAction\",\"target\":[\"https:\\\/\\\/dana.com.br\\\/canaldana\\\/2019\\\/03\\\/15\\\/fiscalizacao-e-conscientizacao-aumentam-uso-do-arla-32\\\/\"]}]},{\"@type\":\"BreadcrumbList\",\"@id\":\"https:\\\/\\\/dana.com.br\\\/canaldana\\\/2019\\\/03\\\/15\\\/fiscalizacao-e-conscientizacao-aumentam-uso-do-arla-32\\\/#breadcrumb\",\"itemListElement\":[{\"@type\":\"ListItem\",\"position\":1,\"name\":\"Home\",\"item\":\"https:\\\/\\\/dana.com.br\\\/canaldana\\\/\"},{\"@type\":\"ListItem\",\"position\":2,\"name\":\"Meio Ambiente\",\"item\":\"https:\\\/\\\/dana.com.br\\\/canaldana\\\/meio-ambiente\\\/\"},{\"@type\":\"ListItem\",\"position\":3,\"name\":\"Fiscaliza\u00e7\u00e3o e conscientiza\u00e7\u00e3o aumentam uso do ARLA 32\"}]},{\"@type\":\"WebSite\",\"@id\":\"https:\\\/\\\/dana.com.br\\\/canaldana\\\/#website\",\"url\":\"https:\\\/\\\/dana.com.br\\\/canaldana\\\/\",\"name\":\"Canal Dana\",\"description\":\"Informativo com as principais not\u00edcias da ind\u00fastria automotiva\",\"potentialAction\":[{\"@type\":\"SearchAction\",\"target\":{\"@type\":\"EntryPoint\",\"urlTemplate\":\"https:\\\/\\\/dana.com.br\\\/canaldana\\\/?s={search_term_string}\"},\"query-input\":{\"@type\":\"PropertyValueSpecification\",\"valueRequired\":true,\"valueName\":\"search_term_string\"}}],\"inLanguage\":\"pt-BR\"},{\"@type\":\"Person\",\"@id\":\"https:\\\/\\\/dana.com.br\\\/canaldana\\\/#\\\/schema\\\/person\\\/3c21f22f56fcf3bc46b94bc60ea4fef6\",\"name\":\"Canal Dana\",\"image\":{\"@type\":\"ImageObject\",\"inLanguage\":\"pt-BR\",\"@id\":\"https:\\\/\\\/secure.gravatar.com\\\/avatar\\\/420aaf9278582877d9018637c6817617705899d2858d7572ef0fe59a6b6454b4?s=96&d=mm&r=g\",\"url\":\"https:\\\/\\\/secure.gravatar.com\\\/avatar\\\/420aaf9278582877d9018637c6817617705899d2858d7572ef0fe59a6b6454b4?s=96&d=mm&r=g\",\"contentUrl\":\"https:\\\/\\\/secure.gravatar.com\\\/avatar\\\/420aaf9278582877d9018637c6817617705899d2858d7572ef0fe59a6b6454b4?s=96&d=mm&r=g\",\"caption\":\"Canal Dana\"},\"url\":\"https:\\\/\\\/dana.com.br\\\/canaldana\\\/author\\\/cdeditor\\\/\"}]}<\/script>\n<!-- \/ Yoast SEO plugin. -->","yoast_head_json":{"title":"Fiscaliza\u00e7\u00e3o e conscientiza\u00e7\u00e3o aumentam uso do ARLA 32 - Canal Dana","robots":{"index":"index","follow":"follow","max-snippet":"max-snippet:-1","max-image-preview":"max-image-preview:large","max-video-preview":"max-video-preview:-1"},"canonical":"https:\/\/dana.com.br\/canaldana\/2019\/03\/15\/fiscalizacao-e-conscientizacao-aumentam-uso-do-arla-32\/","og_locale":"pt_BR","og_type":"article","og_title":"Fiscaliza\u00e7\u00e3o e conscientiza\u00e7\u00e3o aumentam uso do ARLA 32 - Canal Dana","og_description":"Frota &amp; Cia &nbsp; De acordo com a an\u00e1lise da AFEEVAS (Associa\u00e7\u00e3o dos Fabricantes de Equipamentos para Controle de Emiss\u00f5es Veiculares da Am\u00e9rica do Sul) do ano de 2018, o consumo do ARLA 32 apresentou melhora e fechou o per\u00edodo em 35%. O Agente Redutor L\u00edquido Automotivo utilizado em ve\u00edculos produzidos a partir de 2012,\u2026 Leia mais \u00bb","og_url":"https:\/\/dana.com.br\/canaldana\/2019\/03\/15\/fiscalizacao-e-conscientizacao-aumentam-uso-do-arla-32\/","og_site_name":"Canal Dana","article_published_time":"2019-03-15T12:09:08+00:00","author":"Canal Dana","twitter_card":"summary_large_image","twitter_misc":{"Escrito por":"Canal Dana","Est. tempo de leitura":"2 minutos"},"schema":{"@context":"https:\/\/schema.org","@graph":[{"@type":"Article","@id":"https:\/\/dana.com.br\/canaldana\/2019\/03\/15\/fiscalizacao-e-conscientizacao-aumentam-uso-do-arla-32\/#article","isPartOf":{"@id":"https:\/\/dana.com.br\/canaldana\/2019\/03\/15\/fiscalizacao-e-conscientizacao-aumentam-uso-do-arla-32\/"},"author":{"name":"Canal Dana","@id":"https:\/\/dana.com.br\/canaldana\/#\/schema\/person\/3c21f22f56fcf3bc46b94bc60ea4fef6"},"headline":"Fiscaliza\u00e7\u00e3o e conscientiza\u00e7\u00e3o aumentam uso do ARLA 32","datePublished":"2019-03-15T12:09:08+00:00","mainEntityOfPage":{"@id":"https:\/\/dana.com.br\/canaldana\/2019\/03\/15\/fiscalizacao-e-conscientizacao-aumentam-uso-do-arla-32\/"},"wordCount":470,"articleSection":["Meio Ambiente"],"inLanguage":"pt-BR"},{"@type":"WebPage","@id":"https:\/\/dana.com.br\/canaldana\/2019\/03\/15\/fiscalizacao-e-conscientizacao-aumentam-uso-do-arla-32\/","url":"https:\/\/dana.com.br\/canaldana\/2019\/03\/15\/fiscalizacao-e-conscientizacao-aumentam-uso-do-arla-32\/","name":"Fiscaliza\u00e7\u00e3o e conscientiza\u00e7\u00e3o aumentam uso do ARLA 32 - Canal Dana","isPartOf":{"@id":"https:\/\/dana.com.br\/canaldana\/#website"},"datePublished":"2019-03-15T12:09:08+00:00","author":{"@id":"https:\/\/dana.com.br\/canaldana\/#\/schema\/person\/3c21f22f56fcf3bc46b94bc60ea4fef6"},"breadcrumb":{"@id":"https:\/\/dana.com.br\/canaldana\/2019\/03\/15\/fiscalizacao-e-conscientizacao-aumentam-uso-do-arla-32\/#breadcrumb"},"inLanguage":"pt-BR","potentialAction":[{"@type":"ReadAction","target":["https:\/\/dana.com.br\/canaldana\/2019\/03\/15\/fiscalizacao-e-conscientizacao-aumentam-uso-do-arla-32\/"]}]},{"@type":"BreadcrumbList","@id":"https:\/\/dana.com.br\/canaldana\/2019\/03\/15\/fiscalizacao-e-conscientizacao-aumentam-uso-do-arla-32\/#breadcrumb","itemListElement":[{"@type":"ListItem","position":1,"name":"Home","item":"https:\/\/dana.com.br\/canaldana\/"},{"@type":"ListItem","position":2,"name":"Meio Ambiente","item":"https:\/\/dana.com.br\/canaldana\/meio-ambiente\/"},{"@type":"ListItem","position":3,"name":"Fiscaliza\u00e7\u00e3o e conscientiza\u00e7\u00e3o aumentam uso do ARLA 32"}]},{"@type":"WebSite","@id":"https:\/\/dana.com.br\/canaldana\/#website","url":"https:\/\/dana.com.br\/canaldana\/","name":"Canal Dana","description":"Informativo com as principais not\u00edcias da ind\u00fastria automotiva","potentialAction":[{"@type":"SearchAction","target":{"@type":"EntryPoint","urlTemplate":"https:\/\/dana.com.br\/canaldana\/?s={search_term_string}"},"query-input":{"@type":"PropertyValueSpecification","valueRequired":true,"valueName":"search_term_string"}}],"inLanguage":"pt-BR"},{"@type":"Person","@id":"https:\/\/dana.com.br\/canaldana\/#\/schema\/person\/3c21f22f56fcf3bc46b94bc60ea4fef6","name":"Canal Dana","image":{"@type":"ImageObject","inLanguage":"pt-BR","@id":"https:\/\/secure.gravatar.com\/avatar\/420aaf9278582877d9018637c6817617705899d2858d7572ef0fe59a6b6454b4?s=96&d=mm&r=g","url":"https:\/\/secure.gravatar.com\/avatar\/420aaf9278582877d9018637c6817617705899d2858d7572ef0fe59a6b6454b4?s=96&d=mm&r=g","contentUrl":"https:\/\/secure.gravatar.com\/avatar\/420aaf9278582877d9018637c6817617705899d2858d7572ef0fe59a6b6454b4?s=96&d=mm&r=g","caption":"Canal Dana"},"url":"https:\/\/dana.com.br\/canaldana\/author\/cdeditor\/"}]}},"_links":{"self":[{"href":"https:\/\/dana.com.br\/canaldana\/wp-json\/wp\/v2\/posts\/33035","targetHints":{"allow":["GET"]}}],"collection":[{"href":"https:\/\/dana.com.br\/canaldana\/wp-json\/wp\/v2\/posts"}],"about":[{"href":"https:\/\/dana.com.br\/canaldana\/wp-json\/wp\/v2\/types\/post"}],"author":[{"embeddable":true,"href":"https:\/\/dana.com.br\/canaldana\/wp-json\/wp\/v2\/users\/3"}],"replies":[{"embeddable":true,"href":"https:\/\/dana.com.br\/canaldana\/wp-json\/wp\/v2\/comments?post=33035"}],"version-history":[{"count":0,"href":"https:\/\/dana.com.br\/canaldana\/wp-json\/wp\/v2\/posts\/33035\/revisions"}],"wp:attachment":[{"href":"https:\/\/dana.com.br\/canaldana\/wp-json\/wp\/v2\/media?parent=33035"}],"wp:term":[{"taxonomy":"category","embeddable":true,"href":"https:\/\/dana.com.br\/canaldana\/wp-json\/wp\/v2\/categories?post=33035"},{"taxonomy":"post_tag","embeddable":true,"href":"https:\/\/dana.com.br\/canaldana\/wp-json\/wp\/v2\/tags?post=33035"}],"curies":[{"name":"wp","href":"https:\/\/api.w.org\/{rel}","templated":true}]}}