{"id":32959,"date":"2019-03-13T07:58:15","date_gmt":"2019-03-13T10:58:15","guid":{"rendered":"https:\/\/dana.com.br\/canaldana\/?p=32959"},"modified":"2019-03-13T07:58:15","modified_gmt":"2019-03-13T10:58:15","slug":"renault-e-nissan-iniciam-reformulacao-de-alianca","status":"publish","type":"post","link":"https:\/\/dana.com.br\/canaldana\/2019\/03\/13\/renault-e-nissan-iniciam-reformulacao-de-alianca\/","title":{"rendered":"Renault e Nissan iniciam reformula\u00e7\u00e3o de alian\u00e7a"},"content":{"rendered":"<p><em>O Estado S. Paulo\/Reuters<\/em><\/p>\n<p>&nbsp;<\/p>\n<p>A japonesa Nissan e a francesa Renault disseram que v\u00e3o reformular a maior alian\u00e7a de carros do mundo para se colocarem em p\u00e9 de igualdade, quebrando a poderosa presid\u00eancia do ex-chefe Carlos Ghosn.<\/p>\n<p>&nbsp;<\/p>\n<p>A sa\u00edda de Ghosn, creditado por resgatar a Nissan de uma situa\u00e7\u00e3o pr\u00f3xima \u00e0 fal\u00eancia em 1999, causou muita incerteza sobre o futuro da alian\u00e7a e algumas especula\u00e7\u00f5es de que a parceria poderia at\u00e9 mesmo ser desfeita.<\/p>\n<p>&nbsp;<\/p>\n<p><strong>Carlos Ghosn<\/strong><\/p>\n<p>&nbsp;<\/p>\n<p>As empresas, em conjunto com a Mitsubishi Motors, adicionada ao grupo mais recentemente, disseram nesta ter\u00e7a-feira que o presidente da Renault serviria como o chefe da alian\u00e7a, mas em um sinal cr\u00edtico do reequil\u00edbrio de for\u00e7as em curso atualmente n\u00e3o atuar\u00e1 como presidente da Nissan.<\/p>\n<p>&nbsp;<\/p>\n<p>A Nissan disse que Ghosn concentrava muito poder, criando uma falta de supervis\u00e3o e governan\u00e7a corporativa. N\u00e3o ficou claro quem se tornaria presidente da Nissan, cargo vago desde que Ghosn foi preso no Jap\u00e3o, em novembro (o executivo foi solto na semana passada pela Justi\u00e7a japonesa).<\/p>\n<p>&nbsp;<\/p>\n<p>As montadoras n\u00e3o deram nenhuma indica\u00e7\u00e3o de qualquer mudan\u00e7a imediata em seu acordo de participa\u00e7\u00e3o acion\u00e1ria cruzada, que deu \u00e0 Renault maior influ\u00eancia sobre a Nissan. O chamado Acordo Mestre da Alian\u00e7a Restaurada, que os uniu at\u00e9 agora, permanece intacto.<\/p>\n<p>&nbsp;<\/p>\n<p>\u201cEstamos promovendo um novo come\u00e7o da alian\u00e7a. N\u00e3o tem nada a ver com as participa\u00e7\u00f5es acion\u00e1rias e as participa\u00e7\u00f5es cruzadas que ainda est\u00e3o l\u00e1 e continuam em vigor\u201d, disse o presidente da Renault, Jean-Dominique Senard, em entrevista coletiva. \u201cNosso futuro est\u00e1 na efici\u00eancia dessa alian\u00e7a\u201d, disse ele, na sede da Nissan, em Yokohama, no Jap\u00e3o.<\/p>\n<p>&nbsp;<\/p>\n<p>Senard tamb\u00e9m disse que n\u00e3o procuraria ser presidente da Nissan, mas sim um \u201ccandidato natural\u201d para ser vice-presidente.<\/p>\n<p>&nbsp;<\/p>\n<p><strong>Volkswagen<\/strong><\/p>\n<p>&nbsp;<\/p>\n<p>A Volkswagen vai cortar empregos como estrat\u00e9gia para acelerar o lan\u00e7amento de carros el\u00e9tricos e reverter queda em margens de lucro. A montadora alem\u00e3 informou que planeja lan\u00e7ar quase 70 novos modelos el\u00e9tricos at\u00e9 2028, com o objetivo de colocar-se na vanguarda da mudan\u00e7a do setor para carros de emiss\u00e3o de poluentes zero.<\/p>\n<p>&nbsp;<\/p>\n<p>A montadora afirmou que os investimentos para reorganizar f\u00e1bricas, bem como movimentos cambiais adversos e a desacelera\u00e7\u00e3o das vendas desencadeada por novos testes para certifica\u00e7\u00e3o de n\u00edveis de emiss\u00f5es de poluentes, levaram a uma queda nas margens de lucro das marcas Volkswagen, Skoda, Audi e Porsche no ano passado.<\/p>\n<p>&nbsp;<\/p>\n<p>O grupo disse que vai alinhar a remunera\u00e7\u00e3o de executivos e os b\u00f4nus para ficarem mais perto dos n\u00edveis de lucratividade e reduzir\u00e1 a complexidade da produ\u00e7\u00e3o e o n\u00famero de funcion\u00e1rios necess\u00e1rios. A empresa n\u00e3o informou quantas demiss\u00f5es pretende fazer no processo.<\/p>\n<p>&nbsp;<\/p>\n<p>A margem de vendas da marca Volkswagen caiu para 3,8% no ano passado, de 4,2% em 2017. (O Estado S. Paulo\/Reuters)<\/p>\n","protected":false},"excerpt":{"rendered":"<p>O Estado S. Paulo\/Reuters &nbsp; A japonesa Nissan e a francesa Renault disseram que v\u00e3o reformular a maior alian\u00e7a de carros do mundo para se colocarem em p\u00e9 de igualdade, quebrando a poderosa presid\u00eancia do ex-chefe Carlos Ghosn. &nbsp; A sa\u00edda de Ghosn, creditado por resgatar a Nissan de uma situa\u00e7\u00e3o pr\u00f3xima \u00e0 fal\u00eancia em\u2026 <a class=\"readmore\" href=\"https:\/\/dana.com.br\/canaldana\/2019\/03\/13\/renault-e-nissan-iniciam-reformulacao-de-alianca\/\">Leia mais \u00bb<\/a><\/p>\n","protected":false},"author":3,"featured_media":0,"comment_status":"closed","ping_status":"closed","sticky":false,"template":"","format":"standard","meta":{"_acf_changed":false,"footnotes":""},"categories":[79],"tags":[],"class_list":["post-32959","post","type-post","status-publish","format-standard","hentry","category-mercado"],"acf":[],"yoast_head":"<!-- This site is optimized with the Yoast SEO plugin v27.3 - https:\/\/yoast.com\/product\/yoast-seo-wordpress\/ -->\n<title>Renault e Nissan iniciam reformula\u00e7\u00e3o de alian\u00e7a - Canal Dana<\/title>\n<meta name=\"robots\" content=\"index, follow, max-snippet:-1, max-image-preview:large, max-video-preview:-1\" \/>\n<link rel=\"canonical\" href=\"https:\/\/dana.com.br\/canaldana\/2019\/03\/13\/renault-e-nissan-iniciam-reformulacao-de-alianca\/\" \/>\n<meta property=\"og:locale\" content=\"pt_BR\" \/>\n<meta property=\"og:type\" content=\"article\" \/>\n<meta property=\"og:title\" content=\"Renault e Nissan iniciam reformula\u00e7\u00e3o de alian\u00e7a - Canal Dana\" \/>\n<meta property=\"og:description\" content=\"O Estado S. Paulo\/Reuters &nbsp; A japonesa Nissan e a francesa Renault disseram que v\u00e3o reformular a maior alian\u00e7a de carros do mundo para se colocarem em p\u00e9 de igualdade, quebrando a poderosa presid\u00eancia do ex-chefe Carlos Ghosn. &nbsp; A sa\u00edda de Ghosn, creditado por resgatar a Nissan de uma situa\u00e7\u00e3o pr\u00f3xima \u00e0 fal\u00eancia em\u2026 Leia mais \u00bb\" \/>\n<meta property=\"og:url\" content=\"https:\/\/dana.com.br\/canaldana\/2019\/03\/13\/renault-e-nissan-iniciam-reformulacao-de-alianca\/\" \/>\n<meta property=\"og:site_name\" content=\"Canal Dana\" \/>\n<meta property=\"article:published_time\" content=\"2019-03-13T10:58:15+00:00\" \/>\n<meta name=\"author\" content=\"Canal Dana\" \/>\n<meta name=\"twitter:card\" content=\"summary_large_image\" \/>\n<meta name=\"twitter:label1\" content=\"Escrito por\" \/>\n\t<meta name=\"twitter:data1\" content=\"Canal Dana\" \/>\n\t<meta name=\"twitter:label2\" content=\"Est. tempo de leitura\" \/>\n\t<meta name=\"twitter:data2\" content=\"3 minutos\" \/>\n<script type=\"application\/ld+json\" class=\"yoast-schema-graph\">{\"@context\":\"https:\\\/\\\/schema.org\",\"@graph\":[{\"@type\":\"Article\",\"@id\":\"https:\\\/\\\/dana.com.br\\\/canaldana\\\/2019\\\/03\\\/13\\\/renault-e-nissan-iniciam-reformulacao-de-alianca\\\/#article\",\"isPartOf\":{\"@id\":\"https:\\\/\\\/dana.com.br\\\/canaldana\\\/2019\\\/03\\\/13\\\/renault-e-nissan-iniciam-reformulacao-de-alianca\\\/\"},\"author\":{\"name\":\"Canal Dana\",\"@id\":\"https:\\\/\\\/dana.com.br\\\/canaldana\\\/#\\\/schema\\\/person\\\/3c21f22f56fcf3bc46b94bc60ea4fef6\"},\"headline\":\"Renault e Nissan iniciam reformula\u00e7\u00e3o de alian\u00e7a\",\"datePublished\":\"2019-03-13T10:58:15+00:00\",\"mainEntityOfPage\":{\"@id\":\"https:\\\/\\\/dana.com.br\\\/canaldana\\\/2019\\\/03\\\/13\\\/renault-e-nissan-iniciam-reformulacao-de-alianca\\\/\"},\"wordCount\":523,\"articleSection\":[\"Mercado\"],\"inLanguage\":\"pt-BR\"},{\"@type\":\"WebPage\",\"@id\":\"https:\\\/\\\/dana.com.br\\\/canaldana\\\/2019\\\/03\\\/13\\\/renault-e-nissan-iniciam-reformulacao-de-alianca\\\/\",\"url\":\"https:\\\/\\\/dana.com.br\\\/canaldana\\\/2019\\\/03\\\/13\\\/renault-e-nissan-iniciam-reformulacao-de-alianca\\\/\",\"name\":\"Renault e Nissan iniciam reformula\u00e7\u00e3o de alian\u00e7a - Canal Dana\",\"isPartOf\":{\"@id\":\"https:\\\/\\\/dana.com.br\\\/canaldana\\\/#website\"},\"datePublished\":\"2019-03-13T10:58:15+00:00\",\"author\":{\"@id\":\"https:\\\/\\\/dana.com.br\\\/canaldana\\\/#\\\/schema\\\/person\\\/3c21f22f56fcf3bc46b94bc60ea4fef6\"},\"breadcrumb\":{\"@id\":\"https:\\\/\\\/dana.com.br\\\/canaldana\\\/2019\\\/03\\\/13\\\/renault-e-nissan-iniciam-reformulacao-de-alianca\\\/#breadcrumb\"},\"inLanguage\":\"pt-BR\",\"potentialAction\":[{\"@type\":\"ReadAction\",\"target\":[\"https:\\\/\\\/dana.com.br\\\/canaldana\\\/2019\\\/03\\\/13\\\/renault-e-nissan-iniciam-reformulacao-de-alianca\\\/\"]}]},{\"@type\":\"BreadcrumbList\",\"@id\":\"https:\\\/\\\/dana.com.br\\\/canaldana\\\/2019\\\/03\\\/13\\\/renault-e-nissan-iniciam-reformulacao-de-alianca\\\/#breadcrumb\",\"itemListElement\":[{\"@type\":\"ListItem\",\"position\":1,\"name\":\"Home\",\"item\":\"https:\\\/\\\/dana.com.br\\\/canaldana\\\/\"},{\"@type\":\"ListItem\",\"position\":2,\"name\":\"Mercado\",\"item\":\"https:\\\/\\\/dana.com.br\\\/canaldana\\\/mercado\\\/\"},{\"@type\":\"ListItem\",\"position\":3,\"name\":\"Renault e Nissan iniciam reformula\u00e7\u00e3o de alian\u00e7a\"}]},{\"@type\":\"WebSite\",\"@id\":\"https:\\\/\\\/dana.com.br\\\/canaldana\\\/#website\",\"url\":\"https:\\\/\\\/dana.com.br\\\/canaldana\\\/\",\"name\":\"Canal Dana\",\"description\":\"Informativo com as principais not\u00edcias da ind\u00fastria automotiva\",\"potentialAction\":[{\"@type\":\"SearchAction\",\"target\":{\"@type\":\"EntryPoint\",\"urlTemplate\":\"https:\\\/\\\/dana.com.br\\\/canaldana\\\/?s={search_term_string}\"},\"query-input\":{\"@type\":\"PropertyValueSpecification\",\"valueRequired\":true,\"valueName\":\"search_term_string\"}}],\"inLanguage\":\"pt-BR\"},{\"@type\":\"Person\",\"@id\":\"https:\\\/\\\/dana.com.br\\\/canaldana\\\/#\\\/schema\\\/person\\\/3c21f22f56fcf3bc46b94bc60ea4fef6\",\"name\":\"Canal Dana\",\"image\":{\"@type\":\"ImageObject\",\"inLanguage\":\"pt-BR\",\"@id\":\"https:\\\/\\\/secure.gravatar.com\\\/avatar\\\/420aaf9278582877d9018637c6817617705899d2858d7572ef0fe59a6b6454b4?s=96&d=mm&r=g\",\"url\":\"https:\\\/\\\/secure.gravatar.com\\\/avatar\\\/420aaf9278582877d9018637c6817617705899d2858d7572ef0fe59a6b6454b4?s=96&d=mm&r=g\",\"contentUrl\":\"https:\\\/\\\/secure.gravatar.com\\\/avatar\\\/420aaf9278582877d9018637c6817617705899d2858d7572ef0fe59a6b6454b4?s=96&d=mm&r=g\",\"caption\":\"Canal Dana\"},\"url\":\"https:\\\/\\\/dana.com.br\\\/canaldana\\\/author\\\/cdeditor\\\/\"}]}<\/script>\n<!-- \/ Yoast SEO plugin. -->","yoast_head_json":{"title":"Renault e Nissan iniciam reformula\u00e7\u00e3o de alian\u00e7a - Canal Dana","robots":{"index":"index","follow":"follow","max-snippet":"max-snippet:-1","max-image-preview":"max-image-preview:large","max-video-preview":"max-video-preview:-1"},"canonical":"https:\/\/dana.com.br\/canaldana\/2019\/03\/13\/renault-e-nissan-iniciam-reformulacao-de-alianca\/","og_locale":"pt_BR","og_type":"article","og_title":"Renault e Nissan iniciam reformula\u00e7\u00e3o de alian\u00e7a - Canal Dana","og_description":"O Estado S. Paulo\/Reuters &nbsp; A japonesa Nissan e a francesa Renault disseram que v\u00e3o reformular a maior alian\u00e7a de carros do mundo para se colocarem em p\u00e9 de igualdade, quebrando a poderosa presid\u00eancia do ex-chefe Carlos Ghosn. &nbsp; A sa\u00edda de Ghosn, creditado por resgatar a Nissan de uma situa\u00e7\u00e3o pr\u00f3xima \u00e0 fal\u00eancia em\u2026 Leia mais \u00bb","og_url":"https:\/\/dana.com.br\/canaldana\/2019\/03\/13\/renault-e-nissan-iniciam-reformulacao-de-alianca\/","og_site_name":"Canal Dana","article_published_time":"2019-03-13T10:58:15+00:00","author":"Canal Dana","twitter_card":"summary_large_image","twitter_misc":{"Escrito por":"Canal Dana","Est. tempo de leitura":"3 minutos"},"schema":{"@context":"https:\/\/schema.org","@graph":[{"@type":"Article","@id":"https:\/\/dana.com.br\/canaldana\/2019\/03\/13\/renault-e-nissan-iniciam-reformulacao-de-alianca\/#article","isPartOf":{"@id":"https:\/\/dana.com.br\/canaldana\/2019\/03\/13\/renault-e-nissan-iniciam-reformulacao-de-alianca\/"},"author":{"name":"Canal Dana","@id":"https:\/\/dana.com.br\/canaldana\/#\/schema\/person\/3c21f22f56fcf3bc46b94bc60ea4fef6"},"headline":"Renault e Nissan iniciam reformula\u00e7\u00e3o de alian\u00e7a","datePublished":"2019-03-13T10:58:15+00:00","mainEntityOfPage":{"@id":"https:\/\/dana.com.br\/canaldana\/2019\/03\/13\/renault-e-nissan-iniciam-reformulacao-de-alianca\/"},"wordCount":523,"articleSection":["Mercado"],"inLanguage":"pt-BR"},{"@type":"WebPage","@id":"https:\/\/dana.com.br\/canaldana\/2019\/03\/13\/renault-e-nissan-iniciam-reformulacao-de-alianca\/","url":"https:\/\/dana.com.br\/canaldana\/2019\/03\/13\/renault-e-nissan-iniciam-reformulacao-de-alianca\/","name":"Renault e Nissan iniciam reformula\u00e7\u00e3o de alian\u00e7a - Canal Dana","isPartOf":{"@id":"https:\/\/dana.com.br\/canaldana\/#website"},"datePublished":"2019-03-13T10:58:15+00:00","author":{"@id":"https:\/\/dana.com.br\/canaldana\/#\/schema\/person\/3c21f22f56fcf3bc46b94bc60ea4fef6"},"breadcrumb":{"@id":"https:\/\/dana.com.br\/canaldana\/2019\/03\/13\/renault-e-nissan-iniciam-reformulacao-de-alianca\/#breadcrumb"},"inLanguage":"pt-BR","potentialAction":[{"@type":"ReadAction","target":["https:\/\/dana.com.br\/canaldana\/2019\/03\/13\/renault-e-nissan-iniciam-reformulacao-de-alianca\/"]}]},{"@type":"BreadcrumbList","@id":"https:\/\/dana.com.br\/canaldana\/2019\/03\/13\/renault-e-nissan-iniciam-reformulacao-de-alianca\/#breadcrumb","itemListElement":[{"@type":"ListItem","position":1,"name":"Home","item":"https:\/\/dana.com.br\/canaldana\/"},{"@type":"ListItem","position":2,"name":"Mercado","item":"https:\/\/dana.com.br\/canaldana\/mercado\/"},{"@type":"ListItem","position":3,"name":"Renault e Nissan iniciam reformula\u00e7\u00e3o de alian\u00e7a"}]},{"@type":"WebSite","@id":"https:\/\/dana.com.br\/canaldana\/#website","url":"https:\/\/dana.com.br\/canaldana\/","name":"Canal Dana","description":"Informativo com as principais not\u00edcias da ind\u00fastria automotiva","potentialAction":[{"@type":"SearchAction","target":{"@type":"EntryPoint","urlTemplate":"https:\/\/dana.com.br\/canaldana\/?s={search_term_string}"},"query-input":{"@type":"PropertyValueSpecification","valueRequired":true,"valueName":"search_term_string"}}],"inLanguage":"pt-BR"},{"@type":"Person","@id":"https:\/\/dana.com.br\/canaldana\/#\/schema\/person\/3c21f22f56fcf3bc46b94bc60ea4fef6","name":"Canal Dana","image":{"@type":"ImageObject","inLanguage":"pt-BR","@id":"https:\/\/secure.gravatar.com\/avatar\/420aaf9278582877d9018637c6817617705899d2858d7572ef0fe59a6b6454b4?s=96&d=mm&r=g","url":"https:\/\/secure.gravatar.com\/avatar\/420aaf9278582877d9018637c6817617705899d2858d7572ef0fe59a6b6454b4?s=96&d=mm&r=g","contentUrl":"https:\/\/secure.gravatar.com\/avatar\/420aaf9278582877d9018637c6817617705899d2858d7572ef0fe59a6b6454b4?s=96&d=mm&r=g","caption":"Canal Dana"},"url":"https:\/\/dana.com.br\/canaldana\/author\/cdeditor\/"}]}},"_links":{"self":[{"href":"https:\/\/dana.com.br\/canaldana\/wp-json\/wp\/v2\/posts\/32959","targetHints":{"allow":["GET"]}}],"collection":[{"href":"https:\/\/dana.com.br\/canaldana\/wp-json\/wp\/v2\/posts"}],"about":[{"href":"https:\/\/dana.com.br\/canaldana\/wp-json\/wp\/v2\/types\/post"}],"author":[{"embeddable":true,"href":"https:\/\/dana.com.br\/canaldana\/wp-json\/wp\/v2\/users\/3"}],"replies":[{"embeddable":true,"href":"https:\/\/dana.com.br\/canaldana\/wp-json\/wp\/v2\/comments?post=32959"}],"version-history":[{"count":0,"href":"https:\/\/dana.com.br\/canaldana\/wp-json\/wp\/v2\/posts\/32959\/revisions"}],"wp:attachment":[{"href":"https:\/\/dana.com.br\/canaldana\/wp-json\/wp\/v2\/media?parent=32959"}],"wp:term":[{"taxonomy":"category","embeddable":true,"href":"https:\/\/dana.com.br\/canaldana\/wp-json\/wp\/v2\/categories?post=32959"},{"taxonomy":"post_tag","embeddable":true,"href":"https:\/\/dana.com.br\/canaldana\/wp-json\/wp\/v2\/tags?post=32959"}],"curies":[{"name":"wp","href":"https:\/\/api.w.org\/{rel}","templated":true}]}}