{"id":32926,"date":"2019-03-12T09:17:08","date_gmt":"2019-03-12T12:17:08","guid":{"rendered":"https:\/\/dana.com.br\/canaldana\/?p=32926"},"modified":"2019-03-12T09:17:08","modified_gmt":"2019-03-12T12:17:08","slug":"por-que-a-crise-perdura-na-industria","status":"publish","type":"post","link":"https:\/\/dana.com.br\/canaldana\/2019\/03\/12\/por-que-a-crise-perdura-na-industria\/","title":{"rendered":"Por que a crise perdura na ind\u00fastria"},"content":{"rendered":"<p><em>O Estado de S. Paulo<\/em><\/p>\n<p>&nbsp;<\/p>\n<p>Uma vis\u00e3o senso comum da crise na ind\u00fastria brasileira questionaria por que a redu\u00e7\u00e3o da taxa b\u00e1sica de juros (Selic), de 14,25% ao ano, em 2015, para 6,5%, menor n\u00edvel nominal hist\u00f3rico brasileiro e j\u00e1 vigente h\u00e1 11 meses, n\u00e3o fomentou uma rea\u00e7\u00e3o no setor. De fato, em 2018 o crescimento da produ\u00e7\u00e3o industrial foi de apenas 1,1%, lembrando que a base de compara\u00e7\u00e3o \u00e9 baix\u00edssima, efeito da crise dos anos anteriores.<\/p>\n<p>&nbsp;<\/p>\n<p>Embora a taxa b\u00e1sica de juros seja relevante e uma condi\u00e7\u00e3o necess\u00e1ria, ela n\u00e3o \u00e9 suficiente, por si s\u00f3, para estimular a produ\u00e7\u00e3o. H\u00e1 outros fatores relevantes a serem considerados. Uma Selic mais baixa \u00e9 importante para as decis\u00f5es na produ\u00e7\u00e3o e sempre lembrada e reivindicada pelos agentes, uma vez que diminui o custo de oportunidade do capital. Sendo a base de remunera\u00e7\u00e3o das aplica\u00e7\u00f5es financeiras, o investimento na produ\u00e7\u00e3o, em tese, passaria a ser estimulado. Mas h\u00e1 ainda um aspecto significativo do verdadeiro v\u00edcio brasileiro, que \u00e9 a enorme dist\u00e2ncia entre o n\u00edvel da taxa b\u00e1sica de juros e aquelas oferecidas ao tomador final.<\/p>\n<p>&nbsp;<\/p>\n<p>A crise no setor industrial brasileiro \u00e9 estrutural e persiste h\u00e1 anos. O n\u00edvel m\u00e9dio da produ\u00e7\u00e3o industrial atual \u00e9 semelhante ao de dez anos atr\u00e1s, quando o Brasil come\u00e7ava a superar os impactos dos efeitos da crise subprime norte-americana. V\u00e1rios fatores estruturais t\u00eam impactado negativamente a ind\u00fastria brasileira, que vive os efeitos da desindustrializa\u00e7\u00e3o precoce. Cr\u00e9dito caro e escasso, pol\u00edtica cambial err\u00e1tica e longo per\u00edodo de valoriza\u00e7\u00e3o do real, mais as agruras do custo Brasil, se encarregaram de agravar o aprofundamento da crise. Condi\u00e7\u00f5es macroecon\u00f4micas desfavor\u00e1veis e pol\u00edticas industriais titubeantes tampouco reverteram a situa\u00e7\u00e3o.<\/p>\n<p>&nbsp;<\/p>\n<p>O resultado foi o avan\u00e7o das importa\u00e7\u00f5es, especialmente advindas da China, substituindo a produ\u00e7\u00e3o local. As exporta\u00e7\u00f5es de industrializados, tamb\u00e9m prejudicadas pelos mesmos fatores mencionados, perderam espa\u00e7o ou estagnaram num mercado internacional hipercompetitivo. A balan\u00e7a comercial brasileira segue superavit\u00e1ria, influenciada pelo excelente desempenho dos complexos agro, mineral e de carnes. Mas a quest\u00e3o, aqui, n\u00e3o \u00e9 ou, mas e. O Brasil \u00e9 um dos poucos pa\u00edses que podem manter ampla pauta de produ\u00e7\u00e3o e exporta\u00e7\u00e3o nos setores em que j\u00e1 mant\u00eam posi\u00e7\u00e3o de destaque, sem, no entanto, que seja em detrimento da ind\u00fastria e de servi\u00e7os sofisticados.<\/p>\n<p>&nbsp;<\/p>\n<p>Os industriais brasileiros, aqueles que n\u00e3o atuaram em setores diretamente ligados a commodities ou de setores oligopolizados, foram empurrados, por sobreviv\u00eancia ou senso de oportunidade, para a importa\u00e7\u00e3o e o rentismo.<\/p>\n<p>&nbsp;<\/p>\n<p>Mais recentemente \u2013 entre 2015, 2016 e os anos seguintes \u2013, a crise brasileira trouxe um fator conjuntural que impactou fortemente a ind\u00fastria brasileira. Desde ent\u00e3o, a \u201crecupera\u00e7\u00e3o\u201d segue muito lentamente, como denotam os dados j\u00e1 mencionados.<\/p>\n<p>&nbsp;<\/p>\n<p>Os desafios que se apresentam para o futuro, portanto, envolvem n\u00e3o apenas a corre\u00e7\u00e3o dos graves desequil\u00edbrios sist\u00eamicos brasileiros e seus impactos na ind\u00fastria, mas a defini\u00e7\u00e3o e implementa\u00e7\u00e3o de pol\u00edticas de competitividade (pol\u00edticas industrial, comercial e de inova\u00e7\u00e3o) nos moldes das melhores pr\u00e1ticas internacionais e locais. Seria equivocado apostar que apenas as \u201cfor\u00e7as do mercado\u201d e a \u201cf\u00e9\u201d na abertura comercial poderiam, por si s\u00f3s, nos recolocar no caminho do desenvolvimento. N\u00e3o foi assim nas melhores experi\u00eancias internacionais conhecidas.<\/p>\n<p>&nbsp;<\/p>\n<p>Os pressupostos da chamada Ind\u00fastria 4.0 est\u00e3o a nos exigir estrat\u00e9gias ousadas, mas, igualmente, seria um equ\u00edvoco desconsiderar a experi\u00eancia da ind\u00fastria tradicional e resiliente no Brasil. Isso n\u00e3o vai se dar somente pelas \u201cfor\u00e7as do mercado\u201d. Uma boa estrat\u00e9gia pressup\u00f5e o diagn\u00f3stico adequado. Do contr\u00e1rio, avalia\u00e7\u00f5es equivocadas nos levar\u00e3o, inexoravelmente, a falsas solu\u00e7\u00f5es. (O Estado de S. Paulo\/Antonio Corr\u00eaa de Lacerda, Professor-Doutor, diretor da FEA-PUCSP, conselheiro e ex-presidente do Conselho Federal de Economia, coautor entre outors livros de &#8220;economia brasileira&#8221;)<\/p>\n","protected":false},"excerpt":{"rendered":"<p>O Estado de S. Paulo &nbsp; Uma vis\u00e3o senso comum da crise na ind\u00fastria brasileira questionaria por que a redu\u00e7\u00e3o da taxa b\u00e1sica de juros (Selic), de 14,25% ao ano, em 2015, para 6,5%, menor n\u00edvel nominal hist\u00f3rico brasileiro e j\u00e1 vigente h\u00e1 11 meses, n\u00e3o fomentou uma rea\u00e7\u00e3o no setor. De fato, em 2018\u2026 <a class=\"readmore\" href=\"https:\/\/dana.com.br\/canaldana\/2019\/03\/12\/por-que-a-crise-perdura-na-industria\/\">Leia mais \u00bb<\/a><\/p>\n","protected":false},"author":3,"featured_media":0,"comment_status":"closed","ping_status":"closed","sticky":false,"template":"","format":"standard","meta":{"_acf_changed":false,"footnotes":""},"categories":[100],"tags":[],"class_list":["post-32926","post","type-post","status-publish","format-standard","hentry","category-artigo"],"acf":[],"yoast_head":"<!-- This site is optimized with the Yoast SEO plugin v27.3 - https:\/\/yoast.com\/product\/yoast-seo-wordpress\/ -->\n<title>Por que a crise perdura na ind\u00fastria - Canal Dana<\/title>\n<meta name=\"robots\" content=\"index, follow, max-snippet:-1, max-image-preview:large, max-video-preview:-1\" \/>\n<link rel=\"canonical\" href=\"https:\/\/dana.com.br\/canaldana\/2019\/03\/12\/por-que-a-crise-perdura-na-industria\/\" \/>\n<meta property=\"og:locale\" content=\"pt_BR\" \/>\n<meta property=\"og:type\" content=\"article\" \/>\n<meta property=\"og:title\" content=\"Por que a crise perdura na ind\u00fastria - Canal Dana\" \/>\n<meta property=\"og:description\" content=\"O Estado de S. Paulo &nbsp; Uma vis\u00e3o senso comum da crise na ind\u00fastria brasileira questionaria por que a redu\u00e7\u00e3o da taxa b\u00e1sica de juros (Selic), de 14,25% ao ano, em 2015, para 6,5%, menor n\u00edvel nominal hist\u00f3rico brasileiro e j\u00e1 vigente h\u00e1 11 meses, n\u00e3o fomentou uma rea\u00e7\u00e3o no setor. De fato, em 2018\u2026 Leia mais \u00bb\" \/>\n<meta property=\"og:url\" content=\"https:\/\/dana.com.br\/canaldana\/2019\/03\/12\/por-que-a-crise-perdura-na-industria\/\" \/>\n<meta property=\"og:site_name\" content=\"Canal Dana\" \/>\n<meta property=\"article:published_time\" content=\"2019-03-12T12:17:08+00:00\" \/>\n<meta name=\"author\" content=\"Canal Dana\" \/>\n<meta name=\"twitter:card\" content=\"summary_large_image\" \/>\n<meta name=\"twitter:label1\" content=\"Escrito por\" \/>\n\t<meta name=\"twitter:data1\" content=\"Canal Dana\" \/>\n\t<meta name=\"twitter:label2\" content=\"Est. tempo de leitura\" \/>\n\t<meta name=\"twitter:data2\" content=\"3 minutos\" \/>\n<script type=\"application\/ld+json\" class=\"yoast-schema-graph\">{\"@context\":\"https:\\\/\\\/schema.org\",\"@graph\":[{\"@type\":\"Article\",\"@id\":\"https:\\\/\\\/dana.com.br\\\/canaldana\\\/2019\\\/03\\\/12\\\/por-que-a-crise-perdura-na-industria\\\/#article\",\"isPartOf\":{\"@id\":\"https:\\\/\\\/dana.com.br\\\/canaldana\\\/2019\\\/03\\\/12\\\/por-que-a-crise-perdura-na-industria\\\/\"},\"author\":{\"name\":\"Canal Dana\",\"@id\":\"https:\\\/\\\/dana.com.br\\\/canaldana\\\/#\\\/schema\\\/person\\\/3c21f22f56fcf3bc46b94bc60ea4fef6\"},\"headline\":\"Por que a crise perdura na ind\u00fastria\",\"datePublished\":\"2019-03-12T12:17:08+00:00\",\"mainEntityOfPage\":{\"@id\":\"https:\\\/\\\/dana.com.br\\\/canaldana\\\/2019\\\/03\\\/12\\\/por-que-a-crise-perdura-na-industria\\\/\"},\"wordCount\":699,\"articleSection\":[\"Artigo\"],\"inLanguage\":\"pt-BR\"},{\"@type\":\"WebPage\",\"@id\":\"https:\\\/\\\/dana.com.br\\\/canaldana\\\/2019\\\/03\\\/12\\\/por-que-a-crise-perdura-na-industria\\\/\",\"url\":\"https:\\\/\\\/dana.com.br\\\/canaldana\\\/2019\\\/03\\\/12\\\/por-que-a-crise-perdura-na-industria\\\/\",\"name\":\"Por que a crise perdura na ind\u00fastria - Canal Dana\",\"isPartOf\":{\"@id\":\"https:\\\/\\\/dana.com.br\\\/canaldana\\\/#website\"},\"datePublished\":\"2019-03-12T12:17:08+00:00\",\"author\":{\"@id\":\"https:\\\/\\\/dana.com.br\\\/canaldana\\\/#\\\/schema\\\/person\\\/3c21f22f56fcf3bc46b94bc60ea4fef6\"},\"breadcrumb\":{\"@id\":\"https:\\\/\\\/dana.com.br\\\/canaldana\\\/2019\\\/03\\\/12\\\/por-que-a-crise-perdura-na-industria\\\/#breadcrumb\"},\"inLanguage\":\"pt-BR\",\"potentialAction\":[{\"@type\":\"ReadAction\",\"target\":[\"https:\\\/\\\/dana.com.br\\\/canaldana\\\/2019\\\/03\\\/12\\\/por-que-a-crise-perdura-na-industria\\\/\"]}]},{\"@type\":\"BreadcrumbList\",\"@id\":\"https:\\\/\\\/dana.com.br\\\/canaldana\\\/2019\\\/03\\\/12\\\/por-que-a-crise-perdura-na-industria\\\/#breadcrumb\",\"itemListElement\":[{\"@type\":\"ListItem\",\"position\":1,\"name\":\"Home\",\"item\":\"https:\\\/\\\/dana.com.br\\\/canaldana\\\/\"},{\"@type\":\"ListItem\",\"position\":2,\"name\":\"Artigo\",\"item\":\"https:\\\/\\\/dana.com.br\\\/canaldana\\\/artigo\\\/\"},{\"@type\":\"ListItem\",\"position\":3,\"name\":\"Por que a crise perdura na ind\u00fastria\"}]},{\"@type\":\"WebSite\",\"@id\":\"https:\\\/\\\/dana.com.br\\\/canaldana\\\/#website\",\"url\":\"https:\\\/\\\/dana.com.br\\\/canaldana\\\/\",\"name\":\"Canal Dana\",\"description\":\"Informativo com as principais not\u00edcias da ind\u00fastria automotiva\",\"potentialAction\":[{\"@type\":\"SearchAction\",\"target\":{\"@type\":\"EntryPoint\",\"urlTemplate\":\"https:\\\/\\\/dana.com.br\\\/canaldana\\\/?s={search_term_string}\"},\"query-input\":{\"@type\":\"PropertyValueSpecification\",\"valueRequired\":true,\"valueName\":\"search_term_string\"}}],\"inLanguage\":\"pt-BR\"},{\"@type\":\"Person\",\"@id\":\"https:\\\/\\\/dana.com.br\\\/canaldana\\\/#\\\/schema\\\/person\\\/3c21f22f56fcf3bc46b94bc60ea4fef6\",\"name\":\"Canal Dana\",\"image\":{\"@type\":\"ImageObject\",\"inLanguage\":\"pt-BR\",\"@id\":\"https:\\\/\\\/secure.gravatar.com\\\/avatar\\\/420aaf9278582877d9018637c6817617705899d2858d7572ef0fe59a6b6454b4?s=96&d=mm&r=g\",\"url\":\"https:\\\/\\\/secure.gravatar.com\\\/avatar\\\/420aaf9278582877d9018637c6817617705899d2858d7572ef0fe59a6b6454b4?s=96&d=mm&r=g\",\"contentUrl\":\"https:\\\/\\\/secure.gravatar.com\\\/avatar\\\/420aaf9278582877d9018637c6817617705899d2858d7572ef0fe59a6b6454b4?s=96&d=mm&r=g\",\"caption\":\"Canal Dana\"},\"url\":\"https:\\\/\\\/dana.com.br\\\/canaldana\\\/author\\\/cdeditor\\\/\"}]}<\/script>\n<!-- \/ Yoast SEO plugin. -->","yoast_head_json":{"title":"Por que a crise perdura na ind\u00fastria - Canal Dana","robots":{"index":"index","follow":"follow","max-snippet":"max-snippet:-1","max-image-preview":"max-image-preview:large","max-video-preview":"max-video-preview:-1"},"canonical":"https:\/\/dana.com.br\/canaldana\/2019\/03\/12\/por-que-a-crise-perdura-na-industria\/","og_locale":"pt_BR","og_type":"article","og_title":"Por que a crise perdura na ind\u00fastria - Canal Dana","og_description":"O Estado de S. Paulo &nbsp; Uma vis\u00e3o senso comum da crise na ind\u00fastria brasileira questionaria por que a redu\u00e7\u00e3o da taxa b\u00e1sica de juros (Selic), de 14,25% ao ano, em 2015, para 6,5%, menor n\u00edvel nominal hist\u00f3rico brasileiro e j\u00e1 vigente h\u00e1 11 meses, n\u00e3o fomentou uma rea\u00e7\u00e3o no setor. De fato, em 2018\u2026 Leia mais \u00bb","og_url":"https:\/\/dana.com.br\/canaldana\/2019\/03\/12\/por-que-a-crise-perdura-na-industria\/","og_site_name":"Canal Dana","article_published_time":"2019-03-12T12:17:08+00:00","author":"Canal Dana","twitter_card":"summary_large_image","twitter_misc":{"Escrito por":"Canal Dana","Est. tempo de leitura":"3 minutos"},"schema":{"@context":"https:\/\/schema.org","@graph":[{"@type":"Article","@id":"https:\/\/dana.com.br\/canaldana\/2019\/03\/12\/por-que-a-crise-perdura-na-industria\/#article","isPartOf":{"@id":"https:\/\/dana.com.br\/canaldana\/2019\/03\/12\/por-que-a-crise-perdura-na-industria\/"},"author":{"name":"Canal Dana","@id":"https:\/\/dana.com.br\/canaldana\/#\/schema\/person\/3c21f22f56fcf3bc46b94bc60ea4fef6"},"headline":"Por que a crise perdura na ind\u00fastria","datePublished":"2019-03-12T12:17:08+00:00","mainEntityOfPage":{"@id":"https:\/\/dana.com.br\/canaldana\/2019\/03\/12\/por-que-a-crise-perdura-na-industria\/"},"wordCount":699,"articleSection":["Artigo"],"inLanguage":"pt-BR"},{"@type":"WebPage","@id":"https:\/\/dana.com.br\/canaldana\/2019\/03\/12\/por-que-a-crise-perdura-na-industria\/","url":"https:\/\/dana.com.br\/canaldana\/2019\/03\/12\/por-que-a-crise-perdura-na-industria\/","name":"Por que a crise perdura na ind\u00fastria - Canal Dana","isPartOf":{"@id":"https:\/\/dana.com.br\/canaldana\/#website"},"datePublished":"2019-03-12T12:17:08+00:00","author":{"@id":"https:\/\/dana.com.br\/canaldana\/#\/schema\/person\/3c21f22f56fcf3bc46b94bc60ea4fef6"},"breadcrumb":{"@id":"https:\/\/dana.com.br\/canaldana\/2019\/03\/12\/por-que-a-crise-perdura-na-industria\/#breadcrumb"},"inLanguage":"pt-BR","potentialAction":[{"@type":"ReadAction","target":["https:\/\/dana.com.br\/canaldana\/2019\/03\/12\/por-que-a-crise-perdura-na-industria\/"]}]},{"@type":"BreadcrumbList","@id":"https:\/\/dana.com.br\/canaldana\/2019\/03\/12\/por-que-a-crise-perdura-na-industria\/#breadcrumb","itemListElement":[{"@type":"ListItem","position":1,"name":"Home","item":"https:\/\/dana.com.br\/canaldana\/"},{"@type":"ListItem","position":2,"name":"Artigo","item":"https:\/\/dana.com.br\/canaldana\/artigo\/"},{"@type":"ListItem","position":3,"name":"Por que a crise perdura na ind\u00fastria"}]},{"@type":"WebSite","@id":"https:\/\/dana.com.br\/canaldana\/#website","url":"https:\/\/dana.com.br\/canaldana\/","name":"Canal Dana","description":"Informativo com as principais not\u00edcias da ind\u00fastria automotiva","potentialAction":[{"@type":"SearchAction","target":{"@type":"EntryPoint","urlTemplate":"https:\/\/dana.com.br\/canaldana\/?s={search_term_string}"},"query-input":{"@type":"PropertyValueSpecification","valueRequired":true,"valueName":"search_term_string"}}],"inLanguage":"pt-BR"},{"@type":"Person","@id":"https:\/\/dana.com.br\/canaldana\/#\/schema\/person\/3c21f22f56fcf3bc46b94bc60ea4fef6","name":"Canal Dana","image":{"@type":"ImageObject","inLanguage":"pt-BR","@id":"https:\/\/secure.gravatar.com\/avatar\/420aaf9278582877d9018637c6817617705899d2858d7572ef0fe59a6b6454b4?s=96&d=mm&r=g","url":"https:\/\/secure.gravatar.com\/avatar\/420aaf9278582877d9018637c6817617705899d2858d7572ef0fe59a6b6454b4?s=96&d=mm&r=g","contentUrl":"https:\/\/secure.gravatar.com\/avatar\/420aaf9278582877d9018637c6817617705899d2858d7572ef0fe59a6b6454b4?s=96&d=mm&r=g","caption":"Canal Dana"},"url":"https:\/\/dana.com.br\/canaldana\/author\/cdeditor\/"}]}},"_links":{"self":[{"href":"https:\/\/dana.com.br\/canaldana\/wp-json\/wp\/v2\/posts\/32926","targetHints":{"allow":["GET"]}}],"collection":[{"href":"https:\/\/dana.com.br\/canaldana\/wp-json\/wp\/v2\/posts"}],"about":[{"href":"https:\/\/dana.com.br\/canaldana\/wp-json\/wp\/v2\/types\/post"}],"author":[{"embeddable":true,"href":"https:\/\/dana.com.br\/canaldana\/wp-json\/wp\/v2\/users\/3"}],"replies":[{"embeddable":true,"href":"https:\/\/dana.com.br\/canaldana\/wp-json\/wp\/v2\/comments?post=32926"}],"version-history":[{"count":0,"href":"https:\/\/dana.com.br\/canaldana\/wp-json\/wp\/v2\/posts\/32926\/revisions"}],"wp:attachment":[{"href":"https:\/\/dana.com.br\/canaldana\/wp-json\/wp\/v2\/media?parent=32926"}],"wp:term":[{"taxonomy":"category","embeddable":true,"href":"https:\/\/dana.com.br\/canaldana\/wp-json\/wp\/v2\/categories?post=32926"},{"taxonomy":"post_tag","embeddable":true,"href":"https:\/\/dana.com.br\/canaldana\/wp-json\/wp\/v2\/tags?post=32926"}],"curies":[{"name":"wp","href":"https:\/\/api.w.org\/{rel}","templated":true}]}}