{"id":32821,"date":"2019-03-06T08:11:06","date_gmt":"2019-03-06T11:11:06","guid":{"rendered":"https:\/\/dana.com.br\/canaldana\/?p=32821"},"modified":"2019-03-06T08:11:06","modified_gmt":"2019-03-06T11:11:06","slug":"mourao-descarta-incentivos-para-evitar-fechamento-de-fabrica-da-ford","status":"publish","type":"post","link":"https:\/\/dana.com.br\/canaldana\/2019\/03\/06\/mourao-descarta-incentivos-para-evitar-fechamento-de-fabrica-da-ford\/","title":{"rendered":"Mour\u00e3o descarta incentivos para evitar fechamento de f\u00e1brica da Ford"},"content":{"rendered":"<p><em>O Estado de S. Paulo <\/em><\/p>\n<p>&nbsp;<\/p>\n<p>O vice-presidente Hamilton Mour\u00e3o afirmou que, por enquanto, o governo n\u00e3o deve dar incentivos para evitar o fechamento da f\u00e1brica da Ford em S\u00e3o Bernardo do Campo (SP), que tem 3 mil funcion\u00e1rios. Ele, no entanto, disse que o governo est\u00e1 estudando a situa\u00e7\u00e3o, que \u00e9 &#8220;preocupante&#8221;.<\/p>\n<p>&nbsp;<\/p>\n<p>&#8220;Toda vez que vai haver aumento do desemprego, preocupa o governo. Estamos estudando esse assunto porque \u00e9 uma empresa privada e, neste caso, \u00e9 quest\u00e3o de desonera\u00e7\u00e3o e tributos. Ent\u00e3o, temos que dar uma estudada nisso&#8221;, disse. Questionado se poderia haver algum incentivo espec\u00edfico para n\u00e3o se fechar a f\u00e1brica, Mour\u00e3o disse que, por enquanto, isso est\u00e1 &#8220;fora de quest\u00e3o&#8221;.<\/p>\n<p>&nbsp;<\/p>\n<p>Nesta manh\u00e3, Mour\u00e3o recebeu o presidente e o vice-presidente do Sindicato dos Metal\u00fargicos do ABC, Wagner Firmino de Santana e Paulo Aparecido Silva Cayres, o secret\u00e1rio-geral da CUT, S\u00e9rgio Aparecido Nobre, e o diretor da entidade, Adalto Oliveira, para discutir a quest\u00e3o da f\u00e1brica da Ford.<\/p>\n<p>&nbsp;<\/p>\n<p>Na semana passada, a Ford anunciou o fechamento da f\u00e1brica. Em comunicado, a empresa informou que vai deixar de produzir caminh\u00f5es e tamb\u00e9m o carro compacto Fiesta, ambos feitos na planta pertencente \u00e0 montadora americana desde 1967, quando a adquiriu a Willys Overland do Brasil.<\/p>\n<p>&nbsp;<\/p>\n<p>Sobre a visita do l\u00edder de oposi\u00e7\u00e3o venezuelano, Juan Guaid\u00f3, ao Brasil nesta quinta-feira, 28, Mour\u00e3o afirmou que ele est\u00e1 sendo reconhecido como o presidente real da Venezuela. &#8220;Ele veio aqui mostrar para os venezuelanos que ele \u00e9 recebido pelo presidente brasileiro&#8221;, disse. (O Estado de S. Paulo\/Mariana Haubert)<\/p>\n","protected":false},"excerpt":{"rendered":"<p>O Estado de S. Paulo &nbsp; O vice-presidente Hamilton Mour\u00e3o afirmou que, por enquanto, o governo n\u00e3o deve dar incentivos para evitar o fechamento da f\u00e1brica da Ford em S\u00e3o Bernardo do Campo (SP), que tem 3 mil funcion\u00e1rios. Ele, no entanto, disse que o governo est\u00e1 estudando a situa\u00e7\u00e3o, que \u00e9 &#8220;preocupante&#8221;. &nbsp; &#8220;Toda\u2026 <a class=\"readmore\" href=\"https:\/\/dana.com.br\/canaldana\/2019\/03\/06\/mourao-descarta-incentivos-para-evitar-fechamento-de-fabrica-da-ford\/\">Leia mais \u00bb<\/a><\/p>\n","protected":false},"author":3,"featured_media":0,"comment_status":"closed","ping_status":"closed","sticky":false,"template":"","format":"standard","meta":{"_acf_changed":false,"footnotes":""},"categories":[61],"tags":[],"class_list":["post-32821","post","type-post","status-publish","format-standard","hentry","category-destaques"],"acf":[],"yoast_head":"<!-- This site is optimized with the Yoast SEO plugin v27.3 - https:\/\/yoast.com\/product\/yoast-seo-wordpress\/ -->\n<title>Mour\u00e3o descarta incentivos para evitar fechamento de f\u00e1brica da Ford - Canal Dana<\/title>\n<meta name=\"robots\" content=\"index, follow, max-snippet:-1, max-image-preview:large, max-video-preview:-1\" \/>\n<link rel=\"canonical\" href=\"https:\/\/dana.com.br\/canaldana\/2019\/03\/06\/mourao-descarta-incentivos-para-evitar-fechamento-de-fabrica-da-ford\/\" \/>\n<meta property=\"og:locale\" content=\"pt_BR\" \/>\n<meta property=\"og:type\" content=\"article\" \/>\n<meta property=\"og:title\" content=\"Mour\u00e3o descarta incentivos para evitar fechamento de f\u00e1brica da Ford - Canal Dana\" \/>\n<meta property=\"og:description\" content=\"O Estado de S. Paulo &nbsp; O vice-presidente Hamilton Mour\u00e3o afirmou que, por enquanto, o governo n\u00e3o deve dar incentivos para evitar o fechamento da f\u00e1brica da Ford em S\u00e3o Bernardo do Campo (SP), que tem 3 mil funcion\u00e1rios. Ele, no entanto, disse que o governo est\u00e1 estudando a situa\u00e7\u00e3o, que \u00e9 &#8220;preocupante&#8221;. &nbsp; &#8220;Toda\u2026 Leia mais \u00bb\" \/>\n<meta property=\"og:url\" content=\"https:\/\/dana.com.br\/canaldana\/2019\/03\/06\/mourao-descarta-incentivos-para-evitar-fechamento-de-fabrica-da-ford\/\" \/>\n<meta property=\"og:site_name\" content=\"Canal Dana\" \/>\n<meta property=\"article:published_time\" content=\"2019-03-06T11:11:06+00:00\" \/>\n<meta name=\"author\" content=\"Canal Dana\" \/>\n<meta name=\"twitter:card\" content=\"summary_large_image\" \/>\n<meta name=\"twitter:label1\" content=\"Escrito por\" \/>\n\t<meta name=\"twitter:data1\" content=\"Canal Dana\" \/>\n\t<meta name=\"twitter:label2\" content=\"Est. tempo de leitura\" \/>\n\t<meta name=\"twitter:data2\" content=\"1 minuto\" \/>\n<script type=\"application\/ld+json\" class=\"yoast-schema-graph\">{\"@context\":\"https:\\\/\\\/schema.org\",\"@graph\":[{\"@type\":\"Article\",\"@id\":\"https:\\\/\\\/dana.com.br\\\/canaldana\\\/2019\\\/03\\\/06\\\/mourao-descarta-incentivos-para-evitar-fechamento-de-fabrica-da-ford\\\/#article\",\"isPartOf\":{\"@id\":\"https:\\\/\\\/dana.com.br\\\/canaldana\\\/2019\\\/03\\\/06\\\/mourao-descarta-incentivos-para-evitar-fechamento-de-fabrica-da-ford\\\/\"},\"author\":{\"name\":\"Canal Dana\",\"@id\":\"https:\\\/\\\/dana.com.br\\\/canaldana\\\/#\\\/schema\\\/person\\\/3c21f22f56fcf3bc46b94bc60ea4fef6\"},\"headline\":\"Mour\u00e3o descarta incentivos para evitar fechamento de f\u00e1brica da Ford\",\"datePublished\":\"2019-03-06T11:11:06+00:00\",\"mainEntityOfPage\":{\"@id\":\"https:\\\/\\\/dana.com.br\\\/canaldana\\\/2019\\\/03\\\/06\\\/mourao-descarta-incentivos-para-evitar-fechamento-de-fabrica-da-ford\\\/\"},\"wordCount\":288,\"articleSection\":[\"Destaques\"],\"inLanguage\":\"pt-BR\"},{\"@type\":\"WebPage\",\"@id\":\"https:\\\/\\\/dana.com.br\\\/canaldana\\\/2019\\\/03\\\/06\\\/mourao-descarta-incentivos-para-evitar-fechamento-de-fabrica-da-ford\\\/\",\"url\":\"https:\\\/\\\/dana.com.br\\\/canaldana\\\/2019\\\/03\\\/06\\\/mourao-descarta-incentivos-para-evitar-fechamento-de-fabrica-da-ford\\\/\",\"name\":\"Mour\u00e3o descarta incentivos para evitar fechamento de f\u00e1brica da Ford - Canal Dana\",\"isPartOf\":{\"@id\":\"https:\\\/\\\/dana.com.br\\\/canaldana\\\/#website\"},\"datePublished\":\"2019-03-06T11:11:06+00:00\",\"author\":{\"@id\":\"https:\\\/\\\/dana.com.br\\\/canaldana\\\/#\\\/schema\\\/person\\\/3c21f22f56fcf3bc46b94bc60ea4fef6\"},\"breadcrumb\":{\"@id\":\"https:\\\/\\\/dana.com.br\\\/canaldana\\\/2019\\\/03\\\/06\\\/mourao-descarta-incentivos-para-evitar-fechamento-de-fabrica-da-ford\\\/#breadcrumb\"},\"inLanguage\":\"pt-BR\",\"potentialAction\":[{\"@type\":\"ReadAction\",\"target\":[\"https:\\\/\\\/dana.com.br\\\/canaldana\\\/2019\\\/03\\\/06\\\/mourao-descarta-incentivos-para-evitar-fechamento-de-fabrica-da-ford\\\/\"]}]},{\"@type\":\"BreadcrumbList\",\"@id\":\"https:\\\/\\\/dana.com.br\\\/canaldana\\\/2019\\\/03\\\/06\\\/mourao-descarta-incentivos-para-evitar-fechamento-de-fabrica-da-ford\\\/#breadcrumb\",\"itemListElement\":[{\"@type\":\"ListItem\",\"position\":1,\"name\":\"Home\",\"item\":\"https:\\\/\\\/dana.com.br\\\/canaldana\\\/\"},{\"@type\":\"ListItem\",\"position\":2,\"name\":\"Destaques\",\"item\":\"https:\\\/\\\/dana.com.br\\\/canaldana\\\/destaques\\\/\"},{\"@type\":\"ListItem\",\"position\":3,\"name\":\"Mour\u00e3o descarta incentivos para evitar fechamento de f\u00e1brica da Ford\"}]},{\"@type\":\"WebSite\",\"@id\":\"https:\\\/\\\/dana.com.br\\\/canaldana\\\/#website\",\"url\":\"https:\\\/\\\/dana.com.br\\\/canaldana\\\/\",\"name\":\"Canal Dana\",\"description\":\"Informativo com as principais not\u00edcias da ind\u00fastria automotiva\",\"potentialAction\":[{\"@type\":\"SearchAction\",\"target\":{\"@type\":\"EntryPoint\",\"urlTemplate\":\"https:\\\/\\\/dana.com.br\\\/canaldana\\\/?s={search_term_string}\"},\"query-input\":{\"@type\":\"PropertyValueSpecification\",\"valueRequired\":true,\"valueName\":\"search_term_string\"}}],\"inLanguage\":\"pt-BR\"},{\"@type\":\"Person\",\"@id\":\"https:\\\/\\\/dana.com.br\\\/canaldana\\\/#\\\/schema\\\/person\\\/3c21f22f56fcf3bc46b94bc60ea4fef6\",\"name\":\"Canal Dana\",\"image\":{\"@type\":\"ImageObject\",\"inLanguage\":\"pt-BR\",\"@id\":\"https:\\\/\\\/secure.gravatar.com\\\/avatar\\\/420aaf9278582877d9018637c6817617705899d2858d7572ef0fe59a6b6454b4?s=96&d=mm&r=g\",\"url\":\"https:\\\/\\\/secure.gravatar.com\\\/avatar\\\/420aaf9278582877d9018637c6817617705899d2858d7572ef0fe59a6b6454b4?s=96&d=mm&r=g\",\"contentUrl\":\"https:\\\/\\\/secure.gravatar.com\\\/avatar\\\/420aaf9278582877d9018637c6817617705899d2858d7572ef0fe59a6b6454b4?s=96&d=mm&r=g\",\"caption\":\"Canal Dana\"},\"url\":\"https:\\\/\\\/dana.com.br\\\/canaldana\\\/author\\\/cdeditor\\\/\"}]}<\/script>\n<!-- \/ Yoast SEO plugin. -->","yoast_head_json":{"title":"Mour\u00e3o descarta incentivos para evitar fechamento de f\u00e1brica da Ford - Canal Dana","robots":{"index":"index","follow":"follow","max-snippet":"max-snippet:-1","max-image-preview":"max-image-preview:large","max-video-preview":"max-video-preview:-1"},"canonical":"https:\/\/dana.com.br\/canaldana\/2019\/03\/06\/mourao-descarta-incentivos-para-evitar-fechamento-de-fabrica-da-ford\/","og_locale":"pt_BR","og_type":"article","og_title":"Mour\u00e3o descarta incentivos para evitar fechamento de f\u00e1brica da Ford - Canal Dana","og_description":"O Estado de S. Paulo &nbsp; O vice-presidente Hamilton Mour\u00e3o afirmou que, por enquanto, o governo n\u00e3o deve dar incentivos para evitar o fechamento da f\u00e1brica da Ford em S\u00e3o Bernardo do Campo (SP), que tem 3 mil funcion\u00e1rios. Ele, no entanto, disse que o governo est\u00e1 estudando a situa\u00e7\u00e3o, que \u00e9 &#8220;preocupante&#8221;. &nbsp; &#8220;Toda\u2026 Leia mais \u00bb","og_url":"https:\/\/dana.com.br\/canaldana\/2019\/03\/06\/mourao-descarta-incentivos-para-evitar-fechamento-de-fabrica-da-ford\/","og_site_name":"Canal Dana","article_published_time":"2019-03-06T11:11:06+00:00","author":"Canal Dana","twitter_card":"summary_large_image","twitter_misc":{"Escrito por":"Canal Dana","Est. tempo de leitura":"1 minuto"},"schema":{"@context":"https:\/\/schema.org","@graph":[{"@type":"Article","@id":"https:\/\/dana.com.br\/canaldana\/2019\/03\/06\/mourao-descarta-incentivos-para-evitar-fechamento-de-fabrica-da-ford\/#article","isPartOf":{"@id":"https:\/\/dana.com.br\/canaldana\/2019\/03\/06\/mourao-descarta-incentivos-para-evitar-fechamento-de-fabrica-da-ford\/"},"author":{"name":"Canal Dana","@id":"https:\/\/dana.com.br\/canaldana\/#\/schema\/person\/3c21f22f56fcf3bc46b94bc60ea4fef6"},"headline":"Mour\u00e3o descarta incentivos para evitar fechamento de f\u00e1brica da Ford","datePublished":"2019-03-06T11:11:06+00:00","mainEntityOfPage":{"@id":"https:\/\/dana.com.br\/canaldana\/2019\/03\/06\/mourao-descarta-incentivos-para-evitar-fechamento-de-fabrica-da-ford\/"},"wordCount":288,"articleSection":["Destaques"],"inLanguage":"pt-BR"},{"@type":"WebPage","@id":"https:\/\/dana.com.br\/canaldana\/2019\/03\/06\/mourao-descarta-incentivos-para-evitar-fechamento-de-fabrica-da-ford\/","url":"https:\/\/dana.com.br\/canaldana\/2019\/03\/06\/mourao-descarta-incentivos-para-evitar-fechamento-de-fabrica-da-ford\/","name":"Mour\u00e3o descarta incentivos para evitar fechamento de f\u00e1brica da Ford - Canal Dana","isPartOf":{"@id":"https:\/\/dana.com.br\/canaldana\/#website"},"datePublished":"2019-03-06T11:11:06+00:00","author":{"@id":"https:\/\/dana.com.br\/canaldana\/#\/schema\/person\/3c21f22f56fcf3bc46b94bc60ea4fef6"},"breadcrumb":{"@id":"https:\/\/dana.com.br\/canaldana\/2019\/03\/06\/mourao-descarta-incentivos-para-evitar-fechamento-de-fabrica-da-ford\/#breadcrumb"},"inLanguage":"pt-BR","potentialAction":[{"@type":"ReadAction","target":["https:\/\/dana.com.br\/canaldana\/2019\/03\/06\/mourao-descarta-incentivos-para-evitar-fechamento-de-fabrica-da-ford\/"]}]},{"@type":"BreadcrumbList","@id":"https:\/\/dana.com.br\/canaldana\/2019\/03\/06\/mourao-descarta-incentivos-para-evitar-fechamento-de-fabrica-da-ford\/#breadcrumb","itemListElement":[{"@type":"ListItem","position":1,"name":"Home","item":"https:\/\/dana.com.br\/canaldana\/"},{"@type":"ListItem","position":2,"name":"Destaques","item":"https:\/\/dana.com.br\/canaldana\/destaques\/"},{"@type":"ListItem","position":3,"name":"Mour\u00e3o descarta incentivos para evitar fechamento de f\u00e1brica da Ford"}]},{"@type":"WebSite","@id":"https:\/\/dana.com.br\/canaldana\/#website","url":"https:\/\/dana.com.br\/canaldana\/","name":"Canal Dana","description":"Informativo com as principais not\u00edcias da ind\u00fastria automotiva","potentialAction":[{"@type":"SearchAction","target":{"@type":"EntryPoint","urlTemplate":"https:\/\/dana.com.br\/canaldana\/?s={search_term_string}"},"query-input":{"@type":"PropertyValueSpecification","valueRequired":true,"valueName":"search_term_string"}}],"inLanguage":"pt-BR"},{"@type":"Person","@id":"https:\/\/dana.com.br\/canaldana\/#\/schema\/person\/3c21f22f56fcf3bc46b94bc60ea4fef6","name":"Canal Dana","image":{"@type":"ImageObject","inLanguage":"pt-BR","@id":"https:\/\/secure.gravatar.com\/avatar\/420aaf9278582877d9018637c6817617705899d2858d7572ef0fe59a6b6454b4?s=96&d=mm&r=g","url":"https:\/\/secure.gravatar.com\/avatar\/420aaf9278582877d9018637c6817617705899d2858d7572ef0fe59a6b6454b4?s=96&d=mm&r=g","contentUrl":"https:\/\/secure.gravatar.com\/avatar\/420aaf9278582877d9018637c6817617705899d2858d7572ef0fe59a6b6454b4?s=96&d=mm&r=g","caption":"Canal Dana"},"url":"https:\/\/dana.com.br\/canaldana\/author\/cdeditor\/"}]}},"_links":{"self":[{"href":"https:\/\/dana.com.br\/canaldana\/wp-json\/wp\/v2\/posts\/32821","targetHints":{"allow":["GET"]}}],"collection":[{"href":"https:\/\/dana.com.br\/canaldana\/wp-json\/wp\/v2\/posts"}],"about":[{"href":"https:\/\/dana.com.br\/canaldana\/wp-json\/wp\/v2\/types\/post"}],"author":[{"embeddable":true,"href":"https:\/\/dana.com.br\/canaldana\/wp-json\/wp\/v2\/users\/3"}],"replies":[{"embeddable":true,"href":"https:\/\/dana.com.br\/canaldana\/wp-json\/wp\/v2\/comments?post=32821"}],"version-history":[{"count":0,"href":"https:\/\/dana.com.br\/canaldana\/wp-json\/wp\/v2\/posts\/32821\/revisions"}],"wp:attachment":[{"href":"https:\/\/dana.com.br\/canaldana\/wp-json\/wp\/v2\/media?parent=32821"}],"wp:term":[{"taxonomy":"category","embeddable":true,"href":"https:\/\/dana.com.br\/canaldana\/wp-json\/wp\/v2\/categories?post=32821"},{"taxonomy":"post_tag","embeddable":true,"href":"https:\/\/dana.com.br\/canaldana\/wp-json\/wp\/v2\/tags?post=32821"}],"curies":[{"name":"wp","href":"https:\/\/api.w.org\/{rel}","templated":true}]}}