{"id":32753,"date":"2019-02-28T08:27:14","date_gmt":"2019-02-28T11:27:14","guid":{"rendered":"https:\/\/dana.com.br\/canaldana\/?p=32753"},"modified":"2019-02-28T08:27:14","modified_gmt":"2019-02-28T11:27:14","slug":"sindicato-quer-manter-condicoes-de-trabalhadores-em-eventual-venda-da-ford","status":"publish","type":"post","link":"https:\/\/dana.com.br\/canaldana\/2019\/02\/28\/sindicato-quer-manter-condicoes-de-trabalhadores-em-eventual-venda-da-ford\/","title":{"rendered":"Sindicato quer manter condi\u00e7\u00f5es de trabalhadores em eventual venda da Ford"},"content":{"rendered":"<p><em>O Estado de S. Paulo <\/em><\/p>\n<p>&nbsp;<\/p>\n<p>O prefeito de S\u00e3o Bernardo do Campo, Orlando Morando (PSDB) se reuniu na tarde desta quarta-feira, 27, com o presidente do Sindicato dos Metal\u00fargicos do ABC, Wagner Santana, e se comprometeu a intermediar o pedido da entidade de audi\u00eancia com o governador Jo\u00e3o Doria, do mesmo partido.<\/p>\n<p>&nbsp;<\/p>\n<p>Doria tenta encontrar uma empresa interessada em comprar a f\u00e1brica da Ford e dar continuidade a um neg\u00f3cio que evite demiss\u00f5es. A f\u00e1brica tem cerca de 3 mil trabalhadores diretos e 1,5 mil terceirizados. H\u00e1 pouco mais de uma semana, a dire\u00e7\u00e3o da montadora anunciou que fechar\u00e1 a unidade at\u00e9 o fim do ano.<\/p>\n<p>&nbsp;<\/p>\n<p>O governador disse na ter\u00e7a-feira, 26, ter recebido tr\u00eas consultas de interessados, sendo dois grupos multinacionais e um nacional. O grupo brasileiro \u00e9 o Caoa, que confirmou seu interesse ao Estado. A empresa do brasileiro Carlos Alberto de Oliveira Andrade j\u00e1 produz caminh\u00f5es em Goi\u00e1s, sob licen\u00e7a do grupo coreano Hyundai. Tamb\u00e9m \u00e9 dono de 50% da f\u00e1brica de carros da chinesa Chery e um dos maiores revendedores Ford no Pa\u00eds.<\/p>\n<p>&nbsp;<\/p>\n<p>Santana espera que o encontro ocorra at\u00e9 o dia 5, quando ele e mais dois dirigentes sindicais viajam aos Estados Unidos para um encontro com executivos da matriz da Ford para apresentar um projeto de viabilidade de neg\u00f3cio. \u201cAl\u00e9m dos mais de 4 mil empregos que est\u00e3o dentro da unidade, a sa\u00edda de uma empresa desse porte traz muitas consequ\u00eancias negativas para a cidade e regi\u00e3o\u201d, disse o sindicalista.<\/p>\n<p>&nbsp;<\/p>\n<p><strong>Voca\u00e7\u00e3o<\/strong><\/p>\n<p>&nbsp;<\/p>\n<p>O sindicalista quer discutir com o governo do Estado a import\u00e2ncia de que qualquer solu\u00e7\u00e3o a ser encontrada deve garantir os empregos que est\u00e3o dentro da f\u00e1brica, e nas mesmas condi\u00e7\u00f5es. \u201cS\u00e3o empregos que s\u00f3 podem ser viabilizados por meio da produ\u00e7\u00e3o de ve\u00edculos, seja caminh\u00f5es ou autom\u00f3veis. A voca\u00e7\u00e3o da nossa regi\u00e3o \u00e9 produzir ve\u00edculos\u201d.<\/p>\n<p>&nbsp;<\/p>\n<p>Para Santana, \u00e9 preciso envolver a sociedade na discuss\u00e3o, os governos pois, segundo c\u00e1lculos do Dieese, os cortes da Ford podem afetar 24 mil trabalhadores ao longo da cadeia produtiva do setor automotivo. \u201cSe pensarmos nas fam\u00edlias desses trabalhadores, o n\u00famero de impactados pode ficar entre 70 mil e 100 mil pessoas\u201d, disse.<\/p>\n<p>&nbsp;<\/p>\n<p>Na manh\u00e3 desta quarta-feira, os funcion\u00e1rios entraram na f\u00e1brica, que est\u00e1 com a produ\u00e7\u00e3o suspensa desde o an\u00fancio do fechamento, e fizeram uma passeata interna. Na quinta-feira o sindicato realizar\u00e1 uma plen\u00e1ria em sua sede com os trabalhadores, \u00e0s 9h, para avalia\u00e7\u00e3o e encaminhamentos do movimento. Nesta semana tamb\u00e9m houve assembleia e passeata pelas ruas de S\u00e3o Bernardo. (O Estado de S. Paulo\/Cleide Silva)<\/p>\n","protected":false},"excerpt":{"rendered":"<p>O Estado de S. Paulo &nbsp; O prefeito de S\u00e3o Bernardo do Campo, Orlando Morando (PSDB) se reuniu na tarde desta quarta-feira, 27, com o presidente do Sindicato dos Metal\u00fargicos do ABC, Wagner Santana, e se comprometeu a intermediar o pedido da entidade de audi\u00eancia com o governador Jo\u00e3o Doria, do mesmo partido. &nbsp; Doria\u2026 <a class=\"readmore\" href=\"https:\/\/dana.com.br\/canaldana\/2019\/02\/28\/sindicato-quer-manter-condicoes-de-trabalhadores-em-eventual-venda-da-ford\/\">Leia mais \u00bb<\/a><\/p>\n","protected":false},"author":3,"featured_media":0,"comment_status":"closed","ping_status":"closed","sticky":false,"template":"","format":"standard","meta":{"_acf_changed":false,"footnotes":""},"categories":[61],"tags":[],"class_list":["post-32753","post","type-post","status-publish","format-standard","hentry","category-destaques"],"acf":[],"yoast_head":"<!-- This site is optimized with the Yoast SEO plugin v27.3 - https:\/\/yoast.com\/product\/yoast-seo-wordpress\/ -->\n<title>Sindicato quer manter condi\u00e7\u00f5es de trabalhadores em eventual venda da Ford - Canal Dana<\/title>\n<meta name=\"robots\" content=\"index, follow, max-snippet:-1, max-image-preview:large, max-video-preview:-1\" \/>\n<link rel=\"canonical\" href=\"https:\/\/dana.com.br\/canaldana\/2019\/02\/28\/sindicato-quer-manter-condicoes-de-trabalhadores-em-eventual-venda-da-ford\/\" \/>\n<meta property=\"og:locale\" content=\"pt_BR\" \/>\n<meta property=\"og:type\" content=\"article\" \/>\n<meta property=\"og:title\" content=\"Sindicato quer manter condi\u00e7\u00f5es de trabalhadores em eventual venda da Ford - Canal Dana\" \/>\n<meta property=\"og:description\" content=\"O Estado de S. Paulo &nbsp; O prefeito de S\u00e3o Bernardo do Campo, Orlando Morando (PSDB) se reuniu na tarde desta quarta-feira, 27, com o presidente do Sindicato dos Metal\u00fargicos do ABC, Wagner Santana, e se comprometeu a intermediar o pedido da entidade de audi\u00eancia com o governador Jo\u00e3o Doria, do mesmo partido. &nbsp; Doria\u2026 Leia mais \u00bb\" \/>\n<meta property=\"og:url\" content=\"https:\/\/dana.com.br\/canaldana\/2019\/02\/28\/sindicato-quer-manter-condicoes-de-trabalhadores-em-eventual-venda-da-ford\/\" \/>\n<meta property=\"og:site_name\" content=\"Canal Dana\" \/>\n<meta property=\"article:published_time\" content=\"2019-02-28T11:27:14+00:00\" \/>\n<meta name=\"author\" content=\"Canal Dana\" \/>\n<meta name=\"twitter:card\" content=\"summary_large_image\" \/>\n<meta name=\"twitter:label1\" content=\"Escrito por\" \/>\n\t<meta name=\"twitter:data1\" content=\"Canal Dana\" \/>\n\t<meta name=\"twitter:label2\" content=\"Est. tempo de leitura\" \/>\n\t<meta name=\"twitter:data2\" content=\"2 minutos\" \/>\n<script type=\"application\/ld+json\" class=\"yoast-schema-graph\">{\"@context\":\"https:\\\/\\\/schema.org\",\"@graph\":[{\"@type\":\"Article\",\"@id\":\"https:\\\/\\\/dana.com.br\\\/canaldana\\\/2019\\\/02\\\/28\\\/sindicato-quer-manter-condicoes-de-trabalhadores-em-eventual-venda-da-ford\\\/#article\",\"isPartOf\":{\"@id\":\"https:\\\/\\\/dana.com.br\\\/canaldana\\\/2019\\\/02\\\/28\\\/sindicato-quer-manter-condicoes-de-trabalhadores-em-eventual-venda-da-ford\\\/\"},\"author\":{\"name\":\"Canal Dana\",\"@id\":\"https:\\\/\\\/dana.com.br\\\/canaldana\\\/#\\\/schema\\\/person\\\/3c21f22f56fcf3bc46b94bc60ea4fef6\"},\"headline\":\"Sindicato quer manter condi\u00e7\u00f5es de trabalhadores em eventual venda da Ford\",\"datePublished\":\"2019-02-28T11:27:14+00:00\",\"mainEntityOfPage\":{\"@id\":\"https:\\\/\\\/dana.com.br\\\/canaldana\\\/2019\\\/02\\\/28\\\/sindicato-quer-manter-condicoes-de-trabalhadores-em-eventual-venda-da-ford\\\/\"},\"wordCount\":476,\"articleSection\":[\"Destaques\"],\"inLanguage\":\"pt-BR\"},{\"@type\":\"WebPage\",\"@id\":\"https:\\\/\\\/dana.com.br\\\/canaldana\\\/2019\\\/02\\\/28\\\/sindicato-quer-manter-condicoes-de-trabalhadores-em-eventual-venda-da-ford\\\/\",\"url\":\"https:\\\/\\\/dana.com.br\\\/canaldana\\\/2019\\\/02\\\/28\\\/sindicato-quer-manter-condicoes-de-trabalhadores-em-eventual-venda-da-ford\\\/\",\"name\":\"Sindicato quer manter condi\u00e7\u00f5es de trabalhadores em eventual venda da Ford - Canal Dana\",\"isPartOf\":{\"@id\":\"https:\\\/\\\/dana.com.br\\\/canaldana\\\/#website\"},\"datePublished\":\"2019-02-28T11:27:14+00:00\",\"author\":{\"@id\":\"https:\\\/\\\/dana.com.br\\\/canaldana\\\/#\\\/schema\\\/person\\\/3c21f22f56fcf3bc46b94bc60ea4fef6\"},\"breadcrumb\":{\"@id\":\"https:\\\/\\\/dana.com.br\\\/canaldana\\\/2019\\\/02\\\/28\\\/sindicato-quer-manter-condicoes-de-trabalhadores-em-eventual-venda-da-ford\\\/#breadcrumb\"},\"inLanguage\":\"pt-BR\",\"potentialAction\":[{\"@type\":\"ReadAction\",\"target\":[\"https:\\\/\\\/dana.com.br\\\/canaldana\\\/2019\\\/02\\\/28\\\/sindicato-quer-manter-condicoes-de-trabalhadores-em-eventual-venda-da-ford\\\/\"]}]},{\"@type\":\"BreadcrumbList\",\"@id\":\"https:\\\/\\\/dana.com.br\\\/canaldana\\\/2019\\\/02\\\/28\\\/sindicato-quer-manter-condicoes-de-trabalhadores-em-eventual-venda-da-ford\\\/#breadcrumb\",\"itemListElement\":[{\"@type\":\"ListItem\",\"position\":1,\"name\":\"Home\",\"item\":\"https:\\\/\\\/dana.com.br\\\/canaldana\\\/\"},{\"@type\":\"ListItem\",\"position\":2,\"name\":\"Destaques\",\"item\":\"https:\\\/\\\/dana.com.br\\\/canaldana\\\/destaques\\\/\"},{\"@type\":\"ListItem\",\"position\":3,\"name\":\"Sindicato quer manter condi\u00e7\u00f5es de trabalhadores em eventual venda da Ford\"}]},{\"@type\":\"WebSite\",\"@id\":\"https:\\\/\\\/dana.com.br\\\/canaldana\\\/#website\",\"url\":\"https:\\\/\\\/dana.com.br\\\/canaldana\\\/\",\"name\":\"Canal Dana\",\"description\":\"Informativo com as principais not\u00edcias da ind\u00fastria automotiva\",\"potentialAction\":[{\"@type\":\"SearchAction\",\"target\":{\"@type\":\"EntryPoint\",\"urlTemplate\":\"https:\\\/\\\/dana.com.br\\\/canaldana\\\/?s={search_term_string}\"},\"query-input\":{\"@type\":\"PropertyValueSpecification\",\"valueRequired\":true,\"valueName\":\"search_term_string\"}}],\"inLanguage\":\"pt-BR\"},{\"@type\":\"Person\",\"@id\":\"https:\\\/\\\/dana.com.br\\\/canaldana\\\/#\\\/schema\\\/person\\\/3c21f22f56fcf3bc46b94bc60ea4fef6\",\"name\":\"Canal Dana\",\"image\":{\"@type\":\"ImageObject\",\"inLanguage\":\"pt-BR\",\"@id\":\"https:\\\/\\\/secure.gravatar.com\\\/avatar\\\/420aaf9278582877d9018637c6817617705899d2858d7572ef0fe59a6b6454b4?s=96&d=mm&r=g\",\"url\":\"https:\\\/\\\/secure.gravatar.com\\\/avatar\\\/420aaf9278582877d9018637c6817617705899d2858d7572ef0fe59a6b6454b4?s=96&d=mm&r=g\",\"contentUrl\":\"https:\\\/\\\/secure.gravatar.com\\\/avatar\\\/420aaf9278582877d9018637c6817617705899d2858d7572ef0fe59a6b6454b4?s=96&d=mm&r=g\",\"caption\":\"Canal Dana\"},\"url\":\"https:\\\/\\\/dana.com.br\\\/canaldana\\\/author\\\/cdeditor\\\/\"}]}<\/script>\n<!-- \/ Yoast SEO plugin. -->","yoast_head_json":{"title":"Sindicato quer manter condi\u00e7\u00f5es de trabalhadores em eventual venda da Ford - Canal Dana","robots":{"index":"index","follow":"follow","max-snippet":"max-snippet:-1","max-image-preview":"max-image-preview:large","max-video-preview":"max-video-preview:-1"},"canonical":"https:\/\/dana.com.br\/canaldana\/2019\/02\/28\/sindicato-quer-manter-condicoes-de-trabalhadores-em-eventual-venda-da-ford\/","og_locale":"pt_BR","og_type":"article","og_title":"Sindicato quer manter condi\u00e7\u00f5es de trabalhadores em eventual venda da Ford - Canal Dana","og_description":"O Estado de S. Paulo &nbsp; O prefeito de S\u00e3o Bernardo do Campo, Orlando Morando (PSDB) se reuniu na tarde desta quarta-feira, 27, com o presidente do Sindicato dos Metal\u00fargicos do ABC, Wagner Santana, e se comprometeu a intermediar o pedido da entidade de audi\u00eancia com o governador Jo\u00e3o Doria, do mesmo partido. &nbsp; Doria\u2026 Leia mais \u00bb","og_url":"https:\/\/dana.com.br\/canaldana\/2019\/02\/28\/sindicato-quer-manter-condicoes-de-trabalhadores-em-eventual-venda-da-ford\/","og_site_name":"Canal Dana","article_published_time":"2019-02-28T11:27:14+00:00","author":"Canal Dana","twitter_card":"summary_large_image","twitter_misc":{"Escrito por":"Canal Dana","Est. tempo de leitura":"2 minutos"},"schema":{"@context":"https:\/\/schema.org","@graph":[{"@type":"Article","@id":"https:\/\/dana.com.br\/canaldana\/2019\/02\/28\/sindicato-quer-manter-condicoes-de-trabalhadores-em-eventual-venda-da-ford\/#article","isPartOf":{"@id":"https:\/\/dana.com.br\/canaldana\/2019\/02\/28\/sindicato-quer-manter-condicoes-de-trabalhadores-em-eventual-venda-da-ford\/"},"author":{"name":"Canal Dana","@id":"https:\/\/dana.com.br\/canaldana\/#\/schema\/person\/3c21f22f56fcf3bc46b94bc60ea4fef6"},"headline":"Sindicato quer manter condi\u00e7\u00f5es de trabalhadores em eventual venda da Ford","datePublished":"2019-02-28T11:27:14+00:00","mainEntityOfPage":{"@id":"https:\/\/dana.com.br\/canaldana\/2019\/02\/28\/sindicato-quer-manter-condicoes-de-trabalhadores-em-eventual-venda-da-ford\/"},"wordCount":476,"articleSection":["Destaques"],"inLanguage":"pt-BR"},{"@type":"WebPage","@id":"https:\/\/dana.com.br\/canaldana\/2019\/02\/28\/sindicato-quer-manter-condicoes-de-trabalhadores-em-eventual-venda-da-ford\/","url":"https:\/\/dana.com.br\/canaldana\/2019\/02\/28\/sindicato-quer-manter-condicoes-de-trabalhadores-em-eventual-venda-da-ford\/","name":"Sindicato quer manter condi\u00e7\u00f5es de trabalhadores em eventual venda da Ford - Canal Dana","isPartOf":{"@id":"https:\/\/dana.com.br\/canaldana\/#website"},"datePublished":"2019-02-28T11:27:14+00:00","author":{"@id":"https:\/\/dana.com.br\/canaldana\/#\/schema\/person\/3c21f22f56fcf3bc46b94bc60ea4fef6"},"breadcrumb":{"@id":"https:\/\/dana.com.br\/canaldana\/2019\/02\/28\/sindicato-quer-manter-condicoes-de-trabalhadores-em-eventual-venda-da-ford\/#breadcrumb"},"inLanguage":"pt-BR","potentialAction":[{"@type":"ReadAction","target":["https:\/\/dana.com.br\/canaldana\/2019\/02\/28\/sindicato-quer-manter-condicoes-de-trabalhadores-em-eventual-venda-da-ford\/"]}]},{"@type":"BreadcrumbList","@id":"https:\/\/dana.com.br\/canaldana\/2019\/02\/28\/sindicato-quer-manter-condicoes-de-trabalhadores-em-eventual-venda-da-ford\/#breadcrumb","itemListElement":[{"@type":"ListItem","position":1,"name":"Home","item":"https:\/\/dana.com.br\/canaldana\/"},{"@type":"ListItem","position":2,"name":"Destaques","item":"https:\/\/dana.com.br\/canaldana\/destaques\/"},{"@type":"ListItem","position":3,"name":"Sindicato quer manter condi\u00e7\u00f5es de trabalhadores em eventual venda da Ford"}]},{"@type":"WebSite","@id":"https:\/\/dana.com.br\/canaldana\/#website","url":"https:\/\/dana.com.br\/canaldana\/","name":"Canal Dana","description":"Informativo com as principais not\u00edcias da ind\u00fastria automotiva","potentialAction":[{"@type":"SearchAction","target":{"@type":"EntryPoint","urlTemplate":"https:\/\/dana.com.br\/canaldana\/?s={search_term_string}"},"query-input":{"@type":"PropertyValueSpecification","valueRequired":true,"valueName":"search_term_string"}}],"inLanguage":"pt-BR"},{"@type":"Person","@id":"https:\/\/dana.com.br\/canaldana\/#\/schema\/person\/3c21f22f56fcf3bc46b94bc60ea4fef6","name":"Canal Dana","image":{"@type":"ImageObject","inLanguage":"pt-BR","@id":"https:\/\/secure.gravatar.com\/avatar\/420aaf9278582877d9018637c6817617705899d2858d7572ef0fe59a6b6454b4?s=96&d=mm&r=g","url":"https:\/\/secure.gravatar.com\/avatar\/420aaf9278582877d9018637c6817617705899d2858d7572ef0fe59a6b6454b4?s=96&d=mm&r=g","contentUrl":"https:\/\/secure.gravatar.com\/avatar\/420aaf9278582877d9018637c6817617705899d2858d7572ef0fe59a6b6454b4?s=96&d=mm&r=g","caption":"Canal Dana"},"url":"https:\/\/dana.com.br\/canaldana\/author\/cdeditor\/"}]}},"_links":{"self":[{"href":"https:\/\/dana.com.br\/canaldana\/wp-json\/wp\/v2\/posts\/32753","targetHints":{"allow":["GET"]}}],"collection":[{"href":"https:\/\/dana.com.br\/canaldana\/wp-json\/wp\/v2\/posts"}],"about":[{"href":"https:\/\/dana.com.br\/canaldana\/wp-json\/wp\/v2\/types\/post"}],"author":[{"embeddable":true,"href":"https:\/\/dana.com.br\/canaldana\/wp-json\/wp\/v2\/users\/3"}],"replies":[{"embeddable":true,"href":"https:\/\/dana.com.br\/canaldana\/wp-json\/wp\/v2\/comments?post=32753"}],"version-history":[{"count":0,"href":"https:\/\/dana.com.br\/canaldana\/wp-json\/wp\/v2\/posts\/32753\/revisions"}],"wp:attachment":[{"href":"https:\/\/dana.com.br\/canaldana\/wp-json\/wp\/v2\/media?parent=32753"}],"wp:term":[{"taxonomy":"category","embeddable":true,"href":"https:\/\/dana.com.br\/canaldana\/wp-json\/wp\/v2\/categories?post=32753"},{"taxonomy":"post_tag","embeddable":true,"href":"https:\/\/dana.com.br\/canaldana\/wp-json\/wp\/v2\/tags?post=32753"}],"curies":[{"name":"wp","href":"https:\/\/api.w.org\/{rel}","templated":true}]}}