{"id":32731,"date":"2019-02-28T08:20:56","date_gmt":"2019-02-28T11:20:56","guid":{"rendered":"https:\/\/dana.com.br\/canaldana\/?p=32731"},"modified":"2019-02-28T08:20:56","modified_gmt":"2019-02-28T11:20:56","slug":"grupo-jca-compra-onibus-scania-com-sistema-de-seguranca-adas","status":"publish","type":"post","link":"https:\/\/dana.com.br\/canaldana\/2019\/02\/28\/grupo-jca-compra-onibus-scania-com-sistema-de-seguranca-adas\/","title":{"rendered":"Grupo JCA compra \u00f4nibus Scania com sistema de seguran\u00e7a ADAS"},"content":{"rendered":"<p><em>ShopTrans<\/em><\/p>\n<p>&nbsp;<\/p>\n<p>O Grupo JCA comprou seu primeiro modelo Scania K 360 4&#215;2 com o ADAS, o avan\u00e7ado sistema de seguran\u00e7a de aux\u00edlio ao motorista. Trata-se da primeira empresa de linha rodovi\u00e1ria regular no pa\u00eds a comprar um \u00f4nibus com esta tecnologia. O ve\u00edculo est\u00e1 sendo utilizado em todas as linhas da Via\u00e7\u00e3o Cometa. \u201cO ve\u00edculo foi montado pela Scania, em parceria com o departamento de engenharia do Grupo JCA, para ficar em demonstra\u00e7\u00e3o no Grupo, j\u00e1 que ficou bem adequado a todos os tipos de opera\u00e7\u00e3o das nossas empresas\u201d, explica Fernando Guimar\u00e3es, diretor da Via\u00e7\u00e3o Cometa.<\/p>\n<p>&nbsp;<\/p>\n<p>\u201cA aquisi\u00e7\u00e3o do ADAS por um grupo do tamanho da JCA comprova a import\u00e2ncia do sistema, que permite ao conjunto aumentar a seguran\u00e7a dos passageiros e dos motoristas. Estamos no caminho certo\u201d, afirma Alan Frizeiro, gerente de Vendas de \u00d4nibus da Scania no Brasil. \u201cSer\u00e1 cada vez mais um diferencial ao usu\u00e1rio de nossos clientes viajar num \u00f4nibus com um sistema avan\u00e7ado de prote\u00e7\u00e3o. Temos certeza de que as encomendas ir\u00e3o aumentar j\u00e1 em 2019.\u201d<\/p>\n<p>&nbsp;<\/p>\n<p>O modelo, que foi usado inicialmente para demonstra\u00e7\u00e3o, foi aprovado pela Via\u00e7\u00e3o Cometa. \u201cO Grupo JCA n\u00e3o mede esfor\u00e7os na busca de itens de prote\u00e7\u00e3o para a sua frota, porque tem a seguran\u00e7a como prioridade na sua cultura de gest\u00e3o. O sistema foi testado com sucesso e estamos avaliando a possibilidade do equipamento tornar-se um item de s\u00e9rie na nossa frota\u201d, comenta Guimar\u00e3es.<\/p>\n<p>&nbsp;<\/p>\n<p>O ADAS foi lan\u00e7ado de forma pioneira em 2016 no mercado brasileiro. \u201cA Scania \u00e9 incans\u00e1vel em disponibilizar ferramentas que aumentem a seguran\u00e7a dos seus \u00f4nibus e por consequ\u00eancia contribuam com a sustentabilidade dos neg\u00f3cios de nossos clientes\u201d, completa Frizeiro.<\/p>\n<p>&nbsp;<\/p>\n<p><strong>Tecnologia para m\u00e1xima seguran\u00e7a<\/strong><\/p>\n<p>&nbsp;<\/p>\n<p>O sistema de aux\u00edlio ao motorista, ou ADAS (Advanced Driver Assistance Systems), faz parte do pacote de seguran\u00e7a opcional da Scania e oferece uma assist\u00eancia ao motorista para melhorar a condu\u00e7\u00e3o e prevenir acidentes de tr\u00e2nsito.<\/p>\n<p>&nbsp;<\/p>\n<p>O ADAS utiliza c\u00e2mera e um radar instalados no para-brisa e no para-choque respectivamente. Ele \u00e9 dividido em tr\u00eas dispositivos. O AEB (frenagem de emerg\u00eancia avan\u00e7ada) funciona por meio do radar e da c\u00e2mera e vai medindo a dist\u00e2ncia e a velocidade relativa de qualquer ve\u00edculo na pista, para intervir e evitar acidentes. Para isso, utiliza os freios de servi\u00e7o auxiliares e tamb\u00e9m as trocas de marchas por meio da caixa automatizada Scania Opticruise, e diminui, assim, efetivamente o risco de colis\u00f5es frontais.<\/p>\n<p>&nbsp;<\/p>\n<p>O segundo componente \u00e9 o LDW (aviso de sa\u00edda de faixa) que monitora as faixas de rolagem da pista e avisa o motorista quando o \u00f4nibus sai de forma involut\u00e1ria e invade o espa\u00e7o ao lado. O terceiro e \u00faltimo item que comp\u00f5e o ADAS \u00e9 o ACC (controle de cruzeiro adaptativo). Ele auxilia o condutor a manter um intervalo de dist\u00e2ncia constante em rela\u00e7\u00e3o ao ve\u00edculo \u00e0 frente por meio do radar localizado no para-choque dianteiro. (ShopTrans)<\/p>\n","protected":false},"excerpt":{"rendered":"<p>ShopTrans &nbsp; O Grupo JCA comprou seu primeiro modelo Scania K 360 4&#215;2 com o ADAS, o avan\u00e7ado sistema de seguran\u00e7a de aux\u00edlio ao motorista. Trata-se da primeira empresa de linha rodovi\u00e1ria regular no pa\u00eds a comprar um \u00f4nibus com esta tecnologia. O ve\u00edculo est\u00e1 sendo utilizado em todas as linhas da Via\u00e7\u00e3o Cometa. \u201cO\u2026 <a class=\"readmore\" href=\"https:\/\/dana.com.br\/canaldana\/2019\/02\/28\/grupo-jca-compra-onibus-scania-com-sistema-de-seguranca-adas\/\">Leia mais \u00bb<\/a><\/p>\n","protected":false},"author":3,"featured_media":0,"comment_status":"closed","ping_status":"closed","sticky":false,"template":"","format":"standard","meta":{"_acf_changed":false,"footnotes":""},"categories":[79],"tags":[],"class_list":["post-32731","post","type-post","status-publish","format-standard","hentry","category-mercado"],"acf":[],"yoast_head":"<!-- This site is optimized with the Yoast SEO plugin v27.5 - https:\/\/yoast.com\/product\/yoast-seo-wordpress\/ -->\n<title>Grupo JCA compra \u00f4nibus Scania com sistema de seguran\u00e7a ADAS - Canal Dana<\/title>\n<meta name=\"robots\" content=\"index, follow, max-snippet:-1, max-image-preview:large, max-video-preview:-1\" \/>\n<link rel=\"canonical\" href=\"https:\/\/dana.com.br\/canaldana\/2019\/02\/28\/grupo-jca-compra-onibus-scania-com-sistema-de-seguranca-adas\/\" \/>\n<meta property=\"og:locale\" content=\"pt_BR\" \/>\n<meta property=\"og:type\" content=\"article\" \/>\n<meta property=\"og:title\" content=\"Grupo JCA compra \u00f4nibus Scania com sistema de seguran\u00e7a ADAS - Canal Dana\" \/>\n<meta property=\"og:description\" content=\"ShopTrans &nbsp; O Grupo JCA comprou seu primeiro modelo Scania K 360 4&#215;2 com o ADAS, o avan\u00e7ado sistema de seguran\u00e7a de aux\u00edlio ao motorista. Trata-se da primeira empresa de linha rodovi\u00e1ria regular no pa\u00eds a comprar um \u00f4nibus com esta tecnologia. O ve\u00edculo est\u00e1 sendo utilizado em todas as linhas da Via\u00e7\u00e3o Cometa. \u201cO\u2026 Leia mais \u00bb\" \/>\n<meta property=\"og:url\" content=\"https:\/\/dana.com.br\/canaldana\/2019\/02\/28\/grupo-jca-compra-onibus-scania-com-sistema-de-seguranca-adas\/\" \/>\n<meta property=\"og:site_name\" content=\"Canal Dana\" \/>\n<meta property=\"article:published_time\" content=\"2019-02-28T11:20:56+00:00\" \/>\n<meta name=\"author\" content=\"Canal Dana\" \/>\n<meta name=\"twitter:card\" content=\"summary_large_image\" \/>\n<meta name=\"twitter:label1\" content=\"Escrito por\" \/>\n\t<meta name=\"twitter:data1\" content=\"Canal Dana\" \/>\n\t<meta name=\"twitter:label2\" content=\"Est. tempo de leitura\" \/>\n\t<meta name=\"twitter:data2\" content=\"3 minutos\" \/>\n<script type=\"application\/ld+json\" class=\"yoast-schema-graph\">{\"@context\":\"https:\\\/\\\/schema.org\",\"@graph\":[{\"@type\":\"Article\",\"@id\":\"https:\\\/\\\/dana.com.br\\\/canaldana\\\/2019\\\/02\\\/28\\\/grupo-jca-compra-onibus-scania-com-sistema-de-seguranca-adas\\\/#article\",\"isPartOf\":{\"@id\":\"https:\\\/\\\/dana.com.br\\\/canaldana\\\/2019\\\/02\\\/28\\\/grupo-jca-compra-onibus-scania-com-sistema-de-seguranca-adas\\\/\"},\"author\":{\"name\":\"Canal Dana\",\"@id\":\"https:\\\/\\\/dana.com.br\\\/canaldana\\\/#\\\/schema\\\/person\\\/3c21f22f56fcf3bc46b94bc60ea4fef6\"},\"headline\":\"Grupo JCA compra \u00f4nibus Scania com sistema de seguran\u00e7a ADAS\",\"datePublished\":\"2019-02-28T11:20:56+00:00\",\"mainEntityOfPage\":{\"@id\":\"https:\\\/\\\/dana.com.br\\\/canaldana\\\/2019\\\/02\\\/28\\\/grupo-jca-compra-onibus-scania-com-sistema-de-seguranca-adas\\\/\"},\"wordCount\":543,\"articleSection\":[\"Mercado\"],\"inLanguage\":\"pt-BR\"},{\"@type\":\"WebPage\",\"@id\":\"https:\\\/\\\/dana.com.br\\\/canaldana\\\/2019\\\/02\\\/28\\\/grupo-jca-compra-onibus-scania-com-sistema-de-seguranca-adas\\\/\",\"url\":\"https:\\\/\\\/dana.com.br\\\/canaldana\\\/2019\\\/02\\\/28\\\/grupo-jca-compra-onibus-scania-com-sistema-de-seguranca-adas\\\/\",\"name\":\"Grupo JCA compra \u00f4nibus Scania com sistema de seguran\u00e7a ADAS - Canal Dana\",\"isPartOf\":{\"@id\":\"https:\\\/\\\/dana.com.br\\\/canaldana\\\/#website\"},\"datePublished\":\"2019-02-28T11:20:56+00:00\",\"author\":{\"@id\":\"https:\\\/\\\/dana.com.br\\\/canaldana\\\/#\\\/schema\\\/person\\\/3c21f22f56fcf3bc46b94bc60ea4fef6\"},\"breadcrumb\":{\"@id\":\"https:\\\/\\\/dana.com.br\\\/canaldana\\\/2019\\\/02\\\/28\\\/grupo-jca-compra-onibus-scania-com-sistema-de-seguranca-adas\\\/#breadcrumb\"},\"inLanguage\":\"pt-BR\",\"potentialAction\":[{\"@type\":\"ReadAction\",\"target\":[\"https:\\\/\\\/dana.com.br\\\/canaldana\\\/2019\\\/02\\\/28\\\/grupo-jca-compra-onibus-scania-com-sistema-de-seguranca-adas\\\/\"]}]},{\"@type\":\"BreadcrumbList\",\"@id\":\"https:\\\/\\\/dana.com.br\\\/canaldana\\\/2019\\\/02\\\/28\\\/grupo-jca-compra-onibus-scania-com-sistema-de-seguranca-adas\\\/#breadcrumb\",\"itemListElement\":[{\"@type\":\"ListItem\",\"position\":1,\"name\":\"Home\",\"item\":\"https:\\\/\\\/dana.com.br\\\/canaldana\\\/\"},{\"@type\":\"ListItem\",\"position\":2,\"name\":\"Mercado\",\"item\":\"https:\\\/\\\/dana.com.br\\\/canaldana\\\/mercado\\\/\"},{\"@type\":\"ListItem\",\"position\":3,\"name\":\"Grupo JCA compra \u00f4nibus Scania com sistema de seguran\u00e7a ADAS\"}]},{\"@type\":\"WebSite\",\"@id\":\"https:\\\/\\\/dana.com.br\\\/canaldana\\\/#website\",\"url\":\"https:\\\/\\\/dana.com.br\\\/canaldana\\\/\",\"name\":\"Canal Dana\",\"description\":\"Informativo com as principais not\u00edcias da ind\u00fastria automotiva\",\"potentialAction\":[{\"@type\":\"SearchAction\",\"target\":{\"@type\":\"EntryPoint\",\"urlTemplate\":\"https:\\\/\\\/dana.com.br\\\/canaldana\\\/?s={search_term_string}\"},\"query-input\":{\"@type\":\"PropertyValueSpecification\",\"valueRequired\":true,\"valueName\":\"search_term_string\"}}],\"inLanguage\":\"pt-BR\"},{\"@type\":\"Person\",\"@id\":\"https:\\\/\\\/dana.com.br\\\/canaldana\\\/#\\\/schema\\\/person\\\/3c21f22f56fcf3bc46b94bc60ea4fef6\",\"name\":\"Canal Dana\",\"image\":{\"@type\":\"ImageObject\",\"inLanguage\":\"pt-BR\",\"@id\":\"https:\\\/\\\/secure.gravatar.com\\\/avatar\\\/420aaf9278582877d9018637c6817617705899d2858d7572ef0fe59a6b6454b4?s=96&d=mm&r=g\",\"url\":\"https:\\\/\\\/secure.gravatar.com\\\/avatar\\\/420aaf9278582877d9018637c6817617705899d2858d7572ef0fe59a6b6454b4?s=96&d=mm&r=g\",\"contentUrl\":\"https:\\\/\\\/secure.gravatar.com\\\/avatar\\\/420aaf9278582877d9018637c6817617705899d2858d7572ef0fe59a6b6454b4?s=96&d=mm&r=g\",\"caption\":\"Canal Dana\"},\"url\":\"https:\\\/\\\/dana.com.br\\\/canaldana\\\/author\\\/cdeditor\\\/\"}]}<\/script>\n<!-- \/ Yoast SEO plugin. -->","yoast_head_json":{"title":"Grupo JCA compra \u00f4nibus Scania com sistema de seguran\u00e7a ADAS - Canal Dana","robots":{"index":"index","follow":"follow","max-snippet":"max-snippet:-1","max-image-preview":"max-image-preview:large","max-video-preview":"max-video-preview:-1"},"canonical":"https:\/\/dana.com.br\/canaldana\/2019\/02\/28\/grupo-jca-compra-onibus-scania-com-sistema-de-seguranca-adas\/","og_locale":"pt_BR","og_type":"article","og_title":"Grupo JCA compra \u00f4nibus Scania com sistema de seguran\u00e7a ADAS - Canal Dana","og_description":"ShopTrans &nbsp; O Grupo JCA comprou seu primeiro modelo Scania K 360 4&#215;2 com o ADAS, o avan\u00e7ado sistema de seguran\u00e7a de aux\u00edlio ao motorista. Trata-se da primeira empresa de linha rodovi\u00e1ria regular no pa\u00eds a comprar um \u00f4nibus com esta tecnologia. O ve\u00edculo est\u00e1 sendo utilizado em todas as linhas da Via\u00e7\u00e3o Cometa. \u201cO\u2026 Leia mais \u00bb","og_url":"https:\/\/dana.com.br\/canaldana\/2019\/02\/28\/grupo-jca-compra-onibus-scania-com-sistema-de-seguranca-adas\/","og_site_name":"Canal Dana","article_published_time":"2019-02-28T11:20:56+00:00","author":"Canal Dana","twitter_card":"summary_large_image","twitter_misc":{"Escrito por":"Canal Dana","Est. tempo de leitura":"3 minutos"},"schema":{"@context":"https:\/\/schema.org","@graph":[{"@type":"Article","@id":"https:\/\/dana.com.br\/canaldana\/2019\/02\/28\/grupo-jca-compra-onibus-scania-com-sistema-de-seguranca-adas\/#article","isPartOf":{"@id":"https:\/\/dana.com.br\/canaldana\/2019\/02\/28\/grupo-jca-compra-onibus-scania-com-sistema-de-seguranca-adas\/"},"author":{"name":"Canal Dana","@id":"https:\/\/dana.com.br\/canaldana\/#\/schema\/person\/3c21f22f56fcf3bc46b94bc60ea4fef6"},"headline":"Grupo JCA compra \u00f4nibus Scania com sistema de seguran\u00e7a ADAS","datePublished":"2019-02-28T11:20:56+00:00","mainEntityOfPage":{"@id":"https:\/\/dana.com.br\/canaldana\/2019\/02\/28\/grupo-jca-compra-onibus-scania-com-sistema-de-seguranca-adas\/"},"wordCount":543,"articleSection":["Mercado"],"inLanguage":"pt-BR"},{"@type":"WebPage","@id":"https:\/\/dana.com.br\/canaldana\/2019\/02\/28\/grupo-jca-compra-onibus-scania-com-sistema-de-seguranca-adas\/","url":"https:\/\/dana.com.br\/canaldana\/2019\/02\/28\/grupo-jca-compra-onibus-scania-com-sistema-de-seguranca-adas\/","name":"Grupo JCA compra \u00f4nibus Scania com sistema de seguran\u00e7a ADAS - Canal Dana","isPartOf":{"@id":"https:\/\/dana.com.br\/canaldana\/#website"},"datePublished":"2019-02-28T11:20:56+00:00","author":{"@id":"https:\/\/dana.com.br\/canaldana\/#\/schema\/person\/3c21f22f56fcf3bc46b94bc60ea4fef6"},"breadcrumb":{"@id":"https:\/\/dana.com.br\/canaldana\/2019\/02\/28\/grupo-jca-compra-onibus-scania-com-sistema-de-seguranca-adas\/#breadcrumb"},"inLanguage":"pt-BR","potentialAction":[{"@type":"ReadAction","target":["https:\/\/dana.com.br\/canaldana\/2019\/02\/28\/grupo-jca-compra-onibus-scania-com-sistema-de-seguranca-adas\/"]}]},{"@type":"BreadcrumbList","@id":"https:\/\/dana.com.br\/canaldana\/2019\/02\/28\/grupo-jca-compra-onibus-scania-com-sistema-de-seguranca-adas\/#breadcrumb","itemListElement":[{"@type":"ListItem","position":1,"name":"Home","item":"https:\/\/dana.com.br\/canaldana\/"},{"@type":"ListItem","position":2,"name":"Mercado","item":"https:\/\/dana.com.br\/canaldana\/mercado\/"},{"@type":"ListItem","position":3,"name":"Grupo JCA compra \u00f4nibus Scania com sistema de seguran\u00e7a ADAS"}]},{"@type":"WebSite","@id":"https:\/\/dana.com.br\/canaldana\/#website","url":"https:\/\/dana.com.br\/canaldana\/","name":"Canal Dana","description":"Informativo com as principais not\u00edcias da ind\u00fastria automotiva","potentialAction":[{"@type":"SearchAction","target":{"@type":"EntryPoint","urlTemplate":"https:\/\/dana.com.br\/canaldana\/?s={search_term_string}"},"query-input":{"@type":"PropertyValueSpecification","valueRequired":true,"valueName":"search_term_string"}}],"inLanguage":"pt-BR"},{"@type":"Person","@id":"https:\/\/dana.com.br\/canaldana\/#\/schema\/person\/3c21f22f56fcf3bc46b94bc60ea4fef6","name":"Canal Dana","image":{"@type":"ImageObject","inLanguage":"pt-BR","@id":"https:\/\/secure.gravatar.com\/avatar\/420aaf9278582877d9018637c6817617705899d2858d7572ef0fe59a6b6454b4?s=96&d=mm&r=g","url":"https:\/\/secure.gravatar.com\/avatar\/420aaf9278582877d9018637c6817617705899d2858d7572ef0fe59a6b6454b4?s=96&d=mm&r=g","contentUrl":"https:\/\/secure.gravatar.com\/avatar\/420aaf9278582877d9018637c6817617705899d2858d7572ef0fe59a6b6454b4?s=96&d=mm&r=g","caption":"Canal Dana"},"url":"https:\/\/dana.com.br\/canaldana\/author\/cdeditor\/"}]}},"_links":{"self":[{"href":"https:\/\/dana.com.br\/canaldana\/wp-json\/wp\/v2\/posts\/32731","targetHints":{"allow":["GET"]}}],"collection":[{"href":"https:\/\/dana.com.br\/canaldana\/wp-json\/wp\/v2\/posts"}],"about":[{"href":"https:\/\/dana.com.br\/canaldana\/wp-json\/wp\/v2\/types\/post"}],"author":[{"embeddable":true,"href":"https:\/\/dana.com.br\/canaldana\/wp-json\/wp\/v2\/users\/3"}],"replies":[{"embeddable":true,"href":"https:\/\/dana.com.br\/canaldana\/wp-json\/wp\/v2\/comments?post=32731"}],"version-history":[{"count":0,"href":"https:\/\/dana.com.br\/canaldana\/wp-json\/wp\/v2\/posts\/32731\/revisions"}],"wp:attachment":[{"href":"https:\/\/dana.com.br\/canaldana\/wp-json\/wp\/v2\/media?parent=32731"}],"wp:term":[{"taxonomy":"category","embeddable":true,"href":"https:\/\/dana.com.br\/canaldana\/wp-json\/wp\/v2\/categories?post=32731"},{"taxonomy":"post_tag","embeddable":true,"href":"https:\/\/dana.com.br\/canaldana\/wp-json\/wp\/v2\/tags?post=32731"}],"curies":[{"name":"wp","href":"https:\/\/api.w.org\/{rel}","templated":true}]}}