{"id":32626,"date":"2019-02-25T08:13:00","date_gmt":"2019-02-25T11:13:00","guid":{"rendered":"https:\/\/dana.com.br\/canaldana\/?p=32626"},"modified":"2019-02-25T08:13:00","modified_gmt":"2019-02-25T11:13:00","slug":"o-fechamento-da-fabrica-da-ford","status":"publish","type":"post","link":"https:\/\/dana.com.br\/canaldana\/2019\/02\/25\/o-fechamento-da-fabrica-da-ford\/","title":{"rendered":"O fechamento da f\u00e1brica da Ford"},"content":{"rendered":"<p><em>O Estado de S. Paulo <\/em><\/p>\n<p>&nbsp;<\/p>\n<p>O jeito mais desastrado de tentar salvar a f\u00e1brica de caminh\u00f5es da Ford, em S\u00e3o Bernardo, cujo fechamento foi anunciado ter\u00e7a-feira pelo seu presidente para a Am\u00e9rica do Sul, Lyle Watters, \u00e9 procurar nova rodada de socorro do governo.<\/p>\n<p>&nbsp;<\/p>\n<p>\u00c9 um jeito desastrado por duas raz\u00f5es: primeira, porque ignora os motivos dos preju\u00edzos que levaram \u00e0 decis\u00e3o de fechamento da f\u00e1brica; segunda raz\u00e3o, porque o recurso \u00e0s tetas p\u00fablicas seria nova tentativa de proteger o que j\u00e1 n\u00e3o tem rem\u00e9dio.<\/p>\n<p>&nbsp;<\/p>\n<p>A ind\u00fastria automobil\u00edstica mundial enfrenta uma revolu\u00e7\u00e3o. N\u00e3o se trata apenas de adaptar os sistemas de produ\u00e7\u00e3o \u00e0s novas imposi\u00e7\u00f5es da ind\u00fastria 4.0. Os ve\u00edculos que come\u00e7am a tomar o mercado mundial n\u00e3o t\u00eam nada a ver com os que conhecemos desde o fim do s\u00e9culo 19. S\u00e3o ve\u00edculos el\u00e9tricos ou h\u00edbridos, aut\u00f4nomos (sem condutor).<\/p>\n<p>&nbsp;<\/p>\n<p>O governo dos Estados Unidos tende a considerar os carros el\u00e9tricos e aut\u00f4nomos como imposi\u00e7\u00e3o regulat\u00f3ria descabida dos pa\u00edses europeus, que apenas disfar\u00e7am uma pol\u00edtica protecionista. De acordo com esse ponto de vista, os governos europeus se apegam a quest\u00f5es ambientais (discut\u00edveis para os norte-americanos) para banir ve\u00edculos movidos a combust\u00edveis f\u00f3sseis. Como est\u00e1 bem mais atrasada no desenvolvimento dos ve\u00edculos com nova tecnologia, caso da Ford e da GM, a ind\u00fastria norte-americana est\u00e1 perdendo batalha importante na guerra comercial. Da\u00ed porque o governo Trump passou a encarar o com\u00e9rcio de ve\u00edculos entre Estados Unidos e Europa como quest\u00e3o de seguran\u00e7a nacional, como bem vem observando a chanceler da Alemanha, Angela Merkel.<\/p>\n<p>&nbsp;<\/p>\n<p>Enfim, a ind\u00fastria de ve\u00edculos dos Estados Unidos h\u00e1 anos vem perdendo terreno no mercado global e agora corre atr\u00e1s de ajustes. Nesse processo em que est\u00e3o mergulhadas as matrizes norte-americanas, acabam sobrando contas a pagar para o Brasil, como os casos da Ford e da GM est\u00e3o mostrando. Nesta quinta-feira, depois de longa conversa com os representantes da Ford, o governador de S\u00e3o Paulo, Jo\u00e3o Doria, reconheceu que n\u00e3o h\u00e1 sa\u00edda sen\u00e3o a venda da f\u00e1brica de caminh\u00f5es. Sabe-se l\u00e1 quem poderia ter interesse no neg\u00f3cio e quanto tempo levaria esse processo.<\/p>\n<p>&nbsp;<\/p>\n<p>Independentemente desses reflexos, h\u00e1 outro grave problema cr\u00f4nico espec\u00edfico do Brasil. A ind\u00fastria nacional enfrenta quadro j\u00e1 antigo de falta de competitividade, pelo seu excesso de custos. E isso n\u00e3o se deve apenas \u00e0 carga tribut\u00e1ria excessiva mais ao resto do custo Brasil, mas, tamb\u00e9m, a seu baixo dinamismo que, por sua vez, tem a ver com o excesso de prote\u00e7\u00e3o.<\/p>\n<p>&nbsp;<\/p>\n<p>A cada baqueada na capacidade de competi\u00e7\u00e3o, o lobby do setor grita por socorro, em geral acompanhado de movimentos de chantagem baseados no argumento do \u201cdesemprego inevit\u00e1vel\u201d. Como os governos sempre cedem, o setor volta a se acomodar, n\u00e3o se atualiza nem se insere nas cadeias globais de produ\u00e7\u00e3o e n\u00e3o consegue exportar, como reconheceu em entrevista ao Estado (de 17\/02) o presidente da GM, Carlos Zarlenga. Nesse processo, n\u00e3o se eximam os sindicatos \u2013 parte atuante nesse jogo \u2013, sempre prontos a pressionar os pol\u00edticos por generosos pacotes de bondades \u00e0s montadoras.<\/p>\n<p>&nbsp;<\/p>\n<p>Ou esses problemas s\u00e3o enfrentados nos seus fundamentos ou essa situa\u00e7\u00e3o se perpetuar\u00e1.<\/p>\n<p>&nbsp;<\/p>\n<p>A tabela ao lado mostra como se distribuiu a produ\u00e7\u00e3o de caminh\u00f5es no Brasil ao longo do ano de 2018. H\u00e1 quem n\u00e3o goste de comparar esses n\u00fameros porque refletem produtos muito diferentes entre si. Uma coisa (e um pre\u00e7o) \u00e9 um caminh\u00e3o pesado e outro, muito diferente, um caminh\u00e3o leve. A produ\u00e7\u00e3o da Ford se concentrou at\u00e9 aqui em caminh\u00f5es leves e m\u00e9dios. Mas, se essa obje\u00e7\u00e3o fosse decisiva, tamb\u00e9m teria de valer para a produ\u00e7\u00e3o de autom\u00f3veis onde a diferen\u00e7a entre modelos tamb\u00e9m \u00e9 muito acentuada. (O Estado de S. Paulo\/Celso Ming)<\/p>\n","protected":false},"excerpt":{"rendered":"<p>O Estado de S. Paulo &nbsp; O jeito mais desastrado de tentar salvar a f\u00e1brica de caminh\u00f5es da Ford, em S\u00e3o Bernardo, cujo fechamento foi anunciado ter\u00e7a-feira pelo seu presidente para a Am\u00e9rica do Sul, Lyle Watters, \u00e9 procurar nova rodada de socorro do governo. &nbsp; \u00c9 um jeito desastrado por duas raz\u00f5es: primeira, porque\u2026 <a class=\"readmore\" href=\"https:\/\/dana.com.br\/canaldana\/2019\/02\/25\/o-fechamento-da-fabrica-da-ford\/\">Leia mais \u00bb<\/a><\/p>\n","protected":false},"author":3,"featured_media":0,"comment_status":"closed","ping_status":"closed","sticky":false,"template":"","format":"standard","meta":{"_acf_changed":false,"footnotes":""},"categories":[100],"tags":[],"class_list":["post-32626","post","type-post","status-publish","format-standard","hentry","category-artigo"],"acf":[],"yoast_head":"<!-- This site is optimized with the Yoast SEO plugin v27.5 - https:\/\/yoast.com\/product\/yoast-seo-wordpress\/ -->\n<title>O fechamento da f\u00e1brica da Ford - Canal Dana<\/title>\n<meta name=\"robots\" content=\"index, follow, max-snippet:-1, max-image-preview:large, max-video-preview:-1\" \/>\n<link rel=\"canonical\" href=\"https:\/\/dana.com.br\/canaldana\/2019\/02\/25\/o-fechamento-da-fabrica-da-ford\/\" \/>\n<meta property=\"og:locale\" content=\"pt_BR\" \/>\n<meta property=\"og:type\" content=\"article\" \/>\n<meta property=\"og:title\" content=\"O fechamento da f\u00e1brica da Ford - Canal Dana\" \/>\n<meta property=\"og:description\" content=\"O Estado de S. Paulo &nbsp; O jeito mais desastrado de tentar salvar a f\u00e1brica de caminh\u00f5es da Ford, em S\u00e3o Bernardo, cujo fechamento foi anunciado ter\u00e7a-feira pelo seu presidente para a Am\u00e9rica do Sul, Lyle Watters, \u00e9 procurar nova rodada de socorro do governo. &nbsp; \u00c9 um jeito desastrado por duas raz\u00f5es: primeira, porque\u2026 Leia mais \u00bb\" \/>\n<meta property=\"og:url\" content=\"https:\/\/dana.com.br\/canaldana\/2019\/02\/25\/o-fechamento-da-fabrica-da-ford\/\" \/>\n<meta property=\"og:site_name\" content=\"Canal Dana\" \/>\n<meta property=\"article:published_time\" content=\"2019-02-25T11:13:00+00:00\" \/>\n<meta name=\"author\" content=\"Canal Dana\" \/>\n<meta name=\"twitter:card\" content=\"summary_large_image\" \/>\n<meta name=\"twitter:label1\" content=\"Escrito por\" \/>\n\t<meta name=\"twitter:data1\" content=\"Canal Dana\" \/>\n\t<meta name=\"twitter:label2\" content=\"Est. tempo de leitura\" \/>\n\t<meta name=\"twitter:data2\" content=\"3 minutos\" \/>\n<script type=\"application\/ld+json\" class=\"yoast-schema-graph\">{\"@context\":\"https:\\\/\\\/schema.org\",\"@graph\":[{\"@type\":\"Article\",\"@id\":\"https:\\\/\\\/dana.com.br\\\/canaldana\\\/2019\\\/02\\\/25\\\/o-fechamento-da-fabrica-da-ford\\\/#article\",\"isPartOf\":{\"@id\":\"https:\\\/\\\/dana.com.br\\\/canaldana\\\/2019\\\/02\\\/25\\\/o-fechamento-da-fabrica-da-ford\\\/\"},\"author\":{\"name\":\"Canal Dana\",\"@id\":\"https:\\\/\\\/dana.com.br\\\/canaldana\\\/#\\\/schema\\\/person\\\/3c21f22f56fcf3bc46b94bc60ea4fef6\"},\"headline\":\"O fechamento da f\u00e1brica da Ford\",\"datePublished\":\"2019-02-25T11:13:00+00:00\",\"mainEntityOfPage\":{\"@id\":\"https:\\\/\\\/dana.com.br\\\/canaldana\\\/2019\\\/02\\\/25\\\/o-fechamento-da-fabrica-da-ford\\\/\"},\"wordCount\":704,\"articleSection\":[\"Artigo\"],\"inLanguage\":\"pt-BR\"},{\"@type\":\"WebPage\",\"@id\":\"https:\\\/\\\/dana.com.br\\\/canaldana\\\/2019\\\/02\\\/25\\\/o-fechamento-da-fabrica-da-ford\\\/\",\"url\":\"https:\\\/\\\/dana.com.br\\\/canaldana\\\/2019\\\/02\\\/25\\\/o-fechamento-da-fabrica-da-ford\\\/\",\"name\":\"O fechamento da f\u00e1brica da Ford - Canal Dana\",\"isPartOf\":{\"@id\":\"https:\\\/\\\/dana.com.br\\\/canaldana\\\/#website\"},\"datePublished\":\"2019-02-25T11:13:00+00:00\",\"author\":{\"@id\":\"https:\\\/\\\/dana.com.br\\\/canaldana\\\/#\\\/schema\\\/person\\\/3c21f22f56fcf3bc46b94bc60ea4fef6\"},\"breadcrumb\":{\"@id\":\"https:\\\/\\\/dana.com.br\\\/canaldana\\\/2019\\\/02\\\/25\\\/o-fechamento-da-fabrica-da-ford\\\/#breadcrumb\"},\"inLanguage\":\"pt-BR\",\"potentialAction\":[{\"@type\":\"ReadAction\",\"target\":[\"https:\\\/\\\/dana.com.br\\\/canaldana\\\/2019\\\/02\\\/25\\\/o-fechamento-da-fabrica-da-ford\\\/\"]}]},{\"@type\":\"BreadcrumbList\",\"@id\":\"https:\\\/\\\/dana.com.br\\\/canaldana\\\/2019\\\/02\\\/25\\\/o-fechamento-da-fabrica-da-ford\\\/#breadcrumb\",\"itemListElement\":[{\"@type\":\"ListItem\",\"position\":1,\"name\":\"Home\",\"item\":\"https:\\\/\\\/dana.com.br\\\/canaldana\\\/\"},{\"@type\":\"ListItem\",\"position\":2,\"name\":\"Artigo\",\"item\":\"https:\\\/\\\/dana.com.br\\\/canaldana\\\/artigo\\\/\"},{\"@type\":\"ListItem\",\"position\":3,\"name\":\"O fechamento da f\u00e1brica da Ford\"}]},{\"@type\":\"WebSite\",\"@id\":\"https:\\\/\\\/dana.com.br\\\/canaldana\\\/#website\",\"url\":\"https:\\\/\\\/dana.com.br\\\/canaldana\\\/\",\"name\":\"Canal Dana\",\"description\":\"Informativo com as principais not\u00edcias da ind\u00fastria automotiva\",\"potentialAction\":[{\"@type\":\"SearchAction\",\"target\":{\"@type\":\"EntryPoint\",\"urlTemplate\":\"https:\\\/\\\/dana.com.br\\\/canaldana\\\/?s={search_term_string}\"},\"query-input\":{\"@type\":\"PropertyValueSpecification\",\"valueRequired\":true,\"valueName\":\"search_term_string\"}}],\"inLanguage\":\"pt-BR\"},{\"@type\":\"Person\",\"@id\":\"https:\\\/\\\/dana.com.br\\\/canaldana\\\/#\\\/schema\\\/person\\\/3c21f22f56fcf3bc46b94bc60ea4fef6\",\"name\":\"Canal Dana\",\"image\":{\"@type\":\"ImageObject\",\"inLanguage\":\"pt-BR\",\"@id\":\"https:\\\/\\\/secure.gravatar.com\\\/avatar\\\/420aaf9278582877d9018637c6817617705899d2858d7572ef0fe59a6b6454b4?s=96&d=mm&r=g\",\"url\":\"https:\\\/\\\/secure.gravatar.com\\\/avatar\\\/420aaf9278582877d9018637c6817617705899d2858d7572ef0fe59a6b6454b4?s=96&d=mm&r=g\",\"contentUrl\":\"https:\\\/\\\/secure.gravatar.com\\\/avatar\\\/420aaf9278582877d9018637c6817617705899d2858d7572ef0fe59a6b6454b4?s=96&d=mm&r=g\",\"caption\":\"Canal Dana\"},\"url\":\"https:\\\/\\\/dana.com.br\\\/canaldana\\\/author\\\/cdeditor\\\/\"}]}<\/script>\n<!-- \/ Yoast SEO plugin. -->","yoast_head_json":{"title":"O fechamento da f\u00e1brica da Ford - Canal Dana","robots":{"index":"index","follow":"follow","max-snippet":"max-snippet:-1","max-image-preview":"max-image-preview:large","max-video-preview":"max-video-preview:-1"},"canonical":"https:\/\/dana.com.br\/canaldana\/2019\/02\/25\/o-fechamento-da-fabrica-da-ford\/","og_locale":"pt_BR","og_type":"article","og_title":"O fechamento da f\u00e1brica da Ford - Canal Dana","og_description":"O Estado de S. Paulo &nbsp; O jeito mais desastrado de tentar salvar a f\u00e1brica de caminh\u00f5es da Ford, em S\u00e3o Bernardo, cujo fechamento foi anunciado ter\u00e7a-feira pelo seu presidente para a Am\u00e9rica do Sul, Lyle Watters, \u00e9 procurar nova rodada de socorro do governo. &nbsp; \u00c9 um jeito desastrado por duas raz\u00f5es: primeira, porque\u2026 Leia mais \u00bb","og_url":"https:\/\/dana.com.br\/canaldana\/2019\/02\/25\/o-fechamento-da-fabrica-da-ford\/","og_site_name":"Canal Dana","article_published_time":"2019-02-25T11:13:00+00:00","author":"Canal Dana","twitter_card":"summary_large_image","twitter_misc":{"Escrito por":"Canal Dana","Est. tempo de leitura":"3 minutos"},"schema":{"@context":"https:\/\/schema.org","@graph":[{"@type":"Article","@id":"https:\/\/dana.com.br\/canaldana\/2019\/02\/25\/o-fechamento-da-fabrica-da-ford\/#article","isPartOf":{"@id":"https:\/\/dana.com.br\/canaldana\/2019\/02\/25\/o-fechamento-da-fabrica-da-ford\/"},"author":{"name":"Canal Dana","@id":"https:\/\/dana.com.br\/canaldana\/#\/schema\/person\/3c21f22f56fcf3bc46b94bc60ea4fef6"},"headline":"O fechamento da f\u00e1brica da Ford","datePublished":"2019-02-25T11:13:00+00:00","mainEntityOfPage":{"@id":"https:\/\/dana.com.br\/canaldana\/2019\/02\/25\/o-fechamento-da-fabrica-da-ford\/"},"wordCount":704,"articleSection":["Artigo"],"inLanguage":"pt-BR"},{"@type":"WebPage","@id":"https:\/\/dana.com.br\/canaldana\/2019\/02\/25\/o-fechamento-da-fabrica-da-ford\/","url":"https:\/\/dana.com.br\/canaldana\/2019\/02\/25\/o-fechamento-da-fabrica-da-ford\/","name":"O fechamento da f\u00e1brica da Ford - Canal Dana","isPartOf":{"@id":"https:\/\/dana.com.br\/canaldana\/#website"},"datePublished":"2019-02-25T11:13:00+00:00","author":{"@id":"https:\/\/dana.com.br\/canaldana\/#\/schema\/person\/3c21f22f56fcf3bc46b94bc60ea4fef6"},"breadcrumb":{"@id":"https:\/\/dana.com.br\/canaldana\/2019\/02\/25\/o-fechamento-da-fabrica-da-ford\/#breadcrumb"},"inLanguage":"pt-BR","potentialAction":[{"@type":"ReadAction","target":["https:\/\/dana.com.br\/canaldana\/2019\/02\/25\/o-fechamento-da-fabrica-da-ford\/"]}]},{"@type":"BreadcrumbList","@id":"https:\/\/dana.com.br\/canaldana\/2019\/02\/25\/o-fechamento-da-fabrica-da-ford\/#breadcrumb","itemListElement":[{"@type":"ListItem","position":1,"name":"Home","item":"https:\/\/dana.com.br\/canaldana\/"},{"@type":"ListItem","position":2,"name":"Artigo","item":"https:\/\/dana.com.br\/canaldana\/artigo\/"},{"@type":"ListItem","position":3,"name":"O fechamento da f\u00e1brica da Ford"}]},{"@type":"WebSite","@id":"https:\/\/dana.com.br\/canaldana\/#website","url":"https:\/\/dana.com.br\/canaldana\/","name":"Canal Dana","description":"Informativo com as principais not\u00edcias da ind\u00fastria automotiva","potentialAction":[{"@type":"SearchAction","target":{"@type":"EntryPoint","urlTemplate":"https:\/\/dana.com.br\/canaldana\/?s={search_term_string}"},"query-input":{"@type":"PropertyValueSpecification","valueRequired":true,"valueName":"search_term_string"}}],"inLanguage":"pt-BR"},{"@type":"Person","@id":"https:\/\/dana.com.br\/canaldana\/#\/schema\/person\/3c21f22f56fcf3bc46b94bc60ea4fef6","name":"Canal Dana","image":{"@type":"ImageObject","inLanguage":"pt-BR","@id":"https:\/\/secure.gravatar.com\/avatar\/420aaf9278582877d9018637c6817617705899d2858d7572ef0fe59a6b6454b4?s=96&d=mm&r=g","url":"https:\/\/secure.gravatar.com\/avatar\/420aaf9278582877d9018637c6817617705899d2858d7572ef0fe59a6b6454b4?s=96&d=mm&r=g","contentUrl":"https:\/\/secure.gravatar.com\/avatar\/420aaf9278582877d9018637c6817617705899d2858d7572ef0fe59a6b6454b4?s=96&d=mm&r=g","caption":"Canal Dana"},"url":"https:\/\/dana.com.br\/canaldana\/author\/cdeditor\/"}]}},"_links":{"self":[{"href":"https:\/\/dana.com.br\/canaldana\/wp-json\/wp\/v2\/posts\/32626","targetHints":{"allow":["GET"]}}],"collection":[{"href":"https:\/\/dana.com.br\/canaldana\/wp-json\/wp\/v2\/posts"}],"about":[{"href":"https:\/\/dana.com.br\/canaldana\/wp-json\/wp\/v2\/types\/post"}],"author":[{"embeddable":true,"href":"https:\/\/dana.com.br\/canaldana\/wp-json\/wp\/v2\/users\/3"}],"replies":[{"embeddable":true,"href":"https:\/\/dana.com.br\/canaldana\/wp-json\/wp\/v2\/comments?post=32626"}],"version-history":[{"count":0,"href":"https:\/\/dana.com.br\/canaldana\/wp-json\/wp\/v2\/posts\/32626\/revisions"}],"wp:attachment":[{"href":"https:\/\/dana.com.br\/canaldana\/wp-json\/wp\/v2\/media?parent=32626"}],"wp:term":[{"taxonomy":"category","embeddable":true,"href":"https:\/\/dana.com.br\/canaldana\/wp-json\/wp\/v2\/categories?post=32626"},{"taxonomy":"post_tag","embeddable":true,"href":"https:\/\/dana.com.br\/canaldana\/wp-json\/wp\/v2\/tags?post=32626"}],"curies":[{"name":"wp","href":"https:\/\/api.w.org\/{rel}","templated":true}]}}