{"id":32503,"date":"2019-02-19T08:31:44","date_gmt":"2019-02-19T11:31:44","guid":{"rendered":"https:\/\/dana.com.br\/canaldana\/?p=32503"},"modified":"2019-02-19T08:31:44","modified_gmt":"2019-02-19T11:31:44","slug":"vendas-de-veiculos-na-china-recuam-pelo-7o-mes-consecutivo","status":"publish","type":"post","link":"https:\/\/dana.com.br\/canaldana\/2019\/02\/19\/vendas-de-veiculos-na-china-recuam-pelo-7o-mes-consecutivo\/","title":{"rendered":"Vendas de ve\u00edculos na China recuam pelo 7\u00ba m\u00eas consecutivo"},"content":{"rendered":"<p><em>Estado de Minas\/Dow Jones Newswires<\/em><\/p>\n<p>&nbsp;<\/p>\n<p>As vendas de ve\u00edculos comerciais na China recuaram 16% em janeiro ante igual m\u00eas do ano passado, a 2,37 milh\u00f5es de unidades, segundo dados oficiais divulgados nesta segunda-feira. Trata-se da s\u00e9tima queda consecutiva, num momento em que a economia chinesa d\u00e1 claros sinais de desacelera\u00e7\u00e3o.<\/p>\n<p>&nbsp;<\/p>\n<p>Apenas as vendas de carros diminu\u00edram 18% na compara\u00e7\u00e3o anual do m\u00eas passado, a 2,02 milh\u00f5es de unidades, enquanto as de ve\u00edculos comerciais recuaram 2%, a 346 mil.<\/p>\n<p>&nbsp;<\/p>\n<p>Em 2018, a ind\u00fastria automotiva chinesa registrou o primeiro decl\u00ednio nas vendas de ve\u00edculos de passageiros desde 1990, de 4,1%. J\u00e1 as vendas de ve\u00edculos comerciais subiram 5,1%.<\/p>\n<p>&nbsp;<\/p>\n<p>V\u00e1rios analistas do setor automotivo acreditam que o setor dever\u00e1 continuar enfrentando dificuldades este ano. A Nomura Securities projeta uma redu\u00e7\u00e3o de 5% nas vendas totais em 2019, mas o UBS Investment Research tem uma perspectiva mais positiva e prev\u00ea alta de 2%, apostando numa poss\u00edvel recupera\u00e7\u00e3o mais no fim do ano. (Estado de Minas\/Dow Jones Newswires)<\/p>\n","protected":false},"excerpt":{"rendered":"<p>Estado de Minas\/Dow Jones Newswires &nbsp; As vendas de ve\u00edculos comerciais na China recuaram 16% em janeiro ante igual m\u00eas do ano passado, a 2,37 milh\u00f5es de unidades, segundo dados oficiais divulgados nesta segunda-feira. Trata-se da s\u00e9tima queda consecutiva, num momento em que a economia chinesa d\u00e1 claros sinais de desacelera\u00e7\u00e3o. &nbsp; Apenas as vendas\u2026 <a class=\"readmore\" href=\"https:\/\/dana.com.br\/canaldana\/2019\/02\/19\/vendas-de-veiculos-na-china-recuam-pelo-7o-mes-consecutivo\/\">Leia mais \u00bb<\/a><\/p>\n","protected":false},"author":3,"featured_media":0,"comment_status":"closed","ping_status":"closed","sticky":false,"template":"","format":"standard","meta":{"_acf_changed":false,"footnotes":""},"categories":[79],"tags":[],"class_list":["post-32503","post","type-post","status-publish","format-standard","hentry","category-mercado"],"acf":[],"yoast_head":"<!-- This site is optimized with the Yoast SEO plugin v27.5 - https:\/\/yoast.com\/product\/yoast-seo-wordpress\/ -->\n<title>Vendas de ve\u00edculos na China recuam pelo 7\u00ba m\u00eas consecutivo - Canal Dana<\/title>\n<meta name=\"robots\" content=\"index, follow, max-snippet:-1, max-image-preview:large, max-video-preview:-1\" \/>\n<link rel=\"canonical\" href=\"https:\/\/dana.com.br\/canaldana\/2019\/02\/19\/vendas-de-veiculos-na-china-recuam-pelo-7o-mes-consecutivo\/\" \/>\n<meta property=\"og:locale\" content=\"pt_BR\" \/>\n<meta property=\"og:type\" content=\"article\" \/>\n<meta property=\"og:title\" content=\"Vendas de ve\u00edculos na China recuam pelo 7\u00ba m\u00eas consecutivo - Canal Dana\" \/>\n<meta property=\"og:description\" content=\"Estado de Minas\/Dow Jones Newswires &nbsp; As vendas de ve\u00edculos comerciais na China recuaram 16% em janeiro ante igual m\u00eas do ano passado, a 2,37 milh\u00f5es de unidades, segundo dados oficiais divulgados nesta segunda-feira. Trata-se da s\u00e9tima queda consecutiva, num momento em que a economia chinesa d\u00e1 claros sinais de desacelera\u00e7\u00e3o. &nbsp; Apenas as vendas\u2026 Leia mais \u00bb\" \/>\n<meta property=\"og:url\" content=\"https:\/\/dana.com.br\/canaldana\/2019\/02\/19\/vendas-de-veiculos-na-china-recuam-pelo-7o-mes-consecutivo\/\" \/>\n<meta property=\"og:site_name\" content=\"Canal Dana\" \/>\n<meta property=\"article:published_time\" content=\"2019-02-19T11:31:44+00:00\" \/>\n<meta name=\"author\" content=\"Canal Dana\" \/>\n<meta name=\"twitter:card\" content=\"summary_large_image\" \/>\n<meta name=\"twitter:label1\" content=\"Escrito por\" \/>\n\t<meta name=\"twitter:data1\" content=\"Canal Dana\" \/>\n\t<meta name=\"twitter:label2\" content=\"Est. tempo de leitura\" \/>\n\t<meta name=\"twitter:data2\" content=\"1 minuto\" \/>\n<script type=\"application\/ld+json\" class=\"yoast-schema-graph\">{\"@context\":\"https:\\\/\\\/schema.org\",\"@graph\":[{\"@type\":\"Article\",\"@id\":\"https:\\\/\\\/dana.com.br\\\/canaldana\\\/2019\\\/02\\\/19\\\/vendas-de-veiculos-na-china-recuam-pelo-7o-mes-consecutivo\\\/#article\",\"isPartOf\":{\"@id\":\"https:\\\/\\\/dana.com.br\\\/canaldana\\\/2019\\\/02\\\/19\\\/vendas-de-veiculos-na-china-recuam-pelo-7o-mes-consecutivo\\\/\"},\"author\":{\"name\":\"Canal Dana\",\"@id\":\"https:\\\/\\\/dana.com.br\\\/canaldana\\\/#\\\/schema\\\/person\\\/3c21f22f56fcf3bc46b94bc60ea4fef6\"},\"headline\":\"Vendas de ve\u00edculos na China recuam pelo 7\u00ba m\u00eas consecutivo\",\"datePublished\":\"2019-02-19T11:31:44+00:00\",\"mainEntityOfPage\":{\"@id\":\"https:\\\/\\\/dana.com.br\\\/canaldana\\\/2019\\\/02\\\/19\\\/vendas-de-veiculos-na-china-recuam-pelo-7o-mes-consecutivo\\\/\"},\"wordCount\":185,\"articleSection\":[\"Mercado\"],\"inLanguage\":\"pt-BR\"},{\"@type\":\"WebPage\",\"@id\":\"https:\\\/\\\/dana.com.br\\\/canaldana\\\/2019\\\/02\\\/19\\\/vendas-de-veiculos-na-china-recuam-pelo-7o-mes-consecutivo\\\/\",\"url\":\"https:\\\/\\\/dana.com.br\\\/canaldana\\\/2019\\\/02\\\/19\\\/vendas-de-veiculos-na-china-recuam-pelo-7o-mes-consecutivo\\\/\",\"name\":\"Vendas de ve\u00edculos na China recuam pelo 7\u00ba m\u00eas consecutivo - Canal Dana\",\"isPartOf\":{\"@id\":\"https:\\\/\\\/dana.com.br\\\/canaldana\\\/#website\"},\"datePublished\":\"2019-02-19T11:31:44+00:00\",\"author\":{\"@id\":\"https:\\\/\\\/dana.com.br\\\/canaldana\\\/#\\\/schema\\\/person\\\/3c21f22f56fcf3bc46b94bc60ea4fef6\"},\"breadcrumb\":{\"@id\":\"https:\\\/\\\/dana.com.br\\\/canaldana\\\/2019\\\/02\\\/19\\\/vendas-de-veiculos-na-china-recuam-pelo-7o-mes-consecutivo\\\/#breadcrumb\"},\"inLanguage\":\"pt-BR\",\"potentialAction\":[{\"@type\":\"ReadAction\",\"target\":[\"https:\\\/\\\/dana.com.br\\\/canaldana\\\/2019\\\/02\\\/19\\\/vendas-de-veiculos-na-china-recuam-pelo-7o-mes-consecutivo\\\/\"]}]},{\"@type\":\"BreadcrumbList\",\"@id\":\"https:\\\/\\\/dana.com.br\\\/canaldana\\\/2019\\\/02\\\/19\\\/vendas-de-veiculos-na-china-recuam-pelo-7o-mes-consecutivo\\\/#breadcrumb\",\"itemListElement\":[{\"@type\":\"ListItem\",\"position\":1,\"name\":\"Home\",\"item\":\"https:\\\/\\\/dana.com.br\\\/canaldana\\\/\"},{\"@type\":\"ListItem\",\"position\":2,\"name\":\"Mercado\",\"item\":\"https:\\\/\\\/dana.com.br\\\/canaldana\\\/mercado\\\/\"},{\"@type\":\"ListItem\",\"position\":3,\"name\":\"Vendas de ve\u00edculos na China recuam pelo 7\u00ba m\u00eas consecutivo\"}]},{\"@type\":\"WebSite\",\"@id\":\"https:\\\/\\\/dana.com.br\\\/canaldana\\\/#website\",\"url\":\"https:\\\/\\\/dana.com.br\\\/canaldana\\\/\",\"name\":\"Canal Dana\",\"description\":\"Informativo com as principais not\u00edcias da ind\u00fastria automotiva\",\"potentialAction\":[{\"@type\":\"SearchAction\",\"target\":{\"@type\":\"EntryPoint\",\"urlTemplate\":\"https:\\\/\\\/dana.com.br\\\/canaldana\\\/?s={search_term_string}\"},\"query-input\":{\"@type\":\"PropertyValueSpecification\",\"valueRequired\":true,\"valueName\":\"search_term_string\"}}],\"inLanguage\":\"pt-BR\"},{\"@type\":\"Person\",\"@id\":\"https:\\\/\\\/dana.com.br\\\/canaldana\\\/#\\\/schema\\\/person\\\/3c21f22f56fcf3bc46b94bc60ea4fef6\",\"name\":\"Canal Dana\",\"image\":{\"@type\":\"ImageObject\",\"inLanguage\":\"pt-BR\",\"@id\":\"https:\\\/\\\/secure.gravatar.com\\\/avatar\\\/420aaf9278582877d9018637c6817617705899d2858d7572ef0fe59a6b6454b4?s=96&d=mm&r=g\",\"url\":\"https:\\\/\\\/secure.gravatar.com\\\/avatar\\\/420aaf9278582877d9018637c6817617705899d2858d7572ef0fe59a6b6454b4?s=96&d=mm&r=g\",\"contentUrl\":\"https:\\\/\\\/secure.gravatar.com\\\/avatar\\\/420aaf9278582877d9018637c6817617705899d2858d7572ef0fe59a6b6454b4?s=96&d=mm&r=g\",\"caption\":\"Canal Dana\"},\"url\":\"https:\\\/\\\/dana.com.br\\\/canaldana\\\/author\\\/cdeditor\\\/\"}]}<\/script>\n<!-- \/ Yoast SEO plugin. -->","yoast_head_json":{"title":"Vendas de ve\u00edculos na China recuam pelo 7\u00ba m\u00eas consecutivo - Canal Dana","robots":{"index":"index","follow":"follow","max-snippet":"max-snippet:-1","max-image-preview":"max-image-preview:large","max-video-preview":"max-video-preview:-1"},"canonical":"https:\/\/dana.com.br\/canaldana\/2019\/02\/19\/vendas-de-veiculos-na-china-recuam-pelo-7o-mes-consecutivo\/","og_locale":"pt_BR","og_type":"article","og_title":"Vendas de ve\u00edculos na China recuam pelo 7\u00ba m\u00eas consecutivo - Canal Dana","og_description":"Estado de Minas\/Dow Jones Newswires &nbsp; As vendas de ve\u00edculos comerciais na China recuaram 16% em janeiro ante igual m\u00eas do ano passado, a 2,37 milh\u00f5es de unidades, segundo dados oficiais divulgados nesta segunda-feira. Trata-se da s\u00e9tima queda consecutiva, num momento em que a economia chinesa d\u00e1 claros sinais de desacelera\u00e7\u00e3o. &nbsp; Apenas as vendas\u2026 Leia mais \u00bb","og_url":"https:\/\/dana.com.br\/canaldana\/2019\/02\/19\/vendas-de-veiculos-na-china-recuam-pelo-7o-mes-consecutivo\/","og_site_name":"Canal Dana","article_published_time":"2019-02-19T11:31:44+00:00","author":"Canal Dana","twitter_card":"summary_large_image","twitter_misc":{"Escrito por":"Canal Dana","Est. tempo de leitura":"1 minuto"},"schema":{"@context":"https:\/\/schema.org","@graph":[{"@type":"Article","@id":"https:\/\/dana.com.br\/canaldana\/2019\/02\/19\/vendas-de-veiculos-na-china-recuam-pelo-7o-mes-consecutivo\/#article","isPartOf":{"@id":"https:\/\/dana.com.br\/canaldana\/2019\/02\/19\/vendas-de-veiculos-na-china-recuam-pelo-7o-mes-consecutivo\/"},"author":{"name":"Canal Dana","@id":"https:\/\/dana.com.br\/canaldana\/#\/schema\/person\/3c21f22f56fcf3bc46b94bc60ea4fef6"},"headline":"Vendas de ve\u00edculos na China recuam pelo 7\u00ba m\u00eas consecutivo","datePublished":"2019-02-19T11:31:44+00:00","mainEntityOfPage":{"@id":"https:\/\/dana.com.br\/canaldana\/2019\/02\/19\/vendas-de-veiculos-na-china-recuam-pelo-7o-mes-consecutivo\/"},"wordCount":185,"articleSection":["Mercado"],"inLanguage":"pt-BR"},{"@type":"WebPage","@id":"https:\/\/dana.com.br\/canaldana\/2019\/02\/19\/vendas-de-veiculos-na-china-recuam-pelo-7o-mes-consecutivo\/","url":"https:\/\/dana.com.br\/canaldana\/2019\/02\/19\/vendas-de-veiculos-na-china-recuam-pelo-7o-mes-consecutivo\/","name":"Vendas de ve\u00edculos na China recuam pelo 7\u00ba m\u00eas consecutivo - Canal Dana","isPartOf":{"@id":"https:\/\/dana.com.br\/canaldana\/#website"},"datePublished":"2019-02-19T11:31:44+00:00","author":{"@id":"https:\/\/dana.com.br\/canaldana\/#\/schema\/person\/3c21f22f56fcf3bc46b94bc60ea4fef6"},"breadcrumb":{"@id":"https:\/\/dana.com.br\/canaldana\/2019\/02\/19\/vendas-de-veiculos-na-china-recuam-pelo-7o-mes-consecutivo\/#breadcrumb"},"inLanguage":"pt-BR","potentialAction":[{"@type":"ReadAction","target":["https:\/\/dana.com.br\/canaldana\/2019\/02\/19\/vendas-de-veiculos-na-china-recuam-pelo-7o-mes-consecutivo\/"]}]},{"@type":"BreadcrumbList","@id":"https:\/\/dana.com.br\/canaldana\/2019\/02\/19\/vendas-de-veiculos-na-china-recuam-pelo-7o-mes-consecutivo\/#breadcrumb","itemListElement":[{"@type":"ListItem","position":1,"name":"Home","item":"https:\/\/dana.com.br\/canaldana\/"},{"@type":"ListItem","position":2,"name":"Mercado","item":"https:\/\/dana.com.br\/canaldana\/mercado\/"},{"@type":"ListItem","position":3,"name":"Vendas de ve\u00edculos na China recuam pelo 7\u00ba m\u00eas consecutivo"}]},{"@type":"WebSite","@id":"https:\/\/dana.com.br\/canaldana\/#website","url":"https:\/\/dana.com.br\/canaldana\/","name":"Canal Dana","description":"Informativo com as principais not\u00edcias da ind\u00fastria automotiva","potentialAction":[{"@type":"SearchAction","target":{"@type":"EntryPoint","urlTemplate":"https:\/\/dana.com.br\/canaldana\/?s={search_term_string}"},"query-input":{"@type":"PropertyValueSpecification","valueRequired":true,"valueName":"search_term_string"}}],"inLanguage":"pt-BR"},{"@type":"Person","@id":"https:\/\/dana.com.br\/canaldana\/#\/schema\/person\/3c21f22f56fcf3bc46b94bc60ea4fef6","name":"Canal Dana","image":{"@type":"ImageObject","inLanguage":"pt-BR","@id":"https:\/\/secure.gravatar.com\/avatar\/420aaf9278582877d9018637c6817617705899d2858d7572ef0fe59a6b6454b4?s=96&d=mm&r=g","url":"https:\/\/secure.gravatar.com\/avatar\/420aaf9278582877d9018637c6817617705899d2858d7572ef0fe59a6b6454b4?s=96&d=mm&r=g","contentUrl":"https:\/\/secure.gravatar.com\/avatar\/420aaf9278582877d9018637c6817617705899d2858d7572ef0fe59a6b6454b4?s=96&d=mm&r=g","caption":"Canal Dana"},"url":"https:\/\/dana.com.br\/canaldana\/author\/cdeditor\/"}]}},"_links":{"self":[{"href":"https:\/\/dana.com.br\/canaldana\/wp-json\/wp\/v2\/posts\/32503","targetHints":{"allow":["GET"]}}],"collection":[{"href":"https:\/\/dana.com.br\/canaldana\/wp-json\/wp\/v2\/posts"}],"about":[{"href":"https:\/\/dana.com.br\/canaldana\/wp-json\/wp\/v2\/types\/post"}],"author":[{"embeddable":true,"href":"https:\/\/dana.com.br\/canaldana\/wp-json\/wp\/v2\/users\/3"}],"replies":[{"embeddable":true,"href":"https:\/\/dana.com.br\/canaldana\/wp-json\/wp\/v2\/comments?post=32503"}],"version-history":[{"count":0,"href":"https:\/\/dana.com.br\/canaldana\/wp-json\/wp\/v2\/posts\/32503\/revisions"}],"wp:attachment":[{"href":"https:\/\/dana.com.br\/canaldana\/wp-json\/wp\/v2\/media?parent=32503"}],"wp:term":[{"taxonomy":"category","embeddable":true,"href":"https:\/\/dana.com.br\/canaldana\/wp-json\/wp\/v2\/categories?post=32503"},{"taxonomy":"post_tag","embeddable":true,"href":"https:\/\/dana.com.br\/canaldana\/wp-json\/wp\/v2\/tags?post=32503"}],"curies":[{"name":"wp","href":"https:\/\/api.w.org\/{rel}","templated":true}]}}