{"id":32474,"date":"2019-02-18T08:25:24","date_gmt":"2019-02-18T11:25:24","guid":{"rendered":"https:\/\/dana.com.br\/canaldana\/?p=32474"},"modified":"2019-02-18T08:25:24","modified_gmt":"2019-02-18T11:25:24","slug":"montadoras-desaconselham-diesel-b15","status":"publish","type":"post","link":"https:\/\/dana.com.br\/canaldana\/2019\/02\/18\/montadoras-desaconselham-diesel-b15\/","title":{"rendered":"Montadoras desaconselham diesel B15"},"content":{"rendered":"<p><em>AutoInd\u00fastria<\/em><\/p>\n<p>&nbsp;<\/p>\n<p>A Anfavea emitiu nota, nesta sexta-feira, assinada pelo presidente Antonio Megale, desaconselhando o aumento de participa\u00e7\u00e3o do biodiesel no diesel comercial para 15%, ainda que de forma escalonada, conforme decis\u00e3o governamental de novembro do ano passado.<\/p>\n<p>&nbsp;<\/p>\n<p>A medida, aprovada pelo do Conselho Nacional de Pol\u00edtica Energ\u00e9tica (CNPE), autoriza o aumento de 10% para 15% do volume de biodiesel em etapas. Em junho deste ano, ser\u00e1 autorizado o aumento dos atuais 10% para 11% e, em 2023, para\u00a0 15%. De acordo com o Minist\u00e9rio de Minas e Energia, a medida \u201coferece previsibilidade ao setor, incentiva a gera\u00e7\u00e3o de empregos e investimentos na \u00e1rea de combust\u00edveis.\u201d<\/p>\n<p>&nbsp;<\/p>\n<p>A Anfavea, por\u00e9m, apresentou para a pasta, em 14 de fevereiro, relat\u00f3rio de consenso entre os fabricantes n\u00e3o recomendando\u00a0 a maior participa\u00e7\u00e3o do biodiesel\u00a0 ap\u00f3s suas empresas associadas realizarem testes, acordados com o MME, com a futura formula\u00e7\u00e3o.<\/p>\n<p>&nbsp;<\/p>\n<p>\u201c\u00c9 fato que alguns testes n\u00e3o apresentaram altera\u00e7\u00f5es, por\u00e9m \u00e9 consenso entre as montadoras, e esta quest\u00e3o foi apresentada ao Minist\u00e9rio, que caso algum teste apresentasse problemas, a indica\u00e7\u00e3o da ind\u00fastria automobil\u00edstica seria para n\u00e3o eleva\u00e7\u00e3o do teor de biodiesel\u201d, afirma Megale na nota.<\/p>\n<p>&nbsp;<\/p>\n<p>Alguns testes, diz a Anfavea, mostraram que, com 15% de biodiesel no \u00f3leo diesel comercial, \u201cos ve\u00edculos poder\u00e3o apresentar danos ambientais, aumento de custo operacional para o transportador e impactos para a seguran\u00e7a do ve\u00edculo. Principalmente para a frota em circula\u00e7\u00e3o que n\u00e3o est\u00e1 adaptada para o novo teor de biodiesel\u201d.<\/p>\n<p>&nbsp;<\/p>\n<p>Entre os problemas identificados pelas montadoras est\u00e3o:<\/p>\n<p>&nbsp;<\/p>\n<p>Aumento da emiss\u00e3o de NOx;<\/p>\n<p>N\u00e3o atendimento \u00e0 demanda legal para garantia de durabilidade de emiss\u00f5es, previsto pelo Proconve;<\/p>\n<p>Aumento da periodicidade da troca de \u00f3leo e filtros;<\/p>\n<p>Entupimento de filtro e injetores;<\/p>\n<p>Aumento do consumo de combust\u00edvel;<\/p>\n<p>Desgaste dos componentes met\u00e1licos do motor;<\/p>\n<p>Combust\u00edvel com baixa estabilidade \u00e0 oxida\u00e7\u00e3o (forma res\u00edduos).<\/p>\n<p>&nbsp;<\/p>\n<p>Megale conclui a nota assegurando que \u201ca ind\u00fastria automobil\u00edstica brasileira possui centros de pesquisa e desenvolvimento altamente qualificados e comprometidos em entregar ao consumidor ve\u00edculos seguros e eficientes. Testes como esses, realizados pelas montadoras, s\u00e3o essenciais para garantir que os produtos n\u00e3o apresentem problemas no futuro\u201d. (AutoInd\u00fastria)<\/p>\n","protected":false},"excerpt":{"rendered":"<p>AutoInd\u00fastria &nbsp; A Anfavea emitiu nota, nesta sexta-feira, assinada pelo presidente Antonio Megale, desaconselhando o aumento de participa\u00e7\u00e3o do biodiesel no diesel comercial para 15%, ainda que de forma escalonada, conforme decis\u00e3o governamental de novembro do ano passado. &nbsp; A medida, aprovada pelo do Conselho Nacional de Pol\u00edtica Energ\u00e9tica (CNPE), autoriza o aumento de 10%\u2026 <a class=\"readmore\" href=\"https:\/\/dana.com.br\/canaldana\/2019\/02\/18\/montadoras-desaconselham-diesel-b15\/\">Leia mais \u00bb<\/a><\/p>\n","protected":false},"author":3,"featured_media":0,"comment_status":"closed","ping_status":"closed","sticky":false,"template":"","format":"standard","meta":{"_acf_changed":false,"footnotes":""},"categories":[63],"tags":[],"class_list":["post-32474","post","type-post","status-publish","format-standard","hentry","category-meio-ambiente"],"acf":[],"yoast_head":"<!-- This site is optimized with the Yoast SEO plugin v27.5 - https:\/\/yoast.com\/product\/yoast-seo-wordpress\/ -->\n<title>Montadoras desaconselham diesel B15 - Canal Dana<\/title>\n<meta name=\"robots\" content=\"index, follow, max-snippet:-1, max-image-preview:large, max-video-preview:-1\" \/>\n<link rel=\"canonical\" href=\"https:\/\/dana.com.br\/canaldana\/2019\/02\/18\/montadoras-desaconselham-diesel-b15\/\" \/>\n<meta property=\"og:locale\" content=\"pt_BR\" \/>\n<meta property=\"og:type\" content=\"article\" \/>\n<meta property=\"og:title\" content=\"Montadoras desaconselham diesel B15 - Canal Dana\" \/>\n<meta property=\"og:description\" content=\"AutoInd\u00fastria &nbsp; A Anfavea emitiu nota, nesta sexta-feira, assinada pelo presidente Antonio Megale, desaconselhando o aumento de participa\u00e7\u00e3o do biodiesel no diesel comercial para 15%, ainda que de forma escalonada, conforme decis\u00e3o governamental de novembro do ano passado. &nbsp; A medida, aprovada pelo do Conselho Nacional de Pol\u00edtica Energ\u00e9tica (CNPE), autoriza o aumento de 10%\u2026 Leia mais \u00bb\" \/>\n<meta property=\"og:url\" content=\"https:\/\/dana.com.br\/canaldana\/2019\/02\/18\/montadoras-desaconselham-diesel-b15\/\" \/>\n<meta property=\"og:site_name\" content=\"Canal Dana\" \/>\n<meta property=\"article:published_time\" content=\"2019-02-18T11:25:24+00:00\" \/>\n<meta name=\"author\" content=\"Canal Dana\" \/>\n<meta name=\"twitter:card\" content=\"summary_large_image\" \/>\n<meta name=\"twitter:label1\" content=\"Escrito por\" \/>\n\t<meta name=\"twitter:data1\" content=\"Canal Dana\" \/>\n\t<meta name=\"twitter:label2\" content=\"Est. tempo de leitura\" \/>\n\t<meta name=\"twitter:data2\" content=\"2 minutos\" \/>\n<script type=\"application\/ld+json\" class=\"yoast-schema-graph\">{\"@context\":\"https:\\\/\\\/schema.org\",\"@graph\":[{\"@type\":\"Article\",\"@id\":\"https:\\\/\\\/dana.com.br\\\/canaldana\\\/2019\\\/02\\\/18\\\/montadoras-desaconselham-diesel-b15\\\/#article\",\"isPartOf\":{\"@id\":\"https:\\\/\\\/dana.com.br\\\/canaldana\\\/2019\\\/02\\\/18\\\/montadoras-desaconselham-diesel-b15\\\/\"},\"author\":{\"name\":\"Canal Dana\",\"@id\":\"https:\\\/\\\/dana.com.br\\\/canaldana\\\/#\\\/schema\\\/person\\\/3c21f22f56fcf3bc46b94bc60ea4fef6\"},\"headline\":\"Montadoras desaconselham diesel B15\",\"datePublished\":\"2019-02-18T11:25:24+00:00\",\"mainEntityOfPage\":{\"@id\":\"https:\\\/\\\/dana.com.br\\\/canaldana\\\/2019\\\/02\\\/18\\\/montadoras-desaconselham-diesel-b15\\\/\"},\"wordCount\":388,\"articleSection\":[\"Meio Ambiente\"],\"inLanguage\":\"pt-BR\"},{\"@type\":\"WebPage\",\"@id\":\"https:\\\/\\\/dana.com.br\\\/canaldana\\\/2019\\\/02\\\/18\\\/montadoras-desaconselham-diesel-b15\\\/\",\"url\":\"https:\\\/\\\/dana.com.br\\\/canaldana\\\/2019\\\/02\\\/18\\\/montadoras-desaconselham-diesel-b15\\\/\",\"name\":\"Montadoras desaconselham diesel B15 - Canal Dana\",\"isPartOf\":{\"@id\":\"https:\\\/\\\/dana.com.br\\\/canaldana\\\/#website\"},\"datePublished\":\"2019-02-18T11:25:24+00:00\",\"author\":{\"@id\":\"https:\\\/\\\/dana.com.br\\\/canaldana\\\/#\\\/schema\\\/person\\\/3c21f22f56fcf3bc46b94bc60ea4fef6\"},\"breadcrumb\":{\"@id\":\"https:\\\/\\\/dana.com.br\\\/canaldana\\\/2019\\\/02\\\/18\\\/montadoras-desaconselham-diesel-b15\\\/#breadcrumb\"},\"inLanguage\":\"pt-BR\",\"potentialAction\":[{\"@type\":\"ReadAction\",\"target\":[\"https:\\\/\\\/dana.com.br\\\/canaldana\\\/2019\\\/02\\\/18\\\/montadoras-desaconselham-diesel-b15\\\/\"]}]},{\"@type\":\"BreadcrumbList\",\"@id\":\"https:\\\/\\\/dana.com.br\\\/canaldana\\\/2019\\\/02\\\/18\\\/montadoras-desaconselham-diesel-b15\\\/#breadcrumb\",\"itemListElement\":[{\"@type\":\"ListItem\",\"position\":1,\"name\":\"Home\",\"item\":\"https:\\\/\\\/dana.com.br\\\/canaldana\\\/\"},{\"@type\":\"ListItem\",\"position\":2,\"name\":\"Meio Ambiente\",\"item\":\"https:\\\/\\\/dana.com.br\\\/canaldana\\\/meio-ambiente\\\/\"},{\"@type\":\"ListItem\",\"position\":3,\"name\":\"Montadoras desaconselham diesel B15\"}]},{\"@type\":\"WebSite\",\"@id\":\"https:\\\/\\\/dana.com.br\\\/canaldana\\\/#website\",\"url\":\"https:\\\/\\\/dana.com.br\\\/canaldana\\\/\",\"name\":\"Canal Dana\",\"description\":\"Informativo com as principais not\u00edcias da ind\u00fastria automotiva\",\"potentialAction\":[{\"@type\":\"SearchAction\",\"target\":{\"@type\":\"EntryPoint\",\"urlTemplate\":\"https:\\\/\\\/dana.com.br\\\/canaldana\\\/?s={search_term_string}\"},\"query-input\":{\"@type\":\"PropertyValueSpecification\",\"valueRequired\":true,\"valueName\":\"search_term_string\"}}],\"inLanguage\":\"pt-BR\"},{\"@type\":\"Person\",\"@id\":\"https:\\\/\\\/dana.com.br\\\/canaldana\\\/#\\\/schema\\\/person\\\/3c21f22f56fcf3bc46b94bc60ea4fef6\",\"name\":\"Canal Dana\",\"image\":{\"@type\":\"ImageObject\",\"inLanguage\":\"pt-BR\",\"@id\":\"https:\\\/\\\/secure.gravatar.com\\\/avatar\\\/420aaf9278582877d9018637c6817617705899d2858d7572ef0fe59a6b6454b4?s=96&d=mm&r=g\",\"url\":\"https:\\\/\\\/secure.gravatar.com\\\/avatar\\\/420aaf9278582877d9018637c6817617705899d2858d7572ef0fe59a6b6454b4?s=96&d=mm&r=g\",\"contentUrl\":\"https:\\\/\\\/secure.gravatar.com\\\/avatar\\\/420aaf9278582877d9018637c6817617705899d2858d7572ef0fe59a6b6454b4?s=96&d=mm&r=g\",\"caption\":\"Canal Dana\"},\"url\":\"https:\\\/\\\/dana.com.br\\\/canaldana\\\/author\\\/cdeditor\\\/\"}]}<\/script>\n<!-- \/ Yoast SEO plugin. -->","yoast_head_json":{"title":"Montadoras desaconselham diesel B15 - Canal Dana","robots":{"index":"index","follow":"follow","max-snippet":"max-snippet:-1","max-image-preview":"max-image-preview:large","max-video-preview":"max-video-preview:-1"},"canonical":"https:\/\/dana.com.br\/canaldana\/2019\/02\/18\/montadoras-desaconselham-diesel-b15\/","og_locale":"pt_BR","og_type":"article","og_title":"Montadoras desaconselham diesel B15 - Canal Dana","og_description":"AutoInd\u00fastria &nbsp; A Anfavea emitiu nota, nesta sexta-feira, assinada pelo presidente Antonio Megale, desaconselhando o aumento de participa\u00e7\u00e3o do biodiesel no diesel comercial para 15%, ainda que de forma escalonada, conforme decis\u00e3o governamental de novembro do ano passado. &nbsp; A medida, aprovada pelo do Conselho Nacional de Pol\u00edtica Energ\u00e9tica (CNPE), autoriza o aumento de 10%\u2026 Leia mais \u00bb","og_url":"https:\/\/dana.com.br\/canaldana\/2019\/02\/18\/montadoras-desaconselham-diesel-b15\/","og_site_name":"Canal Dana","article_published_time":"2019-02-18T11:25:24+00:00","author":"Canal Dana","twitter_card":"summary_large_image","twitter_misc":{"Escrito por":"Canal Dana","Est. tempo de leitura":"2 minutos"},"schema":{"@context":"https:\/\/schema.org","@graph":[{"@type":"Article","@id":"https:\/\/dana.com.br\/canaldana\/2019\/02\/18\/montadoras-desaconselham-diesel-b15\/#article","isPartOf":{"@id":"https:\/\/dana.com.br\/canaldana\/2019\/02\/18\/montadoras-desaconselham-diesel-b15\/"},"author":{"name":"Canal Dana","@id":"https:\/\/dana.com.br\/canaldana\/#\/schema\/person\/3c21f22f56fcf3bc46b94bc60ea4fef6"},"headline":"Montadoras desaconselham diesel B15","datePublished":"2019-02-18T11:25:24+00:00","mainEntityOfPage":{"@id":"https:\/\/dana.com.br\/canaldana\/2019\/02\/18\/montadoras-desaconselham-diesel-b15\/"},"wordCount":388,"articleSection":["Meio Ambiente"],"inLanguage":"pt-BR"},{"@type":"WebPage","@id":"https:\/\/dana.com.br\/canaldana\/2019\/02\/18\/montadoras-desaconselham-diesel-b15\/","url":"https:\/\/dana.com.br\/canaldana\/2019\/02\/18\/montadoras-desaconselham-diesel-b15\/","name":"Montadoras desaconselham diesel B15 - Canal Dana","isPartOf":{"@id":"https:\/\/dana.com.br\/canaldana\/#website"},"datePublished":"2019-02-18T11:25:24+00:00","author":{"@id":"https:\/\/dana.com.br\/canaldana\/#\/schema\/person\/3c21f22f56fcf3bc46b94bc60ea4fef6"},"breadcrumb":{"@id":"https:\/\/dana.com.br\/canaldana\/2019\/02\/18\/montadoras-desaconselham-diesel-b15\/#breadcrumb"},"inLanguage":"pt-BR","potentialAction":[{"@type":"ReadAction","target":["https:\/\/dana.com.br\/canaldana\/2019\/02\/18\/montadoras-desaconselham-diesel-b15\/"]}]},{"@type":"BreadcrumbList","@id":"https:\/\/dana.com.br\/canaldana\/2019\/02\/18\/montadoras-desaconselham-diesel-b15\/#breadcrumb","itemListElement":[{"@type":"ListItem","position":1,"name":"Home","item":"https:\/\/dana.com.br\/canaldana\/"},{"@type":"ListItem","position":2,"name":"Meio Ambiente","item":"https:\/\/dana.com.br\/canaldana\/meio-ambiente\/"},{"@type":"ListItem","position":3,"name":"Montadoras desaconselham diesel B15"}]},{"@type":"WebSite","@id":"https:\/\/dana.com.br\/canaldana\/#website","url":"https:\/\/dana.com.br\/canaldana\/","name":"Canal Dana","description":"Informativo com as principais not\u00edcias da ind\u00fastria automotiva","potentialAction":[{"@type":"SearchAction","target":{"@type":"EntryPoint","urlTemplate":"https:\/\/dana.com.br\/canaldana\/?s={search_term_string}"},"query-input":{"@type":"PropertyValueSpecification","valueRequired":true,"valueName":"search_term_string"}}],"inLanguage":"pt-BR"},{"@type":"Person","@id":"https:\/\/dana.com.br\/canaldana\/#\/schema\/person\/3c21f22f56fcf3bc46b94bc60ea4fef6","name":"Canal Dana","image":{"@type":"ImageObject","inLanguage":"pt-BR","@id":"https:\/\/secure.gravatar.com\/avatar\/420aaf9278582877d9018637c6817617705899d2858d7572ef0fe59a6b6454b4?s=96&d=mm&r=g","url":"https:\/\/secure.gravatar.com\/avatar\/420aaf9278582877d9018637c6817617705899d2858d7572ef0fe59a6b6454b4?s=96&d=mm&r=g","contentUrl":"https:\/\/secure.gravatar.com\/avatar\/420aaf9278582877d9018637c6817617705899d2858d7572ef0fe59a6b6454b4?s=96&d=mm&r=g","caption":"Canal Dana"},"url":"https:\/\/dana.com.br\/canaldana\/author\/cdeditor\/"}]}},"_links":{"self":[{"href":"https:\/\/dana.com.br\/canaldana\/wp-json\/wp\/v2\/posts\/32474","targetHints":{"allow":["GET"]}}],"collection":[{"href":"https:\/\/dana.com.br\/canaldana\/wp-json\/wp\/v2\/posts"}],"about":[{"href":"https:\/\/dana.com.br\/canaldana\/wp-json\/wp\/v2\/types\/post"}],"author":[{"embeddable":true,"href":"https:\/\/dana.com.br\/canaldana\/wp-json\/wp\/v2\/users\/3"}],"replies":[{"embeddable":true,"href":"https:\/\/dana.com.br\/canaldana\/wp-json\/wp\/v2\/comments?post=32474"}],"version-history":[{"count":0,"href":"https:\/\/dana.com.br\/canaldana\/wp-json\/wp\/v2\/posts\/32474\/revisions"}],"wp:attachment":[{"href":"https:\/\/dana.com.br\/canaldana\/wp-json\/wp\/v2\/media?parent=32474"}],"wp:term":[{"taxonomy":"category","embeddable":true,"href":"https:\/\/dana.com.br\/canaldana\/wp-json\/wp\/v2\/categories?post=32474"},{"taxonomy":"post_tag","embeddable":true,"href":"https:\/\/dana.com.br\/canaldana\/wp-json\/wp\/v2\/tags?post=32474"}],"curies":[{"name":"wp","href":"https:\/\/api.w.org\/{rel}","templated":true}]}}