{"id":32293,"date":"2019-02-08T08:31:20","date_gmt":"2019-02-08T10:31:20","guid":{"rendered":"https:\/\/dana.com.br\/canaldana\/?p=32293"},"modified":"2019-02-08T08:31:20","modified_gmt":"2019-02-08T10:31:20","slug":"trabalhadores-aceitam-proposta-da-gm-para-sao-jose-e-dizem-que-empresa-vai-investir-r-5-bi","status":"publish","type":"post","link":"https:\/\/dana.com.br\/canaldana\/2019\/02\/08\/trabalhadores-aceitam-proposta-da-gm-para-sao-jose-e-dizem-que-empresa-vai-investir-r-5-bi\/","title":{"rendered":"Trabalhadores aceitam proposta da GM para S\u00e3o Jos\u00e9 e dizem que empresa vai investir R$ 5 bi"},"content":{"rendered":"<p><em>O Estado de S. Paulo<\/em><\/p>\n<p>&nbsp;<\/p>\n<p>Os trabalhadores da f\u00e1brica da GM de S\u00e3o Jos\u00e9 dos Campos (SP) aceitaram nesta quinta-feira, 7, proposta feita pela empresa para reduzir custos trabalhistas. Como contrapartida, afirma o sindicato, a montadora se comprometeu a investir mais R$ 5 bilh\u00f5es na unidade.<\/p>\n<p>&nbsp;<\/p>\n<p>O atual programa de investimento da empresa no Brasil, de R$ 13 bilh\u00f5es, acaba este ano. O an\u00fancio de um novo plano estaria vinculado a acordos com governos, funcion\u00e1rios de todas as tr\u00eas f\u00e1bricas de carros, fornecedores e revendedores. Como havia informado o Estad\u00e3o, o novo plano, considerando todas as f\u00e1bricas, seria de R$ 10 bilh\u00f5es.<\/p>\n<p>&nbsp;<\/p>\n<p>A proposta da montadora para S\u00e3o Jos\u00e9 inclui reajuste zero nos sal\u00e1rios em 2019. Para 2020, a GM prop\u00f4s reposi\u00e7\u00e3o de 60% da infla\u00e7\u00e3o em 12 meses medida pelo INPC (\u00cdndice Nacional de Pre\u00e7os ao Consumidor) &#8211; em ambos os casos, portanto, os trabalhadores teriam perda real no rendimento. A reposi\u00e7\u00e3o da infla\u00e7\u00e3o total s\u00f3 voltaria em 2021.<\/p>\n<p>&nbsp;<\/p>\n<p>Para amenizar a falta de reajuste em 2019, os trabalhadores ter\u00e3o abono salarial de R$ 2,5 mil. Para 2020, j\u00e1 com a reposi\u00e7\u00e3o parcial da infla\u00e7\u00e3o, o abono cair\u00e1 para R$ 1,5 mil. Em 2021, com a reposi\u00e7\u00e3o total, deixa de haver abono.<\/p>\n<p>&nbsp;<\/p>\n<p>A proposta foi feita ap\u00f3s seis rodadas de negocia\u00e7\u00f5es com o sindicato dos metal\u00fargicos da cidade. A vota\u00e7\u00e3o entre os trabalhadores ocorreu na tarde de ontem, e, segundo o sindicato, reuniu quatro mil pessoas.<\/p>\n<p>&nbsp;<\/p>\n<p>A GM come\u00e7ou as conversas com 28 reivindica\u00e7\u00f5es. Ap\u00f3s as rodadas de negocia\u00e7\u00f5es, a pauta caiu para 10 pontos. Em um deles, que toca no piso salarial de novos contratados, houve recuo da montadora. No in\u00edcio, a empresa queria reduzir o piso de R$ 2,3 mil para R$ 1,6 mil, uma queda de 30%. Depois, prop\u00f4s redu\u00e7\u00e3o para R$ 1,7 mil nesse momento, com aumento para R$ 1,8 mil em setembro. Segundo o sindicato, a empresa tamb\u00e9m desistiu de aumentar a jornada de 40 para 44 horas semanais e adotar a terceiriza\u00e7\u00e3o irrestrita na f\u00e1brica.<\/p>\n<p>&nbsp;<\/p>\n<p>A GM ainda mant\u00e9m negocia\u00e7\u00f5es com os sindicatos das demais cidades onde mant\u00e9m f\u00e1bricas de carros, em S\u00e3o Caetano do Sul (SP) e Gravata\u00ed (RS). A f\u00e1brica de S\u00e3o Jos\u00e9, no entanto, era a que estava em situa\u00e7\u00e3o mais delicada.<\/p>\n<p>&nbsp;<\/p>\n<p>A montadora tamb\u00e9m segue conversando com os governos dos Estados onde est\u00e1 instalada. Em S\u00e3o Paulo, pede antecipa\u00e7\u00e3o de cr\u00e9ditos acumulados no ICMS. No Rio Grande do Sul, pede isen\u00e7\u00e3o no ICMS do frete interestadual e medidas que reduzam o custo de exporta\u00e7\u00e3o a partir do Porto de Rio Grande.<\/p>\n<p>&nbsp;<\/p>\n<p>As conversas tiveram in\u00edcio depois que a empresa divulgou comunicado interno no qual afirmou que estava dando preju\u00edzo no Brasil h\u00e1 tr\u00eas anos e indicou que poderia deixar de produzir no Pa\u00eds se n\u00e3o voltasse a ter lucro em 2019. (O Estado de S. Paulo)<\/p>\n","protected":false},"excerpt":{"rendered":"<p>O Estado de S. Paulo &nbsp; Os trabalhadores da f\u00e1brica da GM de S\u00e3o Jos\u00e9 dos Campos (SP) aceitaram nesta quinta-feira, 7, proposta feita pela empresa para reduzir custos trabalhistas. Como contrapartida, afirma o sindicato, a montadora se comprometeu a investir mais R$ 5 bilh\u00f5es na unidade. &nbsp; O atual programa de investimento da empresa\u2026 <a class=\"readmore\" href=\"https:\/\/dana.com.br\/canaldana\/2019\/02\/08\/trabalhadores-aceitam-proposta-da-gm-para-sao-jose-e-dizem-que-empresa-vai-investir-r-5-bi\/\">Leia mais \u00bb<\/a><\/p>\n","protected":false},"author":3,"featured_media":0,"comment_status":"closed","ping_status":"closed","sticky":false,"template":"","format":"standard","meta":{"_acf_changed":false,"footnotes":""},"categories":[61],"tags":[],"class_list":["post-32293","post","type-post","status-publish","format-standard","hentry","category-destaques"],"acf":[],"yoast_head":"<!-- This site is optimized with the Yoast SEO plugin v27.3 - https:\/\/yoast.com\/product\/yoast-seo-wordpress\/ -->\n<title>Trabalhadores aceitam proposta da GM para S\u00e3o Jos\u00e9 e dizem que empresa vai investir R$ 5 bi - Canal Dana<\/title>\n<meta name=\"robots\" content=\"index, follow, max-snippet:-1, max-image-preview:large, max-video-preview:-1\" \/>\n<link rel=\"canonical\" href=\"https:\/\/dana.com.br\/canaldana\/2019\/02\/08\/trabalhadores-aceitam-proposta-da-gm-para-sao-jose-e-dizem-que-empresa-vai-investir-r-5-bi\/\" \/>\n<meta property=\"og:locale\" content=\"pt_BR\" \/>\n<meta property=\"og:type\" content=\"article\" \/>\n<meta property=\"og:title\" content=\"Trabalhadores aceitam proposta da GM para S\u00e3o Jos\u00e9 e dizem que empresa vai investir R$ 5 bi - Canal Dana\" \/>\n<meta property=\"og:description\" content=\"O Estado de S. Paulo &nbsp; Os trabalhadores da f\u00e1brica da GM de S\u00e3o Jos\u00e9 dos Campos (SP) aceitaram nesta quinta-feira, 7, proposta feita pela empresa para reduzir custos trabalhistas. Como contrapartida, afirma o sindicato, a montadora se comprometeu a investir mais R$ 5 bilh\u00f5es na unidade. &nbsp; O atual programa de investimento da empresa\u2026 Leia mais \u00bb\" \/>\n<meta property=\"og:url\" content=\"https:\/\/dana.com.br\/canaldana\/2019\/02\/08\/trabalhadores-aceitam-proposta-da-gm-para-sao-jose-e-dizem-que-empresa-vai-investir-r-5-bi\/\" \/>\n<meta property=\"og:site_name\" content=\"Canal Dana\" \/>\n<meta property=\"article:published_time\" content=\"2019-02-08T10:31:20+00:00\" \/>\n<meta name=\"author\" content=\"Canal Dana\" \/>\n<meta name=\"twitter:card\" content=\"summary_large_image\" \/>\n<meta name=\"twitter:label1\" content=\"Escrito por\" \/>\n\t<meta name=\"twitter:data1\" content=\"Canal Dana\" \/>\n\t<meta name=\"twitter:label2\" content=\"Est. tempo de leitura\" \/>\n\t<meta name=\"twitter:data2\" content=\"3 minutos\" \/>\n<script type=\"application\/ld+json\" class=\"yoast-schema-graph\">{\"@context\":\"https:\\\/\\\/schema.org\",\"@graph\":[{\"@type\":\"Article\",\"@id\":\"https:\\\/\\\/dana.com.br\\\/canaldana\\\/2019\\\/02\\\/08\\\/trabalhadores-aceitam-proposta-da-gm-para-sao-jose-e-dizem-que-empresa-vai-investir-r-5-bi\\\/#article\",\"isPartOf\":{\"@id\":\"https:\\\/\\\/dana.com.br\\\/canaldana\\\/2019\\\/02\\\/08\\\/trabalhadores-aceitam-proposta-da-gm-para-sao-jose-e-dizem-que-empresa-vai-investir-r-5-bi\\\/\"},\"author\":{\"name\":\"Canal Dana\",\"@id\":\"https:\\\/\\\/dana.com.br\\\/canaldana\\\/#\\\/schema\\\/person\\\/3c21f22f56fcf3bc46b94bc60ea4fef6\"},\"headline\":\"Trabalhadores aceitam proposta da GM para S\u00e3o Jos\u00e9 e dizem que empresa vai investir R$ 5 bi\",\"datePublished\":\"2019-02-08T10:31:20+00:00\",\"mainEntityOfPage\":{\"@id\":\"https:\\\/\\\/dana.com.br\\\/canaldana\\\/2019\\\/02\\\/08\\\/trabalhadores-aceitam-proposta-da-gm-para-sao-jose-e-dizem-que-empresa-vai-investir-r-5-bi\\\/\"},\"wordCount\":525,\"articleSection\":[\"Destaques\"],\"inLanguage\":\"pt-BR\"},{\"@type\":\"WebPage\",\"@id\":\"https:\\\/\\\/dana.com.br\\\/canaldana\\\/2019\\\/02\\\/08\\\/trabalhadores-aceitam-proposta-da-gm-para-sao-jose-e-dizem-que-empresa-vai-investir-r-5-bi\\\/\",\"url\":\"https:\\\/\\\/dana.com.br\\\/canaldana\\\/2019\\\/02\\\/08\\\/trabalhadores-aceitam-proposta-da-gm-para-sao-jose-e-dizem-que-empresa-vai-investir-r-5-bi\\\/\",\"name\":\"Trabalhadores aceitam proposta da GM para S\u00e3o Jos\u00e9 e dizem que empresa vai investir R$ 5 bi - Canal Dana\",\"isPartOf\":{\"@id\":\"https:\\\/\\\/dana.com.br\\\/canaldana\\\/#website\"},\"datePublished\":\"2019-02-08T10:31:20+00:00\",\"author\":{\"@id\":\"https:\\\/\\\/dana.com.br\\\/canaldana\\\/#\\\/schema\\\/person\\\/3c21f22f56fcf3bc46b94bc60ea4fef6\"},\"breadcrumb\":{\"@id\":\"https:\\\/\\\/dana.com.br\\\/canaldana\\\/2019\\\/02\\\/08\\\/trabalhadores-aceitam-proposta-da-gm-para-sao-jose-e-dizem-que-empresa-vai-investir-r-5-bi\\\/#breadcrumb\"},\"inLanguage\":\"pt-BR\",\"potentialAction\":[{\"@type\":\"ReadAction\",\"target\":[\"https:\\\/\\\/dana.com.br\\\/canaldana\\\/2019\\\/02\\\/08\\\/trabalhadores-aceitam-proposta-da-gm-para-sao-jose-e-dizem-que-empresa-vai-investir-r-5-bi\\\/\"]}]},{\"@type\":\"BreadcrumbList\",\"@id\":\"https:\\\/\\\/dana.com.br\\\/canaldana\\\/2019\\\/02\\\/08\\\/trabalhadores-aceitam-proposta-da-gm-para-sao-jose-e-dizem-que-empresa-vai-investir-r-5-bi\\\/#breadcrumb\",\"itemListElement\":[{\"@type\":\"ListItem\",\"position\":1,\"name\":\"Home\",\"item\":\"https:\\\/\\\/dana.com.br\\\/canaldana\\\/\"},{\"@type\":\"ListItem\",\"position\":2,\"name\":\"Destaques\",\"item\":\"https:\\\/\\\/dana.com.br\\\/canaldana\\\/destaques\\\/\"},{\"@type\":\"ListItem\",\"position\":3,\"name\":\"Trabalhadores aceitam proposta da GM para S\u00e3o Jos\u00e9 e dizem que empresa vai investir R$ 5 bi\"}]},{\"@type\":\"WebSite\",\"@id\":\"https:\\\/\\\/dana.com.br\\\/canaldana\\\/#website\",\"url\":\"https:\\\/\\\/dana.com.br\\\/canaldana\\\/\",\"name\":\"Canal Dana\",\"description\":\"Informativo com as principais not\u00edcias da ind\u00fastria automotiva\",\"potentialAction\":[{\"@type\":\"SearchAction\",\"target\":{\"@type\":\"EntryPoint\",\"urlTemplate\":\"https:\\\/\\\/dana.com.br\\\/canaldana\\\/?s={search_term_string}\"},\"query-input\":{\"@type\":\"PropertyValueSpecification\",\"valueRequired\":true,\"valueName\":\"search_term_string\"}}],\"inLanguage\":\"pt-BR\"},{\"@type\":\"Person\",\"@id\":\"https:\\\/\\\/dana.com.br\\\/canaldana\\\/#\\\/schema\\\/person\\\/3c21f22f56fcf3bc46b94bc60ea4fef6\",\"name\":\"Canal Dana\",\"image\":{\"@type\":\"ImageObject\",\"inLanguage\":\"pt-BR\",\"@id\":\"https:\\\/\\\/secure.gravatar.com\\\/avatar\\\/420aaf9278582877d9018637c6817617705899d2858d7572ef0fe59a6b6454b4?s=96&d=mm&r=g\",\"url\":\"https:\\\/\\\/secure.gravatar.com\\\/avatar\\\/420aaf9278582877d9018637c6817617705899d2858d7572ef0fe59a6b6454b4?s=96&d=mm&r=g\",\"contentUrl\":\"https:\\\/\\\/secure.gravatar.com\\\/avatar\\\/420aaf9278582877d9018637c6817617705899d2858d7572ef0fe59a6b6454b4?s=96&d=mm&r=g\",\"caption\":\"Canal Dana\"},\"url\":\"https:\\\/\\\/dana.com.br\\\/canaldana\\\/author\\\/cdeditor\\\/\"}]}<\/script>\n<!-- \/ Yoast SEO plugin. -->","yoast_head_json":{"title":"Trabalhadores aceitam proposta da GM para S\u00e3o Jos\u00e9 e dizem que empresa vai investir R$ 5 bi - Canal Dana","robots":{"index":"index","follow":"follow","max-snippet":"max-snippet:-1","max-image-preview":"max-image-preview:large","max-video-preview":"max-video-preview:-1"},"canonical":"https:\/\/dana.com.br\/canaldana\/2019\/02\/08\/trabalhadores-aceitam-proposta-da-gm-para-sao-jose-e-dizem-que-empresa-vai-investir-r-5-bi\/","og_locale":"pt_BR","og_type":"article","og_title":"Trabalhadores aceitam proposta da GM para S\u00e3o Jos\u00e9 e dizem que empresa vai investir R$ 5 bi - Canal Dana","og_description":"O Estado de S. Paulo &nbsp; Os trabalhadores da f\u00e1brica da GM de S\u00e3o Jos\u00e9 dos Campos (SP) aceitaram nesta quinta-feira, 7, proposta feita pela empresa para reduzir custos trabalhistas. Como contrapartida, afirma o sindicato, a montadora se comprometeu a investir mais R$ 5 bilh\u00f5es na unidade. &nbsp; O atual programa de investimento da empresa\u2026 Leia mais \u00bb","og_url":"https:\/\/dana.com.br\/canaldana\/2019\/02\/08\/trabalhadores-aceitam-proposta-da-gm-para-sao-jose-e-dizem-que-empresa-vai-investir-r-5-bi\/","og_site_name":"Canal Dana","article_published_time":"2019-02-08T10:31:20+00:00","author":"Canal Dana","twitter_card":"summary_large_image","twitter_misc":{"Escrito por":"Canal Dana","Est. tempo de leitura":"3 minutos"},"schema":{"@context":"https:\/\/schema.org","@graph":[{"@type":"Article","@id":"https:\/\/dana.com.br\/canaldana\/2019\/02\/08\/trabalhadores-aceitam-proposta-da-gm-para-sao-jose-e-dizem-que-empresa-vai-investir-r-5-bi\/#article","isPartOf":{"@id":"https:\/\/dana.com.br\/canaldana\/2019\/02\/08\/trabalhadores-aceitam-proposta-da-gm-para-sao-jose-e-dizem-que-empresa-vai-investir-r-5-bi\/"},"author":{"name":"Canal Dana","@id":"https:\/\/dana.com.br\/canaldana\/#\/schema\/person\/3c21f22f56fcf3bc46b94bc60ea4fef6"},"headline":"Trabalhadores aceitam proposta da GM para S\u00e3o Jos\u00e9 e dizem que empresa vai investir R$ 5 bi","datePublished":"2019-02-08T10:31:20+00:00","mainEntityOfPage":{"@id":"https:\/\/dana.com.br\/canaldana\/2019\/02\/08\/trabalhadores-aceitam-proposta-da-gm-para-sao-jose-e-dizem-que-empresa-vai-investir-r-5-bi\/"},"wordCount":525,"articleSection":["Destaques"],"inLanguage":"pt-BR"},{"@type":"WebPage","@id":"https:\/\/dana.com.br\/canaldana\/2019\/02\/08\/trabalhadores-aceitam-proposta-da-gm-para-sao-jose-e-dizem-que-empresa-vai-investir-r-5-bi\/","url":"https:\/\/dana.com.br\/canaldana\/2019\/02\/08\/trabalhadores-aceitam-proposta-da-gm-para-sao-jose-e-dizem-que-empresa-vai-investir-r-5-bi\/","name":"Trabalhadores aceitam proposta da GM para S\u00e3o Jos\u00e9 e dizem que empresa vai investir R$ 5 bi - Canal Dana","isPartOf":{"@id":"https:\/\/dana.com.br\/canaldana\/#website"},"datePublished":"2019-02-08T10:31:20+00:00","author":{"@id":"https:\/\/dana.com.br\/canaldana\/#\/schema\/person\/3c21f22f56fcf3bc46b94bc60ea4fef6"},"breadcrumb":{"@id":"https:\/\/dana.com.br\/canaldana\/2019\/02\/08\/trabalhadores-aceitam-proposta-da-gm-para-sao-jose-e-dizem-que-empresa-vai-investir-r-5-bi\/#breadcrumb"},"inLanguage":"pt-BR","potentialAction":[{"@type":"ReadAction","target":["https:\/\/dana.com.br\/canaldana\/2019\/02\/08\/trabalhadores-aceitam-proposta-da-gm-para-sao-jose-e-dizem-que-empresa-vai-investir-r-5-bi\/"]}]},{"@type":"BreadcrumbList","@id":"https:\/\/dana.com.br\/canaldana\/2019\/02\/08\/trabalhadores-aceitam-proposta-da-gm-para-sao-jose-e-dizem-que-empresa-vai-investir-r-5-bi\/#breadcrumb","itemListElement":[{"@type":"ListItem","position":1,"name":"Home","item":"https:\/\/dana.com.br\/canaldana\/"},{"@type":"ListItem","position":2,"name":"Destaques","item":"https:\/\/dana.com.br\/canaldana\/destaques\/"},{"@type":"ListItem","position":3,"name":"Trabalhadores aceitam proposta da GM para S\u00e3o Jos\u00e9 e dizem que empresa vai investir R$ 5 bi"}]},{"@type":"WebSite","@id":"https:\/\/dana.com.br\/canaldana\/#website","url":"https:\/\/dana.com.br\/canaldana\/","name":"Canal Dana","description":"Informativo com as principais not\u00edcias da ind\u00fastria automotiva","potentialAction":[{"@type":"SearchAction","target":{"@type":"EntryPoint","urlTemplate":"https:\/\/dana.com.br\/canaldana\/?s={search_term_string}"},"query-input":{"@type":"PropertyValueSpecification","valueRequired":true,"valueName":"search_term_string"}}],"inLanguage":"pt-BR"},{"@type":"Person","@id":"https:\/\/dana.com.br\/canaldana\/#\/schema\/person\/3c21f22f56fcf3bc46b94bc60ea4fef6","name":"Canal Dana","image":{"@type":"ImageObject","inLanguage":"pt-BR","@id":"https:\/\/secure.gravatar.com\/avatar\/420aaf9278582877d9018637c6817617705899d2858d7572ef0fe59a6b6454b4?s=96&d=mm&r=g","url":"https:\/\/secure.gravatar.com\/avatar\/420aaf9278582877d9018637c6817617705899d2858d7572ef0fe59a6b6454b4?s=96&d=mm&r=g","contentUrl":"https:\/\/secure.gravatar.com\/avatar\/420aaf9278582877d9018637c6817617705899d2858d7572ef0fe59a6b6454b4?s=96&d=mm&r=g","caption":"Canal Dana"},"url":"https:\/\/dana.com.br\/canaldana\/author\/cdeditor\/"}]}},"_links":{"self":[{"href":"https:\/\/dana.com.br\/canaldana\/wp-json\/wp\/v2\/posts\/32293","targetHints":{"allow":["GET"]}}],"collection":[{"href":"https:\/\/dana.com.br\/canaldana\/wp-json\/wp\/v2\/posts"}],"about":[{"href":"https:\/\/dana.com.br\/canaldana\/wp-json\/wp\/v2\/types\/post"}],"author":[{"embeddable":true,"href":"https:\/\/dana.com.br\/canaldana\/wp-json\/wp\/v2\/users\/3"}],"replies":[{"embeddable":true,"href":"https:\/\/dana.com.br\/canaldana\/wp-json\/wp\/v2\/comments?post=32293"}],"version-history":[{"count":0,"href":"https:\/\/dana.com.br\/canaldana\/wp-json\/wp\/v2\/posts\/32293\/revisions"}],"wp:attachment":[{"href":"https:\/\/dana.com.br\/canaldana\/wp-json\/wp\/v2\/media?parent=32293"}],"wp:term":[{"taxonomy":"category","embeddable":true,"href":"https:\/\/dana.com.br\/canaldana\/wp-json\/wp\/v2\/categories?post=32293"},{"taxonomy":"post_tag","embeddable":true,"href":"https:\/\/dana.com.br\/canaldana\/wp-json\/wp\/v2\/tags?post=32293"}],"curies":[{"name":"wp","href":"https:\/\/api.w.org\/{rel}","templated":true}]}}