{"id":31900,"date":"2019-01-23T08:18:02","date_gmt":"2019-01-23T10:18:02","guid":{"rendered":"https:\/\/dana.com.br\/canaldana\/?p=31900"},"modified":"2019-01-23T08:18:02","modified_gmt":"2019-01-23T10:18:02","slug":"reuniao-entre-gm-e-sindicatos-abre-negociacao-para-manter-fabricas-no-pais","status":"publish","type":"post","link":"https:\/\/dana.com.br\/canaldana\/2019\/01\/23\/reuniao-entre-gm-e-sindicatos-abre-negociacao-para-manter-fabricas-no-pais\/","title":{"rendered":"Reuni\u00e3o entre GM e sindicatos abre negocia\u00e7\u00e3o para manter f\u00e1bricas no Pa\u00eds"},"content":{"rendered":"<p><em>O Estado de S. Paulo <\/em><\/p>\n<p>&nbsp;<\/p>\n<p>O presidente da General Motors na Am\u00e9rica Latina, Carlos Zarlenga, se reuniu com representantes sindicalistas de S\u00e3o Jos\u00e9 dos Campos e de S\u00e3o Caetano do Sul nesta ter\u00e7a-feira, 22, no Vale do Para\u00edba. Foi apresentado \u00e0s entidades um panorama global da empresa, que amea\u00e7a fechar as plantas na Am\u00e9rica Latina, conforme comunicado interno emitido na sexta-feira, 18, a seus empregados.<\/p>\n<p>&nbsp;<\/p>\n<p>A reestrutura\u00e7\u00e3o faz parte de uma a\u00e7\u00e3o global da General Motors, j\u00e1 ocorrida na R\u00fassia e nos Estados Unidos, onde algumas plantas tiveram suas atividades encerradas nos \u00faltimos anos a fim de tornar a opera\u00e7\u00e3o vi\u00e1vel economicamente, segundo apresentado por Zarlenga.<\/p>\n<p>&nbsp;<\/p>\n<p><strong>Negocia\u00e7\u00e3o na GM<\/strong><\/p>\n<p>&nbsp;<\/p>\n<p>De acordo com Aparecido In\u00e1cio da Silva, presidente do Sindicato dos Metal\u00fargicos de S\u00e3o Caetano do Sul, a continua\u00e7\u00e3o dos trabalhos da montadora no Brasil est\u00e1 condicionada \u00e0 flexibiliza\u00e7\u00e3o de acordos trabalhistas que permitam novos investimentos, que seriam feitos imediatamente para in\u00edcio da produ\u00e7\u00e3o da nova fam\u00edlia de carros da GM.<\/p>\n<p>&nbsp;<\/p>\n<p>Ainda segundo os sindicatos, esses acordos envolveriam n\u00e3o somente aos trabalhadores diretos, mas tamb\u00e9m o governo, os fornecedores e os revendedores da marca, todos que fazem parte da cadeia, da produ\u00e7\u00e3o at\u00e9 chegar ao consumidor. \u201cO governo tem que ser colaborador porque \u00e9 o que mais ganha\u201d, criticou.<\/p>\n<p>&nbsp;<\/p>\n<p>Na tarde desta ter\u00e7a, em reuni\u00e3o somente com representantes de S\u00e3o Jos\u00e9 dos Campos, foram apresentadas poss\u00edveis solu\u00e7\u00f5es para trazer novos investimentos para a unidade, que emprega cerca de 4,5 mil pessoas. Na quarta-feira, 23, est\u00e1 programada uma assembleia com os trabalhadores para apresentar os pontos de negocia\u00e7\u00e3o.<\/p>\n<p>&nbsp;<\/p>\n<p>Em S\u00e3o Caetano do Sul a proposta da GM ser\u00e1 discutida com o sindicato local tamb\u00e9m na quarta-feira e depois apresentada aos empregados.<\/p>\n<p>&nbsp;<\/p>\n<p>Procurada pela reportagem, a General Motors informou que n\u00e3o vai comentar a negocia\u00e7\u00e3o. (O Estado de S. Paulo\/Gerson Monteiro)<\/p>\n","protected":false},"excerpt":{"rendered":"<p>O Estado de S. Paulo &nbsp; O presidente da General Motors na Am\u00e9rica Latina, Carlos Zarlenga, se reuniu com representantes sindicalistas de S\u00e3o Jos\u00e9 dos Campos e de S\u00e3o Caetano do Sul nesta ter\u00e7a-feira, 22, no Vale do Para\u00edba. Foi apresentado \u00e0s entidades um panorama global da empresa, que amea\u00e7a fechar as plantas na Am\u00e9rica\u2026 <a class=\"readmore\" href=\"https:\/\/dana.com.br\/canaldana\/2019\/01\/23\/reuniao-entre-gm-e-sindicatos-abre-negociacao-para-manter-fabricas-no-pais\/\">Leia mais \u00bb<\/a><\/p>\n","protected":false},"author":3,"featured_media":0,"comment_status":"closed","ping_status":"closed","sticky":false,"template":"","format":"standard","meta":{"_acf_changed":false,"footnotes":""},"categories":[61],"tags":[],"class_list":["post-31900","post","type-post","status-publish","format-standard","hentry","category-destaques"],"acf":[],"yoast_head":"<!-- This site is optimized with the Yoast SEO plugin v27.3 - https:\/\/yoast.com\/product\/yoast-seo-wordpress\/ -->\n<title>Reuni\u00e3o entre GM e sindicatos abre negocia\u00e7\u00e3o para manter f\u00e1bricas no Pa\u00eds - Canal Dana<\/title>\n<meta name=\"robots\" content=\"index, follow, max-snippet:-1, max-image-preview:large, max-video-preview:-1\" \/>\n<link rel=\"canonical\" href=\"https:\/\/dana.com.br\/canaldana\/2019\/01\/23\/reuniao-entre-gm-e-sindicatos-abre-negociacao-para-manter-fabricas-no-pais\/\" \/>\n<meta property=\"og:locale\" content=\"pt_BR\" \/>\n<meta property=\"og:type\" content=\"article\" \/>\n<meta property=\"og:title\" content=\"Reuni\u00e3o entre GM e sindicatos abre negocia\u00e7\u00e3o para manter f\u00e1bricas no Pa\u00eds - Canal Dana\" \/>\n<meta property=\"og:description\" content=\"O Estado de S. Paulo &nbsp; O presidente da General Motors na Am\u00e9rica Latina, Carlos Zarlenga, se reuniu com representantes sindicalistas de S\u00e3o Jos\u00e9 dos Campos e de S\u00e3o Caetano do Sul nesta ter\u00e7a-feira, 22, no Vale do Para\u00edba. Foi apresentado \u00e0s entidades um panorama global da empresa, que amea\u00e7a fechar as plantas na Am\u00e9rica\u2026 Leia mais \u00bb\" \/>\n<meta property=\"og:url\" content=\"https:\/\/dana.com.br\/canaldana\/2019\/01\/23\/reuniao-entre-gm-e-sindicatos-abre-negociacao-para-manter-fabricas-no-pais\/\" \/>\n<meta property=\"og:site_name\" content=\"Canal Dana\" \/>\n<meta property=\"article:published_time\" content=\"2019-01-23T10:18:02+00:00\" \/>\n<meta name=\"author\" content=\"Canal Dana\" \/>\n<meta name=\"twitter:card\" content=\"summary_large_image\" \/>\n<meta name=\"twitter:label1\" content=\"Escrito por\" \/>\n\t<meta name=\"twitter:data1\" content=\"Canal Dana\" \/>\n\t<meta name=\"twitter:label2\" content=\"Est. tempo de leitura\" \/>\n\t<meta name=\"twitter:data2\" content=\"2 minutos\" \/>\n<script type=\"application\/ld+json\" class=\"yoast-schema-graph\">{\"@context\":\"https:\\\/\\\/schema.org\",\"@graph\":[{\"@type\":\"Article\",\"@id\":\"https:\\\/\\\/dana.com.br\\\/canaldana\\\/2019\\\/01\\\/23\\\/reuniao-entre-gm-e-sindicatos-abre-negociacao-para-manter-fabricas-no-pais\\\/#article\",\"isPartOf\":{\"@id\":\"https:\\\/\\\/dana.com.br\\\/canaldana\\\/2019\\\/01\\\/23\\\/reuniao-entre-gm-e-sindicatos-abre-negociacao-para-manter-fabricas-no-pais\\\/\"},\"author\":{\"name\":\"Canal Dana\",\"@id\":\"https:\\\/\\\/dana.com.br\\\/canaldana\\\/#\\\/schema\\\/person\\\/3c21f22f56fcf3bc46b94bc60ea4fef6\"},\"headline\":\"Reuni\u00e3o entre GM e sindicatos abre negocia\u00e7\u00e3o para manter f\u00e1bricas no Pa\u00eds\",\"datePublished\":\"2019-01-23T10:18:02+00:00\",\"mainEntityOfPage\":{\"@id\":\"https:\\\/\\\/dana.com.br\\\/canaldana\\\/2019\\\/01\\\/23\\\/reuniao-entre-gm-e-sindicatos-abre-negociacao-para-manter-fabricas-no-pais\\\/\"},\"wordCount\":351,\"articleSection\":[\"Destaques\"],\"inLanguage\":\"pt-BR\"},{\"@type\":\"WebPage\",\"@id\":\"https:\\\/\\\/dana.com.br\\\/canaldana\\\/2019\\\/01\\\/23\\\/reuniao-entre-gm-e-sindicatos-abre-negociacao-para-manter-fabricas-no-pais\\\/\",\"url\":\"https:\\\/\\\/dana.com.br\\\/canaldana\\\/2019\\\/01\\\/23\\\/reuniao-entre-gm-e-sindicatos-abre-negociacao-para-manter-fabricas-no-pais\\\/\",\"name\":\"Reuni\u00e3o entre GM e sindicatos abre negocia\u00e7\u00e3o para manter f\u00e1bricas no Pa\u00eds - Canal Dana\",\"isPartOf\":{\"@id\":\"https:\\\/\\\/dana.com.br\\\/canaldana\\\/#website\"},\"datePublished\":\"2019-01-23T10:18:02+00:00\",\"author\":{\"@id\":\"https:\\\/\\\/dana.com.br\\\/canaldana\\\/#\\\/schema\\\/person\\\/3c21f22f56fcf3bc46b94bc60ea4fef6\"},\"breadcrumb\":{\"@id\":\"https:\\\/\\\/dana.com.br\\\/canaldana\\\/2019\\\/01\\\/23\\\/reuniao-entre-gm-e-sindicatos-abre-negociacao-para-manter-fabricas-no-pais\\\/#breadcrumb\"},\"inLanguage\":\"pt-BR\",\"potentialAction\":[{\"@type\":\"ReadAction\",\"target\":[\"https:\\\/\\\/dana.com.br\\\/canaldana\\\/2019\\\/01\\\/23\\\/reuniao-entre-gm-e-sindicatos-abre-negociacao-para-manter-fabricas-no-pais\\\/\"]}]},{\"@type\":\"BreadcrumbList\",\"@id\":\"https:\\\/\\\/dana.com.br\\\/canaldana\\\/2019\\\/01\\\/23\\\/reuniao-entre-gm-e-sindicatos-abre-negociacao-para-manter-fabricas-no-pais\\\/#breadcrumb\",\"itemListElement\":[{\"@type\":\"ListItem\",\"position\":1,\"name\":\"Home\",\"item\":\"https:\\\/\\\/dana.com.br\\\/canaldana\\\/\"},{\"@type\":\"ListItem\",\"position\":2,\"name\":\"Destaques\",\"item\":\"https:\\\/\\\/dana.com.br\\\/canaldana\\\/destaques\\\/\"},{\"@type\":\"ListItem\",\"position\":3,\"name\":\"Reuni\u00e3o entre GM e sindicatos abre negocia\u00e7\u00e3o para manter f\u00e1bricas no Pa\u00eds\"}]},{\"@type\":\"WebSite\",\"@id\":\"https:\\\/\\\/dana.com.br\\\/canaldana\\\/#website\",\"url\":\"https:\\\/\\\/dana.com.br\\\/canaldana\\\/\",\"name\":\"Canal Dana\",\"description\":\"Informativo com as principais not\u00edcias da ind\u00fastria automotiva\",\"potentialAction\":[{\"@type\":\"SearchAction\",\"target\":{\"@type\":\"EntryPoint\",\"urlTemplate\":\"https:\\\/\\\/dana.com.br\\\/canaldana\\\/?s={search_term_string}\"},\"query-input\":{\"@type\":\"PropertyValueSpecification\",\"valueRequired\":true,\"valueName\":\"search_term_string\"}}],\"inLanguage\":\"pt-BR\"},{\"@type\":\"Person\",\"@id\":\"https:\\\/\\\/dana.com.br\\\/canaldana\\\/#\\\/schema\\\/person\\\/3c21f22f56fcf3bc46b94bc60ea4fef6\",\"name\":\"Canal Dana\",\"image\":{\"@type\":\"ImageObject\",\"inLanguage\":\"pt-BR\",\"@id\":\"https:\\\/\\\/secure.gravatar.com\\\/avatar\\\/420aaf9278582877d9018637c6817617705899d2858d7572ef0fe59a6b6454b4?s=96&d=mm&r=g\",\"url\":\"https:\\\/\\\/secure.gravatar.com\\\/avatar\\\/420aaf9278582877d9018637c6817617705899d2858d7572ef0fe59a6b6454b4?s=96&d=mm&r=g\",\"contentUrl\":\"https:\\\/\\\/secure.gravatar.com\\\/avatar\\\/420aaf9278582877d9018637c6817617705899d2858d7572ef0fe59a6b6454b4?s=96&d=mm&r=g\",\"caption\":\"Canal Dana\"},\"url\":\"https:\\\/\\\/dana.com.br\\\/canaldana\\\/author\\\/cdeditor\\\/\"}]}<\/script>\n<!-- \/ Yoast SEO plugin. -->","yoast_head_json":{"title":"Reuni\u00e3o entre GM e sindicatos abre negocia\u00e7\u00e3o para manter f\u00e1bricas no Pa\u00eds - Canal Dana","robots":{"index":"index","follow":"follow","max-snippet":"max-snippet:-1","max-image-preview":"max-image-preview:large","max-video-preview":"max-video-preview:-1"},"canonical":"https:\/\/dana.com.br\/canaldana\/2019\/01\/23\/reuniao-entre-gm-e-sindicatos-abre-negociacao-para-manter-fabricas-no-pais\/","og_locale":"pt_BR","og_type":"article","og_title":"Reuni\u00e3o entre GM e sindicatos abre negocia\u00e7\u00e3o para manter f\u00e1bricas no Pa\u00eds - Canal Dana","og_description":"O Estado de S. Paulo &nbsp; O presidente da General Motors na Am\u00e9rica Latina, Carlos Zarlenga, se reuniu com representantes sindicalistas de S\u00e3o Jos\u00e9 dos Campos e de S\u00e3o Caetano do Sul nesta ter\u00e7a-feira, 22, no Vale do Para\u00edba. Foi apresentado \u00e0s entidades um panorama global da empresa, que amea\u00e7a fechar as plantas na Am\u00e9rica\u2026 Leia mais \u00bb","og_url":"https:\/\/dana.com.br\/canaldana\/2019\/01\/23\/reuniao-entre-gm-e-sindicatos-abre-negociacao-para-manter-fabricas-no-pais\/","og_site_name":"Canal Dana","article_published_time":"2019-01-23T10:18:02+00:00","author":"Canal Dana","twitter_card":"summary_large_image","twitter_misc":{"Escrito por":"Canal Dana","Est. tempo de leitura":"2 minutos"},"schema":{"@context":"https:\/\/schema.org","@graph":[{"@type":"Article","@id":"https:\/\/dana.com.br\/canaldana\/2019\/01\/23\/reuniao-entre-gm-e-sindicatos-abre-negociacao-para-manter-fabricas-no-pais\/#article","isPartOf":{"@id":"https:\/\/dana.com.br\/canaldana\/2019\/01\/23\/reuniao-entre-gm-e-sindicatos-abre-negociacao-para-manter-fabricas-no-pais\/"},"author":{"name":"Canal Dana","@id":"https:\/\/dana.com.br\/canaldana\/#\/schema\/person\/3c21f22f56fcf3bc46b94bc60ea4fef6"},"headline":"Reuni\u00e3o entre GM e sindicatos abre negocia\u00e7\u00e3o para manter f\u00e1bricas no Pa\u00eds","datePublished":"2019-01-23T10:18:02+00:00","mainEntityOfPage":{"@id":"https:\/\/dana.com.br\/canaldana\/2019\/01\/23\/reuniao-entre-gm-e-sindicatos-abre-negociacao-para-manter-fabricas-no-pais\/"},"wordCount":351,"articleSection":["Destaques"],"inLanguage":"pt-BR"},{"@type":"WebPage","@id":"https:\/\/dana.com.br\/canaldana\/2019\/01\/23\/reuniao-entre-gm-e-sindicatos-abre-negociacao-para-manter-fabricas-no-pais\/","url":"https:\/\/dana.com.br\/canaldana\/2019\/01\/23\/reuniao-entre-gm-e-sindicatos-abre-negociacao-para-manter-fabricas-no-pais\/","name":"Reuni\u00e3o entre GM e sindicatos abre negocia\u00e7\u00e3o para manter f\u00e1bricas no Pa\u00eds - Canal Dana","isPartOf":{"@id":"https:\/\/dana.com.br\/canaldana\/#website"},"datePublished":"2019-01-23T10:18:02+00:00","author":{"@id":"https:\/\/dana.com.br\/canaldana\/#\/schema\/person\/3c21f22f56fcf3bc46b94bc60ea4fef6"},"breadcrumb":{"@id":"https:\/\/dana.com.br\/canaldana\/2019\/01\/23\/reuniao-entre-gm-e-sindicatos-abre-negociacao-para-manter-fabricas-no-pais\/#breadcrumb"},"inLanguage":"pt-BR","potentialAction":[{"@type":"ReadAction","target":["https:\/\/dana.com.br\/canaldana\/2019\/01\/23\/reuniao-entre-gm-e-sindicatos-abre-negociacao-para-manter-fabricas-no-pais\/"]}]},{"@type":"BreadcrumbList","@id":"https:\/\/dana.com.br\/canaldana\/2019\/01\/23\/reuniao-entre-gm-e-sindicatos-abre-negociacao-para-manter-fabricas-no-pais\/#breadcrumb","itemListElement":[{"@type":"ListItem","position":1,"name":"Home","item":"https:\/\/dana.com.br\/canaldana\/"},{"@type":"ListItem","position":2,"name":"Destaques","item":"https:\/\/dana.com.br\/canaldana\/destaques\/"},{"@type":"ListItem","position":3,"name":"Reuni\u00e3o entre GM e sindicatos abre negocia\u00e7\u00e3o para manter f\u00e1bricas no Pa\u00eds"}]},{"@type":"WebSite","@id":"https:\/\/dana.com.br\/canaldana\/#website","url":"https:\/\/dana.com.br\/canaldana\/","name":"Canal Dana","description":"Informativo com as principais not\u00edcias da ind\u00fastria automotiva","potentialAction":[{"@type":"SearchAction","target":{"@type":"EntryPoint","urlTemplate":"https:\/\/dana.com.br\/canaldana\/?s={search_term_string}"},"query-input":{"@type":"PropertyValueSpecification","valueRequired":true,"valueName":"search_term_string"}}],"inLanguage":"pt-BR"},{"@type":"Person","@id":"https:\/\/dana.com.br\/canaldana\/#\/schema\/person\/3c21f22f56fcf3bc46b94bc60ea4fef6","name":"Canal Dana","image":{"@type":"ImageObject","inLanguage":"pt-BR","@id":"https:\/\/secure.gravatar.com\/avatar\/420aaf9278582877d9018637c6817617705899d2858d7572ef0fe59a6b6454b4?s=96&d=mm&r=g","url":"https:\/\/secure.gravatar.com\/avatar\/420aaf9278582877d9018637c6817617705899d2858d7572ef0fe59a6b6454b4?s=96&d=mm&r=g","contentUrl":"https:\/\/secure.gravatar.com\/avatar\/420aaf9278582877d9018637c6817617705899d2858d7572ef0fe59a6b6454b4?s=96&d=mm&r=g","caption":"Canal Dana"},"url":"https:\/\/dana.com.br\/canaldana\/author\/cdeditor\/"}]}},"_links":{"self":[{"href":"https:\/\/dana.com.br\/canaldana\/wp-json\/wp\/v2\/posts\/31900","targetHints":{"allow":["GET"]}}],"collection":[{"href":"https:\/\/dana.com.br\/canaldana\/wp-json\/wp\/v2\/posts"}],"about":[{"href":"https:\/\/dana.com.br\/canaldana\/wp-json\/wp\/v2\/types\/post"}],"author":[{"embeddable":true,"href":"https:\/\/dana.com.br\/canaldana\/wp-json\/wp\/v2\/users\/3"}],"replies":[{"embeddable":true,"href":"https:\/\/dana.com.br\/canaldana\/wp-json\/wp\/v2\/comments?post=31900"}],"version-history":[{"count":0,"href":"https:\/\/dana.com.br\/canaldana\/wp-json\/wp\/v2\/posts\/31900\/revisions"}],"wp:attachment":[{"href":"https:\/\/dana.com.br\/canaldana\/wp-json\/wp\/v2\/media?parent=31900"}],"wp:term":[{"taxonomy":"category","embeddable":true,"href":"https:\/\/dana.com.br\/canaldana\/wp-json\/wp\/v2\/categories?post=31900"},{"taxonomy":"post_tag","embeddable":true,"href":"https:\/\/dana.com.br\/canaldana\/wp-json\/wp\/v2\/tags?post=31900"}],"curies":[{"name":"wp","href":"https:\/\/api.w.org\/{rel}","templated":true}]}}