{"id":31877,"date":"2019-01-23T08:11:09","date_gmt":"2019-01-23T10:11:09","guid":{"rendered":"https:\/\/dana.com.br\/canaldana\/?p=31877"},"modified":"2019-01-23T08:11:09","modified_gmt":"2019-01-23T10:11:09","slug":"byd-alcanca-marca-historica-50-mil-onibus-100-eletricos-produzidos-em-9-anos","status":"publish","type":"post","link":"https:\/\/dana.com.br\/canaldana\/2019\/01\/23\/byd-alcanca-marca-historica-50-mil-onibus-100-eletricos-produzidos-em-9-anos\/","title":{"rendered":"BYD alcan\u00e7a marca hist\u00f3rica: 50 mil \u00f4nibus 100% el\u00e9tricos produzidos em 9 anos"},"content":{"rendered":"<p><em>Di\u00e1rio do Transporte<\/em><\/p>\n<p>&nbsp;<\/p>\n<p>A BYD, gigante global pioneira em energia limpa, comemorou uma marca hist\u00f3rica no dia 18 de janeiro de 2019.<\/p>\n<p>&nbsp;<\/p>\n<p>Nesse dia a empresa chinesa anunciou a produ\u00e7\u00e3o de seu 50.000\u00ba \u00f4nibus 100% el\u00e9trico.<\/p>\n<p>&nbsp;<\/p>\n<p>O feito ocorre nove anos ap\u00f3s o in\u00edcio de sua linha de produ\u00e7\u00e3o.<\/p>\n<p>&nbsp;<\/p>\n<p>O ve\u00edculo que concretizou a marca hist\u00f3rica \u00e9 um BYD K9UB 100% el\u00e9trico de 12 metros, que foi exportado para a Espanha.<\/p>\n<p>&nbsp;<\/p>\n<p>Com um estilo totalmente novo e capacidade para 80 passageiros, o ve\u00edculo saiu direto da instala\u00e7\u00e3o de testes da BYD em Hangzhou, China, para a TUBASA, operadora de transporte p\u00fablico pertencente ao Grupo Ruiz, um dos principais grupos de transportes rodovi\u00e1rios de passageiros da Espanha.<\/p>\n<p>&nbsp;<\/p>\n<p>A expectativa \u00e9 de que na primavera europeia ele comece a operar em Badajoz, cidade no sudeste da Espanha.<\/p>\n<p>&nbsp;<\/p>\n<p><strong>Espanha<\/strong><\/p>\n<p>&nbsp;<\/p>\n<p>A BYD entrou no mercado de \u00f4nibus el\u00e9tricos espanhol em 2017, e j\u00e1 coleciona pedidos em v\u00e1rias cidades, tais como Valencia, Saint Cugat, Badalona e Badajoz.<\/p>\n<p>&nbsp;<\/p>\n<p>Wang Chuanfu, presidente da BYD, afirma que a empresa \u201cestabeleceu um \u2018padr\u00e3o ouro\u2019 para o mercado de \u00f4nibus 100% el\u00e9tricos devido \u00e0 qualidade de seu produto, \u00e0 cadeia de fornecimento e solu\u00e7\u00f5es de produtos completos e \u00e0s tecnologias de ponta das baterias, motores, controles eletr\u00f4nicos, etc. Isso \u00e9 um avan\u00e7o para a industrial de ve\u00edculos el\u00e9tricos n\u00e3o apenas da China, mas de todo o mundo\u201d.<\/p>\n<p>&nbsp;<\/p>\n<p>Em abril de 2018 a gigante global especializada em energia limpa j\u00e1 havia assinado com a TUSGSAL, operadora de transporte p\u00fablico da Catalunha, um contrato para a entrega de oito \u00f4nibus de 12 metros, 100% el\u00e9tricos, para Badalona, prov\u00edncia de Barcelona. A entrega dos ve\u00edculos est\u00e1 prevista para o in\u00edcio de 2019.<\/p>\n<p>&nbsp;<\/p>\n<p>Em julho do mesmo ano a BYD anunciou a venda de 15 \u00f4nibus do mesmo modelo, para opera\u00e7\u00e3o na cidade de Badajoz tamb\u00e9m em 2019.<\/p>\n<p>&nbsp;<\/p>\n<p>Os ve\u00edculos foram encomendados pela TUBASA, que atualmente det\u00e9m a concess\u00e3o do transporte p\u00fablico em Badajoz, contrato que segue at\u00e9 o ano de 2037. A operadora conseguiu prorrogar a concess\u00e3o por dez anos, com o objetivo de financiar a renova\u00e7\u00e3o da frota e as novas linhas da cidade.<\/p>\n<p>&nbsp;<\/p>\n<p>Em 2017, a BYD venceu concorr\u00eancia para entrega de um \u00f4nibus el\u00e9trico de 12 metros para a operadora de \u00f4nibus EMT, em Val\u00eancia.<\/p>\n<p>&nbsp;<\/p>\n<p><strong>Nove anos de produ\u00e7\u00e3o<\/strong><\/p>\n<p><strong>\u00a0<\/strong><\/p>\n<p>\u201cDesde a produ\u00e7\u00e3o do primeiro BYD K9 em 2010 na cidade de Changsha, a BYD tem defendido ativamente a ado\u00e7\u00e3o de ve\u00edculos de energia limpa\u201d, informa comunicado da empresa.<\/p>\n<p>&nbsp;<\/p>\n<p>Em 2010, para reduzir a polui\u00e7\u00e3o ambiental, a BYD prop\u00f4s sua \u201cEstrat\u00e9gia de Eletrifica\u00e7\u00e3o do Transporte P\u00fablico\u201d.<\/p>\n<p>&nbsp;<\/p>\n<p>J\u00e1 em 2011, com Shenzhen como sede do 26\u00ba FISU (Summer Universidade), 200 ve\u00edculos BYD K9 100% el\u00e9tricos entraram em opera\u00e7\u00e3o na cidade, evento que tornou a BYD a primeira empresa do mundo a comercializar \u00f4nibus de energia limpa.<\/p>\n<p>&nbsp;<\/p>\n<p>\u201cHoje, os \u00f4nibus el\u00e9tricos da BYD n\u00e3o s\u00e3o comuns apenas nas grandes cidades chinesas como Pequim, Guangzhou, Shenzhen, Tianjin, Hangzhou, Nanquim, Changsha e Xian, mas tamb\u00e9m em cidades de m\u00e9dio e pequeno porte do pa\u00eds. Al\u00e9m disso, a base de clientes internacionais para \u00f4nibus 100% el\u00e9tricos da BYD tamb\u00e9m tem crescido gradualmente desde que o primeiro lote de 35 \u00f4nibus el\u00e9tricos foi exportado para o aeroporto Schiphol, de Amsterd\u00e3, em 2013\u201d, afirma comunicado da empresa chinesa.<\/p>\n<p>&nbsp;<\/p>\n<p>Entre eles est\u00e3o a Transport for London, a Los Angeles Public Transport Co., o aeroporto de Sidney, a universidade de Stanford e o Facebook.<\/p>\n<p>&nbsp;<\/p>\n<p>Presente em cinco continentes, mais de 50 pa\u00edses e em cerca de 200 cidades, e tendo entre seus s\u00f3cios o americano Warren Buffet, a BYD conta com mais de 220 mil funcion\u00e1rios distribu\u00eddos em 40 f\u00e1bricas ao redor do globo (sendo 20 mil engenheiros pesquisadores).<\/p>\n<p>&nbsp;<\/p>\n<p>No Brasil, a BYD abriu sua primeira f\u00e1brica em 2015 para produ\u00e7\u00e3o de \u00f4nibus el\u00e9tricos e comercializa\u00e7\u00e3o de ve\u00edculos e empilhadeiras em Campinas, interior de S\u00e3o Paulo. Em abril de 2017, neste mesmo local, inaugurou sua planta de produ\u00e7\u00e3o de m\u00f3dulos fotovoltaicos. A BYD Brasil j\u00e1 emprega mais de 300 funcion\u00e1rios nas cidades de Campinas e S\u00e3o Paulo. (Di\u00e1rio do Transporte\/Alexandre Pelegi)<\/p>\n","protected":false},"excerpt":{"rendered":"<p>Di\u00e1rio do Transporte &nbsp; A BYD, gigante global pioneira em energia limpa, comemorou uma marca hist\u00f3rica no dia 18 de janeiro de 2019. &nbsp; Nesse dia a empresa chinesa anunciou a produ\u00e7\u00e3o de seu 50.000\u00ba \u00f4nibus 100% el\u00e9trico. &nbsp; O feito ocorre nove anos ap\u00f3s o in\u00edcio de sua linha de produ\u00e7\u00e3o. &nbsp; O ve\u00edculo\u2026 <a class=\"readmore\" href=\"https:\/\/dana.com.br\/canaldana\/2019\/01\/23\/byd-alcanca-marca-historica-50-mil-onibus-100-eletricos-produzidos-em-9-anos\/\">Leia mais \u00bb<\/a><\/p>\n","protected":false},"author":3,"featured_media":0,"comment_status":"closed","ping_status":"closed","sticky":false,"template":"","format":"standard","meta":{"_acf_changed":false,"footnotes":""},"categories":[110],"tags":[],"class_list":["post-31877","post","type-post","status-publish","format-standard","hentry","category-eletricos"],"acf":[],"yoast_head":"<!-- This site is optimized with the Yoast SEO plugin v27.5 - https:\/\/yoast.com\/product\/yoast-seo-wordpress\/ -->\n<title>BYD alcan\u00e7a marca hist\u00f3rica: 50 mil \u00f4nibus 100% el\u00e9tricos produzidos em 9 anos - Canal Dana<\/title>\n<meta name=\"robots\" content=\"index, follow, max-snippet:-1, max-image-preview:large, max-video-preview:-1\" \/>\n<link rel=\"canonical\" href=\"https:\/\/dana.com.br\/canaldana\/2019\/01\/23\/byd-alcanca-marca-historica-50-mil-onibus-100-eletricos-produzidos-em-9-anos\/\" \/>\n<meta property=\"og:locale\" content=\"pt_BR\" \/>\n<meta property=\"og:type\" content=\"article\" \/>\n<meta property=\"og:title\" content=\"BYD alcan\u00e7a marca hist\u00f3rica: 50 mil \u00f4nibus 100% el\u00e9tricos produzidos em 9 anos - Canal Dana\" \/>\n<meta property=\"og:description\" content=\"Di\u00e1rio do Transporte &nbsp; A BYD, gigante global pioneira em energia limpa, comemorou uma marca hist\u00f3rica no dia 18 de janeiro de 2019. &nbsp; Nesse dia a empresa chinesa anunciou a produ\u00e7\u00e3o de seu 50.000\u00ba \u00f4nibus 100% el\u00e9trico. &nbsp; O feito ocorre nove anos ap\u00f3s o in\u00edcio de sua linha de produ\u00e7\u00e3o. &nbsp; O ve\u00edculo\u2026 Leia mais \u00bb\" \/>\n<meta property=\"og:url\" content=\"https:\/\/dana.com.br\/canaldana\/2019\/01\/23\/byd-alcanca-marca-historica-50-mil-onibus-100-eletricos-produzidos-em-9-anos\/\" \/>\n<meta property=\"og:site_name\" content=\"Canal Dana\" \/>\n<meta property=\"article:published_time\" content=\"2019-01-23T10:11:09+00:00\" \/>\n<meta name=\"author\" content=\"Canal Dana\" \/>\n<meta name=\"twitter:card\" content=\"summary_large_image\" \/>\n<meta name=\"twitter:label1\" content=\"Escrito por\" \/>\n\t<meta name=\"twitter:data1\" content=\"Canal Dana\" \/>\n\t<meta name=\"twitter:label2\" content=\"Est. tempo de leitura\" \/>\n\t<meta name=\"twitter:data2\" content=\"4 minutos\" \/>\n<script type=\"application\/ld+json\" class=\"yoast-schema-graph\">{\"@context\":\"https:\\\/\\\/schema.org\",\"@graph\":[{\"@type\":\"Article\",\"@id\":\"https:\\\/\\\/dana.com.br\\\/canaldana\\\/2019\\\/01\\\/23\\\/byd-alcanca-marca-historica-50-mil-onibus-100-eletricos-produzidos-em-9-anos\\\/#article\",\"isPartOf\":{\"@id\":\"https:\\\/\\\/dana.com.br\\\/canaldana\\\/2019\\\/01\\\/23\\\/byd-alcanca-marca-historica-50-mil-onibus-100-eletricos-produzidos-em-9-anos\\\/\"},\"author\":{\"name\":\"Canal Dana\",\"@id\":\"https:\\\/\\\/dana.com.br\\\/canaldana\\\/#\\\/schema\\\/person\\\/3c21f22f56fcf3bc46b94bc60ea4fef6\"},\"headline\":\"BYD alcan\u00e7a marca hist\u00f3rica: 50 mil \u00f4nibus 100% el\u00e9tricos produzidos em 9 anos\",\"datePublished\":\"2019-01-23T10:11:09+00:00\",\"mainEntityOfPage\":{\"@id\":\"https:\\\/\\\/dana.com.br\\\/canaldana\\\/2019\\\/01\\\/23\\\/byd-alcanca-marca-historica-50-mil-onibus-100-eletricos-produzidos-em-9-anos\\\/\"},\"wordCount\":745,\"articleSection\":[\"El\u00e9tricos\"],\"inLanguage\":\"pt-BR\"},{\"@type\":\"WebPage\",\"@id\":\"https:\\\/\\\/dana.com.br\\\/canaldana\\\/2019\\\/01\\\/23\\\/byd-alcanca-marca-historica-50-mil-onibus-100-eletricos-produzidos-em-9-anos\\\/\",\"url\":\"https:\\\/\\\/dana.com.br\\\/canaldana\\\/2019\\\/01\\\/23\\\/byd-alcanca-marca-historica-50-mil-onibus-100-eletricos-produzidos-em-9-anos\\\/\",\"name\":\"BYD alcan\u00e7a marca hist\u00f3rica: 50 mil \u00f4nibus 100% el\u00e9tricos produzidos em 9 anos - Canal Dana\",\"isPartOf\":{\"@id\":\"https:\\\/\\\/dana.com.br\\\/canaldana\\\/#website\"},\"datePublished\":\"2019-01-23T10:11:09+00:00\",\"author\":{\"@id\":\"https:\\\/\\\/dana.com.br\\\/canaldana\\\/#\\\/schema\\\/person\\\/3c21f22f56fcf3bc46b94bc60ea4fef6\"},\"breadcrumb\":{\"@id\":\"https:\\\/\\\/dana.com.br\\\/canaldana\\\/2019\\\/01\\\/23\\\/byd-alcanca-marca-historica-50-mil-onibus-100-eletricos-produzidos-em-9-anos\\\/#breadcrumb\"},\"inLanguage\":\"pt-BR\",\"potentialAction\":[{\"@type\":\"ReadAction\",\"target\":[\"https:\\\/\\\/dana.com.br\\\/canaldana\\\/2019\\\/01\\\/23\\\/byd-alcanca-marca-historica-50-mil-onibus-100-eletricos-produzidos-em-9-anos\\\/\"]}]},{\"@type\":\"BreadcrumbList\",\"@id\":\"https:\\\/\\\/dana.com.br\\\/canaldana\\\/2019\\\/01\\\/23\\\/byd-alcanca-marca-historica-50-mil-onibus-100-eletricos-produzidos-em-9-anos\\\/#breadcrumb\",\"itemListElement\":[{\"@type\":\"ListItem\",\"position\":1,\"name\":\"Home\",\"item\":\"https:\\\/\\\/dana.com.br\\\/canaldana\\\/\"},{\"@type\":\"ListItem\",\"position\":2,\"name\":\"El\u00e9tricos\",\"item\":\"https:\\\/\\\/dana.com.br\\\/canaldana\\\/eletricos\\\/\"},{\"@type\":\"ListItem\",\"position\":3,\"name\":\"BYD alcan\u00e7a marca hist\u00f3rica: 50 mil \u00f4nibus 100% el\u00e9tricos produzidos em 9 anos\"}]},{\"@type\":\"WebSite\",\"@id\":\"https:\\\/\\\/dana.com.br\\\/canaldana\\\/#website\",\"url\":\"https:\\\/\\\/dana.com.br\\\/canaldana\\\/\",\"name\":\"Canal Dana\",\"description\":\"Informativo com as principais not\u00edcias da ind\u00fastria automotiva\",\"potentialAction\":[{\"@type\":\"SearchAction\",\"target\":{\"@type\":\"EntryPoint\",\"urlTemplate\":\"https:\\\/\\\/dana.com.br\\\/canaldana\\\/?s={search_term_string}\"},\"query-input\":{\"@type\":\"PropertyValueSpecification\",\"valueRequired\":true,\"valueName\":\"search_term_string\"}}],\"inLanguage\":\"pt-BR\"},{\"@type\":\"Person\",\"@id\":\"https:\\\/\\\/dana.com.br\\\/canaldana\\\/#\\\/schema\\\/person\\\/3c21f22f56fcf3bc46b94bc60ea4fef6\",\"name\":\"Canal Dana\",\"image\":{\"@type\":\"ImageObject\",\"inLanguage\":\"pt-BR\",\"@id\":\"https:\\\/\\\/secure.gravatar.com\\\/avatar\\\/420aaf9278582877d9018637c6817617705899d2858d7572ef0fe59a6b6454b4?s=96&d=mm&r=g\",\"url\":\"https:\\\/\\\/secure.gravatar.com\\\/avatar\\\/420aaf9278582877d9018637c6817617705899d2858d7572ef0fe59a6b6454b4?s=96&d=mm&r=g\",\"contentUrl\":\"https:\\\/\\\/secure.gravatar.com\\\/avatar\\\/420aaf9278582877d9018637c6817617705899d2858d7572ef0fe59a6b6454b4?s=96&d=mm&r=g\",\"caption\":\"Canal Dana\"},\"url\":\"https:\\\/\\\/dana.com.br\\\/canaldana\\\/author\\\/cdeditor\\\/\"}]}<\/script>\n<!-- \/ Yoast SEO plugin. -->","yoast_head_json":{"title":"BYD alcan\u00e7a marca hist\u00f3rica: 50 mil \u00f4nibus 100% el\u00e9tricos produzidos em 9 anos - Canal Dana","robots":{"index":"index","follow":"follow","max-snippet":"max-snippet:-1","max-image-preview":"max-image-preview:large","max-video-preview":"max-video-preview:-1"},"canonical":"https:\/\/dana.com.br\/canaldana\/2019\/01\/23\/byd-alcanca-marca-historica-50-mil-onibus-100-eletricos-produzidos-em-9-anos\/","og_locale":"pt_BR","og_type":"article","og_title":"BYD alcan\u00e7a marca hist\u00f3rica: 50 mil \u00f4nibus 100% el\u00e9tricos produzidos em 9 anos - Canal Dana","og_description":"Di\u00e1rio do Transporte &nbsp; A BYD, gigante global pioneira em energia limpa, comemorou uma marca hist\u00f3rica no dia 18 de janeiro de 2019. &nbsp; Nesse dia a empresa chinesa anunciou a produ\u00e7\u00e3o de seu 50.000\u00ba \u00f4nibus 100% el\u00e9trico. &nbsp; O feito ocorre nove anos ap\u00f3s o in\u00edcio de sua linha de produ\u00e7\u00e3o. &nbsp; O ve\u00edculo\u2026 Leia mais \u00bb","og_url":"https:\/\/dana.com.br\/canaldana\/2019\/01\/23\/byd-alcanca-marca-historica-50-mil-onibus-100-eletricos-produzidos-em-9-anos\/","og_site_name":"Canal Dana","article_published_time":"2019-01-23T10:11:09+00:00","author":"Canal Dana","twitter_card":"summary_large_image","twitter_misc":{"Escrito por":"Canal Dana","Est. tempo de leitura":"4 minutos"},"schema":{"@context":"https:\/\/schema.org","@graph":[{"@type":"Article","@id":"https:\/\/dana.com.br\/canaldana\/2019\/01\/23\/byd-alcanca-marca-historica-50-mil-onibus-100-eletricos-produzidos-em-9-anos\/#article","isPartOf":{"@id":"https:\/\/dana.com.br\/canaldana\/2019\/01\/23\/byd-alcanca-marca-historica-50-mil-onibus-100-eletricos-produzidos-em-9-anos\/"},"author":{"name":"Canal Dana","@id":"https:\/\/dana.com.br\/canaldana\/#\/schema\/person\/3c21f22f56fcf3bc46b94bc60ea4fef6"},"headline":"BYD alcan\u00e7a marca hist\u00f3rica: 50 mil \u00f4nibus 100% el\u00e9tricos produzidos em 9 anos","datePublished":"2019-01-23T10:11:09+00:00","mainEntityOfPage":{"@id":"https:\/\/dana.com.br\/canaldana\/2019\/01\/23\/byd-alcanca-marca-historica-50-mil-onibus-100-eletricos-produzidos-em-9-anos\/"},"wordCount":745,"articleSection":["El\u00e9tricos"],"inLanguage":"pt-BR"},{"@type":"WebPage","@id":"https:\/\/dana.com.br\/canaldana\/2019\/01\/23\/byd-alcanca-marca-historica-50-mil-onibus-100-eletricos-produzidos-em-9-anos\/","url":"https:\/\/dana.com.br\/canaldana\/2019\/01\/23\/byd-alcanca-marca-historica-50-mil-onibus-100-eletricos-produzidos-em-9-anos\/","name":"BYD alcan\u00e7a marca hist\u00f3rica: 50 mil \u00f4nibus 100% el\u00e9tricos produzidos em 9 anos - Canal Dana","isPartOf":{"@id":"https:\/\/dana.com.br\/canaldana\/#website"},"datePublished":"2019-01-23T10:11:09+00:00","author":{"@id":"https:\/\/dana.com.br\/canaldana\/#\/schema\/person\/3c21f22f56fcf3bc46b94bc60ea4fef6"},"breadcrumb":{"@id":"https:\/\/dana.com.br\/canaldana\/2019\/01\/23\/byd-alcanca-marca-historica-50-mil-onibus-100-eletricos-produzidos-em-9-anos\/#breadcrumb"},"inLanguage":"pt-BR","potentialAction":[{"@type":"ReadAction","target":["https:\/\/dana.com.br\/canaldana\/2019\/01\/23\/byd-alcanca-marca-historica-50-mil-onibus-100-eletricos-produzidos-em-9-anos\/"]}]},{"@type":"BreadcrumbList","@id":"https:\/\/dana.com.br\/canaldana\/2019\/01\/23\/byd-alcanca-marca-historica-50-mil-onibus-100-eletricos-produzidos-em-9-anos\/#breadcrumb","itemListElement":[{"@type":"ListItem","position":1,"name":"Home","item":"https:\/\/dana.com.br\/canaldana\/"},{"@type":"ListItem","position":2,"name":"El\u00e9tricos","item":"https:\/\/dana.com.br\/canaldana\/eletricos\/"},{"@type":"ListItem","position":3,"name":"BYD alcan\u00e7a marca hist\u00f3rica: 50 mil \u00f4nibus 100% el\u00e9tricos produzidos em 9 anos"}]},{"@type":"WebSite","@id":"https:\/\/dana.com.br\/canaldana\/#website","url":"https:\/\/dana.com.br\/canaldana\/","name":"Canal Dana","description":"Informativo com as principais not\u00edcias da ind\u00fastria automotiva","potentialAction":[{"@type":"SearchAction","target":{"@type":"EntryPoint","urlTemplate":"https:\/\/dana.com.br\/canaldana\/?s={search_term_string}"},"query-input":{"@type":"PropertyValueSpecification","valueRequired":true,"valueName":"search_term_string"}}],"inLanguage":"pt-BR"},{"@type":"Person","@id":"https:\/\/dana.com.br\/canaldana\/#\/schema\/person\/3c21f22f56fcf3bc46b94bc60ea4fef6","name":"Canal Dana","image":{"@type":"ImageObject","inLanguage":"pt-BR","@id":"https:\/\/secure.gravatar.com\/avatar\/420aaf9278582877d9018637c6817617705899d2858d7572ef0fe59a6b6454b4?s=96&d=mm&r=g","url":"https:\/\/secure.gravatar.com\/avatar\/420aaf9278582877d9018637c6817617705899d2858d7572ef0fe59a6b6454b4?s=96&d=mm&r=g","contentUrl":"https:\/\/secure.gravatar.com\/avatar\/420aaf9278582877d9018637c6817617705899d2858d7572ef0fe59a6b6454b4?s=96&d=mm&r=g","caption":"Canal Dana"},"url":"https:\/\/dana.com.br\/canaldana\/author\/cdeditor\/"}]}},"_links":{"self":[{"href":"https:\/\/dana.com.br\/canaldana\/wp-json\/wp\/v2\/posts\/31877","targetHints":{"allow":["GET"]}}],"collection":[{"href":"https:\/\/dana.com.br\/canaldana\/wp-json\/wp\/v2\/posts"}],"about":[{"href":"https:\/\/dana.com.br\/canaldana\/wp-json\/wp\/v2\/types\/post"}],"author":[{"embeddable":true,"href":"https:\/\/dana.com.br\/canaldana\/wp-json\/wp\/v2\/users\/3"}],"replies":[{"embeddable":true,"href":"https:\/\/dana.com.br\/canaldana\/wp-json\/wp\/v2\/comments?post=31877"}],"version-history":[{"count":0,"href":"https:\/\/dana.com.br\/canaldana\/wp-json\/wp\/v2\/posts\/31877\/revisions"}],"wp:attachment":[{"href":"https:\/\/dana.com.br\/canaldana\/wp-json\/wp\/v2\/media?parent=31877"}],"wp:term":[{"taxonomy":"category","embeddable":true,"href":"https:\/\/dana.com.br\/canaldana\/wp-json\/wp\/v2\/categories?post=31877"},{"taxonomy":"post_tag","embeddable":true,"href":"https:\/\/dana.com.br\/canaldana\/wp-json\/wp\/v2\/tags?post=31877"}],"curies":[{"name":"wp","href":"https:\/\/api.w.org\/{rel}","templated":true}]}}