{"id":31868,"date":"2019-01-22T08:36:51","date_gmt":"2019-01-22T10:36:51","guid":{"rendered":"https:\/\/dana.com.br\/canaldana\/?p=31868"},"modified":"2019-01-22T08:36:51","modified_gmt":"2019-01-22T10:36:51","slug":"gm-quer-sacrificios-de-funcionarios-para-investir-no-pais","status":"publish","type":"post","link":"https:\/\/dana.com.br\/canaldana\/2019\/01\/22\/gm-quer-sacrificios-de-funcionarios-para-investir-no-pais\/","title":{"rendered":"GM quer &#8220;sacrif\u00edcios&#8221; de funcion\u00e1rios para investir no Pa\u00eds"},"content":{"rendered":"<p><em>O Estado de S. Paulo<\/em><\/p>\n<p>&nbsp;<\/p>\n<p>O presidente da General Motors Mercosul, Carlos Zarlenga, deve explicar nesta ter\u00e7a-feira, 22, aos representantes de trabalhadores das f\u00e1bricas de S\u00e3o Caetano do Sul e de S\u00e3o Jos\u00e9 dos Campos, ambas em S\u00e3o Paulo, que tipo de \u201csacrif\u00edcios\u201d espera dos funcion\u00e1rios para evitar suspens\u00e3o de investimentos ou at\u00e9 mesmo fechamento de unidades no Pa\u00eds.<\/p>\n<p>&nbsp;<\/p>\n<p>O encontro, marcado para \u00e0s 11h, na unidade de S\u00e3o Jos\u00e9 dos Campos, ter\u00e1 a participa\u00e7\u00e3o de dirigentes dos sindicatos dos metal\u00fargicos das duas cidades, assim como dos respectivos prefeitos.<\/p>\n<p>&nbsp;<\/p>\n<p>Enquanto Zarlenga vai expor o que considera um \u201cmomento muito cr\u00edtico\u201d nas opera\u00e7\u00f5es locais \u2013 que registram preju\u00edzos desde 2016 \u2013, em S\u00e3o Bernardo do Campo o Sindicato dos Metal\u00fargicos do ABC realizar\u00e1 um protesto em frente \u00e0 f\u00e1brica da Ford para cobrar novos investimentos. A planta atualmente produz apenas o hatch Fiesta (que vendeu apenas 16 mil unidades em 2018), al\u00e9m de caminh\u00f5es. Os sindicalistas sabem que uma f\u00e1brica dificilmente se sustenta com um s\u00f3 produto.<\/p>\n<p>&nbsp;<\/p>\n<p>GM e Ford n\u00e3o quiseram dar declara\u00e7\u00f5es ontem. Paulo Cardamone, presidente da consultoria Bright, lembra que os dois grupos passam por forte reestrutura\u00e7\u00e3o em suas matrizes nos Estados Unidos, com fechamento de f\u00e1bricas, redu\u00e7\u00e3o de pessoal e suspens\u00e3o de produ\u00e7\u00e3o de v\u00e1rios autom\u00f3veis.<\/p>\n<p>&nbsp;<\/p>\n<p>\u201cEra de se esperar que essas reestrutura\u00e7\u00f5es chegariam ao Brasil, mas n\u00e3o acredito que nenhuma delas v\u00e1 deixar o Pa\u00eds\u201d, afirma Cardamone. \u201cTalvez at\u00e9 possam reduzir o n\u00famero de f\u00e1bricas, mas n\u00e3o v\u00e3o sair num momento em que o mercado est\u00e1 se recuperando, principalmente depois do sufoco que passaram nos \u00faltimos anos.\u201d<\/p>\n<p>&nbsp;<\/p>\n<p>Na \u00faltima sexta-feira, Zarlenga divulgou comunicado aos funcion\u00e1rios afirmando que ser\u00e1 preciso aprovar um plano de viabilidade dos neg\u00f3cios na regi\u00e3o (Brasil e Argentina) que requer apoio do governo, concession\u00e1rios, empregados, sindicatos e fornecedores. \u201cDo sucesso deste plano dependem os investimentos da GM e o nosso futuro\u201d, diz o documento.<\/p>\n<p>&nbsp;<\/p>\n<p>Ele tamb\u00e9m cita recentes declara\u00e7\u00f5es da presidente mundial da GM, Mary Barra, que considerou desafiadora a situa\u00e7\u00e3o dos mercados sul-americanos e disse serem necess\u00e1rias \u201ca\u00e7\u00f5es\u201d para melhorar o neg\u00f3cio. \u201cN\u00e3o vamos continuar investindo para perder dinheiro\u201d, citou ela.<\/p>\n<p>&nbsp;<\/p>\n<p><strong>Contradi\u00e7\u00f5es<\/strong><\/p>\n<p>&nbsp;<\/p>\n<p>Nota conjunta divulgada ontem pelas centrais CSP-Conlutas, CUT e For\u00e7a Sindical critica a atitude da GM e alega contradi\u00e7\u00f5es no documento. \u201cA empresa anunciou lucro global superior a US$ 2,5 bilh\u00f5es no \u00faltimo trimestre e, al\u00e9m disso, \u00e9 l\u00edder de vendas em nossa regi\u00e3o.\u201d<\/p>\n<p>&nbsp;<\/p>\n<p>Segundo a nota, a companhia quer aproveitar o momento para fazer uma forte reestrutura\u00e7\u00e3o, com demiss\u00f5es e fechamento de f\u00e1bricas. \u201cN\u00e3o \u00e9 razo\u00e1vel que sejamos n\u00f3s, trabalhadores e trabalhadoras, que paguemos sempre o pato. Por essa raz\u00e3o, manifestamos total oposi\u00e7\u00e3o a um eventual encerramento da produ\u00e7\u00e3o no Pa\u00eds e na Am\u00e9rica Latina\u201d. Diz ainda a nota que os trabalhadores j\u00e1 fizeram v\u00e1rios sacrif\u00edcios, \u201cmas a empresa sempre quer mais\u201d. (O Estado de S. Paulo\/Cleide Silva)<\/p>\n","protected":false},"excerpt":{"rendered":"<p>O Estado de S. Paulo &nbsp; O presidente da General Motors Mercosul, Carlos Zarlenga, deve explicar nesta ter\u00e7a-feira, 22, aos representantes de trabalhadores das f\u00e1bricas de S\u00e3o Caetano do Sul e de S\u00e3o Jos\u00e9 dos Campos, ambas em S\u00e3o Paulo, que tipo de \u201csacrif\u00edcios\u201d espera dos funcion\u00e1rios para evitar suspens\u00e3o de investimentos ou at\u00e9 mesmo\u2026 <a class=\"readmore\" href=\"https:\/\/dana.com.br\/canaldana\/2019\/01\/22\/gm-quer-sacrificios-de-funcionarios-para-investir-no-pais\/\">Leia mais \u00bb<\/a><\/p>\n","protected":false},"author":3,"featured_media":0,"comment_status":"closed","ping_status":"closed","sticky":false,"template":"","format":"standard","meta":{"_acf_changed":false,"footnotes":""},"categories":[61],"tags":[],"class_list":["post-31868","post","type-post","status-publish","format-standard","hentry","category-destaques"],"acf":[],"yoast_head":"<!-- This site is optimized with the Yoast SEO plugin v27.3 - https:\/\/yoast.com\/product\/yoast-seo-wordpress\/ -->\n<title>GM quer &quot;sacrif\u00edcios&quot; de funcion\u00e1rios para investir no Pa\u00eds - Canal Dana<\/title>\n<meta name=\"robots\" content=\"index, follow, max-snippet:-1, max-image-preview:large, max-video-preview:-1\" \/>\n<link rel=\"canonical\" href=\"https:\/\/dana.com.br\/canaldana\/2019\/01\/22\/gm-quer-sacrificios-de-funcionarios-para-investir-no-pais\/\" \/>\n<meta property=\"og:locale\" content=\"pt_BR\" \/>\n<meta property=\"og:type\" content=\"article\" \/>\n<meta property=\"og:title\" content=\"GM quer &quot;sacrif\u00edcios&quot; de funcion\u00e1rios para investir no Pa\u00eds - Canal Dana\" \/>\n<meta property=\"og:description\" content=\"O Estado de S. Paulo &nbsp; O presidente da General Motors Mercosul, Carlos Zarlenga, deve explicar nesta ter\u00e7a-feira, 22, aos representantes de trabalhadores das f\u00e1bricas de S\u00e3o Caetano do Sul e de S\u00e3o Jos\u00e9 dos Campos, ambas em S\u00e3o Paulo, que tipo de \u201csacrif\u00edcios\u201d espera dos funcion\u00e1rios para evitar suspens\u00e3o de investimentos ou at\u00e9 mesmo\u2026 Leia mais \u00bb\" \/>\n<meta property=\"og:url\" content=\"https:\/\/dana.com.br\/canaldana\/2019\/01\/22\/gm-quer-sacrificios-de-funcionarios-para-investir-no-pais\/\" \/>\n<meta property=\"og:site_name\" content=\"Canal Dana\" \/>\n<meta property=\"article:published_time\" content=\"2019-01-22T10:36:51+00:00\" \/>\n<meta name=\"author\" content=\"Canal Dana\" \/>\n<meta name=\"twitter:card\" content=\"summary_large_image\" \/>\n<meta name=\"twitter:label1\" content=\"Escrito por\" \/>\n\t<meta name=\"twitter:data1\" content=\"Canal Dana\" \/>\n\t<meta name=\"twitter:label2\" content=\"Est. tempo de leitura\" \/>\n\t<meta name=\"twitter:data2\" content=\"3 minutos\" \/>\n<script type=\"application\/ld+json\" class=\"yoast-schema-graph\">{\"@context\":\"https:\\\/\\\/schema.org\",\"@graph\":[{\"@type\":\"Article\",\"@id\":\"https:\\\/\\\/dana.com.br\\\/canaldana\\\/2019\\\/01\\\/22\\\/gm-quer-sacrificios-de-funcionarios-para-investir-no-pais\\\/#article\",\"isPartOf\":{\"@id\":\"https:\\\/\\\/dana.com.br\\\/canaldana\\\/2019\\\/01\\\/22\\\/gm-quer-sacrificios-de-funcionarios-para-investir-no-pais\\\/\"},\"author\":{\"name\":\"Canal Dana\",\"@id\":\"https:\\\/\\\/dana.com.br\\\/canaldana\\\/#\\\/schema\\\/person\\\/3c21f22f56fcf3bc46b94bc60ea4fef6\"},\"headline\":\"GM quer &#8220;sacrif\u00edcios&#8221; de funcion\u00e1rios para investir no Pa\u00eds\",\"datePublished\":\"2019-01-22T10:36:51+00:00\",\"mainEntityOfPage\":{\"@id\":\"https:\\\/\\\/dana.com.br\\\/canaldana\\\/2019\\\/01\\\/22\\\/gm-quer-sacrificios-de-funcionarios-para-investir-no-pais\\\/\"},\"wordCount\":550,\"articleSection\":[\"Destaques\"],\"inLanguage\":\"pt-BR\"},{\"@type\":\"WebPage\",\"@id\":\"https:\\\/\\\/dana.com.br\\\/canaldana\\\/2019\\\/01\\\/22\\\/gm-quer-sacrificios-de-funcionarios-para-investir-no-pais\\\/\",\"url\":\"https:\\\/\\\/dana.com.br\\\/canaldana\\\/2019\\\/01\\\/22\\\/gm-quer-sacrificios-de-funcionarios-para-investir-no-pais\\\/\",\"name\":\"GM quer \\\"sacrif\u00edcios\\\" de funcion\u00e1rios para investir no Pa\u00eds - Canal Dana\",\"isPartOf\":{\"@id\":\"https:\\\/\\\/dana.com.br\\\/canaldana\\\/#website\"},\"datePublished\":\"2019-01-22T10:36:51+00:00\",\"author\":{\"@id\":\"https:\\\/\\\/dana.com.br\\\/canaldana\\\/#\\\/schema\\\/person\\\/3c21f22f56fcf3bc46b94bc60ea4fef6\"},\"breadcrumb\":{\"@id\":\"https:\\\/\\\/dana.com.br\\\/canaldana\\\/2019\\\/01\\\/22\\\/gm-quer-sacrificios-de-funcionarios-para-investir-no-pais\\\/#breadcrumb\"},\"inLanguage\":\"pt-BR\",\"potentialAction\":[{\"@type\":\"ReadAction\",\"target\":[\"https:\\\/\\\/dana.com.br\\\/canaldana\\\/2019\\\/01\\\/22\\\/gm-quer-sacrificios-de-funcionarios-para-investir-no-pais\\\/\"]}]},{\"@type\":\"BreadcrumbList\",\"@id\":\"https:\\\/\\\/dana.com.br\\\/canaldana\\\/2019\\\/01\\\/22\\\/gm-quer-sacrificios-de-funcionarios-para-investir-no-pais\\\/#breadcrumb\",\"itemListElement\":[{\"@type\":\"ListItem\",\"position\":1,\"name\":\"Home\",\"item\":\"https:\\\/\\\/dana.com.br\\\/canaldana\\\/\"},{\"@type\":\"ListItem\",\"position\":2,\"name\":\"Destaques\",\"item\":\"https:\\\/\\\/dana.com.br\\\/canaldana\\\/destaques\\\/\"},{\"@type\":\"ListItem\",\"position\":3,\"name\":\"GM quer &#8220;sacrif\u00edcios&#8221; de funcion\u00e1rios para investir no Pa\u00eds\"}]},{\"@type\":\"WebSite\",\"@id\":\"https:\\\/\\\/dana.com.br\\\/canaldana\\\/#website\",\"url\":\"https:\\\/\\\/dana.com.br\\\/canaldana\\\/\",\"name\":\"Canal Dana\",\"description\":\"Informativo com as principais not\u00edcias da ind\u00fastria automotiva\",\"potentialAction\":[{\"@type\":\"SearchAction\",\"target\":{\"@type\":\"EntryPoint\",\"urlTemplate\":\"https:\\\/\\\/dana.com.br\\\/canaldana\\\/?s={search_term_string}\"},\"query-input\":{\"@type\":\"PropertyValueSpecification\",\"valueRequired\":true,\"valueName\":\"search_term_string\"}}],\"inLanguage\":\"pt-BR\"},{\"@type\":\"Person\",\"@id\":\"https:\\\/\\\/dana.com.br\\\/canaldana\\\/#\\\/schema\\\/person\\\/3c21f22f56fcf3bc46b94bc60ea4fef6\",\"name\":\"Canal Dana\",\"image\":{\"@type\":\"ImageObject\",\"inLanguage\":\"pt-BR\",\"@id\":\"https:\\\/\\\/secure.gravatar.com\\\/avatar\\\/420aaf9278582877d9018637c6817617705899d2858d7572ef0fe59a6b6454b4?s=96&d=mm&r=g\",\"url\":\"https:\\\/\\\/secure.gravatar.com\\\/avatar\\\/420aaf9278582877d9018637c6817617705899d2858d7572ef0fe59a6b6454b4?s=96&d=mm&r=g\",\"contentUrl\":\"https:\\\/\\\/secure.gravatar.com\\\/avatar\\\/420aaf9278582877d9018637c6817617705899d2858d7572ef0fe59a6b6454b4?s=96&d=mm&r=g\",\"caption\":\"Canal Dana\"},\"url\":\"https:\\\/\\\/dana.com.br\\\/canaldana\\\/author\\\/cdeditor\\\/\"}]}<\/script>\n<!-- \/ Yoast SEO plugin. -->","yoast_head_json":{"title":"GM quer \"sacrif\u00edcios\" de funcion\u00e1rios para investir no Pa\u00eds - Canal Dana","robots":{"index":"index","follow":"follow","max-snippet":"max-snippet:-1","max-image-preview":"max-image-preview:large","max-video-preview":"max-video-preview:-1"},"canonical":"https:\/\/dana.com.br\/canaldana\/2019\/01\/22\/gm-quer-sacrificios-de-funcionarios-para-investir-no-pais\/","og_locale":"pt_BR","og_type":"article","og_title":"GM quer \"sacrif\u00edcios\" de funcion\u00e1rios para investir no Pa\u00eds - Canal Dana","og_description":"O Estado de S. Paulo &nbsp; O presidente da General Motors Mercosul, Carlos Zarlenga, deve explicar nesta ter\u00e7a-feira, 22, aos representantes de trabalhadores das f\u00e1bricas de S\u00e3o Caetano do Sul e de S\u00e3o Jos\u00e9 dos Campos, ambas em S\u00e3o Paulo, que tipo de \u201csacrif\u00edcios\u201d espera dos funcion\u00e1rios para evitar suspens\u00e3o de investimentos ou at\u00e9 mesmo\u2026 Leia mais \u00bb","og_url":"https:\/\/dana.com.br\/canaldana\/2019\/01\/22\/gm-quer-sacrificios-de-funcionarios-para-investir-no-pais\/","og_site_name":"Canal Dana","article_published_time":"2019-01-22T10:36:51+00:00","author":"Canal Dana","twitter_card":"summary_large_image","twitter_misc":{"Escrito por":"Canal Dana","Est. tempo de leitura":"3 minutos"},"schema":{"@context":"https:\/\/schema.org","@graph":[{"@type":"Article","@id":"https:\/\/dana.com.br\/canaldana\/2019\/01\/22\/gm-quer-sacrificios-de-funcionarios-para-investir-no-pais\/#article","isPartOf":{"@id":"https:\/\/dana.com.br\/canaldana\/2019\/01\/22\/gm-quer-sacrificios-de-funcionarios-para-investir-no-pais\/"},"author":{"name":"Canal Dana","@id":"https:\/\/dana.com.br\/canaldana\/#\/schema\/person\/3c21f22f56fcf3bc46b94bc60ea4fef6"},"headline":"GM quer &#8220;sacrif\u00edcios&#8221; de funcion\u00e1rios para investir no Pa\u00eds","datePublished":"2019-01-22T10:36:51+00:00","mainEntityOfPage":{"@id":"https:\/\/dana.com.br\/canaldana\/2019\/01\/22\/gm-quer-sacrificios-de-funcionarios-para-investir-no-pais\/"},"wordCount":550,"articleSection":["Destaques"],"inLanguage":"pt-BR"},{"@type":"WebPage","@id":"https:\/\/dana.com.br\/canaldana\/2019\/01\/22\/gm-quer-sacrificios-de-funcionarios-para-investir-no-pais\/","url":"https:\/\/dana.com.br\/canaldana\/2019\/01\/22\/gm-quer-sacrificios-de-funcionarios-para-investir-no-pais\/","name":"GM quer \"sacrif\u00edcios\" de funcion\u00e1rios para investir no Pa\u00eds - Canal Dana","isPartOf":{"@id":"https:\/\/dana.com.br\/canaldana\/#website"},"datePublished":"2019-01-22T10:36:51+00:00","author":{"@id":"https:\/\/dana.com.br\/canaldana\/#\/schema\/person\/3c21f22f56fcf3bc46b94bc60ea4fef6"},"breadcrumb":{"@id":"https:\/\/dana.com.br\/canaldana\/2019\/01\/22\/gm-quer-sacrificios-de-funcionarios-para-investir-no-pais\/#breadcrumb"},"inLanguage":"pt-BR","potentialAction":[{"@type":"ReadAction","target":["https:\/\/dana.com.br\/canaldana\/2019\/01\/22\/gm-quer-sacrificios-de-funcionarios-para-investir-no-pais\/"]}]},{"@type":"BreadcrumbList","@id":"https:\/\/dana.com.br\/canaldana\/2019\/01\/22\/gm-quer-sacrificios-de-funcionarios-para-investir-no-pais\/#breadcrumb","itemListElement":[{"@type":"ListItem","position":1,"name":"Home","item":"https:\/\/dana.com.br\/canaldana\/"},{"@type":"ListItem","position":2,"name":"Destaques","item":"https:\/\/dana.com.br\/canaldana\/destaques\/"},{"@type":"ListItem","position":3,"name":"GM quer &#8220;sacrif\u00edcios&#8221; de funcion\u00e1rios para investir no Pa\u00eds"}]},{"@type":"WebSite","@id":"https:\/\/dana.com.br\/canaldana\/#website","url":"https:\/\/dana.com.br\/canaldana\/","name":"Canal Dana","description":"Informativo com as principais not\u00edcias da ind\u00fastria automotiva","potentialAction":[{"@type":"SearchAction","target":{"@type":"EntryPoint","urlTemplate":"https:\/\/dana.com.br\/canaldana\/?s={search_term_string}"},"query-input":{"@type":"PropertyValueSpecification","valueRequired":true,"valueName":"search_term_string"}}],"inLanguage":"pt-BR"},{"@type":"Person","@id":"https:\/\/dana.com.br\/canaldana\/#\/schema\/person\/3c21f22f56fcf3bc46b94bc60ea4fef6","name":"Canal Dana","image":{"@type":"ImageObject","inLanguage":"pt-BR","@id":"https:\/\/secure.gravatar.com\/avatar\/420aaf9278582877d9018637c6817617705899d2858d7572ef0fe59a6b6454b4?s=96&d=mm&r=g","url":"https:\/\/secure.gravatar.com\/avatar\/420aaf9278582877d9018637c6817617705899d2858d7572ef0fe59a6b6454b4?s=96&d=mm&r=g","contentUrl":"https:\/\/secure.gravatar.com\/avatar\/420aaf9278582877d9018637c6817617705899d2858d7572ef0fe59a6b6454b4?s=96&d=mm&r=g","caption":"Canal Dana"},"url":"https:\/\/dana.com.br\/canaldana\/author\/cdeditor\/"}]}},"_links":{"self":[{"href":"https:\/\/dana.com.br\/canaldana\/wp-json\/wp\/v2\/posts\/31868","targetHints":{"allow":["GET"]}}],"collection":[{"href":"https:\/\/dana.com.br\/canaldana\/wp-json\/wp\/v2\/posts"}],"about":[{"href":"https:\/\/dana.com.br\/canaldana\/wp-json\/wp\/v2\/types\/post"}],"author":[{"embeddable":true,"href":"https:\/\/dana.com.br\/canaldana\/wp-json\/wp\/v2\/users\/3"}],"replies":[{"embeddable":true,"href":"https:\/\/dana.com.br\/canaldana\/wp-json\/wp\/v2\/comments?post=31868"}],"version-history":[{"count":0,"href":"https:\/\/dana.com.br\/canaldana\/wp-json\/wp\/v2\/posts\/31868\/revisions"}],"wp:attachment":[{"href":"https:\/\/dana.com.br\/canaldana\/wp-json\/wp\/v2\/media?parent=31868"}],"wp:term":[{"taxonomy":"category","embeddable":true,"href":"https:\/\/dana.com.br\/canaldana\/wp-json\/wp\/v2\/categories?post=31868"},{"taxonomy":"post_tag","embeddable":true,"href":"https:\/\/dana.com.br\/canaldana\/wp-json\/wp\/v2\/tags?post=31868"}],"curies":[{"name":"wp","href":"https:\/\/api.w.org\/{rel}","templated":true}]}}