{"id":31839,"date":"2019-01-21T08:25:11","date_gmt":"2019-01-21T10:25:11","guid":{"rendered":"https:\/\/dana.com.br\/canaldana\/?p=31839"},"modified":"2019-01-21T08:25:11","modified_gmt":"2019-01-21T10:25:11","slug":"sob-pressao-gm-reune-prefeitos-e-sindicalistas","status":"publish","type":"post","link":"https:\/\/dana.com.br\/canaldana\/2019\/01\/21\/sob-pressao-gm-reune-prefeitos-e-sindicalistas\/","title":{"rendered":"Sob press\u00e3o, GM re\u00fane prefeitos e sindicalistas"},"content":{"rendered":"<p><em>O Estado de S. Paulo <\/em><\/p>\n<p>&nbsp;<\/p>\n<p>O presidente da General Motors Mercosul, Carlos Zarlenga, se re\u00fane amanh\u00e3 com dirigentes dos sindicatos dos metal\u00fargicos de S\u00e3o Caetano do Sul e de S\u00e3o Jos\u00e9 dos Campos (SP) para discutir um plano de viabilidade para as f\u00e1bricas locais.<\/p>\n<p>&nbsp;<\/p>\n<p>O encontro ocorrer\u00e1 em S\u00e3o Jos\u00e9 dos Campos, \u00e0s 11h e tamb\u00e9m ter\u00e1 as presen\u00e7as dos prefeitos das duas cidades, Jos\u00e9 Auricchio Jr. e Fel\u00edcio Ramuth, ambos do PSDB.<\/p>\n<p>&nbsp;<\/p>\n<p>Na sexta-feira, Zarlenga distribuiu aos funcion\u00e1rios comunicado alertando para \u201co momento muito cr\u00edtico\u201d que vive a empresa. Ele informou que a GM teve preju\u00edzo significativo no Brasil nos \u00faltimos tr\u00eas anos, resultado que \u201cn\u00e3o pode se repetir\u201d. Segundo fontes do setor automotivo, s\u00f3 em 2018 as perdas no Pa\u00eds estariam na casa de R$ 1 bilh\u00e3o. A press\u00e3o por revers\u00e3o do quadro teria vindo da pr\u00f3pria matriz.<\/p>\n<p>&nbsp;<\/p>\n<p>O comunicado reproduziu mat\u00e9ria publicada pelo jornal Detroit News, sobre recente declara\u00e7\u00e3o da presidente mundial da GM, Mary Barra, em que ela deu sinais de que a empresa considera sair da Am\u00e9rica do Sul. \u201cN\u00e3o vamos continuar investindo para perder dinheiro\u201d, disse.<\/p>\n<p>&nbsp;<\/p>\n<p>No comunicado, Zarlenga afirmou que, \u201c2019 ser\u00e1 um ano decisivo para nossa hist\u00f3ria\u201d e que a execu\u00e7\u00e3o do plano de viabilidade requer apoio do governo, concession\u00e1rios, empregados, sindicatos e fornecedores. \u201cDo sucesso desse plano dependem os investimentos da GM e o nosso futuro.\u201d<\/p>\n<p>&nbsp;<\/p>\n<p>Ele citou que os concession\u00e1rios j\u00e1 deram importantes contribui\u00e7\u00f5es. Fontes ligadas \u00e0 rede de varejo disseram que os revendedores aceitaram abrir m\u00e3o de 1% do valor da margem de venda dos carros novos.<\/p>\n<p>&nbsp;<\/p>\n<p><strong>Caos<\/strong><\/p>\n<p>&nbsp;<\/p>\n<p>\u201cQueremos transpar\u00eancia por parte da empresa na explica\u00e7\u00e3o deste plano\u201d, disse Renato Almeida, vice-presidente do Sindicato dos Metal\u00fargicos de S\u00e3o Jos\u00e9 dos Campos. \u201cSe a empresa de fato pensa em fechar f\u00e1bricas, ser\u00e1 um caos, pois o grupo emprega cerca de 20 mil pessoas no Pa\u00eds\u201d. Al\u00e9m de S\u00e3o Caetano e S\u00e3o Jos\u00e9, a GM tem f\u00e1bricas em Gravata\u00ed (RS), Joinville (SC) e Mogi das Cruzes \u2013 que ter\u00e3o reuni\u00f5es com a empresa em outros dias.<\/p>\n<p>&nbsp;<\/p>\n<p>Em nota, o Sindicato de S\u00e3o Jos\u00e9 dos Campos convocou \u201ctodas as organiza\u00e7\u00f5es sindicais e trabalhadores a se mobilizarem contra o fechamento das f\u00e1bricas e em defesa do emprego\u201d.<\/p>\n<p>&nbsp;<\/p>\n<p>Em 2017, a GM vendeu suas opera\u00e7\u00f5es da Europa. Em novembro passado anunciou o fechamento de quatro f\u00e1bricas nos EUA e uma no Canad\u00e1, que empregam quase 15 mil pessoas. A empresa tamb\u00e9m disse que fecharia outras duas unidades em outras regi\u00f5es, sem citar quais.<\/p>\n<p>&nbsp;<\/p>\n<p>Na ocasi\u00e3o, Zarlenga deu a entender que o Brasil n\u00e3o estava inclu\u00eddo no projeto, pois a maioria das f\u00e1bricas locais acabou de receber investimentos para produzir novos ve\u00edculos. O grupo \u00e9 l\u00edder de vendas no Pa\u00eds h\u00e1 tr\u00eas anos e anunciou 30 lan\u00e7amentos at\u00e9 2030, sendo 11 neste ano. (O Estado de S. Paulo\/Cleide Silva)<\/p>\n","protected":false},"excerpt":{"rendered":"<p>O Estado de S. Paulo &nbsp; O presidente da General Motors Mercosul, Carlos Zarlenga, se re\u00fane amanh\u00e3 com dirigentes dos sindicatos dos metal\u00fargicos de S\u00e3o Caetano do Sul e de S\u00e3o Jos\u00e9 dos Campos (SP) para discutir um plano de viabilidade para as f\u00e1bricas locais. &nbsp; O encontro ocorrer\u00e1 em S\u00e3o Jos\u00e9 dos Campos, \u00e0s\u2026 <a class=\"readmore\" href=\"https:\/\/dana.com.br\/canaldana\/2019\/01\/21\/sob-pressao-gm-reune-prefeitos-e-sindicalistas\/\">Leia mais \u00bb<\/a><\/p>\n","protected":false},"author":3,"featured_media":0,"comment_status":"closed","ping_status":"closed","sticky":false,"template":"","format":"standard","meta":{"_acf_changed":false,"footnotes":""},"categories":[61],"tags":[],"class_list":["post-31839","post","type-post","status-publish","format-standard","hentry","category-destaques"],"acf":[],"yoast_head":"<!-- This site is optimized with the Yoast SEO plugin v27.3 - https:\/\/yoast.com\/product\/yoast-seo-wordpress\/ -->\n<title>Sob press\u00e3o, GM re\u00fane prefeitos e sindicalistas - Canal Dana<\/title>\n<meta name=\"robots\" content=\"index, follow, max-snippet:-1, max-image-preview:large, max-video-preview:-1\" \/>\n<link rel=\"canonical\" href=\"https:\/\/dana.com.br\/canaldana\/2019\/01\/21\/sob-pressao-gm-reune-prefeitos-e-sindicalistas\/\" \/>\n<meta property=\"og:locale\" content=\"pt_BR\" \/>\n<meta property=\"og:type\" content=\"article\" \/>\n<meta property=\"og:title\" content=\"Sob press\u00e3o, GM re\u00fane prefeitos e sindicalistas - Canal Dana\" \/>\n<meta property=\"og:description\" content=\"O Estado de S. Paulo &nbsp; O presidente da General Motors Mercosul, Carlos Zarlenga, se re\u00fane amanh\u00e3 com dirigentes dos sindicatos dos metal\u00fargicos de S\u00e3o Caetano do Sul e de S\u00e3o Jos\u00e9 dos Campos (SP) para discutir um plano de viabilidade para as f\u00e1bricas locais. &nbsp; O encontro ocorrer\u00e1 em S\u00e3o Jos\u00e9 dos Campos, \u00e0s\u2026 Leia mais \u00bb\" \/>\n<meta property=\"og:url\" content=\"https:\/\/dana.com.br\/canaldana\/2019\/01\/21\/sob-pressao-gm-reune-prefeitos-e-sindicalistas\/\" \/>\n<meta property=\"og:site_name\" content=\"Canal Dana\" \/>\n<meta property=\"article:published_time\" content=\"2019-01-21T10:25:11+00:00\" \/>\n<meta name=\"author\" content=\"Canal Dana\" \/>\n<meta name=\"twitter:card\" content=\"summary_large_image\" \/>\n<meta name=\"twitter:label1\" content=\"Escrito por\" \/>\n\t<meta name=\"twitter:data1\" content=\"Canal Dana\" \/>\n\t<meta name=\"twitter:label2\" content=\"Est. tempo de leitura\" \/>\n\t<meta name=\"twitter:data2\" content=\"3 minutos\" \/>\n<script type=\"application\/ld+json\" class=\"yoast-schema-graph\">{\"@context\":\"https:\\\/\\\/schema.org\",\"@graph\":[{\"@type\":\"Article\",\"@id\":\"https:\\\/\\\/dana.com.br\\\/canaldana\\\/2019\\\/01\\\/21\\\/sob-pressao-gm-reune-prefeitos-e-sindicalistas\\\/#article\",\"isPartOf\":{\"@id\":\"https:\\\/\\\/dana.com.br\\\/canaldana\\\/2019\\\/01\\\/21\\\/sob-pressao-gm-reune-prefeitos-e-sindicalistas\\\/\"},\"author\":{\"name\":\"Canal Dana\",\"@id\":\"https:\\\/\\\/dana.com.br\\\/canaldana\\\/#\\\/schema\\\/person\\\/3c21f22f56fcf3bc46b94bc60ea4fef6\"},\"headline\":\"Sob press\u00e3o, GM re\u00fane prefeitos e sindicalistas\",\"datePublished\":\"2019-01-21T10:25:11+00:00\",\"mainEntityOfPage\":{\"@id\":\"https:\\\/\\\/dana.com.br\\\/canaldana\\\/2019\\\/01\\\/21\\\/sob-pressao-gm-reune-prefeitos-e-sindicalistas\\\/\"},\"wordCount\":529,\"articleSection\":[\"Destaques\"],\"inLanguage\":\"pt-BR\"},{\"@type\":\"WebPage\",\"@id\":\"https:\\\/\\\/dana.com.br\\\/canaldana\\\/2019\\\/01\\\/21\\\/sob-pressao-gm-reune-prefeitos-e-sindicalistas\\\/\",\"url\":\"https:\\\/\\\/dana.com.br\\\/canaldana\\\/2019\\\/01\\\/21\\\/sob-pressao-gm-reune-prefeitos-e-sindicalistas\\\/\",\"name\":\"Sob press\u00e3o, GM re\u00fane prefeitos e sindicalistas - Canal Dana\",\"isPartOf\":{\"@id\":\"https:\\\/\\\/dana.com.br\\\/canaldana\\\/#website\"},\"datePublished\":\"2019-01-21T10:25:11+00:00\",\"author\":{\"@id\":\"https:\\\/\\\/dana.com.br\\\/canaldana\\\/#\\\/schema\\\/person\\\/3c21f22f56fcf3bc46b94bc60ea4fef6\"},\"breadcrumb\":{\"@id\":\"https:\\\/\\\/dana.com.br\\\/canaldana\\\/2019\\\/01\\\/21\\\/sob-pressao-gm-reune-prefeitos-e-sindicalistas\\\/#breadcrumb\"},\"inLanguage\":\"pt-BR\",\"potentialAction\":[{\"@type\":\"ReadAction\",\"target\":[\"https:\\\/\\\/dana.com.br\\\/canaldana\\\/2019\\\/01\\\/21\\\/sob-pressao-gm-reune-prefeitos-e-sindicalistas\\\/\"]}]},{\"@type\":\"BreadcrumbList\",\"@id\":\"https:\\\/\\\/dana.com.br\\\/canaldana\\\/2019\\\/01\\\/21\\\/sob-pressao-gm-reune-prefeitos-e-sindicalistas\\\/#breadcrumb\",\"itemListElement\":[{\"@type\":\"ListItem\",\"position\":1,\"name\":\"Home\",\"item\":\"https:\\\/\\\/dana.com.br\\\/canaldana\\\/\"},{\"@type\":\"ListItem\",\"position\":2,\"name\":\"Destaques\",\"item\":\"https:\\\/\\\/dana.com.br\\\/canaldana\\\/destaques\\\/\"},{\"@type\":\"ListItem\",\"position\":3,\"name\":\"Sob press\u00e3o, GM re\u00fane prefeitos e sindicalistas\"}]},{\"@type\":\"WebSite\",\"@id\":\"https:\\\/\\\/dana.com.br\\\/canaldana\\\/#website\",\"url\":\"https:\\\/\\\/dana.com.br\\\/canaldana\\\/\",\"name\":\"Canal Dana\",\"description\":\"Informativo com as principais not\u00edcias da ind\u00fastria automotiva\",\"potentialAction\":[{\"@type\":\"SearchAction\",\"target\":{\"@type\":\"EntryPoint\",\"urlTemplate\":\"https:\\\/\\\/dana.com.br\\\/canaldana\\\/?s={search_term_string}\"},\"query-input\":{\"@type\":\"PropertyValueSpecification\",\"valueRequired\":true,\"valueName\":\"search_term_string\"}}],\"inLanguage\":\"pt-BR\"},{\"@type\":\"Person\",\"@id\":\"https:\\\/\\\/dana.com.br\\\/canaldana\\\/#\\\/schema\\\/person\\\/3c21f22f56fcf3bc46b94bc60ea4fef6\",\"name\":\"Canal Dana\",\"image\":{\"@type\":\"ImageObject\",\"inLanguage\":\"pt-BR\",\"@id\":\"https:\\\/\\\/secure.gravatar.com\\\/avatar\\\/420aaf9278582877d9018637c6817617705899d2858d7572ef0fe59a6b6454b4?s=96&d=mm&r=g\",\"url\":\"https:\\\/\\\/secure.gravatar.com\\\/avatar\\\/420aaf9278582877d9018637c6817617705899d2858d7572ef0fe59a6b6454b4?s=96&d=mm&r=g\",\"contentUrl\":\"https:\\\/\\\/secure.gravatar.com\\\/avatar\\\/420aaf9278582877d9018637c6817617705899d2858d7572ef0fe59a6b6454b4?s=96&d=mm&r=g\",\"caption\":\"Canal Dana\"},\"url\":\"https:\\\/\\\/dana.com.br\\\/canaldana\\\/author\\\/cdeditor\\\/\"}]}<\/script>\n<!-- \/ Yoast SEO plugin. -->","yoast_head_json":{"title":"Sob press\u00e3o, GM re\u00fane prefeitos e sindicalistas - Canal Dana","robots":{"index":"index","follow":"follow","max-snippet":"max-snippet:-1","max-image-preview":"max-image-preview:large","max-video-preview":"max-video-preview:-1"},"canonical":"https:\/\/dana.com.br\/canaldana\/2019\/01\/21\/sob-pressao-gm-reune-prefeitos-e-sindicalistas\/","og_locale":"pt_BR","og_type":"article","og_title":"Sob press\u00e3o, GM re\u00fane prefeitos e sindicalistas - Canal Dana","og_description":"O Estado de S. Paulo &nbsp; O presidente da General Motors Mercosul, Carlos Zarlenga, se re\u00fane amanh\u00e3 com dirigentes dos sindicatos dos metal\u00fargicos de S\u00e3o Caetano do Sul e de S\u00e3o Jos\u00e9 dos Campos (SP) para discutir um plano de viabilidade para as f\u00e1bricas locais. &nbsp; O encontro ocorrer\u00e1 em S\u00e3o Jos\u00e9 dos Campos, \u00e0s\u2026 Leia mais \u00bb","og_url":"https:\/\/dana.com.br\/canaldana\/2019\/01\/21\/sob-pressao-gm-reune-prefeitos-e-sindicalistas\/","og_site_name":"Canal Dana","article_published_time":"2019-01-21T10:25:11+00:00","author":"Canal Dana","twitter_card":"summary_large_image","twitter_misc":{"Escrito por":"Canal Dana","Est. tempo de leitura":"3 minutos"},"schema":{"@context":"https:\/\/schema.org","@graph":[{"@type":"Article","@id":"https:\/\/dana.com.br\/canaldana\/2019\/01\/21\/sob-pressao-gm-reune-prefeitos-e-sindicalistas\/#article","isPartOf":{"@id":"https:\/\/dana.com.br\/canaldana\/2019\/01\/21\/sob-pressao-gm-reune-prefeitos-e-sindicalistas\/"},"author":{"name":"Canal Dana","@id":"https:\/\/dana.com.br\/canaldana\/#\/schema\/person\/3c21f22f56fcf3bc46b94bc60ea4fef6"},"headline":"Sob press\u00e3o, GM re\u00fane prefeitos e sindicalistas","datePublished":"2019-01-21T10:25:11+00:00","mainEntityOfPage":{"@id":"https:\/\/dana.com.br\/canaldana\/2019\/01\/21\/sob-pressao-gm-reune-prefeitos-e-sindicalistas\/"},"wordCount":529,"articleSection":["Destaques"],"inLanguage":"pt-BR"},{"@type":"WebPage","@id":"https:\/\/dana.com.br\/canaldana\/2019\/01\/21\/sob-pressao-gm-reune-prefeitos-e-sindicalistas\/","url":"https:\/\/dana.com.br\/canaldana\/2019\/01\/21\/sob-pressao-gm-reune-prefeitos-e-sindicalistas\/","name":"Sob press\u00e3o, GM re\u00fane prefeitos e sindicalistas - Canal Dana","isPartOf":{"@id":"https:\/\/dana.com.br\/canaldana\/#website"},"datePublished":"2019-01-21T10:25:11+00:00","author":{"@id":"https:\/\/dana.com.br\/canaldana\/#\/schema\/person\/3c21f22f56fcf3bc46b94bc60ea4fef6"},"breadcrumb":{"@id":"https:\/\/dana.com.br\/canaldana\/2019\/01\/21\/sob-pressao-gm-reune-prefeitos-e-sindicalistas\/#breadcrumb"},"inLanguage":"pt-BR","potentialAction":[{"@type":"ReadAction","target":["https:\/\/dana.com.br\/canaldana\/2019\/01\/21\/sob-pressao-gm-reune-prefeitos-e-sindicalistas\/"]}]},{"@type":"BreadcrumbList","@id":"https:\/\/dana.com.br\/canaldana\/2019\/01\/21\/sob-pressao-gm-reune-prefeitos-e-sindicalistas\/#breadcrumb","itemListElement":[{"@type":"ListItem","position":1,"name":"Home","item":"https:\/\/dana.com.br\/canaldana\/"},{"@type":"ListItem","position":2,"name":"Destaques","item":"https:\/\/dana.com.br\/canaldana\/destaques\/"},{"@type":"ListItem","position":3,"name":"Sob press\u00e3o, GM re\u00fane prefeitos e sindicalistas"}]},{"@type":"WebSite","@id":"https:\/\/dana.com.br\/canaldana\/#website","url":"https:\/\/dana.com.br\/canaldana\/","name":"Canal Dana","description":"Informativo com as principais not\u00edcias da ind\u00fastria automotiva","potentialAction":[{"@type":"SearchAction","target":{"@type":"EntryPoint","urlTemplate":"https:\/\/dana.com.br\/canaldana\/?s={search_term_string}"},"query-input":{"@type":"PropertyValueSpecification","valueRequired":true,"valueName":"search_term_string"}}],"inLanguage":"pt-BR"},{"@type":"Person","@id":"https:\/\/dana.com.br\/canaldana\/#\/schema\/person\/3c21f22f56fcf3bc46b94bc60ea4fef6","name":"Canal Dana","image":{"@type":"ImageObject","inLanguage":"pt-BR","@id":"https:\/\/secure.gravatar.com\/avatar\/420aaf9278582877d9018637c6817617705899d2858d7572ef0fe59a6b6454b4?s=96&d=mm&r=g","url":"https:\/\/secure.gravatar.com\/avatar\/420aaf9278582877d9018637c6817617705899d2858d7572ef0fe59a6b6454b4?s=96&d=mm&r=g","contentUrl":"https:\/\/secure.gravatar.com\/avatar\/420aaf9278582877d9018637c6817617705899d2858d7572ef0fe59a6b6454b4?s=96&d=mm&r=g","caption":"Canal Dana"},"url":"https:\/\/dana.com.br\/canaldana\/author\/cdeditor\/"}]}},"_links":{"self":[{"href":"https:\/\/dana.com.br\/canaldana\/wp-json\/wp\/v2\/posts\/31839","targetHints":{"allow":["GET"]}}],"collection":[{"href":"https:\/\/dana.com.br\/canaldana\/wp-json\/wp\/v2\/posts"}],"about":[{"href":"https:\/\/dana.com.br\/canaldana\/wp-json\/wp\/v2\/types\/post"}],"author":[{"embeddable":true,"href":"https:\/\/dana.com.br\/canaldana\/wp-json\/wp\/v2\/users\/3"}],"replies":[{"embeddable":true,"href":"https:\/\/dana.com.br\/canaldana\/wp-json\/wp\/v2\/comments?post=31839"}],"version-history":[{"count":0,"href":"https:\/\/dana.com.br\/canaldana\/wp-json\/wp\/v2\/posts\/31839\/revisions"}],"wp:attachment":[{"href":"https:\/\/dana.com.br\/canaldana\/wp-json\/wp\/v2\/media?parent=31839"}],"wp:term":[{"taxonomy":"category","embeddable":true,"href":"https:\/\/dana.com.br\/canaldana\/wp-json\/wp\/v2\/categories?post=31839"},{"taxonomy":"post_tag","embeddable":true,"href":"https:\/\/dana.com.br\/canaldana\/wp-json\/wp\/v2\/tags?post=31839"}],"curies":[{"name":"wp","href":"https:\/\/api.w.org\/{rel}","templated":true}]}}