{"id":31603,"date":"2019-01-10T08:51:22","date_gmt":"2019-01-10T10:51:22","guid":{"rendered":"https:\/\/dana.com.br\/canaldana\/?p=31603"},"modified":"2019-01-10T08:51:22","modified_gmt":"2019-01-10T10:51:22","slug":"sbctrans-premia-os-melhores-funcionarios","status":"publish","type":"post","link":"https:\/\/dana.com.br\/canaldana\/2019\/01\/10\/sbctrans-premia-os-melhores-funcionarios\/","title":{"rendered":"SBCTrans premia os melhores funcion\u00e1rios"},"content":{"rendered":"<p><em>Jornal Joseense <\/em><\/p>\n<p>&nbsp;<\/p>\n<p>A SBCTrans, principal operadora do transporte coletivo urbano de S\u00e3o Bernardo do Campo e uma das mais bem-avaliadas do Estado de S\u00e3o Paulo, fez a entrega, no final de dezembro, do Pr\u00eamio Estrelas do Ano 2018, em reconhecimento ao trabalho e \u00e0 dedica\u00e7\u00e3o dos colaboradores das empresas SBCTrans, Diastur e Cart\u00e3o Legal.<\/p>\n<p>&nbsp;<\/p>\n<p>Dividida em categorias, como Administra\u00e7\u00e3o, Manuten\u00e7\u00e3o, Fiscaliza\u00e7\u00e3o, Motorista de Micro-\u00f4nibus e Motorista, entre outras, a premia\u00e7\u00e3o elegeu os destaques conforme crit\u00e9rios espec\u00edficos (tempo de casa, ficha de conduta e avalia\u00e7\u00e3o dos gestores e da diretoria). Foram homenageados tamb\u00e9m os funcion\u00e1rios com mais de 20 anos de atividade na empresa.<\/p>\n<p>&nbsp;<\/p>\n<p>Segundo Milena Braga Romano, diretora executiva da SBCTrans, a a\u00e7\u00e3o \u00e9 um verdadeiro incentivo aos colaboradores para se aperfei\u00e7oarem e prestaram um servi\u00e7o cada vez melhor \u00e0 comunidade de S\u00e3o Bernardo do Campo. \u201cQuanto mais investimos na forma\u00e7\u00e3o profissional e motivamos os nossos funcion\u00e1rios, mais benef\u00edcios e bem-estar proporcionamos aos nossos clientes e usu\u00e1rios do transporte coletivo do munic\u00edpio\u201d, salienta a executiva.<\/p>\n<p>&nbsp;<\/p>\n<p>Em 2018, no qual comemoramos 20 anos de atividades da SBCtrans, tamb\u00e9m foi marcado pela realiza\u00e7\u00e3o de diversas a\u00e7\u00f5es internas e externas importantes, sempre com o objetivo de motivar e incentivar os nossos colaboradores e cativar e nos aproximar da comunidade\u201d, destaca Milena.<\/p>\n<p>&nbsp;<\/p>\n<p>Os funcion\u00e1rios premiados e homenageados em 2018 foram:<\/p>\n<p>&nbsp;<\/p>\n<p>Linaldo Morais da Silva (Manuten\u00e7\u00e3o); Vagner Rogerio Cruz (Manuten\u00e7\u00e3o); Ivonildo Pereira Couto (Fiscaliza\u00e7\u00e3o); Eduardo Teixeira Rodrigues (Fiscaliza\u00e7\u00e3o); Carlos Alberto da Silva (Cobrador); Marinalva Oliveira Alves Almeida (Cobrador); Franciso Alves da Silva (Motorista de Micro-\u00f4nibus); Edilmazio Araujo da Silva (Motorista de Micro); Laercio da Silva Morais Filho (Motorista); Paulo Henrique Aparecido (Motorista); Wellington Evangelista (Motorista); Edison Gon\u00e7alves dos Santos (20 Anos); Elias da Costa Ferreira (20 Anos); Carolina Ferrabotti de Araujo (Administrativo); Luana Ilzete Santos (Cart\u00e3o Legal); Marcia M. Ferreira Dantas Gaeta (Diastur); Rosangela Alves Martins (Diastur); Paulo Jos\u00e9 Soares (Infraestrutura); Ant\u00f4nio Dias Reis (Gestor); Jo\u00e3o Ferreira Neto (L\u00edder); Glic\u00e9lio Pereira da Silva (L\u00edder); Rafael Ribeiro (L\u00edder); Cristine Duarte (L\u00edder), e Fabio Xavier (L\u00edder). (Jornal Joseense)<\/p>\n","protected":false},"excerpt":{"rendered":"<p>Jornal Joseense &nbsp; A SBCTrans, principal operadora do transporte coletivo urbano de S\u00e3o Bernardo do Campo e uma das mais bem-avaliadas do Estado de S\u00e3o Paulo, fez a entrega, no final de dezembro, do Pr\u00eamio Estrelas do Ano 2018, em reconhecimento ao trabalho e \u00e0 dedica\u00e7\u00e3o dos colaboradores das empresas SBCTrans, Diastur e Cart\u00e3o Legal.\u2026 <a class=\"readmore\" href=\"https:\/\/dana.com.br\/canaldana\/2019\/01\/10\/sbctrans-premia-os-melhores-funcionarios\/\">Leia mais \u00bb<\/a><\/p>\n","protected":false},"author":3,"featured_media":0,"comment_status":"closed","ping_status":"closed","sticky":false,"template":"","format":"standard","meta":{"_acf_changed":false,"footnotes":""},"categories":[74],"tags":[],"class_list":["post-31603","post","type-post","status-publish","format-standard","hentry","category-premios"],"acf":[],"yoast_head":"<!-- This site is optimized with the Yoast SEO plugin v27.3 - https:\/\/yoast.com\/product\/yoast-seo-wordpress\/ -->\n<title>SBCTrans premia os melhores funcion\u00e1rios - Canal Dana<\/title>\n<meta name=\"robots\" content=\"index, follow, max-snippet:-1, max-image-preview:large, max-video-preview:-1\" \/>\n<link rel=\"canonical\" href=\"https:\/\/dana.com.br\/canaldana\/2019\/01\/10\/sbctrans-premia-os-melhores-funcionarios\/\" \/>\n<meta property=\"og:locale\" content=\"pt_BR\" \/>\n<meta property=\"og:type\" content=\"article\" \/>\n<meta property=\"og:title\" content=\"SBCTrans premia os melhores funcion\u00e1rios - Canal Dana\" \/>\n<meta property=\"og:description\" content=\"Jornal Joseense &nbsp; A SBCTrans, principal operadora do transporte coletivo urbano de S\u00e3o Bernardo do Campo e uma das mais bem-avaliadas do Estado de S\u00e3o Paulo, fez a entrega, no final de dezembro, do Pr\u00eamio Estrelas do Ano 2018, em reconhecimento ao trabalho e \u00e0 dedica\u00e7\u00e3o dos colaboradores das empresas SBCTrans, Diastur e Cart\u00e3o Legal.\u2026 Leia mais \u00bb\" \/>\n<meta property=\"og:url\" content=\"https:\/\/dana.com.br\/canaldana\/2019\/01\/10\/sbctrans-premia-os-melhores-funcionarios\/\" \/>\n<meta property=\"og:site_name\" content=\"Canal Dana\" \/>\n<meta property=\"article:published_time\" content=\"2019-01-10T10:51:22+00:00\" \/>\n<meta name=\"author\" content=\"Canal Dana\" \/>\n<meta name=\"twitter:card\" content=\"summary_large_image\" \/>\n<meta name=\"twitter:label1\" content=\"Escrito por\" \/>\n\t<meta name=\"twitter:data1\" content=\"Canal Dana\" \/>\n\t<meta name=\"twitter:label2\" content=\"Est. tempo de leitura\" \/>\n\t<meta name=\"twitter:data2\" content=\"2 minutos\" \/>\n<script type=\"application\/ld+json\" class=\"yoast-schema-graph\">{\"@context\":\"https:\\\/\\\/schema.org\",\"@graph\":[{\"@type\":\"Article\",\"@id\":\"https:\\\/\\\/dana.com.br\\\/canaldana\\\/2019\\\/01\\\/10\\\/sbctrans-premia-os-melhores-funcionarios\\\/#article\",\"isPartOf\":{\"@id\":\"https:\\\/\\\/dana.com.br\\\/canaldana\\\/2019\\\/01\\\/10\\\/sbctrans-premia-os-melhores-funcionarios\\\/\"},\"author\":{\"name\":\"Canal Dana\",\"@id\":\"https:\\\/\\\/dana.com.br\\\/canaldana\\\/#\\\/schema\\\/person\\\/3c21f22f56fcf3bc46b94bc60ea4fef6\"},\"headline\":\"SBCTrans premia os melhores funcion\u00e1rios\",\"datePublished\":\"2019-01-10T10:51:22+00:00\",\"mainEntityOfPage\":{\"@id\":\"https:\\\/\\\/dana.com.br\\\/canaldana\\\/2019\\\/01\\\/10\\\/sbctrans-premia-os-melhores-funcionarios\\\/\"},\"wordCount\":376,\"articleSection\":[\"Pr\u00eamios\"],\"inLanguage\":\"pt-BR\"},{\"@type\":\"WebPage\",\"@id\":\"https:\\\/\\\/dana.com.br\\\/canaldana\\\/2019\\\/01\\\/10\\\/sbctrans-premia-os-melhores-funcionarios\\\/\",\"url\":\"https:\\\/\\\/dana.com.br\\\/canaldana\\\/2019\\\/01\\\/10\\\/sbctrans-premia-os-melhores-funcionarios\\\/\",\"name\":\"SBCTrans premia os melhores funcion\u00e1rios - Canal Dana\",\"isPartOf\":{\"@id\":\"https:\\\/\\\/dana.com.br\\\/canaldana\\\/#website\"},\"datePublished\":\"2019-01-10T10:51:22+00:00\",\"author\":{\"@id\":\"https:\\\/\\\/dana.com.br\\\/canaldana\\\/#\\\/schema\\\/person\\\/3c21f22f56fcf3bc46b94bc60ea4fef6\"},\"breadcrumb\":{\"@id\":\"https:\\\/\\\/dana.com.br\\\/canaldana\\\/2019\\\/01\\\/10\\\/sbctrans-premia-os-melhores-funcionarios\\\/#breadcrumb\"},\"inLanguage\":\"pt-BR\",\"potentialAction\":[{\"@type\":\"ReadAction\",\"target\":[\"https:\\\/\\\/dana.com.br\\\/canaldana\\\/2019\\\/01\\\/10\\\/sbctrans-premia-os-melhores-funcionarios\\\/\"]}]},{\"@type\":\"BreadcrumbList\",\"@id\":\"https:\\\/\\\/dana.com.br\\\/canaldana\\\/2019\\\/01\\\/10\\\/sbctrans-premia-os-melhores-funcionarios\\\/#breadcrumb\",\"itemListElement\":[{\"@type\":\"ListItem\",\"position\":1,\"name\":\"Home\",\"item\":\"https:\\\/\\\/dana.com.br\\\/canaldana\\\/\"},{\"@type\":\"ListItem\",\"position\":2,\"name\":\"Pr\u00eamios\",\"item\":\"https:\\\/\\\/dana.com.br\\\/canaldana\\\/premios\\\/\"},{\"@type\":\"ListItem\",\"position\":3,\"name\":\"SBCTrans premia os melhores funcion\u00e1rios\"}]},{\"@type\":\"WebSite\",\"@id\":\"https:\\\/\\\/dana.com.br\\\/canaldana\\\/#website\",\"url\":\"https:\\\/\\\/dana.com.br\\\/canaldana\\\/\",\"name\":\"Canal Dana\",\"description\":\"Informativo com as principais not\u00edcias da ind\u00fastria automotiva\",\"potentialAction\":[{\"@type\":\"SearchAction\",\"target\":{\"@type\":\"EntryPoint\",\"urlTemplate\":\"https:\\\/\\\/dana.com.br\\\/canaldana\\\/?s={search_term_string}\"},\"query-input\":{\"@type\":\"PropertyValueSpecification\",\"valueRequired\":true,\"valueName\":\"search_term_string\"}}],\"inLanguage\":\"pt-BR\"},{\"@type\":\"Person\",\"@id\":\"https:\\\/\\\/dana.com.br\\\/canaldana\\\/#\\\/schema\\\/person\\\/3c21f22f56fcf3bc46b94bc60ea4fef6\",\"name\":\"Canal Dana\",\"image\":{\"@type\":\"ImageObject\",\"inLanguage\":\"pt-BR\",\"@id\":\"https:\\\/\\\/secure.gravatar.com\\\/avatar\\\/420aaf9278582877d9018637c6817617705899d2858d7572ef0fe59a6b6454b4?s=96&d=mm&r=g\",\"url\":\"https:\\\/\\\/secure.gravatar.com\\\/avatar\\\/420aaf9278582877d9018637c6817617705899d2858d7572ef0fe59a6b6454b4?s=96&d=mm&r=g\",\"contentUrl\":\"https:\\\/\\\/secure.gravatar.com\\\/avatar\\\/420aaf9278582877d9018637c6817617705899d2858d7572ef0fe59a6b6454b4?s=96&d=mm&r=g\",\"caption\":\"Canal Dana\"},\"url\":\"https:\\\/\\\/dana.com.br\\\/canaldana\\\/author\\\/cdeditor\\\/\"}]}<\/script>\n<!-- \/ Yoast SEO plugin. -->","yoast_head_json":{"title":"SBCTrans premia os melhores funcion\u00e1rios - Canal Dana","robots":{"index":"index","follow":"follow","max-snippet":"max-snippet:-1","max-image-preview":"max-image-preview:large","max-video-preview":"max-video-preview:-1"},"canonical":"https:\/\/dana.com.br\/canaldana\/2019\/01\/10\/sbctrans-premia-os-melhores-funcionarios\/","og_locale":"pt_BR","og_type":"article","og_title":"SBCTrans premia os melhores funcion\u00e1rios - Canal Dana","og_description":"Jornal Joseense &nbsp; A SBCTrans, principal operadora do transporte coletivo urbano de S\u00e3o Bernardo do Campo e uma das mais bem-avaliadas do Estado de S\u00e3o Paulo, fez a entrega, no final de dezembro, do Pr\u00eamio Estrelas do Ano 2018, em reconhecimento ao trabalho e \u00e0 dedica\u00e7\u00e3o dos colaboradores das empresas SBCTrans, Diastur e Cart\u00e3o Legal.\u2026 Leia mais \u00bb","og_url":"https:\/\/dana.com.br\/canaldana\/2019\/01\/10\/sbctrans-premia-os-melhores-funcionarios\/","og_site_name":"Canal Dana","article_published_time":"2019-01-10T10:51:22+00:00","author":"Canal Dana","twitter_card":"summary_large_image","twitter_misc":{"Escrito por":"Canal Dana","Est. tempo de leitura":"2 minutos"},"schema":{"@context":"https:\/\/schema.org","@graph":[{"@type":"Article","@id":"https:\/\/dana.com.br\/canaldana\/2019\/01\/10\/sbctrans-premia-os-melhores-funcionarios\/#article","isPartOf":{"@id":"https:\/\/dana.com.br\/canaldana\/2019\/01\/10\/sbctrans-premia-os-melhores-funcionarios\/"},"author":{"name":"Canal Dana","@id":"https:\/\/dana.com.br\/canaldana\/#\/schema\/person\/3c21f22f56fcf3bc46b94bc60ea4fef6"},"headline":"SBCTrans premia os melhores funcion\u00e1rios","datePublished":"2019-01-10T10:51:22+00:00","mainEntityOfPage":{"@id":"https:\/\/dana.com.br\/canaldana\/2019\/01\/10\/sbctrans-premia-os-melhores-funcionarios\/"},"wordCount":376,"articleSection":["Pr\u00eamios"],"inLanguage":"pt-BR"},{"@type":"WebPage","@id":"https:\/\/dana.com.br\/canaldana\/2019\/01\/10\/sbctrans-premia-os-melhores-funcionarios\/","url":"https:\/\/dana.com.br\/canaldana\/2019\/01\/10\/sbctrans-premia-os-melhores-funcionarios\/","name":"SBCTrans premia os melhores funcion\u00e1rios - Canal Dana","isPartOf":{"@id":"https:\/\/dana.com.br\/canaldana\/#website"},"datePublished":"2019-01-10T10:51:22+00:00","author":{"@id":"https:\/\/dana.com.br\/canaldana\/#\/schema\/person\/3c21f22f56fcf3bc46b94bc60ea4fef6"},"breadcrumb":{"@id":"https:\/\/dana.com.br\/canaldana\/2019\/01\/10\/sbctrans-premia-os-melhores-funcionarios\/#breadcrumb"},"inLanguage":"pt-BR","potentialAction":[{"@type":"ReadAction","target":["https:\/\/dana.com.br\/canaldana\/2019\/01\/10\/sbctrans-premia-os-melhores-funcionarios\/"]}]},{"@type":"BreadcrumbList","@id":"https:\/\/dana.com.br\/canaldana\/2019\/01\/10\/sbctrans-premia-os-melhores-funcionarios\/#breadcrumb","itemListElement":[{"@type":"ListItem","position":1,"name":"Home","item":"https:\/\/dana.com.br\/canaldana\/"},{"@type":"ListItem","position":2,"name":"Pr\u00eamios","item":"https:\/\/dana.com.br\/canaldana\/premios\/"},{"@type":"ListItem","position":3,"name":"SBCTrans premia os melhores funcion\u00e1rios"}]},{"@type":"WebSite","@id":"https:\/\/dana.com.br\/canaldana\/#website","url":"https:\/\/dana.com.br\/canaldana\/","name":"Canal Dana","description":"Informativo com as principais not\u00edcias da ind\u00fastria automotiva","potentialAction":[{"@type":"SearchAction","target":{"@type":"EntryPoint","urlTemplate":"https:\/\/dana.com.br\/canaldana\/?s={search_term_string}"},"query-input":{"@type":"PropertyValueSpecification","valueRequired":true,"valueName":"search_term_string"}}],"inLanguage":"pt-BR"},{"@type":"Person","@id":"https:\/\/dana.com.br\/canaldana\/#\/schema\/person\/3c21f22f56fcf3bc46b94bc60ea4fef6","name":"Canal Dana","image":{"@type":"ImageObject","inLanguage":"pt-BR","@id":"https:\/\/secure.gravatar.com\/avatar\/420aaf9278582877d9018637c6817617705899d2858d7572ef0fe59a6b6454b4?s=96&d=mm&r=g","url":"https:\/\/secure.gravatar.com\/avatar\/420aaf9278582877d9018637c6817617705899d2858d7572ef0fe59a6b6454b4?s=96&d=mm&r=g","contentUrl":"https:\/\/secure.gravatar.com\/avatar\/420aaf9278582877d9018637c6817617705899d2858d7572ef0fe59a6b6454b4?s=96&d=mm&r=g","caption":"Canal Dana"},"url":"https:\/\/dana.com.br\/canaldana\/author\/cdeditor\/"}]}},"_links":{"self":[{"href":"https:\/\/dana.com.br\/canaldana\/wp-json\/wp\/v2\/posts\/31603","targetHints":{"allow":["GET"]}}],"collection":[{"href":"https:\/\/dana.com.br\/canaldana\/wp-json\/wp\/v2\/posts"}],"about":[{"href":"https:\/\/dana.com.br\/canaldana\/wp-json\/wp\/v2\/types\/post"}],"author":[{"embeddable":true,"href":"https:\/\/dana.com.br\/canaldana\/wp-json\/wp\/v2\/users\/3"}],"replies":[{"embeddable":true,"href":"https:\/\/dana.com.br\/canaldana\/wp-json\/wp\/v2\/comments?post=31603"}],"version-history":[{"count":0,"href":"https:\/\/dana.com.br\/canaldana\/wp-json\/wp\/v2\/posts\/31603\/revisions"}],"wp:attachment":[{"href":"https:\/\/dana.com.br\/canaldana\/wp-json\/wp\/v2\/media?parent=31603"}],"wp:term":[{"taxonomy":"category","embeddable":true,"href":"https:\/\/dana.com.br\/canaldana\/wp-json\/wp\/v2\/categories?post=31603"},{"taxonomy":"post_tag","embeddable":true,"href":"https:\/\/dana.com.br\/canaldana\/wp-json\/wp\/v2\/tags?post=31603"}],"curies":[{"name":"wp","href":"https:\/\/api.w.org\/{rel}","templated":true}]}}