{"id":31596,"date":"2019-01-09T09:16:16","date_gmt":"2019-01-09T11:16:16","guid":{"rendered":"https:\/\/dana.com.br\/canaldana\/?p=31596"},"modified":"2019-01-09T09:16:16","modified_gmt":"2019-01-09T11:16:16","slug":"foton-passa-a-atuar-com-apoio-da-matriz-chinesa","status":"publish","type":"post","link":"https:\/\/dana.com.br\/canaldana\/2019\/01\/09\/foton-passa-a-atuar-com-apoio-da-matriz-chinesa\/","title":{"rendered":"Foton passa a atuar com apoio da matriz chinesa"},"content":{"rendered":"<p><em>Revista Amanh\u00e3<\/em><\/p>\n<p>&nbsp;<\/p>\n<p>A partir de agora a opera\u00e7\u00e3o da Foton no Brasil passa a contar com a coopera\u00e7\u00e3o da matriz chinesa, intensificando assim sua atua\u00e7\u00e3o no mercado nacional. Durante cerca de oito anos, por meio da Foton Aumark do Brasil, houve a estrutura\u00e7\u00e3o da rede de concession\u00e1rias em todo o pa\u00eds, al\u00e9m do investimento na aquisi\u00e7\u00e3o de um terreno em Gua\u00edba (RS), para constru\u00e7\u00e3o da f\u00e1brica. Diante da severa e prolongada crise econ\u00f4mica iniciada em 2014, a empresa tomou a decis\u00e3o de, a partir de 2016, passar a produzir em solo brasileiro em parceria com a Agrale, em Caxias do Sul (RS).<\/p>\n<p>&nbsp;<\/p>\n<p>A Foton agora pode abastecer o mercado brasileiro tanto com produtos produzidos localmente como avaliar o portf\u00f3lio da matriz na China e, de acordo com a demanda e conveni\u00eancia do mercado, introduzir novos modelos mais rapidamente. Esse novo cen\u00e1rio, com apoio e parceria da matriz chinesa, incentiva e fomenta a expans\u00e3o da rede, que j\u00e1 est\u00e1 em pleno curso. O Brasil faz parte de um plano estrat\u00e9gico para que a Foton atue mais ativamente no ocidente, onde ter\u00e1 fundamentalmente empresas de origem europeia como competidores locais instalados h\u00e1 v\u00e1rios anos. Isso permitir\u00e1 elevar os padr\u00f5es de requerimentos dos produtos, fato que pode ser confirmado tamb\u00e9m pela parceria estrat\u00e9gica que a Foton possui na China com a Daimler nos caminh\u00f5es pesados.<\/p>\n<p>&nbsp;<\/p>\n<p>Ao se estabelecer no Brasil e trabalhar em sinergia com a Foton Aumark do Brasil, a matriz da Foton definiu o mercado brasileiro como um dos mais estrat\u00e9gicos e importantes em seu plano de expans\u00e3o, por ser o maior da Am\u00e9rica Latina e s\u00e9timo do mundo. Al\u00e9m disso, acena com a possibilidade de abastecer os demais pa\u00edses da regi\u00e3o latino-americana, j\u00e1 que sua localiza\u00e7\u00e3o no Rio Grande do Sul foi estrategicamente escolhida por apresentar uma log\u00edstica mais eficiente. \u201cCom essa parceria ganhamos mais musculatura para atuar no Brasil e seremos agora amplamente respaldados pela matriz, na China\u201d, comenta Marcio Vita, CEO da empresa. \u201cH\u00e1 mais de uma d\u00e9cada estudamos cuidadosamente o mercado brasileiro que, para n\u00f3s, \u00e9 de grande import\u00e2ncia dentro de nossa estrat\u00e9gia de globaliza\u00e7\u00e3o da marca. Entramos no pa\u00eds por meio de nossa representa\u00e7\u00e3o comercial, pelas m\u00e3os de brasileiros com indiscut\u00edvel conhecimento do mercado nacional. Entendemos ser o momento mais apropriado para iniciarmos essa nova etapa, agora com nossa coopera\u00e7\u00e3o direta na opera\u00e7\u00e3o\u201d, explica Darren Lu, executivo da matriz e respons\u00e1vel pelos neg\u00f3cios da marca no Brasil.<\/p>\n<p>&nbsp;<\/p>\n<p>Atualmente a Foton vende cerca de 600 mil autom\u00f3veis por ano globalmente, 90% deste volume de ve\u00edculos comerciais, ou seja, praticamente oito anos da produ\u00e7\u00e3o brasileira, com exporta\u00e7\u00f5es para mais de 100 pa\u00edses e um volume que passa das 60 mil unidades. No mundo a empresa conta com 40 mil funcion\u00e1rios, 2 mil concession\u00e1rias e, no ano passado, o faturamento foi de US$ 7,5 bilh\u00f5es. A filial brasileira \u00e9 a quinta unidade industrial da Foton fora da China, que j\u00e1 conta com f\u00e1bricas na Tail\u00e2ndia, Vietn\u00e3, Qu\u00eania e Arg\u00e9lia em constru\u00e7\u00e3o. (Revista Amanh\u00e3)<\/p>\n","protected":false},"excerpt":{"rendered":"<p>Revista Amanh\u00e3 &nbsp; A partir de agora a opera\u00e7\u00e3o da Foton no Brasil passa a contar com a coopera\u00e7\u00e3o da matriz chinesa, intensificando assim sua atua\u00e7\u00e3o no mercado nacional. Durante cerca de oito anos, por meio da Foton Aumark do Brasil, houve a estrutura\u00e7\u00e3o da rede de concession\u00e1rias em todo o pa\u00eds, al\u00e9m do investimento\u2026 <a class=\"readmore\" href=\"https:\/\/dana.com.br\/canaldana\/2019\/01\/09\/foton-passa-a-atuar-com-apoio-da-matriz-chinesa\/\">Leia mais \u00bb<\/a><\/p>\n","protected":false},"author":3,"featured_media":0,"comment_status":"closed","ping_status":"closed","sticky":false,"template":"","format":"standard","meta":{"_acf_changed":false,"footnotes":""},"categories":[61],"tags":[],"class_list":["post-31596","post","type-post","status-publish","format-standard","hentry","category-destaques"],"acf":[],"yoast_head":"<!-- This site is optimized with the Yoast SEO plugin v27.3 - https:\/\/yoast.com\/product\/yoast-seo-wordpress\/ -->\n<title>Foton passa a atuar com apoio da matriz chinesa - Canal Dana<\/title>\n<meta name=\"robots\" content=\"index, follow, max-snippet:-1, max-image-preview:large, max-video-preview:-1\" \/>\n<link rel=\"canonical\" href=\"https:\/\/dana.com.br\/canaldana\/2019\/01\/09\/foton-passa-a-atuar-com-apoio-da-matriz-chinesa\/\" \/>\n<meta property=\"og:locale\" content=\"pt_BR\" \/>\n<meta property=\"og:type\" content=\"article\" \/>\n<meta property=\"og:title\" content=\"Foton passa a atuar com apoio da matriz chinesa - Canal Dana\" \/>\n<meta property=\"og:description\" content=\"Revista Amanh\u00e3 &nbsp; A partir de agora a opera\u00e7\u00e3o da Foton no Brasil passa a contar com a coopera\u00e7\u00e3o da matriz chinesa, intensificando assim sua atua\u00e7\u00e3o no mercado nacional. Durante cerca de oito anos, por meio da Foton Aumark do Brasil, houve a estrutura\u00e7\u00e3o da rede de concession\u00e1rias em todo o pa\u00eds, al\u00e9m do investimento\u2026 Leia mais \u00bb\" \/>\n<meta property=\"og:url\" content=\"https:\/\/dana.com.br\/canaldana\/2019\/01\/09\/foton-passa-a-atuar-com-apoio-da-matriz-chinesa\/\" \/>\n<meta property=\"og:site_name\" content=\"Canal Dana\" \/>\n<meta property=\"article:published_time\" content=\"2019-01-09T11:16:16+00:00\" \/>\n<meta name=\"author\" content=\"Canal Dana\" \/>\n<meta name=\"twitter:card\" content=\"summary_large_image\" \/>\n<meta name=\"twitter:label1\" content=\"Escrito por\" \/>\n\t<meta name=\"twitter:data1\" content=\"Canal Dana\" \/>\n\t<meta name=\"twitter:label2\" content=\"Est. tempo de leitura\" \/>\n\t<meta name=\"twitter:data2\" content=\"3 minutos\" \/>\n<script type=\"application\/ld+json\" class=\"yoast-schema-graph\">{\"@context\":\"https:\\\/\\\/schema.org\",\"@graph\":[{\"@type\":\"Article\",\"@id\":\"https:\\\/\\\/dana.com.br\\\/canaldana\\\/2019\\\/01\\\/09\\\/foton-passa-a-atuar-com-apoio-da-matriz-chinesa\\\/#article\",\"isPartOf\":{\"@id\":\"https:\\\/\\\/dana.com.br\\\/canaldana\\\/2019\\\/01\\\/09\\\/foton-passa-a-atuar-com-apoio-da-matriz-chinesa\\\/\"},\"author\":{\"name\":\"Canal Dana\",\"@id\":\"https:\\\/\\\/dana.com.br\\\/canaldana\\\/#\\\/schema\\\/person\\\/3c21f22f56fcf3bc46b94bc60ea4fef6\"},\"headline\":\"Foton passa a atuar com apoio da matriz chinesa\",\"datePublished\":\"2019-01-09T11:16:16+00:00\",\"mainEntityOfPage\":{\"@id\":\"https:\\\/\\\/dana.com.br\\\/canaldana\\\/2019\\\/01\\\/09\\\/foton-passa-a-atuar-com-apoio-da-matriz-chinesa\\\/\"},\"wordCount\":554,\"articleSection\":[\"Destaques\"],\"inLanguage\":\"pt-BR\"},{\"@type\":\"WebPage\",\"@id\":\"https:\\\/\\\/dana.com.br\\\/canaldana\\\/2019\\\/01\\\/09\\\/foton-passa-a-atuar-com-apoio-da-matriz-chinesa\\\/\",\"url\":\"https:\\\/\\\/dana.com.br\\\/canaldana\\\/2019\\\/01\\\/09\\\/foton-passa-a-atuar-com-apoio-da-matriz-chinesa\\\/\",\"name\":\"Foton passa a atuar com apoio da matriz chinesa - Canal Dana\",\"isPartOf\":{\"@id\":\"https:\\\/\\\/dana.com.br\\\/canaldana\\\/#website\"},\"datePublished\":\"2019-01-09T11:16:16+00:00\",\"author\":{\"@id\":\"https:\\\/\\\/dana.com.br\\\/canaldana\\\/#\\\/schema\\\/person\\\/3c21f22f56fcf3bc46b94bc60ea4fef6\"},\"breadcrumb\":{\"@id\":\"https:\\\/\\\/dana.com.br\\\/canaldana\\\/2019\\\/01\\\/09\\\/foton-passa-a-atuar-com-apoio-da-matriz-chinesa\\\/#breadcrumb\"},\"inLanguage\":\"pt-BR\",\"potentialAction\":[{\"@type\":\"ReadAction\",\"target\":[\"https:\\\/\\\/dana.com.br\\\/canaldana\\\/2019\\\/01\\\/09\\\/foton-passa-a-atuar-com-apoio-da-matriz-chinesa\\\/\"]}]},{\"@type\":\"BreadcrumbList\",\"@id\":\"https:\\\/\\\/dana.com.br\\\/canaldana\\\/2019\\\/01\\\/09\\\/foton-passa-a-atuar-com-apoio-da-matriz-chinesa\\\/#breadcrumb\",\"itemListElement\":[{\"@type\":\"ListItem\",\"position\":1,\"name\":\"Home\",\"item\":\"https:\\\/\\\/dana.com.br\\\/canaldana\\\/\"},{\"@type\":\"ListItem\",\"position\":2,\"name\":\"Destaques\",\"item\":\"https:\\\/\\\/dana.com.br\\\/canaldana\\\/destaques\\\/\"},{\"@type\":\"ListItem\",\"position\":3,\"name\":\"Foton passa a atuar com apoio da matriz chinesa\"}]},{\"@type\":\"WebSite\",\"@id\":\"https:\\\/\\\/dana.com.br\\\/canaldana\\\/#website\",\"url\":\"https:\\\/\\\/dana.com.br\\\/canaldana\\\/\",\"name\":\"Canal Dana\",\"description\":\"Informativo com as principais not\u00edcias da ind\u00fastria automotiva\",\"potentialAction\":[{\"@type\":\"SearchAction\",\"target\":{\"@type\":\"EntryPoint\",\"urlTemplate\":\"https:\\\/\\\/dana.com.br\\\/canaldana\\\/?s={search_term_string}\"},\"query-input\":{\"@type\":\"PropertyValueSpecification\",\"valueRequired\":true,\"valueName\":\"search_term_string\"}}],\"inLanguage\":\"pt-BR\"},{\"@type\":\"Person\",\"@id\":\"https:\\\/\\\/dana.com.br\\\/canaldana\\\/#\\\/schema\\\/person\\\/3c21f22f56fcf3bc46b94bc60ea4fef6\",\"name\":\"Canal Dana\",\"image\":{\"@type\":\"ImageObject\",\"inLanguage\":\"pt-BR\",\"@id\":\"https:\\\/\\\/secure.gravatar.com\\\/avatar\\\/420aaf9278582877d9018637c6817617705899d2858d7572ef0fe59a6b6454b4?s=96&d=mm&r=g\",\"url\":\"https:\\\/\\\/secure.gravatar.com\\\/avatar\\\/420aaf9278582877d9018637c6817617705899d2858d7572ef0fe59a6b6454b4?s=96&d=mm&r=g\",\"contentUrl\":\"https:\\\/\\\/secure.gravatar.com\\\/avatar\\\/420aaf9278582877d9018637c6817617705899d2858d7572ef0fe59a6b6454b4?s=96&d=mm&r=g\",\"caption\":\"Canal Dana\"},\"url\":\"https:\\\/\\\/dana.com.br\\\/canaldana\\\/author\\\/cdeditor\\\/\"}]}<\/script>\n<!-- \/ Yoast SEO plugin. -->","yoast_head_json":{"title":"Foton passa a atuar com apoio da matriz chinesa - Canal Dana","robots":{"index":"index","follow":"follow","max-snippet":"max-snippet:-1","max-image-preview":"max-image-preview:large","max-video-preview":"max-video-preview:-1"},"canonical":"https:\/\/dana.com.br\/canaldana\/2019\/01\/09\/foton-passa-a-atuar-com-apoio-da-matriz-chinesa\/","og_locale":"pt_BR","og_type":"article","og_title":"Foton passa a atuar com apoio da matriz chinesa - Canal Dana","og_description":"Revista Amanh\u00e3 &nbsp; A partir de agora a opera\u00e7\u00e3o da Foton no Brasil passa a contar com a coopera\u00e7\u00e3o da matriz chinesa, intensificando assim sua atua\u00e7\u00e3o no mercado nacional. Durante cerca de oito anos, por meio da Foton Aumark do Brasil, houve a estrutura\u00e7\u00e3o da rede de concession\u00e1rias em todo o pa\u00eds, al\u00e9m do investimento\u2026 Leia mais \u00bb","og_url":"https:\/\/dana.com.br\/canaldana\/2019\/01\/09\/foton-passa-a-atuar-com-apoio-da-matriz-chinesa\/","og_site_name":"Canal Dana","article_published_time":"2019-01-09T11:16:16+00:00","author":"Canal Dana","twitter_card":"summary_large_image","twitter_misc":{"Escrito por":"Canal Dana","Est. tempo de leitura":"3 minutos"},"schema":{"@context":"https:\/\/schema.org","@graph":[{"@type":"Article","@id":"https:\/\/dana.com.br\/canaldana\/2019\/01\/09\/foton-passa-a-atuar-com-apoio-da-matriz-chinesa\/#article","isPartOf":{"@id":"https:\/\/dana.com.br\/canaldana\/2019\/01\/09\/foton-passa-a-atuar-com-apoio-da-matriz-chinesa\/"},"author":{"name":"Canal Dana","@id":"https:\/\/dana.com.br\/canaldana\/#\/schema\/person\/3c21f22f56fcf3bc46b94bc60ea4fef6"},"headline":"Foton passa a atuar com apoio da matriz chinesa","datePublished":"2019-01-09T11:16:16+00:00","mainEntityOfPage":{"@id":"https:\/\/dana.com.br\/canaldana\/2019\/01\/09\/foton-passa-a-atuar-com-apoio-da-matriz-chinesa\/"},"wordCount":554,"articleSection":["Destaques"],"inLanguage":"pt-BR"},{"@type":"WebPage","@id":"https:\/\/dana.com.br\/canaldana\/2019\/01\/09\/foton-passa-a-atuar-com-apoio-da-matriz-chinesa\/","url":"https:\/\/dana.com.br\/canaldana\/2019\/01\/09\/foton-passa-a-atuar-com-apoio-da-matriz-chinesa\/","name":"Foton passa a atuar com apoio da matriz chinesa - Canal Dana","isPartOf":{"@id":"https:\/\/dana.com.br\/canaldana\/#website"},"datePublished":"2019-01-09T11:16:16+00:00","author":{"@id":"https:\/\/dana.com.br\/canaldana\/#\/schema\/person\/3c21f22f56fcf3bc46b94bc60ea4fef6"},"breadcrumb":{"@id":"https:\/\/dana.com.br\/canaldana\/2019\/01\/09\/foton-passa-a-atuar-com-apoio-da-matriz-chinesa\/#breadcrumb"},"inLanguage":"pt-BR","potentialAction":[{"@type":"ReadAction","target":["https:\/\/dana.com.br\/canaldana\/2019\/01\/09\/foton-passa-a-atuar-com-apoio-da-matriz-chinesa\/"]}]},{"@type":"BreadcrumbList","@id":"https:\/\/dana.com.br\/canaldana\/2019\/01\/09\/foton-passa-a-atuar-com-apoio-da-matriz-chinesa\/#breadcrumb","itemListElement":[{"@type":"ListItem","position":1,"name":"Home","item":"https:\/\/dana.com.br\/canaldana\/"},{"@type":"ListItem","position":2,"name":"Destaques","item":"https:\/\/dana.com.br\/canaldana\/destaques\/"},{"@type":"ListItem","position":3,"name":"Foton passa a atuar com apoio da matriz chinesa"}]},{"@type":"WebSite","@id":"https:\/\/dana.com.br\/canaldana\/#website","url":"https:\/\/dana.com.br\/canaldana\/","name":"Canal Dana","description":"Informativo com as principais not\u00edcias da ind\u00fastria automotiva","potentialAction":[{"@type":"SearchAction","target":{"@type":"EntryPoint","urlTemplate":"https:\/\/dana.com.br\/canaldana\/?s={search_term_string}"},"query-input":{"@type":"PropertyValueSpecification","valueRequired":true,"valueName":"search_term_string"}}],"inLanguage":"pt-BR"},{"@type":"Person","@id":"https:\/\/dana.com.br\/canaldana\/#\/schema\/person\/3c21f22f56fcf3bc46b94bc60ea4fef6","name":"Canal Dana","image":{"@type":"ImageObject","inLanguage":"pt-BR","@id":"https:\/\/secure.gravatar.com\/avatar\/420aaf9278582877d9018637c6817617705899d2858d7572ef0fe59a6b6454b4?s=96&d=mm&r=g","url":"https:\/\/secure.gravatar.com\/avatar\/420aaf9278582877d9018637c6817617705899d2858d7572ef0fe59a6b6454b4?s=96&d=mm&r=g","contentUrl":"https:\/\/secure.gravatar.com\/avatar\/420aaf9278582877d9018637c6817617705899d2858d7572ef0fe59a6b6454b4?s=96&d=mm&r=g","caption":"Canal Dana"},"url":"https:\/\/dana.com.br\/canaldana\/author\/cdeditor\/"}]}},"_links":{"self":[{"href":"https:\/\/dana.com.br\/canaldana\/wp-json\/wp\/v2\/posts\/31596","targetHints":{"allow":["GET"]}}],"collection":[{"href":"https:\/\/dana.com.br\/canaldana\/wp-json\/wp\/v2\/posts"}],"about":[{"href":"https:\/\/dana.com.br\/canaldana\/wp-json\/wp\/v2\/types\/post"}],"author":[{"embeddable":true,"href":"https:\/\/dana.com.br\/canaldana\/wp-json\/wp\/v2\/users\/3"}],"replies":[{"embeddable":true,"href":"https:\/\/dana.com.br\/canaldana\/wp-json\/wp\/v2\/comments?post=31596"}],"version-history":[{"count":0,"href":"https:\/\/dana.com.br\/canaldana\/wp-json\/wp\/v2\/posts\/31596\/revisions"}],"wp:attachment":[{"href":"https:\/\/dana.com.br\/canaldana\/wp-json\/wp\/v2\/media?parent=31596"}],"wp:term":[{"taxonomy":"category","embeddable":true,"href":"https:\/\/dana.com.br\/canaldana\/wp-json\/wp\/v2\/categories?post=31596"},{"taxonomy":"post_tag","embeddable":true,"href":"https:\/\/dana.com.br\/canaldana\/wp-json\/wp\/v2\/tags?post=31596"}],"curies":[{"name":"wp","href":"https:\/\/api.w.org\/{rel}","templated":true}]}}