{"id":31358,"date":"2018-12-18T08:40:42","date_gmt":"2018-12-18T10:40:42","guid":{"rendered":"https:\/\/dana.com.br\/canaldana\/?p=31358"},"modified":"2018-12-18T08:40:42","modified_gmt":"2018-12-18T10:40:42","slug":"mercosul-o-resgate-de-um-patrimonio","status":"publish","type":"post","link":"https:\/\/dana.com.br\/canaldana\/2018\/12\/18\/mercosul-o-resgate-de-um-patrimonio\/","title":{"rendered":"Mercosul &#8211; o resgate de um patrim\u00f4nio"},"content":{"rendered":"<p><em>O Estado de S. Paulo <\/em><\/p>\n<p>&nbsp;<\/p>\n<p>Participo hoje, em Montevid\u00e9u, de minha \u00faltima C\u00fapula do Mercosul como presidente da Rep\u00fablica. Nos \u00faltimos dois anos, os quatro s\u00f3cios &#8211; Brasil, Argentina, Paraguai e Uruguai &#8211; nos alternamos na presid\u00eancia do bloco com um objetivo comum: retomar a voca\u00e7\u00e3o original do Mercosul para o livre mercado e para a democracia. E assim fizemos: pautados pela busca de resultados concretos, corrigimos os rumos do bloco.<\/p>\n<p>&nbsp;<\/p>\n<p>Repusemos o Mercosul a servi\u00e7o do desenvolvimento de economias mais modernas. Conclu\u00edmos dois acordos de grande relevo. O primeiro, na \u00e1rea de investimentos, amplia a seguran\u00e7a jur\u00eddica e aprimora as condi\u00e7\u00f5es para quem quer empreender. O segundo, no setor de compras p\u00fablicas, multiplica oportunidades para empresas brasileiras nos pa\u00edses vizinhos e aumenta a competi\u00e7\u00e3o em licita\u00e7\u00f5es no Brasil, reduzindo despesas para o governo.<\/p>\n<p>&nbsp;<\/p>\n<p>Eliminamos dezenas de barreiras ao com\u00e9rcio. Trabalhamos duro para que as regras de nosso bloco sejam, cada vez mais, o que devem ser: garantia de qualidade e seguran\u00e7a para os cidad\u00e3os, e n\u00e3o obst\u00e1culos \u00e0 livre circula\u00e7\u00e3o de produtos. Atualizamos regulamentos t\u00e9cnicos conforme as melhores pr\u00e1ticas internacionais. Estabelecemos acordo sobre direitos do consumidor.<\/p>\n<p>&nbsp;<\/p>\n<p>Em nosso relacionamento com o mundo, o progresso n\u00e3o foi menor. Voltamos olhar renovado para a Am\u00e9rica Latina. Em processo no qual me engajei muito especialmente, realizamos a primeira reuni\u00e3o de presidentes do Mercosul e da Alian\u00e7a do Pac\u00edfico. Adotamos roteiro com vista \u00e0 converg\u00eancia em quest\u00f5es como facilita\u00e7\u00e3o de com\u00e9rcio, coopera\u00e7\u00e3o regulat\u00f3ria, agenda digital. Em momento de persistentes tend\u00eancias isolacionistas e protecionistas, transmitimos \u00e0 comunidade internacional mensagem de compromisso inequ\u00edvoco com a abertura e a integra\u00e7\u00e3o.<\/p>\n<p>&nbsp;<\/p>\n<p>Outra demonstra\u00e7\u00e3o tang\u00edvel desse compromisso foram dois novos acordos que celebramos com a Col\u00f4mbia. Pelo primeiro deles, ampliamos de 84% para 97% o universo de produtos livres de tarifas no interc\u00e2mbio com esse pa\u00eds &#8211; \u00e9 acordo particularmente importante para as ind\u00fastrias automotiva, t\u00eaxtil e sider\u00fargica do Brasil. Pelo segundo, garantimos maior seguran\u00e7a no com\u00e9rcio de servi\u00e7os.<\/p>\n<p>&nbsp;<\/p>\n<p>E fomos al\u00e9m da regi\u00e3o. Continuamos nos entendimentos com a Uni\u00e3o Europeia, parceira com a qual j\u00e1 conclu\u00edmos 12 dos 15 cap\u00edtulos do acordo que temos em vista. Lan\u00e7amos negocia\u00e7\u00f5es com o Canad\u00e1, a Coreia do Sul, Cingapura e a Associa\u00e7\u00e3o Europeia de Livre Com\u00e9rcio (Su\u00ed\u00e7a, Noruega, Isl\u00e2ndia e Liechtenstein). Estamos empenhados em tratativas com a \u00cdndia, o Egito, o L\u00edbano e a Tun\u00edsia. E ainda agora, em Montevid\u00e9u, estreitaremos nossos la\u00e7os comerciais com a Uni\u00e3o Econ\u00f4mica Euroasi\u00e1tica (R\u00fassia, Casaquist\u00e3o, Quirguist\u00e3o, Arm\u00eania e Belarus).<\/p>\n<p>&nbsp;<\/p>\n<p>As negocia\u00e7\u00f5es externas revelam que o Mercosul n\u00e3o \u00e9 impedimento para a abertura da economia brasileira. Ao contr\u00e1rio, \u00e9 &#8211; quando assim decidimos &#8211; plataforma eficaz para inser\u00e7\u00e3o mais competitiva de nossos pa\u00edses na economia global.<\/p>\n<p>&nbsp;<\/p>\n<p>Em paralelo, tamb\u00e9m no campo dos valores tratamos de operar, nos \u00faltimos anos, uma volta \u00e0s origens do Mercosul &#8211; criado, lembremos, no contexto da redemocratiza\u00e7\u00e3o dos nossos pa\u00edses. Tornamos a honrar essa dimens\u00e3o fundamental do bloco. Diante da ruptura da ordem democr\u00e1tica na Venezuela, suspendemos o pa\u00eds do nosso exerc\u00edcio de integra\u00e7\u00e3o. O Mercosul est\u00e1 ao lado do povo venezuelano ao afirmar n\u00e3o mais haver em nossa regi\u00e3o espa\u00e7o para alternativas \u00e0 democracia.<\/p>\n<p>&nbsp;<\/p>\n<p>Este \u00e9 o Mercosul que temos hoje: um Mercosul que voltou a fazer sentido para as nossas sociedades.<\/p>\n<p>&nbsp;<\/p>\n<p>Reconhe\u00e7o que, ap\u00f3s os anos de virtual paralisia que o bloco chegou a experimentar, \u00e9 at\u00e9 certo ponto compreens\u00edvel que se tenham difundido percep\u00e7\u00f5es frequentemente distorcidas sobre o seu significado para o Brasil. Pois me permito rememorar os benef\u00edcios do bloco para o povo brasileiro.<\/p>\n<p>&nbsp;<\/p>\n<p>Na \u00faltima d\u00e9cada, o Brasil acumulou super\u00e1vit comercial de US$ 87,6 bilh\u00f5es com nossos s\u00f3cios no Mercosul &#8211; saldo maior do que os acumulados com a China (US$ 74,1 bilh\u00f5es) ou com a Uni\u00e3o Europeia (US$ 22,4 bilh\u00f5es). E, n\u00e3o ser\u00e1 demais recordar, trata-se de com\u00e9rcio altamente concentrado em bens de maior valor agregado. No ano passado, nada menos que 89% das vendas brasileiras para o Mercosul foram de produtos manufaturados (US$ 20,1 bilh\u00f5es) &#8211; em nossa balan\u00e7a com o mundo, essa propor\u00e7\u00e3o \u00e9 de apenas 37%.<\/p>\n<p>&nbsp;<\/p>\n<p>O Mercosul \u00e9, portanto, mercado privilegiado para a ind\u00fastria brasileira. Contribui para a gera\u00e7\u00e3o de empregos &#8211; e empregos de qualidade &#8211; em nosso pa\u00eds.<\/p>\n<p>&nbsp;<\/p>\n<p>Mas os benef\u00edcios do Mercosul n\u00e3o se limitam \u00e0 seara econ\u00f4mica. S\u00e3o v\u00e1rios os interesses brasileiros que requerem a coopera\u00e7\u00e3o com os demais pa\u00edses sul-americanos &#8211; todos eles membros plenos ou associados do bloco. E o fato \u00e9 que o Mercosul se tem revelado ferramenta valiosa para a coopera\u00e7\u00e3o em temas como combate ao crime organizado, previd\u00eancia social, reconhecimento de diplomas. \u00c9 gra\u00e7as ao Mercosul que turistas brasileiros podem viajar pela regi\u00e3o sem precisar de passaporte, ou que cidad\u00e3os brasileiros podem residir e trabalhar em diversos pa\u00edses vizinhos.<\/p>\n<p>&nbsp;<\/p>\n<p>Sabemos que ainda h\u00e1 muito por fazer. Na realidade, sempre haver\u00e1. Os tempos mudam e \u00e9 natural e necess\u00e1rio que o Mercosul mude com eles, que esteja em permanente evolu\u00e7\u00e3o, \u00e0 luz dos nossos valores e interesses. Por isso mesmo, \u00e9 positivo que o bloco seja objeto de constante discuss\u00e3o na sociedade.<\/p>\n<p>&nbsp;<\/p>\n<p>Deixaremos como legado um Mercosul restaurado e fortalecido. Um Mercosul afinado com as necessidades de nossa gente. Um Mercosul que, assim como o Brasil, est\u00e1 novamente no rumo certo. Temos a tranquilidade de haver contribu\u00eddo para o resgate de um patrim\u00f4nio que n\u00e3o se constr\u00f3i do dia para a noite. (O Estado de S. Paulo\/Michel Temer)<\/p>\n","protected":false},"excerpt":{"rendered":"<p>O Estado de S. Paulo &nbsp; Participo hoje, em Montevid\u00e9u, de minha \u00faltima C\u00fapula do Mercosul como presidente da Rep\u00fablica. Nos \u00faltimos dois anos, os quatro s\u00f3cios &#8211; Brasil, Argentina, Paraguai e Uruguai &#8211; nos alternamos na presid\u00eancia do bloco com um objetivo comum: retomar a voca\u00e7\u00e3o original do Mercosul para o livre mercado e\u2026 <a class=\"readmore\" href=\"https:\/\/dana.com.br\/canaldana\/2018\/12\/18\/mercosul-o-resgate-de-um-patrimonio\/\">Leia mais \u00bb<\/a><\/p>\n","protected":false},"author":3,"featured_media":0,"comment_status":"closed","ping_status":"closed","sticky":false,"template":"","format":"standard","meta":{"_acf_changed":false,"footnotes":""},"categories":[100],"tags":[],"class_list":["post-31358","post","type-post","status-publish","format-standard","hentry","category-artigo"],"acf":[],"yoast_head":"<!-- This site is optimized with the Yoast SEO plugin v27.3 - https:\/\/yoast.com\/product\/yoast-seo-wordpress\/ -->\n<title>Mercosul - o resgate de um patrim\u00f4nio - Canal Dana<\/title>\n<meta name=\"robots\" content=\"index, follow, max-snippet:-1, max-image-preview:large, max-video-preview:-1\" \/>\n<link rel=\"canonical\" href=\"https:\/\/dana.com.br\/canaldana\/2018\/12\/18\/mercosul-o-resgate-de-um-patrimonio\/\" \/>\n<meta property=\"og:locale\" content=\"pt_BR\" \/>\n<meta property=\"og:type\" content=\"article\" \/>\n<meta property=\"og:title\" content=\"Mercosul - o resgate de um patrim\u00f4nio - Canal Dana\" \/>\n<meta property=\"og:description\" content=\"O Estado de S. Paulo &nbsp; Participo hoje, em Montevid\u00e9u, de minha \u00faltima C\u00fapula do Mercosul como presidente da Rep\u00fablica. Nos \u00faltimos dois anos, os quatro s\u00f3cios &#8211; Brasil, Argentina, Paraguai e Uruguai &#8211; nos alternamos na presid\u00eancia do bloco com um objetivo comum: retomar a voca\u00e7\u00e3o original do Mercosul para o livre mercado e\u2026 Leia mais \u00bb\" \/>\n<meta property=\"og:url\" content=\"https:\/\/dana.com.br\/canaldana\/2018\/12\/18\/mercosul-o-resgate-de-um-patrimonio\/\" \/>\n<meta property=\"og:site_name\" content=\"Canal Dana\" \/>\n<meta property=\"article:published_time\" content=\"2018-12-18T10:40:42+00:00\" \/>\n<meta name=\"author\" content=\"Canal Dana\" \/>\n<meta name=\"twitter:card\" content=\"summary_large_image\" \/>\n<meta name=\"twitter:label1\" content=\"Escrito por\" \/>\n\t<meta name=\"twitter:data1\" content=\"Canal Dana\" \/>\n\t<meta name=\"twitter:label2\" content=\"Est. tempo de leitura\" \/>\n\t<meta name=\"twitter:data2\" content=\"5 minutos\" \/>\n<script type=\"application\/ld+json\" class=\"yoast-schema-graph\">{\"@context\":\"https:\\\/\\\/schema.org\",\"@graph\":[{\"@type\":\"Article\",\"@id\":\"https:\\\/\\\/dana.com.br\\\/canaldana\\\/2018\\\/12\\\/18\\\/mercosul-o-resgate-de-um-patrimonio\\\/#article\",\"isPartOf\":{\"@id\":\"https:\\\/\\\/dana.com.br\\\/canaldana\\\/2018\\\/12\\\/18\\\/mercosul-o-resgate-de-um-patrimonio\\\/\"},\"author\":{\"name\":\"Canal Dana\",\"@id\":\"https:\\\/\\\/dana.com.br\\\/canaldana\\\/#\\\/schema\\\/person\\\/3c21f22f56fcf3bc46b94bc60ea4fef6\"},\"headline\":\"Mercosul &#8211; o resgate de um patrim\u00f4nio\",\"datePublished\":\"2018-12-18T10:40:42+00:00\",\"mainEntityOfPage\":{\"@id\":\"https:\\\/\\\/dana.com.br\\\/canaldana\\\/2018\\\/12\\\/18\\\/mercosul-o-resgate-de-um-patrimonio\\\/\"},\"wordCount\":1009,\"articleSection\":[\"Artigo\"],\"inLanguage\":\"pt-BR\"},{\"@type\":\"WebPage\",\"@id\":\"https:\\\/\\\/dana.com.br\\\/canaldana\\\/2018\\\/12\\\/18\\\/mercosul-o-resgate-de-um-patrimonio\\\/\",\"url\":\"https:\\\/\\\/dana.com.br\\\/canaldana\\\/2018\\\/12\\\/18\\\/mercosul-o-resgate-de-um-patrimonio\\\/\",\"name\":\"Mercosul - o resgate de um patrim\u00f4nio - Canal Dana\",\"isPartOf\":{\"@id\":\"https:\\\/\\\/dana.com.br\\\/canaldana\\\/#website\"},\"datePublished\":\"2018-12-18T10:40:42+00:00\",\"author\":{\"@id\":\"https:\\\/\\\/dana.com.br\\\/canaldana\\\/#\\\/schema\\\/person\\\/3c21f22f56fcf3bc46b94bc60ea4fef6\"},\"breadcrumb\":{\"@id\":\"https:\\\/\\\/dana.com.br\\\/canaldana\\\/2018\\\/12\\\/18\\\/mercosul-o-resgate-de-um-patrimonio\\\/#breadcrumb\"},\"inLanguage\":\"pt-BR\",\"potentialAction\":[{\"@type\":\"ReadAction\",\"target\":[\"https:\\\/\\\/dana.com.br\\\/canaldana\\\/2018\\\/12\\\/18\\\/mercosul-o-resgate-de-um-patrimonio\\\/\"]}]},{\"@type\":\"BreadcrumbList\",\"@id\":\"https:\\\/\\\/dana.com.br\\\/canaldana\\\/2018\\\/12\\\/18\\\/mercosul-o-resgate-de-um-patrimonio\\\/#breadcrumb\",\"itemListElement\":[{\"@type\":\"ListItem\",\"position\":1,\"name\":\"Home\",\"item\":\"https:\\\/\\\/dana.com.br\\\/canaldana\\\/\"},{\"@type\":\"ListItem\",\"position\":2,\"name\":\"Artigo\",\"item\":\"https:\\\/\\\/dana.com.br\\\/canaldana\\\/artigo\\\/\"},{\"@type\":\"ListItem\",\"position\":3,\"name\":\"Mercosul &#8211; o resgate de um patrim\u00f4nio\"}]},{\"@type\":\"WebSite\",\"@id\":\"https:\\\/\\\/dana.com.br\\\/canaldana\\\/#website\",\"url\":\"https:\\\/\\\/dana.com.br\\\/canaldana\\\/\",\"name\":\"Canal Dana\",\"description\":\"Informativo com as principais not\u00edcias da ind\u00fastria automotiva\",\"potentialAction\":[{\"@type\":\"SearchAction\",\"target\":{\"@type\":\"EntryPoint\",\"urlTemplate\":\"https:\\\/\\\/dana.com.br\\\/canaldana\\\/?s={search_term_string}\"},\"query-input\":{\"@type\":\"PropertyValueSpecification\",\"valueRequired\":true,\"valueName\":\"search_term_string\"}}],\"inLanguage\":\"pt-BR\"},{\"@type\":\"Person\",\"@id\":\"https:\\\/\\\/dana.com.br\\\/canaldana\\\/#\\\/schema\\\/person\\\/3c21f22f56fcf3bc46b94bc60ea4fef6\",\"name\":\"Canal Dana\",\"image\":{\"@type\":\"ImageObject\",\"inLanguage\":\"pt-BR\",\"@id\":\"https:\\\/\\\/secure.gravatar.com\\\/avatar\\\/420aaf9278582877d9018637c6817617705899d2858d7572ef0fe59a6b6454b4?s=96&d=mm&r=g\",\"url\":\"https:\\\/\\\/secure.gravatar.com\\\/avatar\\\/420aaf9278582877d9018637c6817617705899d2858d7572ef0fe59a6b6454b4?s=96&d=mm&r=g\",\"contentUrl\":\"https:\\\/\\\/secure.gravatar.com\\\/avatar\\\/420aaf9278582877d9018637c6817617705899d2858d7572ef0fe59a6b6454b4?s=96&d=mm&r=g\",\"caption\":\"Canal Dana\"},\"url\":\"https:\\\/\\\/dana.com.br\\\/canaldana\\\/author\\\/cdeditor\\\/\"}]}<\/script>\n<!-- \/ Yoast SEO plugin. -->","yoast_head_json":{"title":"Mercosul - o resgate de um patrim\u00f4nio - Canal Dana","robots":{"index":"index","follow":"follow","max-snippet":"max-snippet:-1","max-image-preview":"max-image-preview:large","max-video-preview":"max-video-preview:-1"},"canonical":"https:\/\/dana.com.br\/canaldana\/2018\/12\/18\/mercosul-o-resgate-de-um-patrimonio\/","og_locale":"pt_BR","og_type":"article","og_title":"Mercosul - o resgate de um patrim\u00f4nio - Canal Dana","og_description":"O Estado de S. Paulo &nbsp; Participo hoje, em Montevid\u00e9u, de minha \u00faltima C\u00fapula do Mercosul como presidente da Rep\u00fablica. Nos \u00faltimos dois anos, os quatro s\u00f3cios &#8211; Brasil, Argentina, Paraguai e Uruguai &#8211; nos alternamos na presid\u00eancia do bloco com um objetivo comum: retomar a voca\u00e7\u00e3o original do Mercosul para o livre mercado e\u2026 Leia mais \u00bb","og_url":"https:\/\/dana.com.br\/canaldana\/2018\/12\/18\/mercosul-o-resgate-de-um-patrimonio\/","og_site_name":"Canal Dana","article_published_time":"2018-12-18T10:40:42+00:00","author":"Canal Dana","twitter_card":"summary_large_image","twitter_misc":{"Escrito por":"Canal Dana","Est. tempo de leitura":"5 minutos"},"schema":{"@context":"https:\/\/schema.org","@graph":[{"@type":"Article","@id":"https:\/\/dana.com.br\/canaldana\/2018\/12\/18\/mercosul-o-resgate-de-um-patrimonio\/#article","isPartOf":{"@id":"https:\/\/dana.com.br\/canaldana\/2018\/12\/18\/mercosul-o-resgate-de-um-patrimonio\/"},"author":{"name":"Canal Dana","@id":"https:\/\/dana.com.br\/canaldana\/#\/schema\/person\/3c21f22f56fcf3bc46b94bc60ea4fef6"},"headline":"Mercosul &#8211; o resgate de um patrim\u00f4nio","datePublished":"2018-12-18T10:40:42+00:00","mainEntityOfPage":{"@id":"https:\/\/dana.com.br\/canaldana\/2018\/12\/18\/mercosul-o-resgate-de-um-patrimonio\/"},"wordCount":1009,"articleSection":["Artigo"],"inLanguage":"pt-BR"},{"@type":"WebPage","@id":"https:\/\/dana.com.br\/canaldana\/2018\/12\/18\/mercosul-o-resgate-de-um-patrimonio\/","url":"https:\/\/dana.com.br\/canaldana\/2018\/12\/18\/mercosul-o-resgate-de-um-patrimonio\/","name":"Mercosul - o resgate de um patrim\u00f4nio - Canal Dana","isPartOf":{"@id":"https:\/\/dana.com.br\/canaldana\/#website"},"datePublished":"2018-12-18T10:40:42+00:00","author":{"@id":"https:\/\/dana.com.br\/canaldana\/#\/schema\/person\/3c21f22f56fcf3bc46b94bc60ea4fef6"},"breadcrumb":{"@id":"https:\/\/dana.com.br\/canaldana\/2018\/12\/18\/mercosul-o-resgate-de-um-patrimonio\/#breadcrumb"},"inLanguage":"pt-BR","potentialAction":[{"@type":"ReadAction","target":["https:\/\/dana.com.br\/canaldana\/2018\/12\/18\/mercosul-o-resgate-de-um-patrimonio\/"]}]},{"@type":"BreadcrumbList","@id":"https:\/\/dana.com.br\/canaldana\/2018\/12\/18\/mercosul-o-resgate-de-um-patrimonio\/#breadcrumb","itemListElement":[{"@type":"ListItem","position":1,"name":"Home","item":"https:\/\/dana.com.br\/canaldana\/"},{"@type":"ListItem","position":2,"name":"Artigo","item":"https:\/\/dana.com.br\/canaldana\/artigo\/"},{"@type":"ListItem","position":3,"name":"Mercosul &#8211; o resgate de um patrim\u00f4nio"}]},{"@type":"WebSite","@id":"https:\/\/dana.com.br\/canaldana\/#website","url":"https:\/\/dana.com.br\/canaldana\/","name":"Canal Dana","description":"Informativo com as principais not\u00edcias da ind\u00fastria automotiva","potentialAction":[{"@type":"SearchAction","target":{"@type":"EntryPoint","urlTemplate":"https:\/\/dana.com.br\/canaldana\/?s={search_term_string}"},"query-input":{"@type":"PropertyValueSpecification","valueRequired":true,"valueName":"search_term_string"}}],"inLanguage":"pt-BR"},{"@type":"Person","@id":"https:\/\/dana.com.br\/canaldana\/#\/schema\/person\/3c21f22f56fcf3bc46b94bc60ea4fef6","name":"Canal Dana","image":{"@type":"ImageObject","inLanguage":"pt-BR","@id":"https:\/\/secure.gravatar.com\/avatar\/420aaf9278582877d9018637c6817617705899d2858d7572ef0fe59a6b6454b4?s=96&d=mm&r=g","url":"https:\/\/secure.gravatar.com\/avatar\/420aaf9278582877d9018637c6817617705899d2858d7572ef0fe59a6b6454b4?s=96&d=mm&r=g","contentUrl":"https:\/\/secure.gravatar.com\/avatar\/420aaf9278582877d9018637c6817617705899d2858d7572ef0fe59a6b6454b4?s=96&d=mm&r=g","caption":"Canal Dana"},"url":"https:\/\/dana.com.br\/canaldana\/author\/cdeditor\/"}]}},"_links":{"self":[{"href":"https:\/\/dana.com.br\/canaldana\/wp-json\/wp\/v2\/posts\/31358","targetHints":{"allow":["GET"]}}],"collection":[{"href":"https:\/\/dana.com.br\/canaldana\/wp-json\/wp\/v2\/posts"}],"about":[{"href":"https:\/\/dana.com.br\/canaldana\/wp-json\/wp\/v2\/types\/post"}],"author":[{"embeddable":true,"href":"https:\/\/dana.com.br\/canaldana\/wp-json\/wp\/v2\/users\/3"}],"replies":[{"embeddable":true,"href":"https:\/\/dana.com.br\/canaldana\/wp-json\/wp\/v2\/comments?post=31358"}],"version-history":[{"count":0,"href":"https:\/\/dana.com.br\/canaldana\/wp-json\/wp\/v2\/posts\/31358\/revisions"}],"wp:attachment":[{"href":"https:\/\/dana.com.br\/canaldana\/wp-json\/wp\/v2\/media?parent=31358"}],"wp:term":[{"taxonomy":"category","embeddable":true,"href":"https:\/\/dana.com.br\/canaldana\/wp-json\/wp\/v2\/categories?post=31358"},{"taxonomy":"post_tag","embeddable":true,"href":"https:\/\/dana.com.br\/canaldana\/wp-json\/wp\/v2\/tags?post=31358"}],"curies":[{"name":"wp","href":"https:\/\/api.w.org\/{rel}","templated":true}]}}