{"id":3118,"date":"2015-10-05T08:16:52","date_gmt":"2015-10-05T11:16:52","guid":{"rendered":"http:\/\/dana.com.br\/canaldana\/?p=3118"},"modified":"2015-10-05T08:16:52","modified_gmt":"2015-10-05T11:16:52","slug":"producao-industrial-no-brasil-tem-queda-de-12-em-agosto-diz-ibge","status":"publish","type":"post","link":"https:\/\/dana.com.br\/canaldana\/2015\/10\/05\/producao-industrial-no-brasil-tem-queda-de-12-em-agosto-diz-ibge\/","title":{"rendered":"Produ\u00e7\u00e3o industrial no Brasil tem queda de 1,2% em agosto, diz IBGE"},"content":{"rendered":"<p><em>Reuters<\/em><\/p>\n<p>&nbsp;<\/p>\n<p>A produ\u00e7\u00e3o industrial do Brasil mostrou deteriora\u00e7\u00e3o pelo terceiro m\u00eas seguido em agosto, no pior resultado para o m\u00eas em quatro anos e com forte queda em investimentos produtivos em meio \u00e0 recess\u00e3o e crise pol\u00edtica no pa\u00eds, que abalam a confian\u00e7a dos agentes econ\u00f4micos.<\/p>\n<p>&nbsp;<\/p>\n<p>A produ\u00e7\u00e3o registrou queda de 1,2% em agosto sobre o m\u00eas anterior, informou o Instituto Brasileiro de Geografia e Estat\u00edstica (IBGE) nesta sexta-feira. A leitura, embora tenha reduzido o ritmo de queda sobre a perda de 1,% em julho, foi a pior para agosto desde 2011 (-2,1%).<\/p>\n<p>&nbsp;<\/p>\n<p>&#8220;H\u00e1 redu\u00e7\u00e3o clara dos investimentos, seja da amplia\u00e7\u00e3o dos parques ou moderniza\u00e7\u00e3o. Isso \u00e9 reflexo do momento de d\u00favidas e incertezas e o cen\u00e1rio econ\u00f4mico em geral&#8221;, destacou o economista do IBGE Andr\u00e9 Macedo.<\/p>\n<p>&nbsp;<\/p>\n<p>Na compara\u00e7\u00e3o com o mesmo m\u00eas do ano anterior, a produ\u00e7\u00e3o industrial apresentou perdas de 9%, 18\u00ba resultado negativo seguido e o pior resultado para agosto nessa base de compara\u00e7\u00e3o da s\u00e9rie hist\u00f3rica iniciada em 2002.<\/p>\n<p>&nbsp;<\/p>\n<p>A mediana das expectativas em pesquisa da Reuters era de queda de 1,55% na compara\u00e7\u00e3o mensal e de 9,5% na anual.<\/p>\n<p>&nbsp;<\/p>\n<p>Segundo Macedo, o impacto da valoriza\u00e7\u00e3o do d\u00f3lar sobre o real, de cerca de 50% neste ano at\u00e9 a v\u00e9spera, ainda \u00e9 m\u00ednimo. &#8220;Olhando para produ\u00e7\u00e3o e estat\u00edsticas de com\u00e9rcio exterior, h\u00e1 uma melhora, mas insuficiente para reverter a trajet\u00f3ria de queda do setor industrial&#8221;, disse ele.<\/p>\n<p>&nbsp;<\/p>\n<p><strong>Caminh\u00f5es e autom\u00f3veis<\/strong><\/p>\n<p>&nbsp;<\/p>\n<p>O IBGE apontou que o segmento de Bens de capital &#8211; considerado medida de investimento &#8211; foi o que apresentou a maior queda em agosto sobre julho, de 7,6% devido \u00e0 menor produ\u00e7\u00e3o de caminh\u00f5es. Na compara\u00e7\u00e3o com o mesmo m\u00eas do ano anterior, desabou 33,2%.<\/p>\n<p>&nbsp;<\/p>\n<p>Tamb\u00e9m se destacou a queda de 4% de Bens de Consumo Dur\u00e1veis em agosto, por conta de autom\u00f3veis e eletrodom\u00e9sticos. O IBGE destacou que a produ\u00e7\u00e3o foi afetada pelas f\u00e9rias coletivas em v\u00e1rias unidades produtivas.<\/p>\n<p>&nbsp;<\/p>\n<p>O \u00fanico resultado mensal positivo foi registrado por Bens Intermedi\u00e1rios, com alta de 0,2% na produ\u00e7\u00e3o sobre julho. Mas sobre agosto de 2014, houve perda 5,5%.<\/p>\n<p>&nbsp;<\/p>\n<p>Entre os ramos pesquisados, 14 dos 24 mostraram queda em agosto, sendo a principal influ\u00eancia negativa a queda de 9,4% de ve\u00edculos automotores, reboques e carrocerias.<\/p>\n<p>&nbsp;<\/p>\n<p>A ind\u00fastria brasileira vem acumulando resultados negativos ao longo deste ano. Para setembro, o \u00cdndice de Gerentes de Compras (PMI, na sigla em ingl\u00eas) aponta que o ritmo de queda da atividade industrial diminuiu, por\u00e9m que o setor permaneceu em territ\u00f3rio de contra\u00e7\u00e3o pelo oitavo m\u00eas seguido.<\/p>\n<p>&nbsp;<\/p>\n<p>As perspectivas para a ind\u00fastria no pr\u00f3ximo ano tamb\u00e9m continuam piorando de forma recorrente, e economistas consultados na pesquisa Focus do Banco Central passaram a ver contra\u00e7\u00e3o em 2016, de 0,60%. Para este ano, a queda estimada \u00e9 de 6,65%.<\/p>\n<p>&nbsp;<\/p>\n<p>&#8220;(O setor industrial) continua a enfrentar fortes obst\u00e1culos provenientes dos altos n\u00edveis de estoques, confian\u00e7a em m\u00ednimas recordes, fardo tribut\u00e1rio alto, eleva\u00e7\u00e3o dos custos da energia e demanda externa fraca&#8221;, afirmou o diretor de pesquisa econ\u00f4mica do Goldman Sachs para Am\u00e9rica Latina, Alberto Ramos, em nota a clientes.<\/p>\n<p>&nbsp;<\/p>\n<p>Pressionada pela fraqueza da produ\u00e7\u00e3o industrial, a proje\u00e7\u00e3o para a economia brasileira, que j\u00e1 entrou em recess\u00e3o t\u00e9cnica, \u00e9 de retra\u00e7\u00e3o de 2,80% este ano e de 1% no pr\u00f3ximo. (Reuters\/Alexandre Caverni e Patr\u00edcia Duarte)<\/p>\n","protected":false},"excerpt":{"rendered":"<p>Reuters &nbsp; A produ\u00e7\u00e3o industrial do Brasil mostrou deteriora\u00e7\u00e3o pelo terceiro m\u00eas seguido em agosto, no pior resultado para o m\u00eas em quatro anos e com forte queda em investimentos produtivos em meio \u00e0 recess\u00e3o e crise pol\u00edtica no pa\u00eds, que abalam a confian\u00e7a dos agentes econ\u00f4micos. &nbsp; A produ\u00e7\u00e3o registrou queda de 1,2% em\u2026 <a class=\"readmore\" href=\"https:\/\/dana.com.br\/canaldana\/2015\/10\/05\/producao-industrial-no-brasil-tem-queda-de-12-em-agosto-diz-ibge\/\">Leia mais \u00bb<\/a><\/p>\n","protected":false},"author":3,"featured_media":0,"comment_status":"closed","ping_status":"closed","sticky":false,"template":"","format":"standard","meta":{"_acf_changed":false,"footnotes":""},"categories":[79],"tags":[],"class_list":["post-3118","post","type-post","status-publish","format-standard","hentry","category-mercado"],"acf":[],"yoast_head":"<!-- This site is optimized with the Yoast SEO plugin v27.3 - https:\/\/yoast.com\/product\/yoast-seo-wordpress\/ -->\n<title>Produ\u00e7\u00e3o industrial no Brasil tem queda de 1,2% em agosto, diz IBGE - Canal Dana<\/title>\n<meta name=\"robots\" content=\"index, follow, max-snippet:-1, max-image-preview:large, max-video-preview:-1\" \/>\n<link rel=\"canonical\" href=\"https:\/\/dana.com.br\/canaldana\/2015\/10\/05\/producao-industrial-no-brasil-tem-queda-de-12-em-agosto-diz-ibge\/\" \/>\n<meta property=\"og:locale\" content=\"pt_BR\" \/>\n<meta property=\"og:type\" content=\"article\" \/>\n<meta property=\"og:title\" content=\"Produ\u00e7\u00e3o industrial no Brasil tem queda de 1,2% em agosto, diz IBGE - Canal Dana\" \/>\n<meta property=\"og:description\" content=\"Reuters &nbsp; A produ\u00e7\u00e3o industrial do Brasil mostrou deteriora\u00e7\u00e3o pelo terceiro m\u00eas seguido em agosto, no pior resultado para o m\u00eas em quatro anos e com forte queda em investimentos produtivos em meio \u00e0 recess\u00e3o e crise pol\u00edtica no pa\u00eds, que abalam a confian\u00e7a dos agentes econ\u00f4micos. &nbsp; A produ\u00e7\u00e3o registrou queda de 1,2% em\u2026 Leia mais \u00bb\" \/>\n<meta property=\"og:url\" content=\"https:\/\/dana.com.br\/canaldana\/2015\/10\/05\/producao-industrial-no-brasil-tem-queda-de-12-em-agosto-diz-ibge\/\" \/>\n<meta property=\"og:site_name\" content=\"Canal Dana\" \/>\n<meta property=\"article:published_time\" content=\"2015-10-05T11:16:52+00:00\" \/>\n<meta name=\"author\" content=\"Canal Dana\" \/>\n<meta name=\"twitter:card\" content=\"summary_large_image\" \/>\n<meta name=\"twitter:label1\" content=\"Escrito por\" \/>\n\t<meta name=\"twitter:data1\" content=\"Canal Dana\" \/>\n\t<meta name=\"twitter:label2\" content=\"Est. tempo de leitura\" \/>\n\t<meta name=\"twitter:data2\" content=\"3 minutos\" \/>\n<script type=\"application\/ld+json\" class=\"yoast-schema-graph\">{\"@context\":\"https:\\\/\\\/schema.org\",\"@graph\":[{\"@type\":\"Article\",\"@id\":\"https:\\\/\\\/dana.com.br\\\/canaldana\\\/2015\\\/10\\\/05\\\/producao-industrial-no-brasil-tem-queda-de-12-em-agosto-diz-ibge\\\/#article\",\"isPartOf\":{\"@id\":\"https:\\\/\\\/dana.com.br\\\/canaldana\\\/2015\\\/10\\\/05\\\/producao-industrial-no-brasil-tem-queda-de-12-em-agosto-diz-ibge\\\/\"},\"author\":{\"name\":\"Canal Dana\",\"@id\":\"https:\\\/\\\/dana.com.br\\\/canaldana\\\/#\\\/schema\\\/person\\\/3c21f22f56fcf3bc46b94bc60ea4fef6\"},\"headline\":\"Produ\u00e7\u00e3o industrial no Brasil tem queda de 1,2% em agosto, diz IBGE\",\"datePublished\":\"2015-10-05T11:16:52+00:00\",\"mainEntityOfPage\":{\"@id\":\"https:\\\/\\\/dana.com.br\\\/canaldana\\\/2015\\\/10\\\/05\\\/producao-industrial-no-brasil-tem-queda-de-12-em-agosto-diz-ibge\\\/\"},\"wordCount\":611,\"articleSection\":[\"Mercado\"],\"inLanguage\":\"pt-BR\"},{\"@type\":\"WebPage\",\"@id\":\"https:\\\/\\\/dana.com.br\\\/canaldana\\\/2015\\\/10\\\/05\\\/producao-industrial-no-brasil-tem-queda-de-12-em-agosto-diz-ibge\\\/\",\"url\":\"https:\\\/\\\/dana.com.br\\\/canaldana\\\/2015\\\/10\\\/05\\\/producao-industrial-no-brasil-tem-queda-de-12-em-agosto-diz-ibge\\\/\",\"name\":\"Produ\u00e7\u00e3o industrial no Brasil tem queda de 1,2% em agosto, diz IBGE - Canal Dana\",\"isPartOf\":{\"@id\":\"https:\\\/\\\/dana.com.br\\\/canaldana\\\/#website\"},\"datePublished\":\"2015-10-05T11:16:52+00:00\",\"author\":{\"@id\":\"https:\\\/\\\/dana.com.br\\\/canaldana\\\/#\\\/schema\\\/person\\\/3c21f22f56fcf3bc46b94bc60ea4fef6\"},\"breadcrumb\":{\"@id\":\"https:\\\/\\\/dana.com.br\\\/canaldana\\\/2015\\\/10\\\/05\\\/producao-industrial-no-brasil-tem-queda-de-12-em-agosto-diz-ibge\\\/#breadcrumb\"},\"inLanguage\":\"pt-BR\",\"potentialAction\":[{\"@type\":\"ReadAction\",\"target\":[\"https:\\\/\\\/dana.com.br\\\/canaldana\\\/2015\\\/10\\\/05\\\/producao-industrial-no-brasil-tem-queda-de-12-em-agosto-diz-ibge\\\/\"]}]},{\"@type\":\"BreadcrumbList\",\"@id\":\"https:\\\/\\\/dana.com.br\\\/canaldana\\\/2015\\\/10\\\/05\\\/producao-industrial-no-brasil-tem-queda-de-12-em-agosto-diz-ibge\\\/#breadcrumb\",\"itemListElement\":[{\"@type\":\"ListItem\",\"position\":1,\"name\":\"Home\",\"item\":\"https:\\\/\\\/dana.com.br\\\/canaldana\\\/\"},{\"@type\":\"ListItem\",\"position\":2,\"name\":\"Mercado\",\"item\":\"https:\\\/\\\/dana.com.br\\\/canaldana\\\/mercado\\\/\"},{\"@type\":\"ListItem\",\"position\":3,\"name\":\"Produ\u00e7\u00e3o industrial no Brasil tem queda de 1,2% em agosto, diz IBGE\"}]},{\"@type\":\"WebSite\",\"@id\":\"https:\\\/\\\/dana.com.br\\\/canaldana\\\/#website\",\"url\":\"https:\\\/\\\/dana.com.br\\\/canaldana\\\/\",\"name\":\"Canal Dana\",\"description\":\"Informativo com as principais not\u00edcias da ind\u00fastria automotiva\",\"potentialAction\":[{\"@type\":\"SearchAction\",\"target\":{\"@type\":\"EntryPoint\",\"urlTemplate\":\"https:\\\/\\\/dana.com.br\\\/canaldana\\\/?s={search_term_string}\"},\"query-input\":{\"@type\":\"PropertyValueSpecification\",\"valueRequired\":true,\"valueName\":\"search_term_string\"}}],\"inLanguage\":\"pt-BR\"},{\"@type\":\"Person\",\"@id\":\"https:\\\/\\\/dana.com.br\\\/canaldana\\\/#\\\/schema\\\/person\\\/3c21f22f56fcf3bc46b94bc60ea4fef6\",\"name\":\"Canal Dana\",\"image\":{\"@type\":\"ImageObject\",\"inLanguage\":\"pt-BR\",\"@id\":\"https:\\\/\\\/secure.gravatar.com\\\/avatar\\\/420aaf9278582877d9018637c6817617705899d2858d7572ef0fe59a6b6454b4?s=96&d=mm&r=g\",\"url\":\"https:\\\/\\\/secure.gravatar.com\\\/avatar\\\/420aaf9278582877d9018637c6817617705899d2858d7572ef0fe59a6b6454b4?s=96&d=mm&r=g\",\"contentUrl\":\"https:\\\/\\\/secure.gravatar.com\\\/avatar\\\/420aaf9278582877d9018637c6817617705899d2858d7572ef0fe59a6b6454b4?s=96&d=mm&r=g\",\"caption\":\"Canal Dana\"},\"url\":\"https:\\\/\\\/dana.com.br\\\/canaldana\\\/author\\\/cdeditor\\\/\"}]}<\/script>\n<!-- \/ Yoast SEO plugin. -->","yoast_head_json":{"title":"Produ\u00e7\u00e3o industrial no Brasil tem queda de 1,2% em agosto, diz IBGE - Canal Dana","robots":{"index":"index","follow":"follow","max-snippet":"max-snippet:-1","max-image-preview":"max-image-preview:large","max-video-preview":"max-video-preview:-1"},"canonical":"https:\/\/dana.com.br\/canaldana\/2015\/10\/05\/producao-industrial-no-brasil-tem-queda-de-12-em-agosto-diz-ibge\/","og_locale":"pt_BR","og_type":"article","og_title":"Produ\u00e7\u00e3o industrial no Brasil tem queda de 1,2% em agosto, diz IBGE - Canal Dana","og_description":"Reuters &nbsp; A produ\u00e7\u00e3o industrial do Brasil mostrou deteriora\u00e7\u00e3o pelo terceiro m\u00eas seguido em agosto, no pior resultado para o m\u00eas em quatro anos e com forte queda em investimentos produtivos em meio \u00e0 recess\u00e3o e crise pol\u00edtica no pa\u00eds, que abalam a confian\u00e7a dos agentes econ\u00f4micos. &nbsp; A produ\u00e7\u00e3o registrou queda de 1,2% em\u2026 Leia mais \u00bb","og_url":"https:\/\/dana.com.br\/canaldana\/2015\/10\/05\/producao-industrial-no-brasil-tem-queda-de-12-em-agosto-diz-ibge\/","og_site_name":"Canal Dana","article_published_time":"2015-10-05T11:16:52+00:00","author":"Canal Dana","twitter_card":"summary_large_image","twitter_misc":{"Escrito por":"Canal Dana","Est. tempo de leitura":"3 minutos"},"schema":{"@context":"https:\/\/schema.org","@graph":[{"@type":"Article","@id":"https:\/\/dana.com.br\/canaldana\/2015\/10\/05\/producao-industrial-no-brasil-tem-queda-de-12-em-agosto-diz-ibge\/#article","isPartOf":{"@id":"https:\/\/dana.com.br\/canaldana\/2015\/10\/05\/producao-industrial-no-brasil-tem-queda-de-12-em-agosto-diz-ibge\/"},"author":{"name":"Canal Dana","@id":"https:\/\/dana.com.br\/canaldana\/#\/schema\/person\/3c21f22f56fcf3bc46b94bc60ea4fef6"},"headline":"Produ\u00e7\u00e3o industrial no Brasil tem queda de 1,2% em agosto, diz IBGE","datePublished":"2015-10-05T11:16:52+00:00","mainEntityOfPage":{"@id":"https:\/\/dana.com.br\/canaldana\/2015\/10\/05\/producao-industrial-no-brasil-tem-queda-de-12-em-agosto-diz-ibge\/"},"wordCount":611,"articleSection":["Mercado"],"inLanguage":"pt-BR"},{"@type":"WebPage","@id":"https:\/\/dana.com.br\/canaldana\/2015\/10\/05\/producao-industrial-no-brasil-tem-queda-de-12-em-agosto-diz-ibge\/","url":"https:\/\/dana.com.br\/canaldana\/2015\/10\/05\/producao-industrial-no-brasil-tem-queda-de-12-em-agosto-diz-ibge\/","name":"Produ\u00e7\u00e3o industrial no Brasil tem queda de 1,2% em agosto, diz IBGE - Canal Dana","isPartOf":{"@id":"https:\/\/dana.com.br\/canaldana\/#website"},"datePublished":"2015-10-05T11:16:52+00:00","author":{"@id":"https:\/\/dana.com.br\/canaldana\/#\/schema\/person\/3c21f22f56fcf3bc46b94bc60ea4fef6"},"breadcrumb":{"@id":"https:\/\/dana.com.br\/canaldana\/2015\/10\/05\/producao-industrial-no-brasil-tem-queda-de-12-em-agosto-diz-ibge\/#breadcrumb"},"inLanguage":"pt-BR","potentialAction":[{"@type":"ReadAction","target":["https:\/\/dana.com.br\/canaldana\/2015\/10\/05\/producao-industrial-no-brasil-tem-queda-de-12-em-agosto-diz-ibge\/"]}]},{"@type":"BreadcrumbList","@id":"https:\/\/dana.com.br\/canaldana\/2015\/10\/05\/producao-industrial-no-brasil-tem-queda-de-12-em-agosto-diz-ibge\/#breadcrumb","itemListElement":[{"@type":"ListItem","position":1,"name":"Home","item":"https:\/\/dana.com.br\/canaldana\/"},{"@type":"ListItem","position":2,"name":"Mercado","item":"https:\/\/dana.com.br\/canaldana\/mercado\/"},{"@type":"ListItem","position":3,"name":"Produ\u00e7\u00e3o industrial no Brasil tem queda de 1,2% em agosto, diz IBGE"}]},{"@type":"WebSite","@id":"https:\/\/dana.com.br\/canaldana\/#website","url":"https:\/\/dana.com.br\/canaldana\/","name":"Canal Dana","description":"Informativo com as principais not\u00edcias da ind\u00fastria automotiva","potentialAction":[{"@type":"SearchAction","target":{"@type":"EntryPoint","urlTemplate":"https:\/\/dana.com.br\/canaldana\/?s={search_term_string}"},"query-input":{"@type":"PropertyValueSpecification","valueRequired":true,"valueName":"search_term_string"}}],"inLanguage":"pt-BR"},{"@type":"Person","@id":"https:\/\/dana.com.br\/canaldana\/#\/schema\/person\/3c21f22f56fcf3bc46b94bc60ea4fef6","name":"Canal Dana","image":{"@type":"ImageObject","inLanguage":"pt-BR","@id":"https:\/\/secure.gravatar.com\/avatar\/420aaf9278582877d9018637c6817617705899d2858d7572ef0fe59a6b6454b4?s=96&d=mm&r=g","url":"https:\/\/secure.gravatar.com\/avatar\/420aaf9278582877d9018637c6817617705899d2858d7572ef0fe59a6b6454b4?s=96&d=mm&r=g","contentUrl":"https:\/\/secure.gravatar.com\/avatar\/420aaf9278582877d9018637c6817617705899d2858d7572ef0fe59a6b6454b4?s=96&d=mm&r=g","caption":"Canal Dana"},"url":"https:\/\/dana.com.br\/canaldana\/author\/cdeditor\/"}]}},"_links":{"self":[{"href":"https:\/\/dana.com.br\/canaldana\/wp-json\/wp\/v2\/posts\/3118","targetHints":{"allow":["GET"]}}],"collection":[{"href":"https:\/\/dana.com.br\/canaldana\/wp-json\/wp\/v2\/posts"}],"about":[{"href":"https:\/\/dana.com.br\/canaldana\/wp-json\/wp\/v2\/types\/post"}],"author":[{"embeddable":true,"href":"https:\/\/dana.com.br\/canaldana\/wp-json\/wp\/v2\/users\/3"}],"replies":[{"embeddable":true,"href":"https:\/\/dana.com.br\/canaldana\/wp-json\/wp\/v2\/comments?post=3118"}],"version-history":[{"count":0,"href":"https:\/\/dana.com.br\/canaldana\/wp-json\/wp\/v2\/posts\/3118\/revisions"}],"wp:attachment":[{"href":"https:\/\/dana.com.br\/canaldana\/wp-json\/wp\/v2\/media?parent=3118"}],"wp:term":[{"taxonomy":"category","embeddable":true,"href":"https:\/\/dana.com.br\/canaldana\/wp-json\/wp\/v2\/categories?post=3118"},{"taxonomy":"post_tag","embeddable":true,"href":"https:\/\/dana.com.br\/canaldana\/wp-json\/wp\/v2\/tags?post=3118"}],"curies":[{"name":"wp","href":"https:\/\/api.w.org\/{rel}","templated":true}]}}