{"id":3114,"date":"2015-10-05T08:14:17","date_gmt":"2015-10-05T11:14:17","guid":{"rendered":"http:\/\/dana.com.br\/canaldana\/?p=3114"},"modified":"2015-10-05T08:14:17","modified_gmt":"2015-10-05T11:14:17","slug":"fabrica-da-iveco-alcanca-marca-de-1-milhao-de-horas-sem-acidentes","status":"publish","type":"post","link":"https:\/\/dana.com.br\/canaldana\/2015\/10\/05\/fabrica-da-iveco-alcanca-marca-de-1-milhao-de-horas-sem-acidentes\/","title":{"rendered":"F\u00e1brica da Iveco alcan\u00e7a marca de 1 milh\u00e3o de horas sem acidentes"},"content":{"rendered":"<p><em>Mec\u00e2nica Online<\/em><\/p>\n<p>&nbsp;<\/p>\n<p>A f\u00e1brica da Iveco em Sete Lagoas (MG) chegou \u00e0 marca de um milh\u00e3o de horas sem acidentes com afastamento. O fato in\u00e9dito gerou reconhecimento da fabricante pela CNH Industrial, empresa que controla a marca Iveco. Richard Tobin, CEO da CNH Industrial, veio ao Brasil e entregou um certificado em homenagem ao comprometimento da equipe.<\/p>\n<p>&nbsp;<\/p>\n<p>A conquista \u00e9 fruto de um s\u00f3lido programa de preven\u00e7\u00e3o de acidentes implementado pela Iveco e do envolvimento dos colaboradores que cada vez mais adotam um comportamento preventivo e disseminam as boas pr\u00e1ticas entre os colegas.<\/p>\n<p>&nbsp;<\/p>\n<p>\u201cTodas as unidades identificam e eliminam os riscos de ocorr\u00eancia de\u00a0 acidente\u201d, ressalta Paulo Brand\u00e3o, diretor industrial da f\u00e1brica da Iveco em Sete Lagoas (MG). As situa\u00e7\u00f5es que poderiam gerar acidentes s\u00e3o compartilhadas na reuni\u00e3o di\u00e1ria do time gerencial da manufatura e a informa\u00e7\u00e3o \u00e9 repassada para outros setores.<\/p>\n<p>&nbsp;<\/p>\n<p>O programa de preven\u00e7\u00e3o de acidentes da Iveco est\u00e1 alinhado com os conceitos do World Class Manufacturing (WCM), que significa Produ\u00e7\u00e3o de Classe Mundial.<\/p>\n<p>&nbsp;<\/p>\n<p>O WCM re\u00fane as melhores pr\u00e1ticas da produ\u00e7\u00e3o industrial, visando a elimina\u00e7\u00e3o de desperd\u00edcios de qualquer esp\u00e9cie (de energia, de materiais e de esfor\u00e7o humano envolvido) e reduzindo custos de transforma\u00e7\u00e3o e prazo de entrega. \u201cA Iveco adquiriu mais flexibilidade produtiva, maior seguran\u00e7a e agilidade para o trabalhador, al\u00e9m de aprimorar a qualidade final dos produtos\u201d, completa o executivo.<\/p>\n<p>&nbsp;<\/p>\n<p>O modelo WCM de gest\u00e3o possui dez pilares t\u00e9cnicos: seguran\u00e7a, desdobramento de custos, atividades aut\u00f4nomas, log\u00edstica, meio ambiente, melhoria focada, manuten\u00e7\u00e3o planejada, gest\u00e3o preventiva de equipamentos, desenvolvimento de pessoas e qualidade. (Mec\u00e2nica Online)<\/p>\n","protected":false},"excerpt":{"rendered":"<p>Mec\u00e2nica Online &nbsp; A f\u00e1brica da Iveco em Sete Lagoas (MG) chegou \u00e0 marca de um milh\u00e3o de horas sem acidentes com afastamento. O fato in\u00e9dito gerou reconhecimento da fabricante pela CNH Industrial, empresa que controla a marca Iveco. Richard Tobin, CEO da CNH Industrial, veio ao Brasil e entregou um certificado em homenagem ao\u2026 <a class=\"readmore\" href=\"https:\/\/dana.com.br\/canaldana\/2015\/10\/05\/fabrica-da-iveco-alcanca-marca-de-1-milhao-de-horas-sem-acidentes\/\">Leia mais \u00bb<\/a><\/p>\n","protected":false},"author":3,"featured_media":0,"comment_status":"closed","ping_status":"closed","sticky":false,"template":"","format":"standard","meta":{"_acf_changed":false,"footnotes":""},"categories":[79],"tags":[],"class_list":["post-3114","post","type-post","status-publish","format-standard","hentry","category-mercado"],"acf":[],"yoast_head":"<!-- This site is optimized with the Yoast SEO plugin v27.3 - https:\/\/yoast.com\/product\/yoast-seo-wordpress\/ -->\n<title>F\u00e1brica da Iveco alcan\u00e7a marca de 1 milh\u00e3o de horas sem acidentes - Canal Dana<\/title>\n<meta name=\"robots\" content=\"index, follow, max-snippet:-1, max-image-preview:large, max-video-preview:-1\" \/>\n<link rel=\"canonical\" href=\"https:\/\/dana.com.br\/canaldana\/2015\/10\/05\/fabrica-da-iveco-alcanca-marca-de-1-milhao-de-horas-sem-acidentes\/\" \/>\n<meta property=\"og:locale\" content=\"pt_BR\" \/>\n<meta property=\"og:type\" content=\"article\" \/>\n<meta property=\"og:title\" content=\"F\u00e1brica da Iveco alcan\u00e7a marca de 1 milh\u00e3o de horas sem acidentes - Canal Dana\" \/>\n<meta property=\"og:description\" content=\"Mec\u00e2nica Online &nbsp; A f\u00e1brica da Iveco em Sete Lagoas (MG) chegou \u00e0 marca de um milh\u00e3o de horas sem acidentes com afastamento. O fato in\u00e9dito gerou reconhecimento da fabricante pela CNH Industrial, empresa que controla a marca Iveco. Richard Tobin, CEO da CNH Industrial, veio ao Brasil e entregou um certificado em homenagem ao\u2026 Leia mais \u00bb\" \/>\n<meta property=\"og:url\" content=\"https:\/\/dana.com.br\/canaldana\/2015\/10\/05\/fabrica-da-iveco-alcanca-marca-de-1-milhao-de-horas-sem-acidentes\/\" \/>\n<meta property=\"og:site_name\" content=\"Canal Dana\" \/>\n<meta property=\"article:published_time\" content=\"2015-10-05T11:14:17+00:00\" \/>\n<meta name=\"author\" content=\"Canal Dana\" \/>\n<meta name=\"twitter:card\" content=\"summary_large_image\" \/>\n<meta name=\"twitter:label1\" content=\"Escrito por\" \/>\n\t<meta name=\"twitter:data1\" content=\"Canal Dana\" \/>\n\t<meta name=\"twitter:label2\" content=\"Est. tempo de leitura\" \/>\n\t<meta name=\"twitter:data2\" content=\"1 minuto\" \/>\n<script type=\"application\/ld+json\" class=\"yoast-schema-graph\">{\"@context\":\"https:\\\/\\\/schema.org\",\"@graph\":[{\"@type\":\"Article\",\"@id\":\"https:\\\/\\\/dana.com.br\\\/canaldana\\\/2015\\\/10\\\/05\\\/fabrica-da-iveco-alcanca-marca-de-1-milhao-de-horas-sem-acidentes\\\/#article\",\"isPartOf\":{\"@id\":\"https:\\\/\\\/dana.com.br\\\/canaldana\\\/2015\\\/10\\\/05\\\/fabrica-da-iveco-alcanca-marca-de-1-milhao-de-horas-sem-acidentes\\\/\"},\"author\":{\"name\":\"Canal Dana\",\"@id\":\"https:\\\/\\\/dana.com.br\\\/canaldana\\\/#\\\/schema\\\/person\\\/3c21f22f56fcf3bc46b94bc60ea4fef6\"},\"headline\":\"F\u00e1brica da Iveco alcan\u00e7a marca de 1 milh\u00e3o de horas sem acidentes\",\"datePublished\":\"2015-10-05T11:14:17+00:00\",\"mainEntityOfPage\":{\"@id\":\"https:\\\/\\\/dana.com.br\\\/canaldana\\\/2015\\\/10\\\/05\\\/fabrica-da-iveco-alcanca-marca-de-1-milhao-de-horas-sem-acidentes\\\/\"},\"wordCount\":310,\"articleSection\":[\"Mercado\"],\"inLanguage\":\"pt-BR\"},{\"@type\":\"WebPage\",\"@id\":\"https:\\\/\\\/dana.com.br\\\/canaldana\\\/2015\\\/10\\\/05\\\/fabrica-da-iveco-alcanca-marca-de-1-milhao-de-horas-sem-acidentes\\\/\",\"url\":\"https:\\\/\\\/dana.com.br\\\/canaldana\\\/2015\\\/10\\\/05\\\/fabrica-da-iveco-alcanca-marca-de-1-milhao-de-horas-sem-acidentes\\\/\",\"name\":\"F\u00e1brica da Iveco alcan\u00e7a marca de 1 milh\u00e3o de horas sem acidentes - Canal Dana\",\"isPartOf\":{\"@id\":\"https:\\\/\\\/dana.com.br\\\/canaldana\\\/#website\"},\"datePublished\":\"2015-10-05T11:14:17+00:00\",\"author\":{\"@id\":\"https:\\\/\\\/dana.com.br\\\/canaldana\\\/#\\\/schema\\\/person\\\/3c21f22f56fcf3bc46b94bc60ea4fef6\"},\"breadcrumb\":{\"@id\":\"https:\\\/\\\/dana.com.br\\\/canaldana\\\/2015\\\/10\\\/05\\\/fabrica-da-iveco-alcanca-marca-de-1-milhao-de-horas-sem-acidentes\\\/#breadcrumb\"},\"inLanguage\":\"pt-BR\",\"potentialAction\":[{\"@type\":\"ReadAction\",\"target\":[\"https:\\\/\\\/dana.com.br\\\/canaldana\\\/2015\\\/10\\\/05\\\/fabrica-da-iveco-alcanca-marca-de-1-milhao-de-horas-sem-acidentes\\\/\"]}]},{\"@type\":\"BreadcrumbList\",\"@id\":\"https:\\\/\\\/dana.com.br\\\/canaldana\\\/2015\\\/10\\\/05\\\/fabrica-da-iveco-alcanca-marca-de-1-milhao-de-horas-sem-acidentes\\\/#breadcrumb\",\"itemListElement\":[{\"@type\":\"ListItem\",\"position\":1,\"name\":\"Home\",\"item\":\"https:\\\/\\\/dana.com.br\\\/canaldana\\\/\"},{\"@type\":\"ListItem\",\"position\":2,\"name\":\"Mercado\",\"item\":\"https:\\\/\\\/dana.com.br\\\/canaldana\\\/mercado\\\/\"},{\"@type\":\"ListItem\",\"position\":3,\"name\":\"F\u00e1brica da Iveco alcan\u00e7a marca de 1 milh\u00e3o de horas sem acidentes\"}]},{\"@type\":\"WebSite\",\"@id\":\"https:\\\/\\\/dana.com.br\\\/canaldana\\\/#website\",\"url\":\"https:\\\/\\\/dana.com.br\\\/canaldana\\\/\",\"name\":\"Canal Dana\",\"description\":\"Informativo com as principais not\u00edcias da ind\u00fastria automotiva\",\"potentialAction\":[{\"@type\":\"SearchAction\",\"target\":{\"@type\":\"EntryPoint\",\"urlTemplate\":\"https:\\\/\\\/dana.com.br\\\/canaldana\\\/?s={search_term_string}\"},\"query-input\":{\"@type\":\"PropertyValueSpecification\",\"valueRequired\":true,\"valueName\":\"search_term_string\"}}],\"inLanguage\":\"pt-BR\"},{\"@type\":\"Person\",\"@id\":\"https:\\\/\\\/dana.com.br\\\/canaldana\\\/#\\\/schema\\\/person\\\/3c21f22f56fcf3bc46b94bc60ea4fef6\",\"name\":\"Canal Dana\",\"image\":{\"@type\":\"ImageObject\",\"inLanguage\":\"pt-BR\",\"@id\":\"https:\\\/\\\/secure.gravatar.com\\\/avatar\\\/420aaf9278582877d9018637c6817617705899d2858d7572ef0fe59a6b6454b4?s=96&d=mm&r=g\",\"url\":\"https:\\\/\\\/secure.gravatar.com\\\/avatar\\\/420aaf9278582877d9018637c6817617705899d2858d7572ef0fe59a6b6454b4?s=96&d=mm&r=g\",\"contentUrl\":\"https:\\\/\\\/secure.gravatar.com\\\/avatar\\\/420aaf9278582877d9018637c6817617705899d2858d7572ef0fe59a6b6454b4?s=96&d=mm&r=g\",\"caption\":\"Canal Dana\"},\"url\":\"https:\\\/\\\/dana.com.br\\\/canaldana\\\/author\\\/cdeditor\\\/\"}]}<\/script>\n<!-- \/ Yoast SEO plugin. -->","yoast_head_json":{"title":"F\u00e1brica da Iveco alcan\u00e7a marca de 1 milh\u00e3o de horas sem acidentes - Canal Dana","robots":{"index":"index","follow":"follow","max-snippet":"max-snippet:-1","max-image-preview":"max-image-preview:large","max-video-preview":"max-video-preview:-1"},"canonical":"https:\/\/dana.com.br\/canaldana\/2015\/10\/05\/fabrica-da-iveco-alcanca-marca-de-1-milhao-de-horas-sem-acidentes\/","og_locale":"pt_BR","og_type":"article","og_title":"F\u00e1brica da Iveco alcan\u00e7a marca de 1 milh\u00e3o de horas sem acidentes - Canal Dana","og_description":"Mec\u00e2nica Online &nbsp; A f\u00e1brica da Iveco em Sete Lagoas (MG) chegou \u00e0 marca de um milh\u00e3o de horas sem acidentes com afastamento. O fato in\u00e9dito gerou reconhecimento da fabricante pela CNH Industrial, empresa que controla a marca Iveco. Richard Tobin, CEO da CNH Industrial, veio ao Brasil e entregou um certificado em homenagem ao\u2026 Leia mais \u00bb","og_url":"https:\/\/dana.com.br\/canaldana\/2015\/10\/05\/fabrica-da-iveco-alcanca-marca-de-1-milhao-de-horas-sem-acidentes\/","og_site_name":"Canal Dana","article_published_time":"2015-10-05T11:14:17+00:00","author":"Canal Dana","twitter_card":"summary_large_image","twitter_misc":{"Escrito por":"Canal Dana","Est. tempo de leitura":"1 minuto"},"schema":{"@context":"https:\/\/schema.org","@graph":[{"@type":"Article","@id":"https:\/\/dana.com.br\/canaldana\/2015\/10\/05\/fabrica-da-iveco-alcanca-marca-de-1-milhao-de-horas-sem-acidentes\/#article","isPartOf":{"@id":"https:\/\/dana.com.br\/canaldana\/2015\/10\/05\/fabrica-da-iveco-alcanca-marca-de-1-milhao-de-horas-sem-acidentes\/"},"author":{"name":"Canal Dana","@id":"https:\/\/dana.com.br\/canaldana\/#\/schema\/person\/3c21f22f56fcf3bc46b94bc60ea4fef6"},"headline":"F\u00e1brica da Iveco alcan\u00e7a marca de 1 milh\u00e3o de horas sem acidentes","datePublished":"2015-10-05T11:14:17+00:00","mainEntityOfPage":{"@id":"https:\/\/dana.com.br\/canaldana\/2015\/10\/05\/fabrica-da-iveco-alcanca-marca-de-1-milhao-de-horas-sem-acidentes\/"},"wordCount":310,"articleSection":["Mercado"],"inLanguage":"pt-BR"},{"@type":"WebPage","@id":"https:\/\/dana.com.br\/canaldana\/2015\/10\/05\/fabrica-da-iveco-alcanca-marca-de-1-milhao-de-horas-sem-acidentes\/","url":"https:\/\/dana.com.br\/canaldana\/2015\/10\/05\/fabrica-da-iveco-alcanca-marca-de-1-milhao-de-horas-sem-acidentes\/","name":"F\u00e1brica da Iveco alcan\u00e7a marca de 1 milh\u00e3o de horas sem acidentes - Canal Dana","isPartOf":{"@id":"https:\/\/dana.com.br\/canaldana\/#website"},"datePublished":"2015-10-05T11:14:17+00:00","author":{"@id":"https:\/\/dana.com.br\/canaldana\/#\/schema\/person\/3c21f22f56fcf3bc46b94bc60ea4fef6"},"breadcrumb":{"@id":"https:\/\/dana.com.br\/canaldana\/2015\/10\/05\/fabrica-da-iveco-alcanca-marca-de-1-milhao-de-horas-sem-acidentes\/#breadcrumb"},"inLanguage":"pt-BR","potentialAction":[{"@type":"ReadAction","target":["https:\/\/dana.com.br\/canaldana\/2015\/10\/05\/fabrica-da-iveco-alcanca-marca-de-1-milhao-de-horas-sem-acidentes\/"]}]},{"@type":"BreadcrumbList","@id":"https:\/\/dana.com.br\/canaldana\/2015\/10\/05\/fabrica-da-iveco-alcanca-marca-de-1-milhao-de-horas-sem-acidentes\/#breadcrumb","itemListElement":[{"@type":"ListItem","position":1,"name":"Home","item":"https:\/\/dana.com.br\/canaldana\/"},{"@type":"ListItem","position":2,"name":"Mercado","item":"https:\/\/dana.com.br\/canaldana\/mercado\/"},{"@type":"ListItem","position":3,"name":"F\u00e1brica da Iveco alcan\u00e7a marca de 1 milh\u00e3o de horas sem acidentes"}]},{"@type":"WebSite","@id":"https:\/\/dana.com.br\/canaldana\/#website","url":"https:\/\/dana.com.br\/canaldana\/","name":"Canal Dana","description":"Informativo com as principais not\u00edcias da ind\u00fastria automotiva","potentialAction":[{"@type":"SearchAction","target":{"@type":"EntryPoint","urlTemplate":"https:\/\/dana.com.br\/canaldana\/?s={search_term_string}"},"query-input":{"@type":"PropertyValueSpecification","valueRequired":true,"valueName":"search_term_string"}}],"inLanguage":"pt-BR"},{"@type":"Person","@id":"https:\/\/dana.com.br\/canaldana\/#\/schema\/person\/3c21f22f56fcf3bc46b94bc60ea4fef6","name":"Canal Dana","image":{"@type":"ImageObject","inLanguage":"pt-BR","@id":"https:\/\/secure.gravatar.com\/avatar\/420aaf9278582877d9018637c6817617705899d2858d7572ef0fe59a6b6454b4?s=96&d=mm&r=g","url":"https:\/\/secure.gravatar.com\/avatar\/420aaf9278582877d9018637c6817617705899d2858d7572ef0fe59a6b6454b4?s=96&d=mm&r=g","contentUrl":"https:\/\/secure.gravatar.com\/avatar\/420aaf9278582877d9018637c6817617705899d2858d7572ef0fe59a6b6454b4?s=96&d=mm&r=g","caption":"Canal Dana"},"url":"https:\/\/dana.com.br\/canaldana\/author\/cdeditor\/"}]}},"_links":{"self":[{"href":"https:\/\/dana.com.br\/canaldana\/wp-json\/wp\/v2\/posts\/3114","targetHints":{"allow":["GET"]}}],"collection":[{"href":"https:\/\/dana.com.br\/canaldana\/wp-json\/wp\/v2\/posts"}],"about":[{"href":"https:\/\/dana.com.br\/canaldana\/wp-json\/wp\/v2\/types\/post"}],"author":[{"embeddable":true,"href":"https:\/\/dana.com.br\/canaldana\/wp-json\/wp\/v2\/users\/3"}],"replies":[{"embeddable":true,"href":"https:\/\/dana.com.br\/canaldana\/wp-json\/wp\/v2\/comments?post=3114"}],"version-history":[{"count":0,"href":"https:\/\/dana.com.br\/canaldana\/wp-json\/wp\/v2\/posts\/3114\/revisions"}],"wp:attachment":[{"href":"https:\/\/dana.com.br\/canaldana\/wp-json\/wp\/v2\/media?parent=3114"}],"wp:term":[{"taxonomy":"category","embeddable":true,"href":"https:\/\/dana.com.br\/canaldana\/wp-json\/wp\/v2\/categories?post=3114"},{"taxonomy":"post_tag","embeddable":true,"href":"https:\/\/dana.com.br\/canaldana\/wp-json\/wp\/v2\/tags?post=3114"}],"curies":[{"name":"wp","href":"https:\/\/api.w.org\/{rel}","templated":true}]}}