{"id":30738,"date":"2018-11-21T09:27:32","date_gmt":"2018-11-21T11:27:32","guid":{"rendered":"https:\/\/dana.com.br\/canaldana\/?p=30738"},"modified":"2018-11-21T09:27:32","modified_gmt":"2018-11-21T11:27:32","slug":"maquinas-agricolas-se-tornam-fundamentais-no-campo","status":"publish","type":"post","link":"https:\/\/dana.com.br\/canaldana\/2018\/11\/21\/maquinas-agricolas-se-tornam-fundamentais-no-campo\/","title":{"rendered":"M\u00e1quinas agr\u00edcolas se tornam fundamentais no campo"},"content":{"rendered":"<p><em>Di\u00e1rio dos Campos <\/em><\/p>\n<p>&nbsp;<\/p>\n<p>As m\u00e1quinas agr\u00edcolas est\u00e3o em alta nas negocia\u00e7\u00f5es de investimentos do agroneg\u00f3cio. Durante o Circuito Agro Bando do Brasil, v\u00e1rias empresas levaram lan\u00e7amentos de novas m\u00e1quinas para que os produtores pudessem conhecer os produtos.<\/p>\n<p>&nbsp;<\/p>\n<p>A mecaniza\u00e7\u00e3o da produ\u00e7\u00e3o agr\u00edcola mudou o agroneg\u00f3cio, aumentando a produtividade e a efici\u00eancia de muitos processos.\u00a0 As m\u00e1quinas s\u00e3o um dos principais pontos de aten\u00e7\u00e3o nas propriedades. Esses ativos representam um grande investimento para o produtor. A opera\u00e7\u00e3o dessa tecnologia no campo tamb\u00e9m pode ser fator decisivo para determinar as margens da opera\u00e7\u00e3o.<\/p>\n<p>&nbsp;<\/p>\n<p>Para o engenheiro agr\u00f4nomo, Valter Martins, o processo maquin\u00e1rio aliado com o planejamento das planta\u00e7\u00f5es, s\u00f3 tem a dar mais qualidade e lucros para os agricultores. \u201cA boa escolha de uma m\u00e1quina \u00e9 fundamental para um produtor. Ela ajuda e muito no processo de colheita e prepara\u00e7\u00e3o das planta\u00e7\u00f5es. Por isso, deve se analisar bem antes que tipo de maquin\u00e1rio vale o investimento, que com certeza o propriet\u00e1rio ter\u00e1 um retorno positivo\u201d, explica.<\/p>\n<p>&nbsp;<\/p>\n<p>Atualmente, no Brasil j\u00e1 s\u00e3o mais de dois milh\u00f5es de m\u00e1quinas agr\u00edcolas, segundo dados da Sociedade de Engenheiros da Mobilidade (SAE) Brasil. Cada uma das m\u00e1quinas t\u00eam uma relev\u00e2ncia no processo produtivo, vejamos a seguir:<\/p>\n<p>&nbsp;<\/p>\n<p>&#8211; Tratores t\u00eam como principal fun\u00e7\u00e3o arar o solo, com sua utiliza\u00e7\u00e3o \u00e9 poss\u00edvel diminuir os trabalhos manuais e de tra\u00e7\u00e3o animal que atrasam o processo agr\u00edcola;<\/p>\n<p>&nbsp;<\/p>\n<p>&#8211; Colheitadeiras possuem como funcionalidade a colheita dos mais diversos tipos de cereais e gr\u00e3os. Essas m\u00e1quinas s\u00e3o programadas para diferenciar um cereal do outro; ap\u00f3s essa separa\u00e7\u00e3o, as colheitadeiras s\u00e3o respons\u00e1veis pela limpeza das sementes, facilitando o manejo antes de serem comercializadas;<\/p>\n<p>&nbsp;<\/p>\n<p>\u2013 Semeadoras s\u00e3o respons\u00e1veis pela abertura de espa\u00e7os no solo e pela distribui\u00e7\u00e3o das sementes. Essas atividades devem ser realizadas de forma precisa para que seja depositada a quantidade necess\u00e1ria de sementes;<\/p>\n<p>&nbsp;<\/p>\n<p>\u2013 Pulverizadores atuam controlando as pragas mais comuns que atacam as planta\u00e7\u00f5es, esses pulverizadores dosam a aplica\u00e7\u00e3o de defensivos ou fertilizantes sobre determinado plantio.<\/p>\n<p>&nbsp;<\/p>\n<p><strong>Manuten\u00e7\u00e3o<\/strong><\/p>\n<p>&nbsp;<\/p>\n<p>O processo de manuten\u00e7\u00e3o das m\u00e1quinas tamb\u00e9m se torna ponto importante em todo esse processo. Para evitar preju\u00edzos financeiros, os produtores t\u00eam se preocupado cada vez mais em manter a qualidade do funcionamento de seus maquin\u00e1rios.<\/p>\n<p>&nbsp;<\/p>\n<p>Como a ind\u00fastria agr\u00edcola produz em grande volume, as m\u00e1quinas se desgastam rapidamente causando a necessidade de manuten\u00e7\u00e3o cont\u00ednua. Por exemplo, as facas das colheitadeiras, em fun\u00e7\u00e3o da resist\u00eancia e abrasividade do produto a ser colhido. Portanto, o mau funcionamento das facas interfere diretamente na colheita do produto o que pode causar grandes preju\u00edzos e desperd\u00edcios, como a perda total dos alimentos produzidos. (Di\u00e1rio dos Campos\/Melissa Eichelbaun)<\/p>\n","protected":false},"excerpt":{"rendered":"<p>Di\u00e1rio dos Campos &nbsp; As m\u00e1quinas agr\u00edcolas est\u00e3o em alta nas negocia\u00e7\u00f5es de investimentos do agroneg\u00f3cio. Durante o Circuito Agro Bando do Brasil, v\u00e1rias empresas levaram lan\u00e7amentos de novas m\u00e1quinas para que os produtores pudessem conhecer os produtos. &nbsp; A mecaniza\u00e7\u00e3o da produ\u00e7\u00e3o agr\u00edcola mudou o agroneg\u00f3cio, aumentando a produtividade e a efici\u00eancia de muitos\u2026 <a class=\"readmore\" href=\"https:\/\/dana.com.br\/canaldana\/2018\/11\/21\/maquinas-agricolas-se-tornam-fundamentais-no-campo\/\">Leia mais \u00bb<\/a><\/p>\n","protected":false},"author":3,"featured_media":0,"comment_status":"closed","ping_status":"closed","sticky":false,"template":"","format":"standard","meta":{"_acf_changed":false,"footnotes":""},"categories":[79],"tags":[],"class_list":["post-30738","post","type-post","status-publish","format-standard","hentry","category-mercado"],"acf":[],"yoast_head":"<!-- This site is optimized with the Yoast SEO plugin v27.5 - https:\/\/yoast.com\/product\/yoast-seo-wordpress\/ -->\n<title>M\u00e1quinas agr\u00edcolas se tornam fundamentais no campo - Canal Dana<\/title>\n<meta name=\"robots\" content=\"index, follow, max-snippet:-1, max-image-preview:large, max-video-preview:-1\" \/>\n<link rel=\"canonical\" href=\"https:\/\/dana.com.br\/canaldana\/2018\/11\/21\/maquinas-agricolas-se-tornam-fundamentais-no-campo\/\" \/>\n<meta property=\"og:locale\" content=\"pt_BR\" \/>\n<meta property=\"og:type\" content=\"article\" \/>\n<meta property=\"og:title\" content=\"M\u00e1quinas agr\u00edcolas se tornam fundamentais no campo - Canal Dana\" \/>\n<meta property=\"og:description\" content=\"Di\u00e1rio dos Campos &nbsp; As m\u00e1quinas agr\u00edcolas est\u00e3o em alta nas negocia\u00e7\u00f5es de investimentos do agroneg\u00f3cio. Durante o Circuito Agro Bando do Brasil, v\u00e1rias empresas levaram lan\u00e7amentos de novas m\u00e1quinas para que os produtores pudessem conhecer os produtos. &nbsp; A mecaniza\u00e7\u00e3o da produ\u00e7\u00e3o agr\u00edcola mudou o agroneg\u00f3cio, aumentando a produtividade e a efici\u00eancia de muitos\u2026 Leia mais \u00bb\" \/>\n<meta property=\"og:url\" content=\"https:\/\/dana.com.br\/canaldana\/2018\/11\/21\/maquinas-agricolas-se-tornam-fundamentais-no-campo\/\" \/>\n<meta property=\"og:site_name\" content=\"Canal Dana\" \/>\n<meta property=\"article:published_time\" content=\"2018-11-21T11:27:32+00:00\" \/>\n<meta name=\"author\" content=\"Canal Dana\" \/>\n<meta name=\"twitter:card\" content=\"summary_large_image\" \/>\n<meta name=\"twitter:label1\" content=\"Escrito por\" \/>\n\t<meta name=\"twitter:data1\" content=\"Canal Dana\" \/>\n\t<meta name=\"twitter:label2\" content=\"Est. tempo de leitura\" \/>\n\t<meta name=\"twitter:data2\" content=\"3 minutos\" \/>\n<script type=\"application\/ld+json\" class=\"yoast-schema-graph\">{\"@context\":\"https:\\\/\\\/schema.org\",\"@graph\":[{\"@type\":\"Article\",\"@id\":\"https:\\\/\\\/dana.com.br\\\/canaldana\\\/2018\\\/11\\\/21\\\/maquinas-agricolas-se-tornam-fundamentais-no-campo\\\/#article\",\"isPartOf\":{\"@id\":\"https:\\\/\\\/dana.com.br\\\/canaldana\\\/2018\\\/11\\\/21\\\/maquinas-agricolas-se-tornam-fundamentais-no-campo\\\/\"},\"author\":{\"name\":\"Canal Dana\",\"@id\":\"https:\\\/\\\/dana.com.br\\\/canaldana\\\/#\\\/schema\\\/person\\\/3c21f22f56fcf3bc46b94bc60ea4fef6\"},\"headline\":\"M\u00e1quinas agr\u00edcolas se tornam fundamentais no campo\",\"datePublished\":\"2018-11-21T11:27:32+00:00\",\"mainEntityOfPage\":{\"@id\":\"https:\\\/\\\/dana.com.br\\\/canaldana\\\/2018\\\/11\\\/21\\\/maquinas-agricolas-se-tornam-fundamentais-no-campo\\\/\"},\"wordCount\":518,\"articleSection\":[\"Mercado\"],\"inLanguage\":\"pt-BR\"},{\"@type\":\"WebPage\",\"@id\":\"https:\\\/\\\/dana.com.br\\\/canaldana\\\/2018\\\/11\\\/21\\\/maquinas-agricolas-se-tornam-fundamentais-no-campo\\\/\",\"url\":\"https:\\\/\\\/dana.com.br\\\/canaldana\\\/2018\\\/11\\\/21\\\/maquinas-agricolas-se-tornam-fundamentais-no-campo\\\/\",\"name\":\"M\u00e1quinas agr\u00edcolas se tornam fundamentais no campo - Canal Dana\",\"isPartOf\":{\"@id\":\"https:\\\/\\\/dana.com.br\\\/canaldana\\\/#website\"},\"datePublished\":\"2018-11-21T11:27:32+00:00\",\"author\":{\"@id\":\"https:\\\/\\\/dana.com.br\\\/canaldana\\\/#\\\/schema\\\/person\\\/3c21f22f56fcf3bc46b94bc60ea4fef6\"},\"breadcrumb\":{\"@id\":\"https:\\\/\\\/dana.com.br\\\/canaldana\\\/2018\\\/11\\\/21\\\/maquinas-agricolas-se-tornam-fundamentais-no-campo\\\/#breadcrumb\"},\"inLanguage\":\"pt-BR\",\"potentialAction\":[{\"@type\":\"ReadAction\",\"target\":[\"https:\\\/\\\/dana.com.br\\\/canaldana\\\/2018\\\/11\\\/21\\\/maquinas-agricolas-se-tornam-fundamentais-no-campo\\\/\"]}]},{\"@type\":\"BreadcrumbList\",\"@id\":\"https:\\\/\\\/dana.com.br\\\/canaldana\\\/2018\\\/11\\\/21\\\/maquinas-agricolas-se-tornam-fundamentais-no-campo\\\/#breadcrumb\",\"itemListElement\":[{\"@type\":\"ListItem\",\"position\":1,\"name\":\"Home\",\"item\":\"https:\\\/\\\/dana.com.br\\\/canaldana\\\/\"},{\"@type\":\"ListItem\",\"position\":2,\"name\":\"Mercado\",\"item\":\"https:\\\/\\\/dana.com.br\\\/canaldana\\\/mercado\\\/\"},{\"@type\":\"ListItem\",\"position\":3,\"name\":\"M\u00e1quinas agr\u00edcolas se tornam fundamentais no campo\"}]},{\"@type\":\"WebSite\",\"@id\":\"https:\\\/\\\/dana.com.br\\\/canaldana\\\/#website\",\"url\":\"https:\\\/\\\/dana.com.br\\\/canaldana\\\/\",\"name\":\"Canal Dana\",\"description\":\"Informativo com as principais not\u00edcias da ind\u00fastria automotiva\",\"potentialAction\":[{\"@type\":\"SearchAction\",\"target\":{\"@type\":\"EntryPoint\",\"urlTemplate\":\"https:\\\/\\\/dana.com.br\\\/canaldana\\\/?s={search_term_string}\"},\"query-input\":{\"@type\":\"PropertyValueSpecification\",\"valueRequired\":true,\"valueName\":\"search_term_string\"}}],\"inLanguage\":\"pt-BR\"},{\"@type\":\"Person\",\"@id\":\"https:\\\/\\\/dana.com.br\\\/canaldana\\\/#\\\/schema\\\/person\\\/3c21f22f56fcf3bc46b94bc60ea4fef6\",\"name\":\"Canal Dana\",\"image\":{\"@type\":\"ImageObject\",\"inLanguage\":\"pt-BR\",\"@id\":\"https:\\\/\\\/secure.gravatar.com\\\/avatar\\\/420aaf9278582877d9018637c6817617705899d2858d7572ef0fe59a6b6454b4?s=96&d=mm&r=g\",\"url\":\"https:\\\/\\\/secure.gravatar.com\\\/avatar\\\/420aaf9278582877d9018637c6817617705899d2858d7572ef0fe59a6b6454b4?s=96&d=mm&r=g\",\"contentUrl\":\"https:\\\/\\\/secure.gravatar.com\\\/avatar\\\/420aaf9278582877d9018637c6817617705899d2858d7572ef0fe59a6b6454b4?s=96&d=mm&r=g\",\"caption\":\"Canal Dana\"},\"url\":\"https:\\\/\\\/dana.com.br\\\/canaldana\\\/author\\\/cdeditor\\\/\"}]}<\/script>\n<!-- \/ Yoast SEO plugin. -->","yoast_head_json":{"title":"M\u00e1quinas agr\u00edcolas se tornam fundamentais no campo - Canal Dana","robots":{"index":"index","follow":"follow","max-snippet":"max-snippet:-1","max-image-preview":"max-image-preview:large","max-video-preview":"max-video-preview:-1"},"canonical":"https:\/\/dana.com.br\/canaldana\/2018\/11\/21\/maquinas-agricolas-se-tornam-fundamentais-no-campo\/","og_locale":"pt_BR","og_type":"article","og_title":"M\u00e1quinas agr\u00edcolas se tornam fundamentais no campo - Canal Dana","og_description":"Di\u00e1rio dos Campos &nbsp; As m\u00e1quinas agr\u00edcolas est\u00e3o em alta nas negocia\u00e7\u00f5es de investimentos do agroneg\u00f3cio. Durante o Circuito Agro Bando do Brasil, v\u00e1rias empresas levaram lan\u00e7amentos de novas m\u00e1quinas para que os produtores pudessem conhecer os produtos. &nbsp; A mecaniza\u00e7\u00e3o da produ\u00e7\u00e3o agr\u00edcola mudou o agroneg\u00f3cio, aumentando a produtividade e a efici\u00eancia de muitos\u2026 Leia mais \u00bb","og_url":"https:\/\/dana.com.br\/canaldana\/2018\/11\/21\/maquinas-agricolas-se-tornam-fundamentais-no-campo\/","og_site_name":"Canal Dana","article_published_time":"2018-11-21T11:27:32+00:00","author":"Canal Dana","twitter_card":"summary_large_image","twitter_misc":{"Escrito por":"Canal Dana","Est. tempo de leitura":"3 minutos"},"schema":{"@context":"https:\/\/schema.org","@graph":[{"@type":"Article","@id":"https:\/\/dana.com.br\/canaldana\/2018\/11\/21\/maquinas-agricolas-se-tornam-fundamentais-no-campo\/#article","isPartOf":{"@id":"https:\/\/dana.com.br\/canaldana\/2018\/11\/21\/maquinas-agricolas-se-tornam-fundamentais-no-campo\/"},"author":{"name":"Canal Dana","@id":"https:\/\/dana.com.br\/canaldana\/#\/schema\/person\/3c21f22f56fcf3bc46b94bc60ea4fef6"},"headline":"M\u00e1quinas agr\u00edcolas se tornam fundamentais no campo","datePublished":"2018-11-21T11:27:32+00:00","mainEntityOfPage":{"@id":"https:\/\/dana.com.br\/canaldana\/2018\/11\/21\/maquinas-agricolas-se-tornam-fundamentais-no-campo\/"},"wordCount":518,"articleSection":["Mercado"],"inLanguage":"pt-BR"},{"@type":"WebPage","@id":"https:\/\/dana.com.br\/canaldana\/2018\/11\/21\/maquinas-agricolas-se-tornam-fundamentais-no-campo\/","url":"https:\/\/dana.com.br\/canaldana\/2018\/11\/21\/maquinas-agricolas-se-tornam-fundamentais-no-campo\/","name":"M\u00e1quinas agr\u00edcolas se tornam fundamentais no campo - Canal Dana","isPartOf":{"@id":"https:\/\/dana.com.br\/canaldana\/#website"},"datePublished":"2018-11-21T11:27:32+00:00","author":{"@id":"https:\/\/dana.com.br\/canaldana\/#\/schema\/person\/3c21f22f56fcf3bc46b94bc60ea4fef6"},"breadcrumb":{"@id":"https:\/\/dana.com.br\/canaldana\/2018\/11\/21\/maquinas-agricolas-se-tornam-fundamentais-no-campo\/#breadcrumb"},"inLanguage":"pt-BR","potentialAction":[{"@type":"ReadAction","target":["https:\/\/dana.com.br\/canaldana\/2018\/11\/21\/maquinas-agricolas-se-tornam-fundamentais-no-campo\/"]}]},{"@type":"BreadcrumbList","@id":"https:\/\/dana.com.br\/canaldana\/2018\/11\/21\/maquinas-agricolas-se-tornam-fundamentais-no-campo\/#breadcrumb","itemListElement":[{"@type":"ListItem","position":1,"name":"Home","item":"https:\/\/dana.com.br\/canaldana\/"},{"@type":"ListItem","position":2,"name":"Mercado","item":"https:\/\/dana.com.br\/canaldana\/mercado\/"},{"@type":"ListItem","position":3,"name":"M\u00e1quinas agr\u00edcolas se tornam fundamentais no campo"}]},{"@type":"WebSite","@id":"https:\/\/dana.com.br\/canaldana\/#website","url":"https:\/\/dana.com.br\/canaldana\/","name":"Canal Dana","description":"Informativo com as principais not\u00edcias da ind\u00fastria automotiva","potentialAction":[{"@type":"SearchAction","target":{"@type":"EntryPoint","urlTemplate":"https:\/\/dana.com.br\/canaldana\/?s={search_term_string}"},"query-input":{"@type":"PropertyValueSpecification","valueRequired":true,"valueName":"search_term_string"}}],"inLanguage":"pt-BR"},{"@type":"Person","@id":"https:\/\/dana.com.br\/canaldana\/#\/schema\/person\/3c21f22f56fcf3bc46b94bc60ea4fef6","name":"Canal Dana","image":{"@type":"ImageObject","inLanguage":"pt-BR","@id":"https:\/\/secure.gravatar.com\/avatar\/420aaf9278582877d9018637c6817617705899d2858d7572ef0fe59a6b6454b4?s=96&d=mm&r=g","url":"https:\/\/secure.gravatar.com\/avatar\/420aaf9278582877d9018637c6817617705899d2858d7572ef0fe59a6b6454b4?s=96&d=mm&r=g","contentUrl":"https:\/\/secure.gravatar.com\/avatar\/420aaf9278582877d9018637c6817617705899d2858d7572ef0fe59a6b6454b4?s=96&d=mm&r=g","caption":"Canal Dana"},"url":"https:\/\/dana.com.br\/canaldana\/author\/cdeditor\/"}]}},"_links":{"self":[{"href":"https:\/\/dana.com.br\/canaldana\/wp-json\/wp\/v2\/posts\/30738","targetHints":{"allow":["GET"]}}],"collection":[{"href":"https:\/\/dana.com.br\/canaldana\/wp-json\/wp\/v2\/posts"}],"about":[{"href":"https:\/\/dana.com.br\/canaldana\/wp-json\/wp\/v2\/types\/post"}],"author":[{"embeddable":true,"href":"https:\/\/dana.com.br\/canaldana\/wp-json\/wp\/v2\/users\/3"}],"replies":[{"embeddable":true,"href":"https:\/\/dana.com.br\/canaldana\/wp-json\/wp\/v2\/comments?post=30738"}],"version-history":[{"count":0,"href":"https:\/\/dana.com.br\/canaldana\/wp-json\/wp\/v2\/posts\/30738\/revisions"}],"wp:attachment":[{"href":"https:\/\/dana.com.br\/canaldana\/wp-json\/wp\/v2\/media?parent=30738"}],"wp:term":[{"taxonomy":"category","embeddable":true,"href":"https:\/\/dana.com.br\/canaldana\/wp-json\/wp\/v2\/categories?post=30738"},{"taxonomy":"post_tag","embeddable":true,"href":"https:\/\/dana.com.br\/canaldana\/wp-json\/wp\/v2\/tags?post=30738"}],"curies":[{"name":"wp","href":"https:\/\/api.w.org\/{rel}","templated":true}]}}