{"id":30645,"date":"2018-11-19T08:15:29","date_gmt":"2018-11-19T10:15:29","guid":{"rendered":"https:\/\/dana.com.br\/canaldana\/?p=30645"},"modified":"2018-11-19T08:15:29","modified_gmt":"2018-11-19T10:15:29","slug":"onibus-eletrico-da-iveco-recebe-premio-por-sustentabilidade","status":"publish","type":"post","link":"https:\/\/dana.com.br\/canaldana\/2018\/11\/19\/onibus-eletrico-da-iveco-recebe-premio-por-sustentabilidade\/","title":{"rendered":"\u00d4nibus el\u00e9trico da Iveco recebe pr\u00eamio por sustentabilidade"},"content":{"rendered":"<p><em>Di\u00e1rio do Transporte<\/em><\/p>\n<p>&nbsp;<\/p>\n<p>Um \u00f4nibus el\u00e9trico da Iveco recebeu um pr\u00eamio por ser um ve\u00edculo sustent\u00e1vel. O modelo, Crealis In-Motion-Charging, teve estreia mundial no IAA, na Alemanha e foi destaque de uma premia\u00e7\u00e3o na categoria \u201cUrbano\u201d.<\/p>\n<p>&nbsp;<\/p>\n<p>Durante o IAA International Vehicle Trade Show 2018, em Hannover, na Alemanha, o ve\u00edculo foi escolhido como \u201c\u00d4nibus Sustent\u00e1vel de 2018\u201d.<\/p>\n<p>&nbsp;<\/p>\n<p>O j\u00fari do \u201cPr\u00eamio de \u00d4nibus Sustent\u00e1vel\u201d, categoria \u201cUrbano\u201d, \u00e9 composto por representantes das sete principais revistas europeias de com\u00e9rcio de \u00f4nibus.<\/p>\n<p>&nbsp;<\/p>\n<p>Segundo informa\u00e7\u00f5es da Iveco, o grupo avaliou princ\u00edpios de sustentabilidade, especificamente a habilidade de estabelecer uma imagem positiva do ve\u00edculo para o p\u00fablico geral.<\/p>\n<p>&nbsp;<\/p>\n<p>Aspectos como seguran\u00e7a, conforto, n\u00edveis de ru\u00eddo, reciclabilidade dos componentes e o comprometimento do fabricante com a sustentabilidade tamb\u00e9m foram levados em considera\u00e7\u00e3o.<\/p>\n<p>&nbsp;<\/p>\n<p>\u201cA sustentabilidade dos transportes p\u00fablicos tem, cada vez mais, ganhado import\u00e2ncia no segmento, e a Iveco Bus, como l\u00edder neste ramo, lan\u00e7ou sua nova linha de eletromobilidade no IAA. O Crealis In Motion Charging oferece um conceito de mobilidade el\u00e9trica mais avan\u00e7ado e eficiente, completando a linha de ve\u00edculos de tra\u00e7\u00f5es alternativas\u201d, informou a Iveco, em nota.<\/p>\n<p>&nbsp;<\/p>\n<p>Al\u00e9m de ser um ve\u00edculo el\u00e9trico, as baterias internas do Crealis foram reduzidas ao m\u00ednimo com a tecnologia In Motion Charging. Segundo a Iveco, o \u00f4nibus combina cabos el\u00e9tricos suspensos com uma pequena bateria interna, permitindo que novas rotas de \u00f4nibus el\u00e9tricos sejam implantadas sem custo extra, mesmo se houver se\u00e7\u00f5es sem cabos suspensos.<\/p>\n<p>&nbsp;<\/p>\n<p>O tempo de opera\u00e7\u00e3o aumenta \u00e0 medida em que as baterias do ve\u00edculo recarregam automaticamente ao percorrer estradas com cabos suspensos. O modelo tamb\u00e9m \u00e9 capaz de funcionar usando baterias em 25% a 40% da rota.<\/p>\n<p>&nbsp;<\/p>\n<p>\u201cAgora, a Iveco Bus tem uma linha de ve\u00edculos que atende a diferentes exig\u00eancias do mercado. Os \u00f4nibus el\u00e9tricos oferecem alternativas para o transporte de passageiros nos centros das cidades, com baixa velocidade, baixa efici\u00eancia energ\u00e9tica, al\u00e9m de G\u00e1s Natural Comprimido (GNC) para o transporte p\u00fablico urbano, no qual as exig\u00eancias de dist\u00e2ncia, velocidade e energia aumentam\u201d.<\/p>\n<p>&nbsp;<\/p>\n<p>A cidade francesa de Limoges, por meio de sua empresa p\u00fablica de transportes, anunciou acordo com a Iveco para fornecimento de tr\u00f3lebus da nova vers\u00e3o do modelo Crealis In-Motion-Charging.<\/p>\n<p>&nbsp;<\/p>\n<p>Em nota, o presidente da Limoges M\u00e9tropole, G\u00e9rard Vandenbroucke, disse que h\u00e1 mais de 50 anos a cidade aposta no sistema de tr\u00f3lebus e que pretende continuar com o modal. Hoje s\u00e3o 30 tr\u00f3lebus na cidade de 208 mil habitantes, mas a frota ser\u00e1 ampliada.<\/p>\n<p>&nbsp;<\/p>\n<p>\u201cComo fi\u00e9is usu\u00e1rios de tr\u00f3lebus h\u00e1 muitas d\u00e9cadas, estamos muito satisfeitos em ser o primeiro na Fran\u00e7a a encomendar esta nova gera\u00e7\u00e3o de ve\u00edculos. A Crealis In-Motion-Charging confirma que a eletricidade \u00e9 o caminho para a transi\u00e7\u00e3o energ\u00e9tica no transporte p\u00fablico\u201c, disse segundo a nota da Iveco na Europa. (Di\u00e1rio do Transporte\/Jessica Marques)<\/p>\n","protected":false},"excerpt":{"rendered":"<p>Di\u00e1rio do Transporte &nbsp; Um \u00f4nibus el\u00e9trico da Iveco recebeu um pr\u00eamio por ser um ve\u00edculo sustent\u00e1vel. O modelo, Crealis In-Motion-Charging, teve estreia mundial no IAA, na Alemanha e foi destaque de uma premia\u00e7\u00e3o na categoria \u201cUrbano\u201d. &nbsp; Durante o IAA International Vehicle Trade Show 2018, em Hannover, na Alemanha, o ve\u00edculo foi escolhido como\u2026 <a class=\"readmore\" href=\"https:\/\/dana.com.br\/canaldana\/2018\/11\/19\/onibus-eletrico-da-iveco-recebe-premio-por-sustentabilidade\/\">Leia mais \u00bb<\/a><\/p>\n","protected":false},"author":3,"featured_media":0,"comment_status":"closed","ping_status":"closed","sticky":false,"template":"","format":"standard","meta":{"_acf_changed":false,"footnotes":""},"categories":[74],"tags":[],"class_list":["post-30645","post","type-post","status-publish","format-standard","hentry","category-premios"],"acf":[],"yoast_head":"<!-- This site is optimized with the Yoast SEO plugin v27.3 - https:\/\/yoast.com\/product\/yoast-seo-wordpress\/ -->\n<title>\u00d4nibus el\u00e9trico da Iveco recebe pr\u00eamio por sustentabilidade - Canal Dana<\/title>\n<meta name=\"robots\" content=\"index, follow, max-snippet:-1, max-image-preview:large, max-video-preview:-1\" \/>\n<link rel=\"canonical\" href=\"https:\/\/dana.com.br\/canaldana\/2018\/11\/19\/onibus-eletrico-da-iveco-recebe-premio-por-sustentabilidade\/\" \/>\n<meta property=\"og:locale\" content=\"pt_BR\" \/>\n<meta property=\"og:type\" content=\"article\" \/>\n<meta property=\"og:title\" content=\"\u00d4nibus el\u00e9trico da Iveco recebe pr\u00eamio por sustentabilidade - Canal Dana\" \/>\n<meta property=\"og:description\" content=\"Di\u00e1rio do Transporte &nbsp; Um \u00f4nibus el\u00e9trico da Iveco recebeu um pr\u00eamio por ser um ve\u00edculo sustent\u00e1vel. O modelo, Crealis In-Motion-Charging, teve estreia mundial no IAA, na Alemanha e foi destaque de uma premia\u00e7\u00e3o na categoria \u201cUrbano\u201d. &nbsp; Durante o IAA International Vehicle Trade Show 2018, em Hannover, na Alemanha, o ve\u00edculo foi escolhido como\u2026 Leia mais \u00bb\" \/>\n<meta property=\"og:url\" content=\"https:\/\/dana.com.br\/canaldana\/2018\/11\/19\/onibus-eletrico-da-iveco-recebe-premio-por-sustentabilidade\/\" \/>\n<meta property=\"og:site_name\" content=\"Canal Dana\" \/>\n<meta property=\"article:published_time\" content=\"2018-11-19T10:15:29+00:00\" \/>\n<meta name=\"author\" content=\"Canal Dana\" \/>\n<meta name=\"twitter:card\" content=\"summary_large_image\" \/>\n<meta name=\"twitter:label1\" content=\"Escrito por\" \/>\n\t<meta name=\"twitter:data1\" content=\"Canal Dana\" \/>\n\t<meta name=\"twitter:label2\" content=\"Est. tempo de leitura\" \/>\n\t<meta name=\"twitter:data2\" content=\"3 minutos\" \/>\n<script type=\"application\/ld+json\" class=\"yoast-schema-graph\">{\"@context\":\"https:\\\/\\\/schema.org\",\"@graph\":[{\"@type\":\"Article\",\"@id\":\"https:\\\/\\\/dana.com.br\\\/canaldana\\\/2018\\\/11\\\/19\\\/onibus-eletrico-da-iveco-recebe-premio-por-sustentabilidade\\\/#article\",\"isPartOf\":{\"@id\":\"https:\\\/\\\/dana.com.br\\\/canaldana\\\/2018\\\/11\\\/19\\\/onibus-eletrico-da-iveco-recebe-premio-por-sustentabilidade\\\/\"},\"author\":{\"name\":\"Canal Dana\",\"@id\":\"https:\\\/\\\/dana.com.br\\\/canaldana\\\/#\\\/schema\\\/person\\\/3c21f22f56fcf3bc46b94bc60ea4fef6\"},\"headline\":\"\u00d4nibus el\u00e9trico da Iveco recebe pr\u00eamio por sustentabilidade\",\"datePublished\":\"2018-11-19T10:15:29+00:00\",\"mainEntityOfPage\":{\"@id\":\"https:\\\/\\\/dana.com.br\\\/canaldana\\\/2018\\\/11\\\/19\\\/onibus-eletrico-da-iveco-recebe-premio-por-sustentabilidade\\\/\"},\"wordCount\":537,\"articleSection\":[\"Pr\u00eamios\"],\"inLanguage\":\"pt-BR\"},{\"@type\":\"WebPage\",\"@id\":\"https:\\\/\\\/dana.com.br\\\/canaldana\\\/2018\\\/11\\\/19\\\/onibus-eletrico-da-iveco-recebe-premio-por-sustentabilidade\\\/\",\"url\":\"https:\\\/\\\/dana.com.br\\\/canaldana\\\/2018\\\/11\\\/19\\\/onibus-eletrico-da-iveco-recebe-premio-por-sustentabilidade\\\/\",\"name\":\"\u00d4nibus el\u00e9trico da Iveco recebe pr\u00eamio por sustentabilidade - Canal Dana\",\"isPartOf\":{\"@id\":\"https:\\\/\\\/dana.com.br\\\/canaldana\\\/#website\"},\"datePublished\":\"2018-11-19T10:15:29+00:00\",\"author\":{\"@id\":\"https:\\\/\\\/dana.com.br\\\/canaldana\\\/#\\\/schema\\\/person\\\/3c21f22f56fcf3bc46b94bc60ea4fef6\"},\"breadcrumb\":{\"@id\":\"https:\\\/\\\/dana.com.br\\\/canaldana\\\/2018\\\/11\\\/19\\\/onibus-eletrico-da-iveco-recebe-premio-por-sustentabilidade\\\/#breadcrumb\"},\"inLanguage\":\"pt-BR\",\"potentialAction\":[{\"@type\":\"ReadAction\",\"target\":[\"https:\\\/\\\/dana.com.br\\\/canaldana\\\/2018\\\/11\\\/19\\\/onibus-eletrico-da-iveco-recebe-premio-por-sustentabilidade\\\/\"]}]},{\"@type\":\"BreadcrumbList\",\"@id\":\"https:\\\/\\\/dana.com.br\\\/canaldana\\\/2018\\\/11\\\/19\\\/onibus-eletrico-da-iveco-recebe-premio-por-sustentabilidade\\\/#breadcrumb\",\"itemListElement\":[{\"@type\":\"ListItem\",\"position\":1,\"name\":\"Home\",\"item\":\"https:\\\/\\\/dana.com.br\\\/canaldana\\\/\"},{\"@type\":\"ListItem\",\"position\":2,\"name\":\"Pr\u00eamios\",\"item\":\"https:\\\/\\\/dana.com.br\\\/canaldana\\\/premios\\\/\"},{\"@type\":\"ListItem\",\"position\":3,\"name\":\"\u00d4nibus el\u00e9trico da Iveco recebe pr\u00eamio por sustentabilidade\"}]},{\"@type\":\"WebSite\",\"@id\":\"https:\\\/\\\/dana.com.br\\\/canaldana\\\/#website\",\"url\":\"https:\\\/\\\/dana.com.br\\\/canaldana\\\/\",\"name\":\"Canal Dana\",\"description\":\"Informativo com as principais not\u00edcias da ind\u00fastria automotiva\",\"potentialAction\":[{\"@type\":\"SearchAction\",\"target\":{\"@type\":\"EntryPoint\",\"urlTemplate\":\"https:\\\/\\\/dana.com.br\\\/canaldana\\\/?s={search_term_string}\"},\"query-input\":{\"@type\":\"PropertyValueSpecification\",\"valueRequired\":true,\"valueName\":\"search_term_string\"}}],\"inLanguage\":\"pt-BR\"},{\"@type\":\"Person\",\"@id\":\"https:\\\/\\\/dana.com.br\\\/canaldana\\\/#\\\/schema\\\/person\\\/3c21f22f56fcf3bc46b94bc60ea4fef6\",\"name\":\"Canal Dana\",\"image\":{\"@type\":\"ImageObject\",\"inLanguage\":\"pt-BR\",\"@id\":\"https:\\\/\\\/secure.gravatar.com\\\/avatar\\\/420aaf9278582877d9018637c6817617705899d2858d7572ef0fe59a6b6454b4?s=96&d=mm&r=g\",\"url\":\"https:\\\/\\\/secure.gravatar.com\\\/avatar\\\/420aaf9278582877d9018637c6817617705899d2858d7572ef0fe59a6b6454b4?s=96&d=mm&r=g\",\"contentUrl\":\"https:\\\/\\\/secure.gravatar.com\\\/avatar\\\/420aaf9278582877d9018637c6817617705899d2858d7572ef0fe59a6b6454b4?s=96&d=mm&r=g\",\"caption\":\"Canal Dana\"},\"url\":\"https:\\\/\\\/dana.com.br\\\/canaldana\\\/author\\\/cdeditor\\\/\"}]}<\/script>\n<!-- \/ Yoast SEO plugin. -->","yoast_head_json":{"title":"\u00d4nibus el\u00e9trico da Iveco recebe pr\u00eamio por sustentabilidade - Canal Dana","robots":{"index":"index","follow":"follow","max-snippet":"max-snippet:-1","max-image-preview":"max-image-preview:large","max-video-preview":"max-video-preview:-1"},"canonical":"https:\/\/dana.com.br\/canaldana\/2018\/11\/19\/onibus-eletrico-da-iveco-recebe-premio-por-sustentabilidade\/","og_locale":"pt_BR","og_type":"article","og_title":"\u00d4nibus el\u00e9trico da Iveco recebe pr\u00eamio por sustentabilidade - Canal Dana","og_description":"Di\u00e1rio do Transporte &nbsp; Um \u00f4nibus el\u00e9trico da Iveco recebeu um pr\u00eamio por ser um ve\u00edculo sustent\u00e1vel. O modelo, Crealis In-Motion-Charging, teve estreia mundial no IAA, na Alemanha e foi destaque de uma premia\u00e7\u00e3o na categoria \u201cUrbano\u201d. &nbsp; Durante o IAA International Vehicle Trade Show 2018, em Hannover, na Alemanha, o ve\u00edculo foi escolhido como\u2026 Leia mais \u00bb","og_url":"https:\/\/dana.com.br\/canaldana\/2018\/11\/19\/onibus-eletrico-da-iveco-recebe-premio-por-sustentabilidade\/","og_site_name":"Canal Dana","article_published_time":"2018-11-19T10:15:29+00:00","author":"Canal Dana","twitter_card":"summary_large_image","twitter_misc":{"Escrito por":"Canal Dana","Est. tempo de leitura":"3 minutos"},"schema":{"@context":"https:\/\/schema.org","@graph":[{"@type":"Article","@id":"https:\/\/dana.com.br\/canaldana\/2018\/11\/19\/onibus-eletrico-da-iveco-recebe-premio-por-sustentabilidade\/#article","isPartOf":{"@id":"https:\/\/dana.com.br\/canaldana\/2018\/11\/19\/onibus-eletrico-da-iveco-recebe-premio-por-sustentabilidade\/"},"author":{"name":"Canal Dana","@id":"https:\/\/dana.com.br\/canaldana\/#\/schema\/person\/3c21f22f56fcf3bc46b94bc60ea4fef6"},"headline":"\u00d4nibus el\u00e9trico da Iveco recebe pr\u00eamio por sustentabilidade","datePublished":"2018-11-19T10:15:29+00:00","mainEntityOfPage":{"@id":"https:\/\/dana.com.br\/canaldana\/2018\/11\/19\/onibus-eletrico-da-iveco-recebe-premio-por-sustentabilidade\/"},"wordCount":537,"articleSection":["Pr\u00eamios"],"inLanguage":"pt-BR"},{"@type":"WebPage","@id":"https:\/\/dana.com.br\/canaldana\/2018\/11\/19\/onibus-eletrico-da-iveco-recebe-premio-por-sustentabilidade\/","url":"https:\/\/dana.com.br\/canaldana\/2018\/11\/19\/onibus-eletrico-da-iveco-recebe-premio-por-sustentabilidade\/","name":"\u00d4nibus el\u00e9trico da Iveco recebe pr\u00eamio por sustentabilidade - Canal Dana","isPartOf":{"@id":"https:\/\/dana.com.br\/canaldana\/#website"},"datePublished":"2018-11-19T10:15:29+00:00","author":{"@id":"https:\/\/dana.com.br\/canaldana\/#\/schema\/person\/3c21f22f56fcf3bc46b94bc60ea4fef6"},"breadcrumb":{"@id":"https:\/\/dana.com.br\/canaldana\/2018\/11\/19\/onibus-eletrico-da-iveco-recebe-premio-por-sustentabilidade\/#breadcrumb"},"inLanguage":"pt-BR","potentialAction":[{"@type":"ReadAction","target":["https:\/\/dana.com.br\/canaldana\/2018\/11\/19\/onibus-eletrico-da-iveco-recebe-premio-por-sustentabilidade\/"]}]},{"@type":"BreadcrumbList","@id":"https:\/\/dana.com.br\/canaldana\/2018\/11\/19\/onibus-eletrico-da-iveco-recebe-premio-por-sustentabilidade\/#breadcrumb","itemListElement":[{"@type":"ListItem","position":1,"name":"Home","item":"https:\/\/dana.com.br\/canaldana\/"},{"@type":"ListItem","position":2,"name":"Pr\u00eamios","item":"https:\/\/dana.com.br\/canaldana\/premios\/"},{"@type":"ListItem","position":3,"name":"\u00d4nibus el\u00e9trico da Iveco recebe pr\u00eamio por sustentabilidade"}]},{"@type":"WebSite","@id":"https:\/\/dana.com.br\/canaldana\/#website","url":"https:\/\/dana.com.br\/canaldana\/","name":"Canal Dana","description":"Informativo com as principais not\u00edcias da ind\u00fastria automotiva","potentialAction":[{"@type":"SearchAction","target":{"@type":"EntryPoint","urlTemplate":"https:\/\/dana.com.br\/canaldana\/?s={search_term_string}"},"query-input":{"@type":"PropertyValueSpecification","valueRequired":true,"valueName":"search_term_string"}}],"inLanguage":"pt-BR"},{"@type":"Person","@id":"https:\/\/dana.com.br\/canaldana\/#\/schema\/person\/3c21f22f56fcf3bc46b94bc60ea4fef6","name":"Canal Dana","image":{"@type":"ImageObject","inLanguage":"pt-BR","@id":"https:\/\/secure.gravatar.com\/avatar\/420aaf9278582877d9018637c6817617705899d2858d7572ef0fe59a6b6454b4?s=96&d=mm&r=g","url":"https:\/\/secure.gravatar.com\/avatar\/420aaf9278582877d9018637c6817617705899d2858d7572ef0fe59a6b6454b4?s=96&d=mm&r=g","contentUrl":"https:\/\/secure.gravatar.com\/avatar\/420aaf9278582877d9018637c6817617705899d2858d7572ef0fe59a6b6454b4?s=96&d=mm&r=g","caption":"Canal Dana"},"url":"https:\/\/dana.com.br\/canaldana\/author\/cdeditor\/"}]}},"_links":{"self":[{"href":"https:\/\/dana.com.br\/canaldana\/wp-json\/wp\/v2\/posts\/30645","targetHints":{"allow":["GET"]}}],"collection":[{"href":"https:\/\/dana.com.br\/canaldana\/wp-json\/wp\/v2\/posts"}],"about":[{"href":"https:\/\/dana.com.br\/canaldana\/wp-json\/wp\/v2\/types\/post"}],"author":[{"embeddable":true,"href":"https:\/\/dana.com.br\/canaldana\/wp-json\/wp\/v2\/users\/3"}],"replies":[{"embeddable":true,"href":"https:\/\/dana.com.br\/canaldana\/wp-json\/wp\/v2\/comments?post=30645"}],"version-history":[{"count":0,"href":"https:\/\/dana.com.br\/canaldana\/wp-json\/wp\/v2\/posts\/30645\/revisions"}],"wp:attachment":[{"href":"https:\/\/dana.com.br\/canaldana\/wp-json\/wp\/v2\/media?parent=30645"}],"wp:term":[{"taxonomy":"category","embeddable":true,"href":"https:\/\/dana.com.br\/canaldana\/wp-json\/wp\/v2\/categories?post=30645"},{"taxonomy":"post_tag","embeddable":true,"href":"https:\/\/dana.com.br\/canaldana\/wp-json\/wp\/v2\/tags?post=30645"}],"curies":[{"name":"wp","href":"https:\/\/api.w.org\/{rel}","templated":true}]}}