{"id":30637,"date":"2018-11-14T08:16:33","date_gmt":"2018-11-14T10:16:33","guid":{"rendered":"https:\/\/dana.com.br\/canaldana\/?p=30637"},"modified":"2018-11-14T08:16:33","modified_gmt":"2018-11-14T10:16:33","slug":"com-divida-de-r-500-milhoes-grupo-shc-de-sergio-habib-pede-recuperacao-judicial","status":"publish","type":"post","link":"https:\/\/dana.com.br\/canaldana\/2018\/11\/14\/com-divida-de-r-500-milhoes-grupo-shc-de-sergio-habib-pede-recuperacao-judicial\/","title":{"rendered":"Com d\u00edvida de R$ 500 milh\u00f5es, Grupo SHC, de S\u00e9rgio Habib, pede recupera\u00e7\u00e3o judicial"},"content":{"rendered":"<p><em>O Estado de S. Paulo <\/em><\/p>\n<p>&nbsp;<\/p>\n<p>Ele j\u00e1 foi um dos maiores revendedores de carros no Pa\u00eds, com 100 lojas de diversas marcas. Dono de um grupo que j\u00e1 teve um faturamento de R$ 6 bilh\u00f5es ao ano, chegou a lan\u00e7ar projeto de uma f\u00e1brica de carros chineses na Bahia, or\u00e7ado em R$ 1 bilh\u00e3o. No in\u00edcio do m\u00eas, por\u00e9m, o empres\u00e1rio brasileiro S\u00e9rgio Habib entrou com pedido de recupera\u00e7\u00e3o judicial de seu grupo, o SHC, que acumula d\u00edvidas de R$ 517,7 milh\u00f5es.<\/p>\n<p>&nbsp;<\/p>\n<p>No pedido com mais de 6 mil p\u00e1ginas, o grupo explica que suas dificuldades come\u00e7aram ap\u00f3s a crise econ\u00f4mica, que alterou planos da empresa, e foi acentuada pelo programa Inovar-Auto, que imp\u00f4s cotas de importa\u00e7\u00e3o \u2013 ou pagamento extra de 30 pontos porcentuais de IPI. Imputa, por\u00e9m, \u00e0 PSA Peugeot Citro\u00ebn, empresa com a qual manteve parceria por 28 anos, a responsabilidade maior pelas d\u00edvidas acumuladas.<\/p>\n<p>&nbsp;<\/p>\n<p>O grupo franc\u00eas, em especial a Citro\u00ebn \u2013 marca que ele trouxe ao Pa\u00eds nos anos 90 e foi o maior concession\u00e1rio, com 43 lojas \u2013 tamb\u00e9m ser\u00e1 alvo de a\u00e7\u00e3o por indeniza\u00e7\u00e3o nas pr\u00f3ximas semanas, informou na ter\u00e7a-feira, 13, Habib, durante o lan\u00e7amento, em S\u00e3o Paulo, do utilit\u00e1rio-esportivo T50, da JAC Motors. S\u00e3o ve\u00edculos da marca chinesa que ele vende nas 20 revendas que restaram ao grupo.<\/p>\n<p>&nbsp;<\/p>\n<p>Habib afirma que entrou com pedido de recupera\u00e7\u00e3o judicial justamente para preservar essa opera\u00e7\u00e3o, que segundo ele \u00e9 rent\u00e1vel, junto com a venda de carros usados. \u201cQueremos proteger as opera\u00e7\u00f5es da JAC dos credores da Citro\u00ebn\u201d, disse.<\/p>\n<p>&nbsp;<\/p>\n<p>Habib lembra que, em 2008, a Citro\u00ebn vendeu mais de 60 mil ve\u00edculos, metade deles por meio das revendas de seu grupo. A marca tinha 2,7% de participa\u00e7\u00e3o no mercado, fatia que hoje est\u00e1 abaixo de 1%. \u201cNeste ano, as vendas n\u00e3o v\u00e3o chegar a 20 mil ve\u00edculos\u201d. A marca foi a que mais perdeu mercado nos \u00faltimos tempos, registrando queda de 80% nas vendas de 2011 para c\u00e1. Tamb\u00e9m ficou cinco anos sem lan\u00e7ar produtos (de 2013 a 2018), num mercado cada vez mais disputado.<\/p>\n<p>&nbsp;<\/p>\n<p>A partir de 2014, Habib come\u00e7ou a fechar lojas da Citro\u00ebn, assim como da JAC, da Volkswagen e da Land Rover. Nesse processo, contou ele, negociou com a PSA e demais grupos regras previstas na Lei Ferrari (que estabelece normas entre fabricantes e distribuidores), como adquirir o estoque de pe\u00e7as.<\/p>\n<p>&nbsp;<\/p>\n<p>Em mar\u00e7o, fechou suas \u00faltimas 12 lojas da Citro\u00ebn e duas da Peugeot. \u201cNesse caso n\u00e3o houve negocia\u00e7\u00e3o; n\u00e3o me pagaram pelos servi\u00e7os de revis\u00e3o dos carros no per\u00edodo de garantia nem ficaram com as pe\u00e7as\u201d.<\/p>\n<p>&nbsp;<\/p>\n<p><strong>Contratos<\/strong><\/p>\n<p>&nbsp;<\/p>\n<p>Em nota, a PSA informou que \u201csempre pautou suas atitudes pelos mais elevados padr\u00f5es \u00e9ticos e morais, respeitando rigorosamente os contratos firmados e as leis brasileiras e, especialmente, a Lei Ferrari e, com o Grupo SHC, foi exatamente assim que procedeu\u201d.<\/p>\n<p>&nbsp;<\/p>\n<p>A fabricante tamb\u00e9m disse que, logo ap\u00f3s o fim do contrato com Habib, foi procurada por grupos que s\u00e3o revendedores da marca para ficar com as concess\u00f5es e v\u00e1rias lojas ser\u00e3o reabertas nas mesmas regi\u00f5es.<\/p>\n<p>&nbsp;<\/p>\n<p>As d\u00edvidas do grupo SHC s\u00e3o com bancos, fornecedores de pe\u00e7as e servi\u00e7os e trabalhistas (a\u00e7\u00f5es na Justi\u00e7a). O grupo j\u00e1 teve 4 mil funcion\u00e1rios e hoje tem 700. \u201cEspero sair da recupera\u00e7\u00e3o judicial em tr\u00eas a cinco anos\u201d, disse Habib.<\/p>\n<p>&nbsp;<\/p>\n<p>A s\u00f3cia do escrit\u00f3rio Dias Carneiro Advogados, Laura Bumachar, explica que o grupo tem dois meses para apresentar um plano de recupera\u00e7\u00e3o e at\u00e9 seis meses para negociar o pagamento com os credores. Se n\u00e3o conseguir, ter\u00e1 a fal\u00eancia decretada.<\/p>\n<p>&nbsp;<\/p>\n<p><strong>JAC pretende vender carro el\u00e9trico<\/strong><\/p>\n<p>&nbsp;<\/p>\n<p>O fim de uma parceria de 28 anos com a Citro\u00ebn e o pedido de recupera\u00e7\u00e3o judicial certamente abalaram S\u00e9rgio Habib, empres\u00e1rio que sempre foi ousado e agressivo em suas estrat\u00e9gias. \u201cNossa empresa sofreu um encolhimento forte, mas continuo trabalhando muito. N\u00e3o mudei minha rotina\u201d, disse ele, que costuma visitar revendas com frequ\u00eancia e fazer pessoalmente as entrevistas para contrata\u00e7\u00f5es de vendedores.<\/p>\n<p>&nbsp;<\/p>\n<p>Uma dessas estrat\u00e9gias ousadas foi o lan\u00e7amento da marca JAC no Brasil, em 2011. Em um \u00fanico dia, Habib inaugurou 50 lojas da marca e contratou como garoto-propaganda o apresentador Fausto Silva.<\/p>\n<p>&nbsp;<\/p>\n<p>Com vendas em alta, o grupo anunciou a constru\u00e7\u00e3o de uma f\u00e1brica na Bahia, enterrou um carro como c\u00e1psula do tempo na inaugura\u00e7\u00e3o da pedra fundamental, mas depois desistiu do projeto. Por ter recebido incentivos tribut\u00e1rios para importar carros da marca chinesa com a promessa da produ\u00e7\u00e3o local, ele foi acionado na Justi\u00e7a pelo governo local, que pede devolu\u00e7\u00e3o de cerca de R$ 120 milh\u00f5es. A a\u00e7\u00e3o segue sem defini\u00e7\u00e3o.<\/p>\n<p>&nbsp;<\/p>\n<p>Habib disse ontem que n\u00e3o desistiu da f\u00e1brica \u2013 que est\u00e1 sendo negociada com o governo de Goi\u00e1s \u2013 mas agora tudo vai depender de decis\u00f5es do juiz que cuidar\u00e1 do processo de recupera\u00e7\u00e3o judicial.<\/p>\n<p>&nbsp;<\/p>\n<p>Ele segue com planos de importa\u00e7\u00e3o dos modelos JAC, cujas vendas devem crescer 20% este ano, para 4,5 mil unidades. No primeiro ano de importa\u00e7\u00e3o foram quase 24 mil.<\/p>\n<p>&nbsp;<\/p>\n<p>O pr\u00f3ximo plano, informou o executivo, \u00e9 trazer ao Pa\u00eds, em meados de 2019, a vers\u00e3o el\u00e9trica do utilit\u00e1rio compacto T40. \u201cEle tem autonomia para rodar at\u00e9 300 quil\u00f4metros e ser\u00e1 o el\u00e9trico mais barato do mercado: R$ 129,9 mil\u201d. (O Estado de S. Paulo\/Cleide Silva)<\/p>\n","protected":false},"excerpt":{"rendered":"<p>O Estado de S. Paulo &nbsp; Ele j\u00e1 foi um dos maiores revendedores de carros no Pa\u00eds, com 100 lojas de diversas marcas. Dono de um grupo que j\u00e1 teve um faturamento de R$ 6 bilh\u00f5es ao ano, chegou a lan\u00e7ar projeto de uma f\u00e1brica de carros chineses na Bahia, or\u00e7ado em R$ 1 bilh\u00e3o.\u2026 <a class=\"readmore\" href=\"https:\/\/dana.com.br\/canaldana\/2018\/11\/14\/com-divida-de-r-500-milhoes-grupo-shc-de-sergio-habib-pede-recuperacao-judicial\/\">Leia mais \u00bb<\/a><\/p>\n","protected":false},"author":3,"featured_media":0,"comment_status":"closed","ping_status":"closed","sticky":false,"template":"","format":"standard","meta":{"_acf_changed":false,"footnotes":""},"categories":[61],"tags":[],"class_list":["post-30637","post","type-post","status-publish","format-standard","hentry","category-destaques"],"acf":[],"yoast_head":"<!-- This site is optimized with the Yoast SEO plugin v27.3 - https:\/\/yoast.com\/product\/yoast-seo-wordpress\/ -->\n<title>Com d\u00edvida de R$ 500 milh\u00f5es, Grupo SHC, de S\u00e9rgio Habib, pede recupera\u00e7\u00e3o judicial - Canal Dana<\/title>\n<meta name=\"robots\" content=\"index, follow, max-snippet:-1, max-image-preview:large, max-video-preview:-1\" \/>\n<link rel=\"canonical\" href=\"https:\/\/dana.com.br\/canaldana\/2018\/11\/14\/com-divida-de-r-500-milhoes-grupo-shc-de-sergio-habib-pede-recuperacao-judicial\/\" \/>\n<meta property=\"og:locale\" content=\"pt_BR\" \/>\n<meta property=\"og:type\" content=\"article\" \/>\n<meta property=\"og:title\" content=\"Com d\u00edvida de R$ 500 milh\u00f5es, Grupo SHC, de S\u00e9rgio Habib, pede recupera\u00e7\u00e3o judicial - Canal Dana\" \/>\n<meta property=\"og:description\" content=\"O Estado de S. Paulo &nbsp; Ele j\u00e1 foi um dos maiores revendedores de carros no Pa\u00eds, com 100 lojas de diversas marcas. Dono de um grupo que j\u00e1 teve um faturamento de R$ 6 bilh\u00f5es ao ano, chegou a lan\u00e7ar projeto de uma f\u00e1brica de carros chineses na Bahia, or\u00e7ado em R$ 1 bilh\u00e3o.\u2026 Leia mais \u00bb\" \/>\n<meta property=\"og:url\" content=\"https:\/\/dana.com.br\/canaldana\/2018\/11\/14\/com-divida-de-r-500-milhoes-grupo-shc-de-sergio-habib-pede-recuperacao-judicial\/\" \/>\n<meta property=\"og:site_name\" content=\"Canal Dana\" \/>\n<meta property=\"article:published_time\" content=\"2018-11-14T10:16:33+00:00\" \/>\n<meta name=\"author\" content=\"Canal Dana\" \/>\n<meta name=\"twitter:card\" content=\"summary_large_image\" \/>\n<meta name=\"twitter:label1\" content=\"Escrito por\" \/>\n\t<meta name=\"twitter:data1\" content=\"Canal Dana\" \/>\n\t<meta name=\"twitter:label2\" content=\"Est. tempo de leitura\" \/>\n\t<meta name=\"twitter:data2\" content=\"5 minutos\" \/>\n<script type=\"application\/ld+json\" class=\"yoast-schema-graph\">{\"@context\":\"https:\\\/\\\/schema.org\",\"@graph\":[{\"@type\":\"Article\",\"@id\":\"https:\\\/\\\/dana.com.br\\\/canaldana\\\/2018\\\/11\\\/14\\\/com-divida-de-r-500-milhoes-grupo-shc-de-sergio-habib-pede-recuperacao-judicial\\\/#article\",\"isPartOf\":{\"@id\":\"https:\\\/\\\/dana.com.br\\\/canaldana\\\/2018\\\/11\\\/14\\\/com-divida-de-r-500-milhoes-grupo-shc-de-sergio-habib-pede-recuperacao-judicial\\\/\"},\"author\":{\"name\":\"Canal Dana\",\"@id\":\"https:\\\/\\\/dana.com.br\\\/canaldana\\\/#\\\/schema\\\/person\\\/3c21f22f56fcf3bc46b94bc60ea4fef6\"},\"headline\":\"Com d\u00edvida de R$ 500 milh\u00f5es, Grupo SHC, de S\u00e9rgio Habib, pede recupera\u00e7\u00e3o judicial\",\"datePublished\":\"2018-11-14T10:16:33+00:00\",\"mainEntityOfPage\":{\"@id\":\"https:\\\/\\\/dana.com.br\\\/canaldana\\\/2018\\\/11\\\/14\\\/com-divida-de-r-500-milhoes-grupo-shc-de-sergio-habib-pede-recuperacao-judicial\\\/\"},\"wordCount\":977,\"articleSection\":[\"Destaques\"],\"inLanguage\":\"pt-BR\"},{\"@type\":\"WebPage\",\"@id\":\"https:\\\/\\\/dana.com.br\\\/canaldana\\\/2018\\\/11\\\/14\\\/com-divida-de-r-500-milhoes-grupo-shc-de-sergio-habib-pede-recuperacao-judicial\\\/\",\"url\":\"https:\\\/\\\/dana.com.br\\\/canaldana\\\/2018\\\/11\\\/14\\\/com-divida-de-r-500-milhoes-grupo-shc-de-sergio-habib-pede-recuperacao-judicial\\\/\",\"name\":\"Com d\u00edvida de R$ 500 milh\u00f5es, Grupo SHC, de S\u00e9rgio Habib, pede recupera\u00e7\u00e3o judicial - Canal Dana\",\"isPartOf\":{\"@id\":\"https:\\\/\\\/dana.com.br\\\/canaldana\\\/#website\"},\"datePublished\":\"2018-11-14T10:16:33+00:00\",\"author\":{\"@id\":\"https:\\\/\\\/dana.com.br\\\/canaldana\\\/#\\\/schema\\\/person\\\/3c21f22f56fcf3bc46b94bc60ea4fef6\"},\"breadcrumb\":{\"@id\":\"https:\\\/\\\/dana.com.br\\\/canaldana\\\/2018\\\/11\\\/14\\\/com-divida-de-r-500-milhoes-grupo-shc-de-sergio-habib-pede-recuperacao-judicial\\\/#breadcrumb\"},\"inLanguage\":\"pt-BR\",\"potentialAction\":[{\"@type\":\"ReadAction\",\"target\":[\"https:\\\/\\\/dana.com.br\\\/canaldana\\\/2018\\\/11\\\/14\\\/com-divida-de-r-500-milhoes-grupo-shc-de-sergio-habib-pede-recuperacao-judicial\\\/\"]}]},{\"@type\":\"BreadcrumbList\",\"@id\":\"https:\\\/\\\/dana.com.br\\\/canaldana\\\/2018\\\/11\\\/14\\\/com-divida-de-r-500-milhoes-grupo-shc-de-sergio-habib-pede-recuperacao-judicial\\\/#breadcrumb\",\"itemListElement\":[{\"@type\":\"ListItem\",\"position\":1,\"name\":\"Home\",\"item\":\"https:\\\/\\\/dana.com.br\\\/canaldana\\\/\"},{\"@type\":\"ListItem\",\"position\":2,\"name\":\"Destaques\",\"item\":\"https:\\\/\\\/dana.com.br\\\/canaldana\\\/destaques\\\/\"},{\"@type\":\"ListItem\",\"position\":3,\"name\":\"Com d\u00edvida de R$ 500 milh\u00f5es, Grupo SHC, de S\u00e9rgio Habib, pede recupera\u00e7\u00e3o judicial\"}]},{\"@type\":\"WebSite\",\"@id\":\"https:\\\/\\\/dana.com.br\\\/canaldana\\\/#website\",\"url\":\"https:\\\/\\\/dana.com.br\\\/canaldana\\\/\",\"name\":\"Canal Dana\",\"description\":\"Informativo com as principais not\u00edcias da ind\u00fastria automotiva\",\"potentialAction\":[{\"@type\":\"SearchAction\",\"target\":{\"@type\":\"EntryPoint\",\"urlTemplate\":\"https:\\\/\\\/dana.com.br\\\/canaldana\\\/?s={search_term_string}\"},\"query-input\":{\"@type\":\"PropertyValueSpecification\",\"valueRequired\":true,\"valueName\":\"search_term_string\"}}],\"inLanguage\":\"pt-BR\"},{\"@type\":\"Person\",\"@id\":\"https:\\\/\\\/dana.com.br\\\/canaldana\\\/#\\\/schema\\\/person\\\/3c21f22f56fcf3bc46b94bc60ea4fef6\",\"name\":\"Canal Dana\",\"image\":{\"@type\":\"ImageObject\",\"inLanguage\":\"pt-BR\",\"@id\":\"https:\\\/\\\/secure.gravatar.com\\\/avatar\\\/420aaf9278582877d9018637c6817617705899d2858d7572ef0fe59a6b6454b4?s=96&d=mm&r=g\",\"url\":\"https:\\\/\\\/secure.gravatar.com\\\/avatar\\\/420aaf9278582877d9018637c6817617705899d2858d7572ef0fe59a6b6454b4?s=96&d=mm&r=g\",\"contentUrl\":\"https:\\\/\\\/secure.gravatar.com\\\/avatar\\\/420aaf9278582877d9018637c6817617705899d2858d7572ef0fe59a6b6454b4?s=96&d=mm&r=g\",\"caption\":\"Canal Dana\"},\"url\":\"https:\\\/\\\/dana.com.br\\\/canaldana\\\/author\\\/cdeditor\\\/\"}]}<\/script>\n<!-- \/ Yoast SEO plugin. -->","yoast_head_json":{"title":"Com d\u00edvida de R$ 500 milh\u00f5es, Grupo SHC, de S\u00e9rgio Habib, pede recupera\u00e7\u00e3o judicial - Canal Dana","robots":{"index":"index","follow":"follow","max-snippet":"max-snippet:-1","max-image-preview":"max-image-preview:large","max-video-preview":"max-video-preview:-1"},"canonical":"https:\/\/dana.com.br\/canaldana\/2018\/11\/14\/com-divida-de-r-500-milhoes-grupo-shc-de-sergio-habib-pede-recuperacao-judicial\/","og_locale":"pt_BR","og_type":"article","og_title":"Com d\u00edvida de R$ 500 milh\u00f5es, Grupo SHC, de S\u00e9rgio Habib, pede recupera\u00e7\u00e3o judicial - Canal Dana","og_description":"O Estado de S. Paulo &nbsp; Ele j\u00e1 foi um dos maiores revendedores de carros no Pa\u00eds, com 100 lojas de diversas marcas. Dono de um grupo que j\u00e1 teve um faturamento de R$ 6 bilh\u00f5es ao ano, chegou a lan\u00e7ar projeto de uma f\u00e1brica de carros chineses na Bahia, or\u00e7ado em R$ 1 bilh\u00e3o.\u2026 Leia mais \u00bb","og_url":"https:\/\/dana.com.br\/canaldana\/2018\/11\/14\/com-divida-de-r-500-milhoes-grupo-shc-de-sergio-habib-pede-recuperacao-judicial\/","og_site_name":"Canal Dana","article_published_time":"2018-11-14T10:16:33+00:00","author":"Canal Dana","twitter_card":"summary_large_image","twitter_misc":{"Escrito por":"Canal Dana","Est. tempo de leitura":"5 minutos"},"schema":{"@context":"https:\/\/schema.org","@graph":[{"@type":"Article","@id":"https:\/\/dana.com.br\/canaldana\/2018\/11\/14\/com-divida-de-r-500-milhoes-grupo-shc-de-sergio-habib-pede-recuperacao-judicial\/#article","isPartOf":{"@id":"https:\/\/dana.com.br\/canaldana\/2018\/11\/14\/com-divida-de-r-500-milhoes-grupo-shc-de-sergio-habib-pede-recuperacao-judicial\/"},"author":{"name":"Canal Dana","@id":"https:\/\/dana.com.br\/canaldana\/#\/schema\/person\/3c21f22f56fcf3bc46b94bc60ea4fef6"},"headline":"Com d\u00edvida de R$ 500 milh\u00f5es, Grupo SHC, de S\u00e9rgio Habib, pede recupera\u00e7\u00e3o judicial","datePublished":"2018-11-14T10:16:33+00:00","mainEntityOfPage":{"@id":"https:\/\/dana.com.br\/canaldana\/2018\/11\/14\/com-divida-de-r-500-milhoes-grupo-shc-de-sergio-habib-pede-recuperacao-judicial\/"},"wordCount":977,"articleSection":["Destaques"],"inLanguage":"pt-BR"},{"@type":"WebPage","@id":"https:\/\/dana.com.br\/canaldana\/2018\/11\/14\/com-divida-de-r-500-milhoes-grupo-shc-de-sergio-habib-pede-recuperacao-judicial\/","url":"https:\/\/dana.com.br\/canaldana\/2018\/11\/14\/com-divida-de-r-500-milhoes-grupo-shc-de-sergio-habib-pede-recuperacao-judicial\/","name":"Com d\u00edvida de R$ 500 milh\u00f5es, Grupo SHC, de S\u00e9rgio Habib, pede recupera\u00e7\u00e3o judicial - Canal Dana","isPartOf":{"@id":"https:\/\/dana.com.br\/canaldana\/#website"},"datePublished":"2018-11-14T10:16:33+00:00","author":{"@id":"https:\/\/dana.com.br\/canaldana\/#\/schema\/person\/3c21f22f56fcf3bc46b94bc60ea4fef6"},"breadcrumb":{"@id":"https:\/\/dana.com.br\/canaldana\/2018\/11\/14\/com-divida-de-r-500-milhoes-grupo-shc-de-sergio-habib-pede-recuperacao-judicial\/#breadcrumb"},"inLanguage":"pt-BR","potentialAction":[{"@type":"ReadAction","target":["https:\/\/dana.com.br\/canaldana\/2018\/11\/14\/com-divida-de-r-500-milhoes-grupo-shc-de-sergio-habib-pede-recuperacao-judicial\/"]}]},{"@type":"BreadcrumbList","@id":"https:\/\/dana.com.br\/canaldana\/2018\/11\/14\/com-divida-de-r-500-milhoes-grupo-shc-de-sergio-habib-pede-recuperacao-judicial\/#breadcrumb","itemListElement":[{"@type":"ListItem","position":1,"name":"Home","item":"https:\/\/dana.com.br\/canaldana\/"},{"@type":"ListItem","position":2,"name":"Destaques","item":"https:\/\/dana.com.br\/canaldana\/destaques\/"},{"@type":"ListItem","position":3,"name":"Com d\u00edvida de R$ 500 milh\u00f5es, Grupo SHC, de S\u00e9rgio Habib, pede recupera\u00e7\u00e3o judicial"}]},{"@type":"WebSite","@id":"https:\/\/dana.com.br\/canaldana\/#website","url":"https:\/\/dana.com.br\/canaldana\/","name":"Canal Dana","description":"Informativo com as principais not\u00edcias da ind\u00fastria automotiva","potentialAction":[{"@type":"SearchAction","target":{"@type":"EntryPoint","urlTemplate":"https:\/\/dana.com.br\/canaldana\/?s={search_term_string}"},"query-input":{"@type":"PropertyValueSpecification","valueRequired":true,"valueName":"search_term_string"}}],"inLanguage":"pt-BR"},{"@type":"Person","@id":"https:\/\/dana.com.br\/canaldana\/#\/schema\/person\/3c21f22f56fcf3bc46b94bc60ea4fef6","name":"Canal Dana","image":{"@type":"ImageObject","inLanguage":"pt-BR","@id":"https:\/\/secure.gravatar.com\/avatar\/420aaf9278582877d9018637c6817617705899d2858d7572ef0fe59a6b6454b4?s=96&d=mm&r=g","url":"https:\/\/secure.gravatar.com\/avatar\/420aaf9278582877d9018637c6817617705899d2858d7572ef0fe59a6b6454b4?s=96&d=mm&r=g","contentUrl":"https:\/\/secure.gravatar.com\/avatar\/420aaf9278582877d9018637c6817617705899d2858d7572ef0fe59a6b6454b4?s=96&d=mm&r=g","caption":"Canal Dana"},"url":"https:\/\/dana.com.br\/canaldana\/author\/cdeditor\/"}]}},"_links":{"self":[{"href":"https:\/\/dana.com.br\/canaldana\/wp-json\/wp\/v2\/posts\/30637","targetHints":{"allow":["GET"]}}],"collection":[{"href":"https:\/\/dana.com.br\/canaldana\/wp-json\/wp\/v2\/posts"}],"about":[{"href":"https:\/\/dana.com.br\/canaldana\/wp-json\/wp\/v2\/types\/post"}],"author":[{"embeddable":true,"href":"https:\/\/dana.com.br\/canaldana\/wp-json\/wp\/v2\/users\/3"}],"replies":[{"embeddable":true,"href":"https:\/\/dana.com.br\/canaldana\/wp-json\/wp\/v2\/comments?post=30637"}],"version-history":[{"count":0,"href":"https:\/\/dana.com.br\/canaldana\/wp-json\/wp\/v2\/posts\/30637\/revisions"}],"wp:attachment":[{"href":"https:\/\/dana.com.br\/canaldana\/wp-json\/wp\/v2\/media?parent=30637"}],"wp:term":[{"taxonomy":"category","embeddable":true,"href":"https:\/\/dana.com.br\/canaldana\/wp-json\/wp\/v2\/categories?post=30637"},{"taxonomy":"post_tag","embeddable":true,"href":"https:\/\/dana.com.br\/canaldana\/wp-json\/wp\/v2\/tags?post=30637"}],"curies":[{"name":"wp","href":"https:\/\/api.w.org\/{rel}","templated":true}]}}