{"id":30597,"date":"2018-11-13T09:11:10","date_gmt":"2018-11-13T11:11:10","guid":{"rendered":"https:\/\/dana.com.br\/canaldana\/?p=30597"},"modified":"2018-11-13T09:11:10","modified_gmt":"2018-11-13T11:11:10","slug":"camex-reduz-tarifa-de-importacao-de-autopecas-maquinas-e-equipamentos","status":"publish","type":"post","link":"https:\/\/dana.com.br\/canaldana\/2018\/11\/13\/camex-reduz-tarifa-de-importacao-de-autopecas-maquinas-e-equipamentos\/","title":{"rendered":"Camex reduz tarifa de importa\u00e7\u00e3o de autope\u00e7as, m\u00e1quinas e equipamentos"},"content":{"rendered":"<p><em>Di\u00e1rio de Pernambuco<\/em><\/p>\n<p>&nbsp;<\/p>\n<p>A C\u00e2mara de Com\u00e9rcio Exterior (Camex) incluiu pouco mais de 160 ex-tarif\u00e1rios na lista do &#8220;Regime de Autope\u00e7as n\u00e3o Produzidas&#8221;. Com isso, os itens inseridos na rela\u00e7\u00e3o ter\u00e3o as al\u00edquotas do Imposto de Importa\u00e7\u00e3o reduzidas de 18%, 16%, 14% ou 12% para 2%. A decis\u00e3o est\u00e1 publicada no Di\u00e1rio Oficial da Uni\u00e3o (DOU) desta segunda-feira, 12.<\/p>\n<p>&nbsp;<\/p>\n<p>A C\u00e2mara de Com\u00e9rcio Exterior tamb\u00e9m zerou as tarifas de importa\u00e7\u00e3o de v\u00e1rios bens de capital e de 10 bens de inform\u00e1tica e telecomunica\u00e7\u00f5es. Os itens beneficiados s\u00e3o m\u00e1quinas e equipamentos industriais sem fabrica\u00e7\u00e3o nacional, todos na condi\u00e7\u00e3o de ex-tarif\u00e1rios. Originalmente, esses bens s\u00e3o tributados com al\u00edquotas como 12%, 14%, 16%, 18%.<\/p>\n<p>&nbsp;<\/p>\n<p>A decis\u00e3o consta de duas resolu\u00e7\u00f5es publicadas no DOU desta segunda-feira. As medidas ficar\u00e3o em vigor at\u00e9 30 de junho de 2020. (Di\u00e1rio de Pernambuco)<\/p>\n","protected":false},"excerpt":{"rendered":"<p>Di\u00e1rio de Pernambuco &nbsp; A C\u00e2mara de Com\u00e9rcio Exterior (Camex) incluiu pouco mais de 160 ex-tarif\u00e1rios na lista do &#8220;Regime de Autope\u00e7as n\u00e3o Produzidas&#8221;. Com isso, os itens inseridos na rela\u00e7\u00e3o ter\u00e3o as al\u00edquotas do Imposto de Importa\u00e7\u00e3o reduzidas de 18%, 16%, 14% ou 12% para 2%. A decis\u00e3o est\u00e1 publicada no Di\u00e1rio Oficial da\u2026 <a class=\"readmore\" href=\"https:\/\/dana.com.br\/canaldana\/2018\/11\/13\/camex-reduz-tarifa-de-importacao-de-autopecas-maquinas-e-equipamentos\/\">Leia mais \u00bb<\/a><\/p>\n","protected":false},"author":3,"featured_media":0,"comment_status":"closed","ping_status":"closed","sticky":false,"template":"","format":"standard","meta":{"_acf_changed":false,"footnotes":""},"categories":[61],"tags":[],"class_list":["post-30597","post","type-post","status-publish","format-standard","hentry","category-destaques"],"acf":[],"yoast_head":"<!-- This site is optimized with the Yoast SEO plugin v27.3 - https:\/\/yoast.com\/product\/yoast-seo-wordpress\/ -->\n<title>Camex reduz tarifa de importa\u00e7\u00e3o de autope\u00e7as, m\u00e1quinas e equipamentos - Canal Dana<\/title>\n<meta name=\"robots\" content=\"index, follow, max-snippet:-1, max-image-preview:large, max-video-preview:-1\" \/>\n<link rel=\"canonical\" href=\"https:\/\/dana.com.br\/canaldana\/2018\/11\/13\/camex-reduz-tarifa-de-importacao-de-autopecas-maquinas-e-equipamentos\/\" \/>\n<meta property=\"og:locale\" content=\"pt_BR\" \/>\n<meta property=\"og:type\" content=\"article\" \/>\n<meta property=\"og:title\" content=\"Camex reduz tarifa de importa\u00e7\u00e3o de autope\u00e7as, m\u00e1quinas e equipamentos - Canal Dana\" \/>\n<meta property=\"og:description\" content=\"Di\u00e1rio de Pernambuco &nbsp; A C\u00e2mara de Com\u00e9rcio Exterior (Camex) incluiu pouco mais de 160 ex-tarif\u00e1rios na lista do &#8220;Regime de Autope\u00e7as n\u00e3o Produzidas&#8221;. Com isso, os itens inseridos na rela\u00e7\u00e3o ter\u00e3o as al\u00edquotas do Imposto de Importa\u00e7\u00e3o reduzidas de 18%, 16%, 14% ou 12% para 2%. A decis\u00e3o est\u00e1 publicada no Di\u00e1rio Oficial da\u2026 Leia mais \u00bb\" \/>\n<meta property=\"og:url\" content=\"https:\/\/dana.com.br\/canaldana\/2018\/11\/13\/camex-reduz-tarifa-de-importacao-de-autopecas-maquinas-e-equipamentos\/\" \/>\n<meta property=\"og:site_name\" content=\"Canal Dana\" \/>\n<meta property=\"article:published_time\" content=\"2018-11-13T11:11:10+00:00\" \/>\n<meta name=\"author\" content=\"Canal Dana\" \/>\n<meta name=\"twitter:card\" content=\"summary_large_image\" \/>\n<meta name=\"twitter:label1\" content=\"Escrito por\" \/>\n\t<meta name=\"twitter:data1\" content=\"Canal Dana\" \/>\n\t<meta name=\"twitter:label2\" content=\"Est. tempo de leitura\" \/>\n\t<meta name=\"twitter:data2\" content=\"1 minuto\" \/>\n<script type=\"application\/ld+json\" class=\"yoast-schema-graph\">{\"@context\":\"https:\\\/\\\/schema.org\",\"@graph\":[{\"@type\":\"Article\",\"@id\":\"https:\\\/\\\/dana.com.br\\\/canaldana\\\/2018\\\/11\\\/13\\\/camex-reduz-tarifa-de-importacao-de-autopecas-maquinas-e-equipamentos\\\/#article\",\"isPartOf\":{\"@id\":\"https:\\\/\\\/dana.com.br\\\/canaldana\\\/2018\\\/11\\\/13\\\/camex-reduz-tarifa-de-importacao-de-autopecas-maquinas-e-equipamentos\\\/\"},\"author\":{\"name\":\"Canal Dana\",\"@id\":\"https:\\\/\\\/dana.com.br\\\/canaldana\\\/#\\\/schema\\\/person\\\/3c21f22f56fcf3bc46b94bc60ea4fef6\"},\"headline\":\"Camex reduz tarifa de importa\u00e7\u00e3o de autope\u00e7as, m\u00e1quinas e equipamentos\",\"datePublished\":\"2018-11-13T11:11:10+00:00\",\"mainEntityOfPage\":{\"@id\":\"https:\\\/\\\/dana.com.br\\\/canaldana\\\/2018\\\/11\\\/13\\\/camex-reduz-tarifa-de-importacao-de-autopecas-maquinas-e-equipamentos\\\/\"},\"wordCount\":169,\"articleSection\":[\"Destaques\"],\"inLanguage\":\"pt-BR\"},{\"@type\":\"WebPage\",\"@id\":\"https:\\\/\\\/dana.com.br\\\/canaldana\\\/2018\\\/11\\\/13\\\/camex-reduz-tarifa-de-importacao-de-autopecas-maquinas-e-equipamentos\\\/\",\"url\":\"https:\\\/\\\/dana.com.br\\\/canaldana\\\/2018\\\/11\\\/13\\\/camex-reduz-tarifa-de-importacao-de-autopecas-maquinas-e-equipamentos\\\/\",\"name\":\"Camex reduz tarifa de importa\u00e7\u00e3o de autope\u00e7as, m\u00e1quinas e equipamentos - Canal Dana\",\"isPartOf\":{\"@id\":\"https:\\\/\\\/dana.com.br\\\/canaldana\\\/#website\"},\"datePublished\":\"2018-11-13T11:11:10+00:00\",\"author\":{\"@id\":\"https:\\\/\\\/dana.com.br\\\/canaldana\\\/#\\\/schema\\\/person\\\/3c21f22f56fcf3bc46b94bc60ea4fef6\"},\"breadcrumb\":{\"@id\":\"https:\\\/\\\/dana.com.br\\\/canaldana\\\/2018\\\/11\\\/13\\\/camex-reduz-tarifa-de-importacao-de-autopecas-maquinas-e-equipamentos\\\/#breadcrumb\"},\"inLanguage\":\"pt-BR\",\"potentialAction\":[{\"@type\":\"ReadAction\",\"target\":[\"https:\\\/\\\/dana.com.br\\\/canaldana\\\/2018\\\/11\\\/13\\\/camex-reduz-tarifa-de-importacao-de-autopecas-maquinas-e-equipamentos\\\/\"]}]},{\"@type\":\"BreadcrumbList\",\"@id\":\"https:\\\/\\\/dana.com.br\\\/canaldana\\\/2018\\\/11\\\/13\\\/camex-reduz-tarifa-de-importacao-de-autopecas-maquinas-e-equipamentos\\\/#breadcrumb\",\"itemListElement\":[{\"@type\":\"ListItem\",\"position\":1,\"name\":\"Home\",\"item\":\"https:\\\/\\\/dana.com.br\\\/canaldana\\\/\"},{\"@type\":\"ListItem\",\"position\":2,\"name\":\"Destaques\",\"item\":\"https:\\\/\\\/dana.com.br\\\/canaldana\\\/destaques\\\/\"},{\"@type\":\"ListItem\",\"position\":3,\"name\":\"Camex reduz tarifa de importa\u00e7\u00e3o de autope\u00e7as, m\u00e1quinas e equipamentos\"}]},{\"@type\":\"WebSite\",\"@id\":\"https:\\\/\\\/dana.com.br\\\/canaldana\\\/#website\",\"url\":\"https:\\\/\\\/dana.com.br\\\/canaldana\\\/\",\"name\":\"Canal Dana\",\"description\":\"Informativo com as principais not\u00edcias da ind\u00fastria automotiva\",\"potentialAction\":[{\"@type\":\"SearchAction\",\"target\":{\"@type\":\"EntryPoint\",\"urlTemplate\":\"https:\\\/\\\/dana.com.br\\\/canaldana\\\/?s={search_term_string}\"},\"query-input\":{\"@type\":\"PropertyValueSpecification\",\"valueRequired\":true,\"valueName\":\"search_term_string\"}}],\"inLanguage\":\"pt-BR\"},{\"@type\":\"Person\",\"@id\":\"https:\\\/\\\/dana.com.br\\\/canaldana\\\/#\\\/schema\\\/person\\\/3c21f22f56fcf3bc46b94bc60ea4fef6\",\"name\":\"Canal Dana\",\"image\":{\"@type\":\"ImageObject\",\"inLanguage\":\"pt-BR\",\"@id\":\"https:\\\/\\\/secure.gravatar.com\\\/avatar\\\/420aaf9278582877d9018637c6817617705899d2858d7572ef0fe59a6b6454b4?s=96&d=mm&r=g\",\"url\":\"https:\\\/\\\/secure.gravatar.com\\\/avatar\\\/420aaf9278582877d9018637c6817617705899d2858d7572ef0fe59a6b6454b4?s=96&d=mm&r=g\",\"contentUrl\":\"https:\\\/\\\/secure.gravatar.com\\\/avatar\\\/420aaf9278582877d9018637c6817617705899d2858d7572ef0fe59a6b6454b4?s=96&d=mm&r=g\",\"caption\":\"Canal Dana\"},\"url\":\"https:\\\/\\\/dana.com.br\\\/canaldana\\\/author\\\/cdeditor\\\/\"}]}<\/script>\n<!-- \/ Yoast SEO plugin. -->","yoast_head_json":{"title":"Camex reduz tarifa de importa\u00e7\u00e3o de autope\u00e7as, m\u00e1quinas e equipamentos - Canal Dana","robots":{"index":"index","follow":"follow","max-snippet":"max-snippet:-1","max-image-preview":"max-image-preview:large","max-video-preview":"max-video-preview:-1"},"canonical":"https:\/\/dana.com.br\/canaldana\/2018\/11\/13\/camex-reduz-tarifa-de-importacao-de-autopecas-maquinas-e-equipamentos\/","og_locale":"pt_BR","og_type":"article","og_title":"Camex reduz tarifa de importa\u00e7\u00e3o de autope\u00e7as, m\u00e1quinas e equipamentos - Canal Dana","og_description":"Di\u00e1rio de Pernambuco &nbsp; A C\u00e2mara de Com\u00e9rcio Exterior (Camex) incluiu pouco mais de 160 ex-tarif\u00e1rios na lista do &#8220;Regime de Autope\u00e7as n\u00e3o Produzidas&#8221;. Com isso, os itens inseridos na rela\u00e7\u00e3o ter\u00e3o as al\u00edquotas do Imposto de Importa\u00e7\u00e3o reduzidas de 18%, 16%, 14% ou 12% para 2%. A decis\u00e3o est\u00e1 publicada no Di\u00e1rio Oficial da\u2026 Leia mais \u00bb","og_url":"https:\/\/dana.com.br\/canaldana\/2018\/11\/13\/camex-reduz-tarifa-de-importacao-de-autopecas-maquinas-e-equipamentos\/","og_site_name":"Canal Dana","article_published_time":"2018-11-13T11:11:10+00:00","author":"Canal Dana","twitter_card":"summary_large_image","twitter_misc":{"Escrito por":"Canal Dana","Est. tempo de leitura":"1 minuto"},"schema":{"@context":"https:\/\/schema.org","@graph":[{"@type":"Article","@id":"https:\/\/dana.com.br\/canaldana\/2018\/11\/13\/camex-reduz-tarifa-de-importacao-de-autopecas-maquinas-e-equipamentos\/#article","isPartOf":{"@id":"https:\/\/dana.com.br\/canaldana\/2018\/11\/13\/camex-reduz-tarifa-de-importacao-de-autopecas-maquinas-e-equipamentos\/"},"author":{"name":"Canal Dana","@id":"https:\/\/dana.com.br\/canaldana\/#\/schema\/person\/3c21f22f56fcf3bc46b94bc60ea4fef6"},"headline":"Camex reduz tarifa de importa\u00e7\u00e3o de autope\u00e7as, m\u00e1quinas e equipamentos","datePublished":"2018-11-13T11:11:10+00:00","mainEntityOfPage":{"@id":"https:\/\/dana.com.br\/canaldana\/2018\/11\/13\/camex-reduz-tarifa-de-importacao-de-autopecas-maquinas-e-equipamentos\/"},"wordCount":169,"articleSection":["Destaques"],"inLanguage":"pt-BR"},{"@type":"WebPage","@id":"https:\/\/dana.com.br\/canaldana\/2018\/11\/13\/camex-reduz-tarifa-de-importacao-de-autopecas-maquinas-e-equipamentos\/","url":"https:\/\/dana.com.br\/canaldana\/2018\/11\/13\/camex-reduz-tarifa-de-importacao-de-autopecas-maquinas-e-equipamentos\/","name":"Camex reduz tarifa de importa\u00e7\u00e3o de autope\u00e7as, m\u00e1quinas e equipamentos - Canal Dana","isPartOf":{"@id":"https:\/\/dana.com.br\/canaldana\/#website"},"datePublished":"2018-11-13T11:11:10+00:00","author":{"@id":"https:\/\/dana.com.br\/canaldana\/#\/schema\/person\/3c21f22f56fcf3bc46b94bc60ea4fef6"},"breadcrumb":{"@id":"https:\/\/dana.com.br\/canaldana\/2018\/11\/13\/camex-reduz-tarifa-de-importacao-de-autopecas-maquinas-e-equipamentos\/#breadcrumb"},"inLanguage":"pt-BR","potentialAction":[{"@type":"ReadAction","target":["https:\/\/dana.com.br\/canaldana\/2018\/11\/13\/camex-reduz-tarifa-de-importacao-de-autopecas-maquinas-e-equipamentos\/"]}]},{"@type":"BreadcrumbList","@id":"https:\/\/dana.com.br\/canaldana\/2018\/11\/13\/camex-reduz-tarifa-de-importacao-de-autopecas-maquinas-e-equipamentos\/#breadcrumb","itemListElement":[{"@type":"ListItem","position":1,"name":"Home","item":"https:\/\/dana.com.br\/canaldana\/"},{"@type":"ListItem","position":2,"name":"Destaques","item":"https:\/\/dana.com.br\/canaldana\/destaques\/"},{"@type":"ListItem","position":3,"name":"Camex reduz tarifa de importa\u00e7\u00e3o de autope\u00e7as, m\u00e1quinas e equipamentos"}]},{"@type":"WebSite","@id":"https:\/\/dana.com.br\/canaldana\/#website","url":"https:\/\/dana.com.br\/canaldana\/","name":"Canal Dana","description":"Informativo com as principais not\u00edcias da ind\u00fastria automotiva","potentialAction":[{"@type":"SearchAction","target":{"@type":"EntryPoint","urlTemplate":"https:\/\/dana.com.br\/canaldana\/?s={search_term_string}"},"query-input":{"@type":"PropertyValueSpecification","valueRequired":true,"valueName":"search_term_string"}}],"inLanguage":"pt-BR"},{"@type":"Person","@id":"https:\/\/dana.com.br\/canaldana\/#\/schema\/person\/3c21f22f56fcf3bc46b94bc60ea4fef6","name":"Canal Dana","image":{"@type":"ImageObject","inLanguage":"pt-BR","@id":"https:\/\/secure.gravatar.com\/avatar\/420aaf9278582877d9018637c6817617705899d2858d7572ef0fe59a6b6454b4?s=96&d=mm&r=g","url":"https:\/\/secure.gravatar.com\/avatar\/420aaf9278582877d9018637c6817617705899d2858d7572ef0fe59a6b6454b4?s=96&d=mm&r=g","contentUrl":"https:\/\/secure.gravatar.com\/avatar\/420aaf9278582877d9018637c6817617705899d2858d7572ef0fe59a6b6454b4?s=96&d=mm&r=g","caption":"Canal Dana"},"url":"https:\/\/dana.com.br\/canaldana\/author\/cdeditor\/"}]}},"_links":{"self":[{"href":"https:\/\/dana.com.br\/canaldana\/wp-json\/wp\/v2\/posts\/30597","targetHints":{"allow":["GET"]}}],"collection":[{"href":"https:\/\/dana.com.br\/canaldana\/wp-json\/wp\/v2\/posts"}],"about":[{"href":"https:\/\/dana.com.br\/canaldana\/wp-json\/wp\/v2\/types\/post"}],"author":[{"embeddable":true,"href":"https:\/\/dana.com.br\/canaldana\/wp-json\/wp\/v2\/users\/3"}],"replies":[{"embeddable":true,"href":"https:\/\/dana.com.br\/canaldana\/wp-json\/wp\/v2\/comments?post=30597"}],"version-history":[{"count":0,"href":"https:\/\/dana.com.br\/canaldana\/wp-json\/wp\/v2\/posts\/30597\/revisions"}],"wp:attachment":[{"href":"https:\/\/dana.com.br\/canaldana\/wp-json\/wp\/v2\/media?parent=30597"}],"wp:term":[{"taxonomy":"category","embeddable":true,"href":"https:\/\/dana.com.br\/canaldana\/wp-json\/wp\/v2\/categories?post=30597"},{"taxonomy":"post_tag","embeddable":true,"href":"https:\/\/dana.com.br\/canaldana\/wp-json\/wp\/v2\/tags?post=30597"}],"curies":[{"name":"wp","href":"https:\/\/api.w.org\/{rel}","templated":true}]}}