{"id":30594,"date":"2018-11-13T09:08:50","date_gmt":"2018-11-13T11:08:50","guid":{"rendered":"https:\/\/dana.com.br\/canaldana\/?p=30594"},"modified":"2018-11-13T09:10:35","modified_gmt":"2018-11-13T11:10:35","slug":"uniao-europeia-frustra-mercosul-em-primeiro-dia-de-negociacao-com-diplomatas","status":"publish","type":"post","link":"https:\/\/dana.com.br\/canaldana\/2018\/11\/13\/uniao-europeia-frustra-mercosul-em-primeiro-dia-de-negociacao-com-diplomatas\/","title":{"rendered":"Uni\u00e3o Europeia frustra Mercosul em primeiro dia de negocia\u00e7\u00e3o com diplomatas"},"content":{"rendered":"<p><em>O Estado de S. Paulo <\/em><\/p>\n<p>&nbsp;<\/p>\n<p>Diplomatas do Mercosul deixaram o primeiro dia de negocia\u00e7\u00f5es com a Uni\u00e3o Europeia frustrados com a postura de Bruxelas. O sentimento na delega\u00e7\u00e3o sul-americana \u00e9 de que os europeus est\u00e3o exigindo concess\u00f5es da parte do Mercosul, sem apresentar contra-partidas suficientes, principalmente no setor agr\u00edcola.<\/p>\n<p>&nbsp;<\/p>\n<p>Em negocia\u00e7\u00e3o h\u00e1 18 anos, o acordo de livre com\u00e9rcio entre Mercosul e Europa passou a uma fase cr\u00edtica nesta semana. Bruxelas teme que, com um novo governo no Brasil, as chances de um entendimento sejam reduzidas e que os interesses americanos possam ampliar sua presen\u00e7a comercial no Cone Sul.<\/p>\n<p>&nbsp;<\/p>\n<p>A UE decidiu convidar uma delega\u00e7\u00e3o do Mercosul para tentar, nesta semana em Bruxelas, avan\u00e7ar na negocia\u00e7\u00e3o, romper o impasse e oferecer, aos ministros dos dois blocos, a possibilidade de fechar um acordo a partir da semana que vem.<\/p>\n<p>&nbsp;<\/p>\n<p>Mas, ao final do primeiro dia de encontros, o resultado foi considerado como &#8220;decepcionante&#8221;. Os europeus haviam solicitado concess\u00f5es do Mercosul, principalmente no setor automotivo e na harmoniza\u00e7\u00e3o de normas para a venda de carros. Isso inclui desde seguran\u00e7a at\u00e9 meio ambiente, al\u00e9m de especifica\u00e7\u00f5es sobre pe\u00e7as.<\/p>\n<p>&nbsp;<\/p>\n<p>Para o Mercosul, essa harmoniza\u00e7\u00e3o \u00e9 considerada como delicada, j\u00e1 que colocar os padr\u00f5es no mesmo p\u00e9 de igualdade dos europeus significa fechar outros mercados consumidores. Ainda assim, o bloco esteve disposto a mostrar avan\u00e7os.<\/p>\n<p>&nbsp;<\/p>\n<p>Os europeus tamb\u00e9m querem medidas especiais para proteger produtos como vinhos, queijos e itens de alto valor agregado.<\/p>\n<p>&nbsp;<\/p>\n<p>Mas os negociadores sul-americanos sentiram que n\u00e3o foram correspondidos e que os europeus n\u00e3o mostraram sinais de que est\u00e3o dispostos a fazer concess\u00f5es em \u00e1reas de interesse do Mercosul.<\/p>\n<p>&nbsp;<\/p>\n<p>Diplomatas ainda aguardam para ver como ser\u00e3o os pr\u00f3ximos dias de negocia\u00e7\u00e3o. Mas se a posi\u00e7\u00e3o europeia prevalecer, dificilmente haver\u00e1 um acordo.<\/p>\n<p>&nbsp;<\/p>\n<p>O Mercosul considera que o acesso oferecido para a exporta\u00e7\u00e3o de carnes e de etanol est\u00e1 &#8220;longe&#8221; do que se imaginava que seria um acordo comercial. Para os europeus, por\u00e9m, uma decis\u00e3o nesse sentido seria &#8220;pol\u00edtica&#8221; e apenas ministros poderiam fazer.<\/p>\n<p>&nbsp;<\/p>\n<p>O temor do Mercosul \u00e9 de que a UE esteja tentando extrair o m\u00e1ximo de concess\u00f5es por parte do bloco sul-americano, sem dar uma sinaliza\u00e7\u00e3o clara de como podem ganhar com o acordo. &#8220;Eles parecem plantados em suas posi\u00e7\u00f5es originais&#8221;, apontou um negociador do Mercosul, na condi\u00e7\u00e3o de anonimato.<\/p>\n<p>&nbsp;<\/p>\n<p>Ao Estado, fontes em Bruxelas revelaram que a Comiss\u00e3o Europeia foi duramente freada por um grupo de pa\u00edses, depois que ficou claro que o Executivo do bloco queriam acelerar um acordo. Na \u00faltima sexta-feira, os comiss\u00e1rios europeus receberam um alerta claro de algumas capitais de que concess\u00f5es n\u00e3o seriam facilmente aceitas internamente.<\/p>\n<p>&nbsp;<\/p>\n<p>O governo da Fran\u00e7a, por exemplo, insiste que n\u00e3o se pode nem acelerar um processo negociador e nem ceder, apenas para que um acordo seja atendido.<\/p>\n<p>&nbsp;<\/p>\n<p>Bruxelas n\u00e3o nega a exist\u00eancia de uma tens\u00e3o entre a Comiss\u00e3o Europeia e Paris no que se refere ao Mercosul. Se os europeus estariam dispostos a negociar, o sentimento \u00e9 de que a Fran\u00e7a, Irlanda e pa\u00edses que tradicionalmente protegem seu setor agr\u00edcola estariam usando todas as oportunidades poss\u00edveis para justificar a cria\u00e7\u00e3o de um impasse no processo negociador. (O Estado de S. Paulo\/Jamil Chade)<\/p>\n","protected":false},"excerpt":{"rendered":"<p>O Estado de S. Paulo &nbsp; Diplomatas do Mercosul deixaram o primeiro dia de negocia\u00e7\u00f5es com a Uni\u00e3o Europeia frustrados com a postura de Bruxelas. O sentimento na delega\u00e7\u00e3o sul-americana \u00e9 de que os europeus est\u00e3o exigindo concess\u00f5es da parte do Mercosul, sem apresentar contra-partidas suficientes, principalmente no setor agr\u00edcola. &nbsp; Em negocia\u00e7\u00e3o h\u00e1 18\u2026 <a class=\"readmore\" href=\"https:\/\/dana.com.br\/canaldana\/2018\/11\/13\/uniao-europeia-frustra-mercosul-em-primeiro-dia-de-negociacao-com-diplomatas\/\">Leia mais \u00bb<\/a><\/p>\n","protected":false},"author":3,"featured_media":0,"comment_status":"closed","ping_status":"closed","sticky":false,"template":"","format":"standard","meta":{"_acf_changed":false,"footnotes":""},"categories":[61],"tags":[],"class_list":["post-30594","post","type-post","status-publish","format-standard","hentry","category-destaques"],"acf":[],"yoast_head":"<!-- This site is optimized with the Yoast SEO plugin v27.3 - https:\/\/yoast.com\/product\/yoast-seo-wordpress\/ -->\n<title>Uni\u00e3o Europeia frustra Mercosul em primeiro dia de negocia\u00e7\u00e3o com diplomatas - Canal Dana<\/title>\n<meta name=\"robots\" content=\"index, follow, max-snippet:-1, max-image-preview:large, max-video-preview:-1\" \/>\n<link rel=\"canonical\" href=\"https:\/\/dana.com.br\/canaldana\/2018\/11\/13\/uniao-europeia-frustra-mercosul-em-primeiro-dia-de-negociacao-com-diplomatas\/\" \/>\n<meta property=\"og:locale\" content=\"pt_BR\" \/>\n<meta property=\"og:type\" content=\"article\" \/>\n<meta property=\"og:title\" content=\"Uni\u00e3o Europeia frustra Mercosul em primeiro dia de negocia\u00e7\u00e3o com diplomatas - Canal Dana\" \/>\n<meta property=\"og:description\" content=\"O Estado de S. Paulo &nbsp; Diplomatas do Mercosul deixaram o primeiro dia de negocia\u00e7\u00f5es com a Uni\u00e3o Europeia frustrados com a postura de Bruxelas. O sentimento na delega\u00e7\u00e3o sul-americana \u00e9 de que os europeus est\u00e3o exigindo concess\u00f5es da parte do Mercosul, sem apresentar contra-partidas suficientes, principalmente no setor agr\u00edcola. &nbsp; Em negocia\u00e7\u00e3o h\u00e1 18\u2026 Leia mais \u00bb\" \/>\n<meta property=\"og:url\" content=\"https:\/\/dana.com.br\/canaldana\/2018\/11\/13\/uniao-europeia-frustra-mercosul-em-primeiro-dia-de-negociacao-com-diplomatas\/\" \/>\n<meta property=\"og:site_name\" content=\"Canal Dana\" \/>\n<meta property=\"article:published_time\" content=\"2018-11-13T11:08:50+00:00\" \/>\n<meta property=\"article:modified_time\" content=\"2018-11-13T11:10:35+00:00\" \/>\n<meta name=\"author\" content=\"Canal Dana\" \/>\n<meta name=\"twitter:card\" content=\"summary_large_image\" \/>\n<meta name=\"twitter:label1\" content=\"Escrito por\" \/>\n\t<meta name=\"twitter:data1\" content=\"Canal Dana\" \/>\n\t<meta name=\"twitter:label2\" content=\"Est. tempo de leitura\" \/>\n\t<meta name=\"twitter:data2\" content=\"3 minutos\" \/>\n<script type=\"application\/ld+json\" class=\"yoast-schema-graph\">{\"@context\":\"https:\\\/\\\/schema.org\",\"@graph\":[{\"@type\":\"Article\",\"@id\":\"https:\\\/\\\/dana.com.br\\\/canaldana\\\/2018\\\/11\\\/13\\\/uniao-europeia-frustra-mercosul-em-primeiro-dia-de-negociacao-com-diplomatas\\\/#article\",\"isPartOf\":{\"@id\":\"https:\\\/\\\/dana.com.br\\\/canaldana\\\/2018\\\/11\\\/13\\\/uniao-europeia-frustra-mercosul-em-primeiro-dia-de-negociacao-com-diplomatas\\\/\"},\"author\":{\"name\":\"Canal Dana\",\"@id\":\"https:\\\/\\\/dana.com.br\\\/canaldana\\\/#\\\/schema\\\/person\\\/3c21f22f56fcf3bc46b94bc60ea4fef6\"},\"headline\":\"Uni\u00e3o Europeia frustra Mercosul em primeiro dia de negocia\u00e7\u00e3o com diplomatas\",\"datePublished\":\"2018-11-13T11:08:50+00:00\",\"dateModified\":\"2018-11-13T11:10:35+00:00\",\"mainEntityOfPage\":{\"@id\":\"https:\\\/\\\/dana.com.br\\\/canaldana\\\/2018\\\/11\\\/13\\\/uniao-europeia-frustra-mercosul-em-primeiro-dia-de-negociacao-com-diplomatas\\\/\"},\"wordCount\":600,\"articleSection\":[\"Destaques\"],\"inLanguage\":\"pt-BR\"},{\"@type\":\"WebPage\",\"@id\":\"https:\\\/\\\/dana.com.br\\\/canaldana\\\/2018\\\/11\\\/13\\\/uniao-europeia-frustra-mercosul-em-primeiro-dia-de-negociacao-com-diplomatas\\\/\",\"url\":\"https:\\\/\\\/dana.com.br\\\/canaldana\\\/2018\\\/11\\\/13\\\/uniao-europeia-frustra-mercosul-em-primeiro-dia-de-negociacao-com-diplomatas\\\/\",\"name\":\"Uni\u00e3o Europeia frustra Mercosul em primeiro dia de negocia\u00e7\u00e3o com diplomatas - Canal Dana\",\"isPartOf\":{\"@id\":\"https:\\\/\\\/dana.com.br\\\/canaldana\\\/#website\"},\"datePublished\":\"2018-11-13T11:08:50+00:00\",\"dateModified\":\"2018-11-13T11:10:35+00:00\",\"author\":{\"@id\":\"https:\\\/\\\/dana.com.br\\\/canaldana\\\/#\\\/schema\\\/person\\\/3c21f22f56fcf3bc46b94bc60ea4fef6\"},\"breadcrumb\":{\"@id\":\"https:\\\/\\\/dana.com.br\\\/canaldana\\\/2018\\\/11\\\/13\\\/uniao-europeia-frustra-mercosul-em-primeiro-dia-de-negociacao-com-diplomatas\\\/#breadcrumb\"},\"inLanguage\":\"pt-BR\",\"potentialAction\":[{\"@type\":\"ReadAction\",\"target\":[\"https:\\\/\\\/dana.com.br\\\/canaldana\\\/2018\\\/11\\\/13\\\/uniao-europeia-frustra-mercosul-em-primeiro-dia-de-negociacao-com-diplomatas\\\/\"]}]},{\"@type\":\"BreadcrumbList\",\"@id\":\"https:\\\/\\\/dana.com.br\\\/canaldana\\\/2018\\\/11\\\/13\\\/uniao-europeia-frustra-mercosul-em-primeiro-dia-de-negociacao-com-diplomatas\\\/#breadcrumb\",\"itemListElement\":[{\"@type\":\"ListItem\",\"position\":1,\"name\":\"Home\",\"item\":\"https:\\\/\\\/dana.com.br\\\/canaldana\\\/\"},{\"@type\":\"ListItem\",\"position\":2,\"name\":\"Destaques\",\"item\":\"https:\\\/\\\/dana.com.br\\\/canaldana\\\/destaques\\\/\"},{\"@type\":\"ListItem\",\"position\":3,\"name\":\"Uni\u00e3o Europeia frustra Mercosul em primeiro dia de negocia\u00e7\u00e3o com diplomatas\"}]},{\"@type\":\"WebSite\",\"@id\":\"https:\\\/\\\/dana.com.br\\\/canaldana\\\/#website\",\"url\":\"https:\\\/\\\/dana.com.br\\\/canaldana\\\/\",\"name\":\"Canal Dana\",\"description\":\"Informativo com as principais not\u00edcias da ind\u00fastria automotiva\",\"potentialAction\":[{\"@type\":\"SearchAction\",\"target\":{\"@type\":\"EntryPoint\",\"urlTemplate\":\"https:\\\/\\\/dana.com.br\\\/canaldana\\\/?s={search_term_string}\"},\"query-input\":{\"@type\":\"PropertyValueSpecification\",\"valueRequired\":true,\"valueName\":\"search_term_string\"}}],\"inLanguage\":\"pt-BR\"},{\"@type\":\"Person\",\"@id\":\"https:\\\/\\\/dana.com.br\\\/canaldana\\\/#\\\/schema\\\/person\\\/3c21f22f56fcf3bc46b94bc60ea4fef6\",\"name\":\"Canal Dana\",\"image\":{\"@type\":\"ImageObject\",\"inLanguage\":\"pt-BR\",\"@id\":\"https:\\\/\\\/secure.gravatar.com\\\/avatar\\\/420aaf9278582877d9018637c6817617705899d2858d7572ef0fe59a6b6454b4?s=96&d=mm&r=g\",\"url\":\"https:\\\/\\\/secure.gravatar.com\\\/avatar\\\/420aaf9278582877d9018637c6817617705899d2858d7572ef0fe59a6b6454b4?s=96&d=mm&r=g\",\"contentUrl\":\"https:\\\/\\\/secure.gravatar.com\\\/avatar\\\/420aaf9278582877d9018637c6817617705899d2858d7572ef0fe59a6b6454b4?s=96&d=mm&r=g\",\"caption\":\"Canal Dana\"},\"url\":\"https:\\\/\\\/dana.com.br\\\/canaldana\\\/author\\\/cdeditor\\\/\"}]}<\/script>\n<!-- \/ Yoast SEO plugin. -->","yoast_head_json":{"title":"Uni\u00e3o Europeia frustra Mercosul em primeiro dia de negocia\u00e7\u00e3o com diplomatas - Canal Dana","robots":{"index":"index","follow":"follow","max-snippet":"max-snippet:-1","max-image-preview":"max-image-preview:large","max-video-preview":"max-video-preview:-1"},"canonical":"https:\/\/dana.com.br\/canaldana\/2018\/11\/13\/uniao-europeia-frustra-mercosul-em-primeiro-dia-de-negociacao-com-diplomatas\/","og_locale":"pt_BR","og_type":"article","og_title":"Uni\u00e3o Europeia frustra Mercosul em primeiro dia de negocia\u00e7\u00e3o com diplomatas - Canal Dana","og_description":"O Estado de S. Paulo &nbsp; Diplomatas do Mercosul deixaram o primeiro dia de negocia\u00e7\u00f5es com a Uni\u00e3o Europeia frustrados com a postura de Bruxelas. O sentimento na delega\u00e7\u00e3o sul-americana \u00e9 de que os europeus est\u00e3o exigindo concess\u00f5es da parte do Mercosul, sem apresentar contra-partidas suficientes, principalmente no setor agr\u00edcola. &nbsp; Em negocia\u00e7\u00e3o h\u00e1 18\u2026 Leia mais \u00bb","og_url":"https:\/\/dana.com.br\/canaldana\/2018\/11\/13\/uniao-europeia-frustra-mercosul-em-primeiro-dia-de-negociacao-com-diplomatas\/","og_site_name":"Canal Dana","article_published_time":"2018-11-13T11:08:50+00:00","article_modified_time":"2018-11-13T11:10:35+00:00","author":"Canal Dana","twitter_card":"summary_large_image","twitter_misc":{"Escrito por":"Canal Dana","Est. tempo de leitura":"3 minutos"},"schema":{"@context":"https:\/\/schema.org","@graph":[{"@type":"Article","@id":"https:\/\/dana.com.br\/canaldana\/2018\/11\/13\/uniao-europeia-frustra-mercosul-em-primeiro-dia-de-negociacao-com-diplomatas\/#article","isPartOf":{"@id":"https:\/\/dana.com.br\/canaldana\/2018\/11\/13\/uniao-europeia-frustra-mercosul-em-primeiro-dia-de-negociacao-com-diplomatas\/"},"author":{"name":"Canal Dana","@id":"https:\/\/dana.com.br\/canaldana\/#\/schema\/person\/3c21f22f56fcf3bc46b94bc60ea4fef6"},"headline":"Uni\u00e3o Europeia frustra Mercosul em primeiro dia de negocia\u00e7\u00e3o com diplomatas","datePublished":"2018-11-13T11:08:50+00:00","dateModified":"2018-11-13T11:10:35+00:00","mainEntityOfPage":{"@id":"https:\/\/dana.com.br\/canaldana\/2018\/11\/13\/uniao-europeia-frustra-mercosul-em-primeiro-dia-de-negociacao-com-diplomatas\/"},"wordCount":600,"articleSection":["Destaques"],"inLanguage":"pt-BR"},{"@type":"WebPage","@id":"https:\/\/dana.com.br\/canaldana\/2018\/11\/13\/uniao-europeia-frustra-mercosul-em-primeiro-dia-de-negociacao-com-diplomatas\/","url":"https:\/\/dana.com.br\/canaldana\/2018\/11\/13\/uniao-europeia-frustra-mercosul-em-primeiro-dia-de-negociacao-com-diplomatas\/","name":"Uni\u00e3o Europeia frustra Mercosul em primeiro dia de negocia\u00e7\u00e3o com diplomatas - Canal Dana","isPartOf":{"@id":"https:\/\/dana.com.br\/canaldana\/#website"},"datePublished":"2018-11-13T11:08:50+00:00","dateModified":"2018-11-13T11:10:35+00:00","author":{"@id":"https:\/\/dana.com.br\/canaldana\/#\/schema\/person\/3c21f22f56fcf3bc46b94bc60ea4fef6"},"breadcrumb":{"@id":"https:\/\/dana.com.br\/canaldana\/2018\/11\/13\/uniao-europeia-frustra-mercosul-em-primeiro-dia-de-negociacao-com-diplomatas\/#breadcrumb"},"inLanguage":"pt-BR","potentialAction":[{"@type":"ReadAction","target":["https:\/\/dana.com.br\/canaldana\/2018\/11\/13\/uniao-europeia-frustra-mercosul-em-primeiro-dia-de-negociacao-com-diplomatas\/"]}]},{"@type":"BreadcrumbList","@id":"https:\/\/dana.com.br\/canaldana\/2018\/11\/13\/uniao-europeia-frustra-mercosul-em-primeiro-dia-de-negociacao-com-diplomatas\/#breadcrumb","itemListElement":[{"@type":"ListItem","position":1,"name":"Home","item":"https:\/\/dana.com.br\/canaldana\/"},{"@type":"ListItem","position":2,"name":"Destaques","item":"https:\/\/dana.com.br\/canaldana\/destaques\/"},{"@type":"ListItem","position":3,"name":"Uni\u00e3o Europeia frustra Mercosul em primeiro dia de negocia\u00e7\u00e3o com diplomatas"}]},{"@type":"WebSite","@id":"https:\/\/dana.com.br\/canaldana\/#website","url":"https:\/\/dana.com.br\/canaldana\/","name":"Canal Dana","description":"Informativo com as principais not\u00edcias da ind\u00fastria automotiva","potentialAction":[{"@type":"SearchAction","target":{"@type":"EntryPoint","urlTemplate":"https:\/\/dana.com.br\/canaldana\/?s={search_term_string}"},"query-input":{"@type":"PropertyValueSpecification","valueRequired":true,"valueName":"search_term_string"}}],"inLanguage":"pt-BR"},{"@type":"Person","@id":"https:\/\/dana.com.br\/canaldana\/#\/schema\/person\/3c21f22f56fcf3bc46b94bc60ea4fef6","name":"Canal Dana","image":{"@type":"ImageObject","inLanguage":"pt-BR","@id":"https:\/\/secure.gravatar.com\/avatar\/420aaf9278582877d9018637c6817617705899d2858d7572ef0fe59a6b6454b4?s=96&d=mm&r=g","url":"https:\/\/secure.gravatar.com\/avatar\/420aaf9278582877d9018637c6817617705899d2858d7572ef0fe59a6b6454b4?s=96&d=mm&r=g","contentUrl":"https:\/\/secure.gravatar.com\/avatar\/420aaf9278582877d9018637c6817617705899d2858d7572ef0fe59a6b6454b4?s=96&d=mm&r=g","caption":"Canal Dana"},"url":"https:\/\/dana.com.br\/canaldana\/author\/cdeditor\/"}]}},"_links":{"self":[{"href":"https:\/\/dana.com.br\/canaldana\/wp-json\/wp\/v2\/posts\/30594","targetHints":{"allow":["GET"]}}],"collection":[{"href":"https:\/\/dana.com.br\/canaldana\/wp-json\/wp\/v2\/posts"}],"about":[{"href":"https:\/\/dana.com.br\/canaldana\/wp-json\/wp\/v2\/types\/post"}],"author":[{"embeddable":true,"href":"https:\/\/dana.com.br\/canaldana\/wp-json\/wp\/v2\/users\/3"}],"replies":[{"embeddable":true,"href":"https:\/\/dana.com.br\/canaldana\/wp-json\/wp\/v2\/comments?post=30594"}],"version-history":[{"count":0,"href":"https:\/\/dana.com.br\/canaldana\/wp-json\/wp\/v2\/posts\/30594\/revisions"}],"wp:attachment":[{"href":"https:\/\/dana.com.br\/canaldana\/wp-json\/wp\/v2\/media?parent=30594"}],"wp:term":[{"taxonomy":"category","embeddable":true,"href":"https:\/\/dana.com.br\/canaldana\/wp-json\/wp\/v2\/categories?post=30594"},{"taxonomy":"post_tag","embeddable":true,"href":"https:\/\/dana.com.br\/canaldana\/wp-json\/wp\/v2\/tags?post=30594"}],"curies":[{"name":"wp","href":"https:\/\/api.w.org\/{rel}","templated":true}]}}