{"id":30560,"date":"2018-11-12T09:28:08","date_gmt":"2018-11-12T11:28:08","guid":{"rendered":"https:\/\/dana.com.br\/canaldana\/?p=30560"},"modified":"2018-11-12T09:29:37","modified_gmt":"2018-11-12T11:29:37","slug":"no-salao-do-automovel-a-mobilidade-esta-em-debate","status":"publish","type":"post","link":"https:\/\/dana.com.br\/canaldana\/2018\/11\/12\/no-salao-do-automovel-a-mobilidade-esta-em-debate\/","title":{"rendered":"No Sal\u00e3o do Autom\u00f3vel a mobilidade est\u00e1 em debate"},"content":{"rendered":"<p><em>AutoInd\u00fastria <\/em><\/p>\n<p>&nbsp;<\/p>\n<p>Al\u00e9m dos mais de 500 modelos em exposi\u00e7\u00e3o, o visitante do Sal\u00e3o do Autom\u00f3vel de S\u00e3o Paulo tem mais uma programa\u00e7\u00e3o a conferir, o espa\u00e7o New Mobility \u2013 Trends &amp; Future. Projeto in\u00e9dito idealizado pela Reed Exhibitions Alcantara Machado, organizadora do evento, tem como objetivo colocar em pauta o futuro da mobilidade urbana.<\/p>\n<p>&nbsp;<\/p>\n<p>Arena exclusiva montada para o projeto ser\u00e1 palco para mais de 130 palestrantes durante os onze dias de evento. Os especialistas interagir\u00e3o com o p\u00fablico em assuntos baseados em quatro pilares: El\u00e9tricos e h\u00edbridos, Ve\u00edculos conectados, Servi\u00e7os compartilhados e Ve\u00edculos Aut\u00f4nomos.<\/p>\n<p>&nbsp;<\/p>\n<p>\u201cVivemos um momento de transforma\u00e7\u00e3o na ind\u00fastria em geral e, em especial, na automotiva, que trazem novos conceitos como efici\u00eancia energ\u00e9tica, zero emiss\u00e3o e conectividade\u201d, observa Paulo Oct\u00e1vio Pereira de Almeida, vice-presidente da Reed.<\/p>\n<p>&nbsp;<\/p>\n<p>Almeida conta que nos \u00faltimos anos percorreu o mundo dos sal\u00f5es do autom\u00f3vel para elaborar algo in\u00e9dito para o p\u00fablico do evento de S\u00e3o Paulo, considerado o maio da Am\u00e9rica Latina. \u201cAgora temos aqui o que se pode ser comparado com o Sal\u00e3o de Frankfurt, na Alemanha, e com o CES, em Las Vegas, no Estados Unidos\u201d, compara.<\/p>\n<p>&nbsp;<\/p>\n<p>Para sustentar a programa\u00e7\u00e3o, empresas parceiras do evento, como a Bosch, a Goodyear, a Renault e fornecedoras de energia e mat\u00e9ria-prima, levar\u00e3o profissionais para mostrar tecnologias e solu\u00e7\u00f5es para a mobilidade do amanh\u00e3.<\/p>\n<p>&nbsp;<\/p>\n<p>\u201cImportante favorecer a proximidade do p\u00fablico com as tecnologias do futuro\u201d, refor\u00e7a Besaliel Botelho, presidente da Bosch para a Am\u00e9rica Latina. \u201c\u00c9 uma oportunidade para mostrar nossas mais recentes solu\u00e7\u00f5es. Temos o desafio de resolver o tr\u00e1fego em espa\u00e7os cada vez mais ocupados, eliminar os acidentes de tr\u00e2nsito por meio de ve\u00edculos mais seguros e aut\u00f4nomos, al\u00e9m de integrar servi\u00e7os. O futuro do autom\u00f3vel passa pela internet e j\u00e1 se mostra como um armazenador de informa\u00e7\u00f5es.\u201d<\/p>\n<p>&nbsp;<\/p>\n<p>Al\u00e9m do conte\u00fado te\u00f3rico e oportunidade de conhecer de pertos as tecnologias, o visitante tamb\u00e9m poder\u00e1 experimentar os avan\u00e7os da ind\u00fastria. A Renault, por exemplo, colocou tr\u00eas modelos 100% el\u00e9tricos para test-drive. O interessado poder\u00e1 saber como \u00e9 dirigir o Twizy ou o Zoe, esse \u00faltimo j\u00e1 confirmado para desembarcar no Brasil. (AutoInd\u00fastria\/D\u00e9cio Costa)<\/p>\n","protected":false},"excerpt":{"rendered":"<p>AutoInd\u00fastria &nbsp; Al\u00e9m dos mais de 500 modelos em exposi\u00e7\u00e3o, o visitante do Sal\u00e3o do Autom\u00f3vel de S\u00e3o Paulo tem mais uma programa\u00e7\u00e3o a conferir, o espa\u00e7o New Mobility \u2013 Trends &amp; Future. Projeto in\u00e9dito idealizado pela Reed Exhibitions Alcantara Machado, organizadora do evento, tem como objetivo colocar em pauta o futuro da mobilidade urbana.\u2026 <a class=\"readmore\" href=\"https:\/\/dana.com.br\/canaldana\/2018\/11\/12\/no-salao-do-automovel-a-mobilidade-esta-em-debate\/\">Leia mais \u00bb<\/a><\/p>\n","protected":false},"author":3,"featured_media":0,"comment_status":"closed","ping_status":"closed","sticky":false,"template":"","format":"standard","meta":{"_acf_changed":false,"footnotes":""},"categories":[61,1],"tags":[],"class_list":["post-30560","post","type-post","status-publish","format-standard","hentry","category-destaques","category-sin-categoria"],"acf":[],"yoast_head":"<!-- This site is optimized with the Yoast SEO plugin v27.3 - https:\/\/yoast.com\/product\/yoast-seo-wordpress\/ -->\n<title>No Sal\u00e3o do Autom\u00f3vel a mobilidade est\u00e1 em debate - Canal Dana<\/title>\n<meta name=\"robots\" content=\"index, follow, max-snippet:-1, max-image-preview:large, max-video-preview:-1\" \/>\n<link rel=\"canonical\" href=\"https:\/\/dana.com.br\/canaldana\/2018\/11\/12\/no-salao-do-automovel-a-mobilidade-esta-em-debate\/\" \/>\n<meta property=\"og:locale\" content=\"pt_BR\" \/>\n<meta property=\"og:type\" content=\"article\" \/>\n<meta property=\"og:title\" content=\"No Sal\u00e3o do Autom\u00f3vel a mobilidade est\u00e1 em debate - Canal Dana\" \/>\n<meta property=\"og:description\" content=\"AutoInd\u00fastria &nbsp; Al\u00e9m dos mais de 500 modelos em exposi\u00e7\u00e3o, o visitante do Sal\u00e3o do Autom\u00f3vel de S\u00e3o Paulo tem mais uma programa\u00e7\u00e3o a conferir, o espa\u00e7o New Mobility \u2013 Trends &amp; Future. Projeto in\u00e9dito idealizado pela Reed Exhibitions Alcantara Machado, organizadora do evento, tem como objetivo colocar em pauta o futuro da mobilidade urbana.\u2026 Leia mais \u00bb\" \/>\n<meta property=\"og:url\" content=\"https:\/\/dana.com.br\/canaldana\/2018\/11\/12\/no-salao-do-automovel-a-mobilidade-esta-em-debate\/\" \/>\n<meta property=\"og:site_name\" content=\"Canal Dana\" \/>\n<meta property=\"article:published_time\" content=\"2018-11-12T11:28:08+00:00\" \/>\n<meta property=\"article:modified_time\" content=\"2018-11-12T11:29:37+00:00\" \/>\n<meta name=\"author\" content=\"Canal Dana\" \/>\n<meta name=\"twitter:card\" content=\"summary_large_image\" \/>\n<meta name=\"twitter:label1\" content=\"Escrito por\" \/>\n\t<meta name=\"twitter:data1\" content=\"Canal Dana\" \/>\n\t<meta name=\"twitter:label2\" content=\"Est. tempo de leitura\" \/>\n\t<meta name=\"twitter:data2\" content=\"2 minutos\" \/>\n<script type=\"application\/ld+json\" class=\"yoast-schema-graph\">{\"@context\":\"https:\\\/\\\/schema.org\",\"@graph\":[{\"@type\":\"Article\",\"@id\":\"https:\\\/\\\/dana.com.br\\\/canaldana\\\/2018\\\/11\\\/12\\\/no-salao-do-automovel-a-mobilidade-esta-em-debate\\\/#article\",\"isPartOf\":{\"@id\":\"https:\\\/\\\/dana.com.br\\\/canaldana\\\/2018\\\/11\\\/12\\\/no-salao-do-automovel-a-mobilidade-esta-em-debate\\\/\"},\"author\":{\"name\":\"Canal Dana\",\"@id\":\"https:\\\/\\\/dana.com.br\\\/canaldana\\\/#\\\/schema\\\/person\\\/3c21f22f56fcf3bc46b94bc60ea4fef6\"},\"headline\":\"No Sal\u00e3o do Autom\u00f3vel a mobilidade est\u00e1 em debate\",\"datePublished\":\"2018-11-12T11:28:08+00:00\",\"dateModified\":\"2018-11-12T11:29:37+00:00\",\"mainEntityOfPage\":{\"@id\":\"https:\\\/\\\/dana.com.br\\\/canaldana\\\/2018\\\/11\\\/12\\\/no-salao-do-automovel-a-mobilidade-esta-em-debate\\\/\"},\"wordCount\":420,\"articleSection\":[\"Destaques\",\"Sin categor\u00eda\"],\"inLanguage\":\"pt-BR\"},{\"@type\":\"WebPage\",\"@id\":\"https:\\\/\\\/dana.com.br\\\/canaldana\\\/2018\\\/11\\\/12\\\/no-salao-do-automovel-a-mobilidade-esta-em-debate\\\/\",\"url\":\"https:\\\/\\\/dana.com.br\\\/canaldana\\\/2018\\\/11\\\/12\\\/no-salao-do-automovel-a-mobilidade-esta-em-debate\\\/\",\"name\":\"No Sal\u00e3o do Autom\u00f3vel a mobilidade est\u00e1 em debate - Canal Dana\",\"isPartOf\":{\"@id\":\"https:\\\/\\\/dana.com.br\\\/canaldana\\\/#website\"},\"datePublished\":\"2018-11-12T11:28:08+00:00\",\"dateModified\":\"2018-11-12T11:29:37+00:00\",\"author\":{\"@id\":\"https:\\\/\\\/dana.com.br\\\/canaldana\\\/#\\\/schema\\\/person\\\/3c21f22f56fcf3bc46b94bc60ea4fef6\"},\"breadcrumb\":{\"@id\":\"https:\\\/\\\/dana.com.br\\\/canaldana\\\/2018\\\/11\\\/12\\\/no-salao-do-automovel-a-mobilidade-esta-em-debate\\\/#breadcrumb\"},\"inLanguage\":\"pt-BR\",\"potentialAction\":[{\"@type\":\"ReadAction\",\"target\":[\"https:\\\/\\\/dana.com.br\\\/canaldana\\\/2018\\\/11\\\/12\\\/no-salao-do-automovel-a-mobilidade-esta-em-debate\\\/\"]}]},{\"@type\":\"BreadcrumbList\",\"@id\":\"https:\\\/\\\/dana.com.br\\\/canaldana\\\/2018\\\/11\\\/12\\\/no-salao-do-automovel-a-mobilidade-esta-em-debate\\\/#breadcrumb\",\"itemListElement\":[{\"@type\":\"ListItem\",\"position\":1,\"name\":\"Home\",\"item\":\"https:\\\/\\\/dana.com.br\\\/canaldana\\\/\"},{\"@type\":\"ListItem\",\"position\":2,\"name\":\"Sin categor\u00eda\",\"item\":\"https:\\\/\\\/dana.com.br\\\/canaldana\\\/sin-categoria\\\/\"},{\"@type\":\"ListItem\",\"position\":3,\"name\":\"No Sal\u00e3o do Autom\u00f3vel a mobilidade est\u00e1 em debate\"}]},{\"@type\":\"WebSite\",\"@id\":\"https:\\\/\\\/dana.com.br\\\/canaldana\\\/#website\",\"url\":\"https:\\\/\\\/dana.com.br\\\/canaldana\\\/\",\"name\":\"Canal Dana\",\"description\":\"Informativo com as principais not\u00edcias da ind\u00fastria automotiva\",\"potentialAction\":[{\"@type\":\"SearchAction\",\"target\":{\"@type\":\"EntryPoint\",\"urlTemplate\":\"https:\\\/\\\/dana.com.br\\\/canaldana\\\/?s={search_term_string}\"},\"query-input\":{\"@type\":\"PropertyValueSpecification\",\"valueRequired\":true,\"valueName\":\"search_term_string\"}}],\"inLanguage\":\"pt-BR\"},{\"@type\":\"Person\",\"@id\":\"https:\\\/\\\/dana.com.br\\\/canaldana\\\/#\\\/schema\\\/person\\\/3c21f22f56fcf3bc46b94bc60ea4fef6\",\"name\":\"Canal Dana\",\"image\":{\"@type\":\"ImageObject\",\"inLanguage\":\"pt-BR\",\"@id\":\"https:\\\/\\\/secure.gravatar.com\\\/avatar\\\/420aaf9278582877d9018637c6817617705899d2858d7572ef0fe59a6b6454b4?s=96&d=mm&r=g\",\"url\":\"https:\\\/\\\/secure.gravatar.com\\\/avatar\\\/420aaf9278582877d9018637c6817617705899d2858d7572ef0fe59a6b6454b4?s=96&d=mm&r=g\",\"contentUrl\":\"https:\\\/\\\/secure.gravatar.com\\\/avatar\\\/420aaf9278582877d9018637c6817617705899d2858d7572ef0fe59a6b6454b4?s=96&d=mm&r=g\",\"caption\":\"Canal Dana\"},\"url\":\"https:\\\/\\\/dana.com.br\\\/canaldana\\\/author\\\/cdeditor\\\/\"}]}<\/script>\n<!-- \/ Yoast SEO plugin. -->","yoast_head_json":{"title":"No Sal\u00e3o do Autom\u00f3vel a mobilidade est\u00e1 em debate - Canal Dana","robots":{"index":"index","follow":"follow","max-snippet":"max-snippet:-1","max-image-preview":"max-image-preview:large","max-video-preview":"max-video-preview:-1"},"canonical":"https:\/\/dana.com.br\/canaldana\/2018\/11\/12\/no-salao-do-automovel-a-mobilidade-esta-em-debate\/","og_locale":"pt_BR","og_type":"article","og_title":"No Sal\u00e3o do Autom\u00f3vel a mobilidade est\u00e1 em debate - Canal Dana","og_description":"AutoInd\u00fastria &nbsp; Al\u00e9m dos mais de 500 modelos em exposi\u00e7\u00e3o, o visitante do Sal\u00e3o do Autom\u00f3vel de S\u00e3o Paulo tem mais uma programa\u00e7\u00e3o a conferir, o espa\u00e7o New Mobility \u2013 Trends &amp; Future. Projeto in\u00e9dito idealizado pela Reed Exhibitions Alcantara Machado, organizadora do evento, tem como objetivo colocar em pauta o futuro da mobilidade urbana.\u2026 Leia mais \u00bb","og_url":"https:\/\/dana.com.br\/canaldana\/2018\/11\/12\/no-salao-do-automovel-a-mobilidade-esta-em-debate\/","og_site_name":"Canal Dana","article_published_time":"2018-11-12T11:28:08+00:00","article_modified_time":"2018-11-12T11:29:37+00:00","author":"Canal Dana","twitter_card":"summary_large_image","twitter_misc":{"Escrito por":"Canal Dana","Est. tempo de leitura":"2 minutos"},"schema":{"@context":"https:\/\/schema.org","@graph":[{"@type":"Article","@id":"https:\/\/dana.com.br\/canaldana\/2018\/11\/12\/no-salao-do-automovel-a-mobilidade-esta-em-debate\/#article","isPartOf":{"@id":"https:\/\/dana.com.br\/canaldana\/2018\/11\/12\/no-salao-do-automovel-a-mobilidade-esta-em-debate\/"},"author":{"name":"Canal Dana","@id":"https:\/\/dana.com.br\/canaldana\/#\/schema\/person\/3c21f22f56fcf3bc46b94bc60ea4fef6"},"headline":"No Sal\u00e3o do Autom\u00f3vel a mobilidade est\u00e1 em debate","datePublished":"2018-11-12T11:28:08+00:00","dateModified":"2018-11-12T11:29:37+00:00","mainEntityOfPage":{"@id":"https:\/\/dana.com.br\/canaldana\/2018\/11\/12\/no-salao-do-automovel-a-mobilidade-esta-em-debate\/"},"wordCount":420,"articleSection":["Destaques","Sin categor\u00eda"],"inLanguage":"pt-BR"},{"@type":"WebPage","@id":"https:\/\/dana.com.br\/canaldana\/2018\/11\/12\/no-salao-do-automovel-a-mobilidade-esta-em-debate\/","url":"https:\/\/dana.com.br\/canaldana\/2018\/11\/12\/no-salao-do-automovel-a-mobilidade-esta-em-debate\/","name":"No Sal\u00e3o do Autom\u00f3vel a mobilidade est\u00e1 em debate - Canal Dana","isPartOf":{"@id":"https:\/\/dana.com.br\/canaldana\/#website"},"datePublished":"2018-11-12T11:28:08+00:00","dateModified":"2018-11-12T11:29:37+00:00","author":{"@id":"https:\/\/dana.com.br\/canaldana\/#\/schema\/person\/3c21f22f56fcf3bc46b94bc60ea4fef6"},"breadcrumb":{"@id":"https:\/\/dana.com.br\/canaldana\/2018\/11\/12\/no-salao-do-automovel-a-mobilidade-esta-em-debate\/#breadcrumb"},"inLanguage":"pt-BR","potentialAction":[{"@type":"ReadAction","target":["https:\/\/dana.com.br\/canaldana\/2018\/11\/12\/no-salao-do-automovel-a-mobilidade-esta-em-debate\/"]}]},{"@type":"BreadcrumbList","@id":"https:\/\/dana.com.br\/canaldana\/2018\/11\/12\/no-salao-do-automovel-a-mobilidade-esta-em-debate\/#breadcrumb","itemListElement":[{"@type":"ListItem","position":1,"name":"Home","item":"https:\/\/dana.com.br\/canaldana\/"},{"@type":"ListItem","position":2,"name":"Sin categor\u00eda","item":"https:\/\/dana.com.br\/canaldana\/sin-categoria\/"},{"@type":"ListItem","position":3,"name":"No Sal\u00e3o do Autom\u00f3vel a mobilidade est\u00e1 em debate"}]},{"@type":"WebSite","@id":"https:\/\/dana.com.br\/canaldana\/#website","url":"https:\/\/dana.com.br\/canaldana\/","name":"Canal Dana","description":"Informativo com as principais not\u00edcias da ind\u00fastria automotiva","potentialAction":[{"@type":"SearchAction","target":{"@type":"EntryPoint","urlTemplate":"https:\/\/dana.com.br\/canaldana\/?s={search_term_string}"},"query-input":{"@type":"PropertyValueSpecification","valueRequired":true,"valueName":"search_term_string"}}],"inLanguage":"pt-BR"},{"@type":"Person","@id":"https:\/\/dana.com.br\/canaldana\/#\/schema\/person\/3c21f22f56fcf3bc46b94bc60ea4fef6","name":"Canal Dana","image":{"@type":"ImageObject","inLanguage":"pt-BR","@id":"https:\/\/secure.gravatar.com\/avatar\/420aaf9278582877d9018637c6817617705899d2858d7572ef0fe59a6b6454b4?s=96&d=mm&r=g","url":"https:\/\/secure.gravatar.com\/avatar\/420aaf9278582877d9018637c6817617705899d2858d7572ef0fe59a6b6454b4?s=96&d=mm&r=g","contentUrl":"https:\/\/secure.gravatar.com\/avatar\/420aaf9278582877d9018637c6817617705899d2858d7572ef0fe59a6b6454b4?s=96&d=mm&r=g","caption":"Canal Dana"},"url":"https:\/\/dana.com.br\/canaldana\/author\/cdeditor\/"}]}},"_links":{"self":[{"href":"https:\/\/dana.com.br\/canaldana\/wp-json\/wp\/v2\/posts\/30560","targetHints":{"allow":["GET"]}}],"collection":[{"href":"https:\/\/dana.com.br\/canaldana\/wp-json\/wp\/v2\/posts"}],"about":[{"href":"https:\/\/dana.com.br\/canaldana\/wp-json\/wp\/v2\/types\/post"}],"author":[{"embeddable":true,"href":"https:\/\/dana.com.br\/canaldana\/wp-json\/wp\/v2\/users\/3"}],"replies":[{"embeddable":true,"href":"https:\/\/dana.com.br\/canaldana\/wp-json\/wp\/v2\/comments?post=30560"}],"version-history":[{"count":0,"href":"https:\/\/dana.com.br\/canaldana\/wp-json\/wp\/v2\/posts\/30560\/revisions"}],"wp:attachment":[{"href":"https:\/\/dana.com.br\/canaldana\/wp-json\/wp\/v2\/media?parent=30560"}],"wp:term":[{"taxonomy":"category","embeddable":true,"href":"https:\/\/dana.com.br\/canaldana\/wp-json\/wp\/v2\/categories?post=30560"},{"taxonomy":"post_tag","embeddable":true,"href":"https:\/\/dana.com.br\/canaldana\/wp-json\/wp\/v2\/tags?post=30560"}],"curies":[{"name":"wp","href":"https:\/\/api.w.org\/{rel}","templated":true}]}}