{"id":29005,"date":"2018-09-03T09:14:30","date_gmt":"2018-09-03T12:14:30","guid":{"rendered":"https:\/\/dana.com.br\/canaldana\/?p=29005"},"modified":"2018-09-03T09:14:30","modified_gmt":"2018-09-03T12:14:30","slug":"gm-trabalha-em-carregador-que-abastece-carro-eletrico-em-apenas-10-minutos","status":"publish","type":"post","link":"https:\/\/dana.com.br\/canaldana\/2018\/09\/03\/gm-trabalha-em-carregador-que-abastece-carro-eletrico-em-apenas-10-minutos\/","title":{"rendered":"GM trabalha em carregador que abastece carro el\u00e9trico em apenas 10 minutos"},"content":{"rendered":"<p><em>Jornal do Carro<\/em><\/p>\n<p>&nbsp;<\/p>\n<p>Carro el\u00e9trico \u00e9 uma realidade que ainda engatinha no Brasil. Mas nos Estados Unidos, na\u00e7\u00e3o de carros enormes e motorz\u00f5es, a ideia est\u00e1 se tornando mais popular. E a tend\u00eancia \u00e9 crescer r\u00e1pido com os lan\u00e7amentos das montadoras e a evolu\u00e7\u00e3o da tecnologia. Mas l\u00e1 tamb\u00e9m h\u00e1 percal\u00e7os a contornar.<\/p>\n<p>&nbsp;<\/p>\n<p>Um dos grandes desafios para que os el\u00e9tricos se popularizem \u00e9 expandir a autonomia. Hoje h\u00e1 modelos que rodam mais de 300 km com uma \u00fanica carga de bateria. Isso j\u00e1 basta para boa parte dos deslocamentos cotidianos. Mas, em viagens longas, \u00e9 preciso ter paci\u00eancia.<\/p>\n<p>&nbsp;<\/p>\n<p>Outra quest\u00e3o importante \u00e9 o tempo de recarga. Em uma tomada de 220V, um Nissan Leaf exige 7 horas e meia para uma recarga total e um Chevrolet Bolt, cerca de 9 horas e 20 minutos. Em menos tempo, s\u00f3 se contentando com recargas parciais, por meio de carregadores r\u00e1pidos.<\/p>\n<p>&nbsp;<\/p>\n<p>A novidade \u00e9 que a GM est\u00e1 desenvolvendo um sistema de carregamento r\u00e1pido que pode mudar esse cen\u00e1rio. De acordo com a ag\u00eancia de not\u00edcias Bloomberg, ele promete proporcionar uma autonomia de 290 km em meros 10 minutos de recarga.<\/p>\n<p>&nbsp;<\/p>\n<p><strong>Rapidez e conveni\u00eancia<\/strong><\/p>\n<p>&nbsp;<\/p>\n<p>Isso d\u00e1 uma m\u00e9dia de 30 km a cada minuto de recarga \u2013 bem mais do que oferece a Tesla, com cerca de 9,6 km no mesmo tempo de carregamento. A Porsche est\u00e1 trabalhando em um m\u00e9todo que permitir\u00e1 ao el\u00e9trico Taycan ganhar 20 km de autonomia por minuto.<\/p>\n<p>&nbsp;<\/p>\n<p>A tecnologia, que est\u00e1 sendo pesquisada em parceria com a Delta Americas, deve estar dispon\u00edvel em 20 modelos el\u00e9tricos da GM at\u00e9 2023.<\/p>\n<p>&nbsp;<\/p>\n<p>Esse pode ser o empurr\u00e3o que faltava para os consumidores migrarem para os el\u00e9tricos sem perder o conforto e a conveni\u00eancia que tinham com seus carros movidos a gasolina. (Jornal do Carro)<\/p>\n","protected":false},"excerpt":{"rendered":"<p>Jornal do Carro &nbsp; Carro el\u00e9trico \u00e9 uma realidade que ainda engatinha no Brasil. Mas nos Estados Unidos, na\u00e7\u00e3o de carros enormes e motorz\u00f5es, a ideia est\u00e1 se tornando mais popular. E a tend\u00eancia \u00e9 crescer r\u00e1pido com os lan\u00e7amentos das montadoras e a evolu\u00e7\u00e3o da tecnologia. Mas l\u00e1 tamb\u00e9m h\u00e1 percal\u00e7os a contornar. &nbsp;\u2026 <a class=\"readmore\" href=\"https:\/\/dana.com.br\/canaldana\/2018\/09\/03\/gm-trabalha-em-carregador-que-abastece-carro-eletrico-em-apenas-10-minutos\/\">Leia mais \u00bb<\/a><\/p>\n","protected":false},"author":3,"featured_media":0,"comment_status":"closed","ping_status":"closed","sticky":false,"template":"","format":"standard","meta":{"_acf_changed":false,"footnotes":""},"categories":[110],"tags":[],"class_list":["post-29005","post","type-post","status-publish","format-standard","hentry","category-eletricos"],"acf":[],"yoast_head":"<!-- This site is optimized with the Yoast SEO plugin v27.5 - https:\/\/yoast.com\/product\/yoast-seo-wordpress\/ -->\n<title>GM trabalha em carregador que abastece carro el\u00e9trico em apenas 10 minutos - Canal Dana<\/title>\n<meta name=\"robots\" content=\"index, follow, max-snippet:-1, max-image-preview:large, max-video-preview:-1\" \/>\n<link rel=\"canonical\" href=\"https:\/\/dana.com.br\/canaldana\/2018\/09\/03\/gm-trabalha-em-carregador-que-abastece-carro-eletrico-em-apenas-10-minutos\/\" \/>\n<meta property=\"og:locale\" content=\"pt_BR\" \/>\n<meta property=\"og:type\" content=\"article\" \/>\n<meta property=\"og:title\" content=\"GM trabalha em carregador que abastece carro el\u00e9trico em apenas 10 minutos - Canal Dana\" \/>\n<meta property=\"og:description\" content=\"Jornal do Carro &nbsp; Carro el\u00e9trico \u00e9 uma realidade que ainda engatinha no Brasil. Mas nos Estados Unidos, na\u00e7\u00e3o de carros enormes e motorz\u00f5es, a ideia est\u00e1 se tornando mais popular. E a tend\u00eancia \u00e9 crescer r\u00e1pido com os lan\u00e7amentos das montadoras e a evolu\u00e7\u00e3o da tecnologia. Mas l\u00e1 tamb\u00e9m h\u00e1 percal\u00e7os a contornar. &nbsp;\u2026 Leia mais \u00bb\" \/>\n<meta property=\"og:url\" content=\"https:\/\/dana.com.br\/canaldana\/2018\/09\/03\/gm-trabalha-em-carregador-que-abastece-carro-eletrico-em-apenas-10-minutos\/\" \/>\n<meta property=\"og:site_name\" content=\"Canal Dana\" \/>\n<meta property=\"article:published_time\" content=\"2018-09-03T12:14:30+00:00\" \/>\n<meta name=\"author\" content=\"Canal Dana\" \/>\n<meta name=\"twitter:card\" content=\"summary_large_image\" \/>\n<meta name=\"twitter:label1\" content=\"Escrito por\" \/>\n\t<meta name=\"twitter:data1\" content=\"Canal Dana\" \/>\n\t<meta name=\"twitter:label2\" content=\"Est. tempo de leitura\" \/>\n\t<meta name=\"twitter:data2\" content=\"2 minutos\" \/>\n<script type=\"application\/ld+json\" class=\"yoast-schema-graph\">{\"@context\":\"https:\\\/\\\/schema.org\",\"@graph\":[{\"@type\":\"Article\",\"@id\":\"https:\\\/\\\/dana.com.br\\\/canaldana\\\/2018\\\/09\\\/03\\\/gm-trabalha-em-carregador-que-abastece-carro-eletrico-em-apenas-10-minutos\\\/#article\",\"isPartOf\":{\"@id\":\"https:\\\/\\\/dana.com.br\\\/canaldana\\\/2018\\\/09\\\/03\\\/gm-trabalha-em-carregador-que-abastece-carro-eletrico-em-apenas-10-minutos\\\/\"},\"author\":{\"name\":\"Canal Dana\",\"@id\":\"https:\\\/\\\/dana.com.br\\\/canaldana\\\/#\\\/schema\\\/person\\\/3c21f22f56fcf3bc46b94bc60ea4fef6\"},\"headline\":\"GM trabalha em carregador que abastece carro el\u00e9trico em apenas 10 minutos\",\"datePublished\":\"2018-09-03T12:14:30+00:00\",\"mainEntityOfPage\":{\"@id\":\"https:\\\/\\\/dana.com.br\\\/canaldana\\\/2018\\\/09\\\/03\\\/gm-trabalha-em-carregador-que-abastece-carro-eletrico-em-apenas-10-minutos\\\/\"},\"wordCount\":324,\"articleSection\":[\"El\u00e9tricos\"],\"inLanguage\":\"pt-BR\"},{\"@type\":\"WebPage\",\"@id\":\"https:\\\/\\\/dana.com.br\\\/canaldana\\\/2018\\\/09\\\/03\\\/gm-trabalha-em-carregador-que-abastece-carro-eletrico-em-apenas-10-minutos\\\/\",\"url\":\"https:\\\/\\\/dana.com.br\\\/canaldana\\\/2018\\\/09\\\/03\\\/gm-trabalha-em-carregador-que-abastece-carro-eletrico-em-apenas-10-minutos\\\/\",\"name\":\"GM trabalha em carregador que abastece carro el\u00e9trico em apenas 10 minutos - Canal Dana\",\"isPartOf\":{\"@id\":\"https:\\\/\\\/dana.com.br\\\/canaldana\\\/#website\"},\"datePublished\":\"2018-09-03T12:14:30+00:00\",\"author\":{\"@id\":\"https:\\\/\\\/dana.com.br\\\/canaldana\\\/#\\\/schema\\\/person\\\/3c21f22f56fcf3bc46b94bc60ea4fef6\"},\"breadcrumb\":{\"@id\":\"https:\\\/\\\/dana.com.br\\\/canaldana\\\/2018\\\/09\\\/03\\\/gm-trabalha-em-carregador-que-abastece-carro-eletrico-em-apenas-10-minutos\\\/#breadcrumb\"},\"inLanguage\":\"pt-BR\",\"potentialAction\":[{\"@type\":\"ReadAction\",\"target\":[\"https:\\\/\\\/dana.com.br\\\/canaldana\\\/2018\\\/09\\\/03\\\/gm-trabalha-em-carregador-que-abastece-carro-eletrico-em-apenas-10-minutos\\\/\"]}]},{\"@type\":\"BreadcrumbList\",\"@id\":\"https:\\\/\\\/dana.com.br\\\/canaldana\\\/2018\\\/09\\\/03\\\/gm-trabalha-em-carregador-que-abastece-carro-eletrico-em-apenas-10-minutos\\\/#breadcrumb\",\"itemListElement\":[{\"@type\":\"ListItem\",\"position\":1,\"name\":\"Home\",\"item\":\"https:\\\/\\\/dana.com.br\\\/canaldana\\\/\"},{\"@type\":\"ListItem\",\"position\":2,\"name\":\"El\u00e9tricos\",\"item\":\"https:\\\/\\\/dana.com.br\\\/canaldana\\\/eletricos\\\/\"},{\"@type\":\"ListItem\",\"position\":3,\"name\":\"GM trabalha em carregador que abastece carro el\u00e9trico em apenas 10 minutos\"}]},{\"@type\":\"WebSite\",\"@id\":\"https:\\\/\\\/dana.com.br\\\/canaldana\\\/#website\",\"url\":\"https:\\\/\\\/dana.com.br\\\/canaldana\\\/\",\"name\":\"Canal Dana\",\"description\":\"Informativo com as principais not\u00edcias da ind\u00fastria automotiva\",\"potentialAction\":[{\"@type\":\"SearchAction\",\"target\":{\"@type\":\"EntryPoint\",\"urlTemplate\":\"https:\\\/\\\/dana.com.br\\\/canaldana\\\/?s={search_term_string}\"},\"query-input\":{\"@type\":\"PropertyValueSpecification\",\"valueRequired\":true,\"valueName\":\"search_term_string\"}}],\"inLanguage\":\"pt-BR\"},{\"@type\":\"Person\",\"@id\":\"https:\\\/\\\/dana.com.br\\\/canaldana\\\/#\\\/schema\\\/person\\\/3c21f22f56fcf3bc46b94bc60ea4fef6\",\"name\":\"Canal Dana\",\"image\":{\"@type\":\"ImageObject\",\"inLanguage\":\"pt-BR\",\"@id\":\"https:\\\/\\\/secure.gravatar.com\\\/avatar\\\/420aaf9278582877d9018637c6817617705899d2858d7572ef0fe59a6b6454b4?s=96&d=mm&r=g\",\"url\":\"https:\\\/\\\/secure.gravatar.com\\\/avatar\\\/420aaf9278582877d9018637c6817617705899d2858d7572ef0fe59a6b6454b4?s=96&d=mm&r=g\",\"contentUrl\":\"https:\\\/\\\/secure.gravatar.com\\\/avatar\\\/420aaf9278582877d9018637c6817617705899d2858d7572ef0fe59a6b6454b4?s=96&d=mm&r=g\",\"caption\":\"Canal Dana\"},\"url\":\"https:\\\/\\\/dana.com.br\\\/canaldana\\\/author\\\/cdeditor\\\/\"}]}<\/script>\n<!-- \/ Yoast SEO plugin. -->","yoast_head_json":{"title":"GM trabalha em carregador que abastece carro el\u00e9trico em apenas 10 minutos - Canal Dana","robots":{"index":"index","follow":"follow","max-snippet":"max-snippet:-1","max-image-preview":"max-image-preview:large","max-video-preview":"max-video-preview:-1"},"canonical":"https:\/\/dana.com.br\/canaldana\/2018\/09\/03\/gm-trabalha-em-carregador-que-abastece-carro-eletrico-em-apenas-10-minutos\/","og_locale":"pt_BR","og_type":"article","og_title":"GM trabalha em carregador que abastece carro el\u00e9trico em apenas 10 minutos - Canal Dana","og_description":"Jornal do Carro &nbsp; Carro el\u00e9trico \u00e9 uma realidade que ainda engatinha no Brasil. Mas nos Estados Unidos, na\u00e7\u00e3o de carros enormes e motorz\u00f5es, a ideia est\u00e1 se tornando mais popular. E a tend\u00eancia \u00e9 crescer r\u00e1pido com os lan\u00e7amentos das montadoras e a evolu\u00e7\u00e3o da tecnologia. Mas l\u00e1 tamb\u00e9m h\u00e1 percal\u00e7os a contornar. &nbsp;\u2026 Leia mais \u00bb","og_url":"https:\/\/dana.com.br\/canaldana\/2018\/09\/03\/gm-trabalha-em-carregador-que-abastece-carro-eletrico-em-apenas-10-minutos\/","og_site_name":"Canal Dana","article_published_time":"2018-09-03T12:14:30+00:00","author":"Canal Dana","twitter_card":"summary_large_image","twitter_misc":{"Escrito por":"Canal Dana","Est. tempo de leitura":"2 minutos"},"schema":{"@context":"https:\/\/schema.org","@graph":[{"@type":"Article","@id":"https:\/\/dana.com.br\/canaldana\/2018\/09\/03\/gm-trabalha-em-carregador-que-abastece-carro-eletrico-em-apenas-10-minutos\/#article","isPartOf":{"@id":"https:\/\/dana.com.br\/canaldana\/2018\/09\/03\/gm-trabalha-em-carregador-que-abastece-carro-eletrico-em-apenas-10-minutos\/"},"author":{"name":"Canal Dana","@id":"https:\/\/dana.com.br\/canaldana\/#\/schema\/person\/3c21f22f56fcf3bc46b94bc60ea4fef6"},"headline":"GM trabalha em carregador que abastece carro el\u00e9trico em apenas 10 minutos","datePublished":"2018-09-03T12:14:30+00:00","mainEntityOfPage":{"@id":"https:\/\/dana.com.br\/canaldana\/2018\/09\/03\/gm-trabalha-em-carregador-que-abastece-carro-eletrico-em-apenas-10-minutos\/"},"wordCount":324,"articleSection":["El\u00e9tricos"],"inLanguage":"pt-BR"},{"@type":"WebPage","@id":"https:\/\/dana.com.br\/canaldana\/2018\/09\/03\/gm-trabalha-em-carregador-que-abastece-carro-eletrico-em-apenas-10-minutos\/","url":"https:\/\/dana.com.br\/canaldana\/2018\/09\/03\/gm-trabalha-em-carregador-que-abastece-carro-eletrico-em-apenas-10-minutos\/","name":"GM trabalha em carregador que abastece carro el\u00e9trico em apenas 10 minutos - Canal Dana","isPartOf":{"@id":"https:\/\/dana.com.br\/canaldana\/#website"},"datePublished":"2018-09-03T12:14:30+00:00","author":{"@id":"https:\/\/dana.com.br\/canaldana\/#\/schema\/person\/3c21f22f56fcf3bc46b94bc60ea4fef6"},"breadcrumb":{"@id":"https:\/\/dana.com.br\/canaldana\/2018\/09\/03\/gm-trabalha-em-carregador-que-abastece-carro-eletrico-em-apenas-10-minutos\/#breadcrumb"},"inLanguage":"pt-BR","potentialAction":[{"@type":"ReadAction","target":["https:\/\/dana.com.br\/canaldana\/2018\/09\/03\/gm-trabalha-em-carregador-que-abastece-carro-eletrico-em-apenas-10-minutos\/"]}]},{"@type":"BreadcrumbList","@id":"https:\/\/dana.com.br\/canaldana\/2018\/09\/03\/gm-trabalha-em-carregador-que-abastece-carro-eletrico-em-apenas-10-minutos\/#breadcrumb","itemListElement":[{"@type":"ListItem","position":1,"name":"Home","item":"https:\/\/dana.com.br\/canaldana\/"},{"@type":"ListItem","position":2,"name":"El\u00e9tricos","item":"https:\/\/dana.com.br\/canaldana\/eletricos\/"},{"@type":"ListItem","position":3,"name":"GM trabalha em carregador que abastece carro el\u00e9trico em apenas 10 minutos"}]},{"@type":"WebSite","@id":"https:\/\/dana.com.br\/canaldana\/#website","url":"https:\/\/dana.com.br\/canaldana\/","name":"Canal Dana","description":"Informativo com as principais not\u00edcias da ind\u00fastria automotiva","potentialAction":[{"@type":"SearchAction","target":{"@type":"EntryPoint","urlTemplate":"https:\/\/dana.com.br\/canaldana\/?s={search_term_string}"},"query-input":{"@type":"PropertyValueSpecification","valueRequired":true,"valueName":"search_term_string"}}],"inLanguage":"pt-BR"},{"@type":"Person","@id":"https:\/\/dana.com.br\/canaldana\/#\/schema\/person\/3c21f22f56fcf3bc46b94bc60ea4fef6","name":"Canal Dana","image":{"@type":"ImageObject","inLanguage":"pt-BR","@id":"https:\/\/secure.gravatar.com\/avatar\/420aaf9278582877d9018637c6817617705899d2858d7572ef0fe59a6b6454b4?s=96&d=mm&r=g","url":"https:\/\/secure.gravatar.com\/avatar\/420aaf9278582877d9018637c6817617705899d2858d7572ef0fe59a6b6454b4?s=96&d=mm&r=g","contentUrl":"https:\/\/secure.gravatar.com\/avatar\/420aaf9278582877d9018637c6817617705899d2858d7572ef0fe59a6b6454b4?s=96&d=mm&r=g","caption":"Canal Dana"},"url":"https:\/\/dana.com.br\/canaldana\/author\/cdeditor\/"}]}},"_links":{"self":[{"href":"https:\/\/dana.com.br\/canaldana\/wp-json\/wp\/v2\/posts\/29005","targetHints":{"allow":["GET"]}}],"collection":[{"href":"https:\/\/dana.com.br\/canaldana\/wp-json\/wp\/v2\/posts"}],"about":[{"href":"https:\/\/dana.com.br\/canaldana\/wp-json\/wp\/v2\/types\/post"}],"author":[{"embeddable":true,"href":"https:\/\/dana.com.br\/canaldana\/wp-json\/wp\/v2\/users\/3"}],"replies":[{"embeddable":true,"href":"https:\/\/dana.com.br\/canaldana\/wp-json\/wp\/v2\/comments?post=29005"}],"version-history":[{"count":0,"href":"https:\/\/dana.com.br\/canaldana\/wp-json\/wp\/v2\/posts\/29005\/revisions"}],"wp:attachment":[{"href":"https:\/\/dana.com.br\/canaldana\/wp-json\/wp\/v2\/media?parent=29005"}],"wp:term":[{"taxonomy":"category","embeddable":true,"href":"https:\/\/dana.com.br\/canaldana\/wp-json\/wp\/v2\/categories?post=29005"},{"taxonomy":"post_tag","embeddable":true,"href":"https:\/\/dana.com.br\/canaldana\/wp-json\/wp\/v2\/tags?post=29005"}],"curies":[{"name":"wp","href":"https:\/\/api.w.org\/{rel}","templated":true}]}}