{"id":28622,"date":"2018-08-16T09:52:42","date_gmt":"2018-08-16T12:52:42","guid":{"rendered":"https:\/\/dana.com.br\/canaldana\/?p=28622"},"modified":"2018-08-16T09:52:42","modified_gmt":"2018-08-16T12:52:42","slug":"linhares-tera-montadora-de-automoveis","status":"publish","type":"post","link":"https:\/\/dana.com.br\/canaldana\/2018\/08\/16\/linhares-tera-montadora-de-automoveis\/","title":{"rendered":"Linhares ter\u00e1 montadora de autom\u00f3veis"},"content":{"rendered":"<p><em>Metro Brazil<\/em><\/p>\n<p>&nbsp;<\/p>\n<p>Ap\u00f3s fechar parceria com o Grupo PSA, que det\u00e9m as marcas Peugeot e Citro\u00ebn, o presidente da empresa Ebercon, Eduardo Eberhardt, confirmou que a montadora de ve\u00edculos esportivos da marca D2D Motors vir\u00e1 para Linhares, no Norte do Esp\u00edrito Santo. As opera\u00e7\u00f5es ter\u00e3o in\u00edcio no ano que vem, em um galp\u00e3o de 5 mil metros quadrados no munic\u00edpio.<\/p>\n<p>&nbsp;<\/p>\n<p>O projeto da montadora exigir\u00e1 investimentos de aproximadamente R$ 30 milh\u00f5es em sua primeira fase.<\/p>\n<p>&nbsp;<\/p>\n<p>A capacidade m\u00e1xima instalada da unidade capixaba ser\u00e1 de 300 ve\u00edculos produzidos por m\u00eas e a opera\u00e7\u00e3o deve gerar cerca de 60 empregos diretos.<\/p>\n<p>&nbsp;<\/p>\n<p>Inicialmente, a nova marca de autom\u00f3vel ir\u00e1 fabricar um modelo convers\u00edvel compacto (novo no Brasil), em releitura do antigo \u201cbuggy\u201d, j\u00e1 batizado de SKY. Um prot\u00f3tipo foi apresentado no Sal\u00e3o Internacional do Autom\u00f3vel de S\u00e3o Paulo, em 2016. As francesas Peugeot e Citro\u00ebn devem fornecer os motores e as pe\u00e7as para montagem dos autom\u00f3veis. (Metro Brazil)<\/p>\n","protected":false},"excerpt":{"rendered":"<p>Metro Brazil &nbsp; Ap\u00f3s fechar parceria com o Grupo PSA, que det\u00e9m as marcas Peugeot e Citro\u00ebn, o presidente da empresa Ebercon, Eduardo Eberhardt, confirmou que a montadora de ve\u00edculos esportivos da marca D2D Motors vir\u00e1 para Linhares, no Norte do Esp\u00edrito Santo. As opera\u00e7\u00f5es ter\u00e3o in\u00edcio no ano que vem, em um galp\u00e3o de\u2026 <a class=\"readmore\" href=\"https:\/\/dana.com.br\/canaldana\/2018\/08\/16\/linhares-tera-montadora-de-automoveis\/\">Leia mais \u00bb<\/a><\/p>\n","protected":false},"author":3,"featured_media":0,"comment_status":"closed","ping_status":"closed","sticky":false,"template":"","format":"standard","meta":{"_acf_changed":false,"footnotes":""},"categories":[61],"tags":[],"class_list":["post-28622","post","type-post","status-publish","format-standard","hentry","category-destaques"],"acf":[],"yoast_head":"<!-- This site is optimized with the Yoast SEO plugin v27.3 - https:\/\/yoast.com\/product\/yoast-seo-wordpress\/ -->\n<title>Linhares ter\u00e1 montadora de autom\u00f3veis - Canal Dana<\/title>\n<meta name=\"robots\" content=\"index, follow, max-snippet:-1, max-image-preview:large, max-video-preview:-1\" \/>\n<link rel=\"canonical\" href=\"https:\/\/dana.com.br\/canaldana\/2018\/08\/16\/linhares-tera-montadora-de-automoveis\/\" \/>\n<meta property=\"og:locale\" content=\"pt_BR\" \/>\n<meta property=\"og:type\" content=\"article\" \/>\n<meta property=\"og:title\" content=\"Linhares ter\u00e1 montadora de autom\u00f3veis - Canal Dana\" \/>\n<meta property=\"og:description\" content=\"Metro Brazil &nbsp; Ap\u00f3s fechar parceria com o Grupo PSA, que det\u00e9m as marcas Peugeot e Citro\u00ebn, o presidente da empresa Ebercon, Eduardo Eberhardt, confirmou que a montadora de ve\u00edculos esportivos da marca D2D Motors vir\u00e1 para Linhares, no Norte do Esp\u00edrito Santo. As opera\u00e7\u00f5es ter\u00e3o in\u00edcio no ano que vem, em um galp\u00e3o de\u2026 Leia mais \u00bb\" \/>\n<meta property=\"og:url\" content=\"https:\/\/dana.com.br\/canaldana\/2018\/08\/16\/linhares-tera-montadora-de-automoveis\/\" \/>\n<meta property=\"og:site_name\" content=\"Canal Dana\" \/>\n<meta property=\"article:published_time\" content=\"2018-08-16T12:52:42+00:00\" \/>\n<meta name=\"author\" content=\"Canal Dana\" \/>\n<meta name=\"twitter:card\" content=\"summary_large_image\" \/>\n<meta name=\"twitter:label1\" content=\"Escrito por\" \/>\n\t<meta name=\"twitter:data1\" content=\"Canal Dana\" \/>\n\t<meta name=\"twitter:label2\" content=\"Est. tempo de leitura\" \/>\n\t<meta name=\"twitter:data2\" content=\"1 minuto\" \/>\n<script type=\"application\/ld+json\" class=\"yoast-schema-graph\">{\"@context\":\"https:\\\/\\\/schema.org\",\"@graph\":[{\"@type\":\"Article\",\"@id\":\"https:\\\/\\\/dana.com.br\\\/canaldana\\\/2018\\\/08\\\/16\\\/linhares-tera-montadora-de-automoveis\\\/#article\",\"isPartOf\":{\"@id\":\"https:\\\/\\\/dana.com.br\\\/canaldana\\\/2018\\\/08\\\/16\\\/linhares-tera-montadora-de-automoveis\\\/\"},\"author\":{\"name\":\"Canal Dana\",\"@id\":\"https:\\\/\\\/dana.com.br\\\/canaldana\\\/#\\\/schema\\\/person\\\/3c21f22f56fcf3bc46b94bc60ea4fef6\"},\"headline\":\"Linhares ter\u00e1 montadora de autom\u00f3veis\",\"datePublished\":\"2018-08-16T12:52:42+00:00\",\"mainEntityOfPage\":{\"@id\":\"https:\\\/\\\/dana.com.br\\\/canaldana\\\/2018\\\/08\\\/16\\\/linhares-tera-montadora-de-automoveis\\\/\"},\"wordCount\":185,\"articleSection\":[\"Destaques\"],\"inLanguage\":\"pt-BR\"},{\"@type\":\"WebPage\",\"@id\":\"https:\\\/\\\/dana.com.br\\\/canaldana\\\/2018\\\/08\\\/16\\\/linhares-tera-montadora-de-automoveis\\\/\",\"url\":\"https:\\\/\\\/dana.com.br\\\/canaldana\\\/2018\\\/08\\\/16\\\/linhares-tera-montadora-de-automoveis\\\/\",\"name\":\"Linhares ter\u00e1 montadora de autom\u00f3veis - Canal Dana\",\"isPartOf\":{\"@id\":\"https:\\\/\\\/dana.com.br\\\/canaldana\\\/#website\"},\"datePublished\":\"2018-08-16T12:52:42+00:00\",\"author\":{\"@id\":\"https:\\\/\\\/dana.com.br\\\/canaldana\\\/#\\\/schema\\\/person\\\/3c21f22f56fcf3bc46b94bc60ea4fef6\"},\"breadcrumb\":{\"@id\":\"https:\\\/\\\/dana.com.br\\\/canaldana\\\/2018\\\/08\\\/16\\\/linhares-tera-montadora-de-automoveis\\\/#breadcrumb\"},\"inLanguage\":\"pt-BR\",\"potentialAction\":[{\"@type\":\"ReadAction\",\"target\":[\"https:\\\/\\\/dana.com.br\\\/canaldana\\\/2018\\\/08\\\/16\\\/linhares-tera-montadora-de-automoveis\\\/\"]}]},{\"@type\":\"BreadcrumbList\",\"@id\":\"https:\\\/\\\/dana.com.br\\\/canaldana\\\/2018\\\/08\\\/16\\\/linhares-tera-montadora-de-automoveis\\\/#breadcrumb\",\"itemListElement\":[{\"@type\":\"ListItem\",\"position\":1,\"name\":\"Home\",\"item\":\"https:\\\/\\\/dana.com.br\\\/canaldana\\\/\"},{\"@type\":\"ListItem\",\"position\":2,\"name\":\"Destaques\",\"item\":\"https:\\\/\\\/dana.com.br\\\/canaldana\\\/destaques\\\/\"},{\"@type\":\"ListItem\",\"position\":3,\"name\":\"Linhares ter\u00e1 montadora de autom\u00f3veis\"}]},{\"@type\":\"WebSite\",\"@id\":\"https:\\\/\\\/dana.com.br\\\/canaldana\\\/#website\",\"url\":\"https:\\\/\\\/dana.com.br\\\/canaldana\\\/\",\"name\":\"Canal Dana\",\"description\":\"Informativo com as principais not\u00edcias da ind\u00fastria automotiva\",\"potentialAction\":[{\"@type\":\"SearchAction\",\"target\":{\"@type\":\"EntryPoint\",\"urlTemplate\":\"https:\\\/\\\/dana.com.br\\\/canaldana\\\/?s={search_term_string}\"},\"query-input\":{\"@type\":\"PropertyValueSpecification\",\"valueRequired\":true,\"valueName\":\"search_term_string\"}}],\"inLanguage\":\"pt-BR\"},{\"@type\":\"Person\",\"@id\":\"https:\\\/\\\/dana.com.br\\\/canaldana\\\/#\\\/schema\\\/person\\\/3c21f22f56fcf3bc46b94bc60ea4fef6\",\"name\":\"Canal Dana\",\"image\":{\"@type\":\"ImageObject\",\"inLanguage\":\"pt-BR\",\"@id\":\"https:\\\/\\\/secure.gravatar.com\\\/avatar\\\/420aaf9278582877d9018637c6817617705899d2858d7572ef0fe59a6b6454b4?s=96&d=mm&r=g\",\"url\":\"https:\\\/\\\/secure.gravatar.com\\\/avatar\\\/420aaf9278582877d9018637c6817617705899d2858d7572ef0fe59a6b6454b4?s=96&d=mm&r=g\",\"contentUrl\":\"https:\\\/\\\/secure.gravatar.com\\\/avatar\\\/420aaf9278582877d9018637c6817617705899d2858d7572ef0fe59a6b6454b4?s=96&d=mm&r=g\",\"caption\":\"Canal Dana\"},\"url\":\"https:\\\/\\\/dana.com.br\\\/canaldana\\\/author\\\/cdeditor\\\/\"}]}<\/script>\n<!-- \/ Yoast SEO plugin. -->","yoast_head_json":{"title":"Linhares ter\u00e1 montadora de autom\u00f3veis - Canal Dana","robots":{"index":"index","follow":"follow","max-snippet":"max-snippet:-1","max-image-preview":"max-image-preview:large","max-video-preview":"max-video-preview:-1"},"canonical":"https:\/\/dana.com.br\/canaldana\/2018\/08\/16\/linhares-tera-montadora-de-automoveis\/","og_locale":"pt_BR","og_type":"article","og_title":"Linhares ter\u00e1 montadora de autom\u00f3veis - Canal Dana","og_description":"Metro Brazil &nbsp; Ap\u00f3s fechar parceria com o Grupo PSA, que det\u00e9m as marcas Peugeot e Citro\u00ebn, o presidente da empresa Ebercon, Eduardo Eberhardt, confirmou que a montadora de ve\u00edculos esportivos da marca D2D Motors vir\u00e1 para Linhares, no Norte do Esp\u00edrito Santo. As opera\u00e7\u00f5es ter\u00e3o in\u00edcio no ano que vem, em um galp\u00e3o de\u2026 Leia mais \u00bb","og_url":"https:\/\/dana.com.br\/canaldana\/2018\/08\/16\/linhares-tera-montadora-de-automoveis\/","og_site_name":"Canal Dana","article_published_time":"2018-08-16T12:52:42+00:00","author":"Canal Dana","twitter_card":"summary_large_image","twitter_misc":{"Escrito por":"Canal Dana","Est. tempo de leitura":"1 minuto"},"schema":{"@context":"https:\/\/schema.org","@graph":[{"@type":"Article","@id":"https:\/\/dana.com.br\/canaldana\/2018\/08\/16\/linhares-tera-montadora-de-automoveis\/#article","isPartOf":{"@id":"https:\/\/dana.com.br\/canaldana\/2018\/08\/16\/linhares-tera-montadora-de-automoveis\/"},"author":{"name":"Canal Dana","@id":"https:\/\/dana.com.br\/canaldana\/#\/schema\/person\/3c21f22f56fcf3bc46b94bc60ea4fef6"},"headline":"Linhares ter\u00e1 montadora de autom\u00f3veis","datePublished":"2018-08-16T12:52:42+00:00","mainEntityOfPage":{"@id":"https:\/\/dana.com.br\/canaldana\/2018\/08\/16\/linhares-tera-montadora-de-automoveis\/"},"wordCount":185,"articleSection":["Destaques"],"inLanguage":"pt-BR"},{"@type":"WebPage","@id":"https:\/\/dana.com.br\/canaldana\/2018\/08\/16\/linhares-tera-montadora-de-automoveis\/","url":"https:\/\/dana.com.br\/canaldana\/2018\/08\/16\/linhares-tera-montadora-de-automoveis\/","name":"Linhares ter\u00e1 montadora de autom\u00f3veis - Canal Dana","isPartOf":{"@id":"https:\/\/dana.com.br\/canaldana\/#website"},"datePublished":"2018-08-16T12:52:42+00:00","author":{"@id":"https:\/\/dana.com.br\/canaldana\/#\/schema\/person\/3c21f22f56fcf3bc46b94bc60ea4fef6"},"breadcrumb":{"@id":"https:\/\/dana.com.br\/canaldana\/2018\/08\/16\/linhares-tera-montadora-de-automoveis\/#breadcrumb"},"inLanguage":"pt-BR","potentialAction":[{"@type":"ReadAction","target":["https:\/\/dana.com.br\/canaldana\/2018\/08\/16\/linhares-tera-montadora-de-automoveis\/"]}]},{"@type":"BreadcrumbList","@id":"https:\/\/dana.com.br\/canaldana\/2018\/08\/16\/linhares-tera-montadora-de-automoveis\/#breadcrumb","itemListElement":[{"@type":"ListItem","position":1,"name":"Home","item":"https:\/\/dana.com.br\/canaldana\/"},{"@type":"ListItem","position":2,"name":"Destaques","item":"https:\/\/dana.com.br\/canaldana\/destaques\/"},{"@type":"ListItem","position":3,"name":"Linhares ter\u00e1 montadora de autom\u00f3veis"}]},{"@type":"WebSite","@id":"https:\/\/dana.com.br\/canaldana\/#website","url":"https:\/\/dana.com.br\/canaldana\/","name":"Canal Dana","description":"Informativo com as principais not\u00edcias da ind\u00fastria automotiva","potentialAction":[{"@type":"SearchAction","target":{"@type":"EntryPoint","urlTemplate":"https:\/\/dana.com.br\/canaldana\/?s={search_term_string}"},"query-input":{"@type":"PropertyValueSpecification","valueRequired":true,"valueName":"search_term_string"}}],"inLanguage":"pt-BR"},{"@type":"Person","@id":"https:\/\/dana.com.br\/canaldana\/#\/schema\/person\/3c21f22f56fcf3bc46b94bc60ea4fef6","name":"Canal Dana","image":{"@type":"ImageObject","inLanguage":"pt-BR","@id":"https:\/\/secure.gravatar.com\/avatar\/420aaf9278582877d9018637c6817617705899d2858d7572ef0fe59a6b6454b4?s=96&d=mm&r=g","url":"https:\/\/secure.gravatar.com\/avatar\/420aaf9278582877d9018637c6817617705899d2858d7572ef0fe59a6b6454b4?s=96&d=mm&r=g","contentUrl":"https:\/\/secure.gravatar.com\/avatar\/420aaf9278582877d9018637c6817617705899d2858d7572ef0fe59a6b6454b4?s=96&d=mm&r=g","caption":"Canal Dana"},"url":"https:\/\/dana.com.br\/canaldana\/author\/cdeditor\/"}]}},"_links":{"self":[{"href":"https:\/\/dana.com.br\/canaldana\/wp-json\/wp\/v2\/posts\/28622","targetHints":{"allow":["GET"]}}],"collection":[{"href":"https:\/\/dana.com.br\/canaldana\/wp-json\/wp\/v2\/posts"}],"about":[{"href":"https:\/\/dana.com.br\/canaldana\/wp-json\/wp\/v2\/types\/post"}],"author":[{"embeddable":true,"href":"https:\/\/dana.com.br\/canaldana\/wp-json\/wp\/v2\/users\/3"}],"replies":[{"embeddable":true,"href":"https:\/\/dana.com.br\/canaldana\/wp-json\/wp\/v2\/comments?post=28622"}],"version-history":[{"count":0,"href":"https:\/\/dana.com.br\/canaldana\/wp-json\/wp\/v2\/posts\/28622\/revisions"}],"wp:attachment":[{"href":"https:\/\/dana.com.br\/canaldana\/wp-json\/wp\/v2\/media?parent=28622"}],"wp:term":[{"taxonomy":"category","embeddable":true,"href":"https:\/\/dana.com.br\/canaldana\/wp-json\/wp\/v2\/categories?post=28622"},{"taxonomy":"post_tag","embeddable":true,"href":"https:\/\/dana.com.br\/canaldana\/wp-json\/wp\/v2\/tags?post=28622"}],"curies":[{"name":"wp","href":"https:\/\/api.w.org\/{rel}","templated":true}]}}