{"id":28376,"date":"2018-08-06T09:01:54","date_gmt":"2018-08-06T12:01:54","guid":{"rendered":"https:\/\/dana.com.br\/canaldana\/?p=28376"},"modified":"2018-08-06T09:01:54","modified_gmt":"2018-08-06T12:01:54","slug":"vem-ai-a-nova-geracao-de-caminhoes-scania","status":"publish","type":"post","link":"https:\/\/dana.com.br\/canaldana\/2018\/08\/06\/vem-ai-a-nova-geracao-de-caminhoes-scania\/","title":{"rendered":"Vem a\u00ed a nova gera\u00e7\u00e3o de caminh\u00f5es Scania"},"content":{"rendered":"<p><em>Estrad\u00e3o<\/em><\/p>\n<p>&nbsp;<\/p>\n<p>A Scania anunciou a chegada de sua nova gera\u00e7\u00e3o de caminh\u00f5es, linha que tamb\u00e9m marca uma nova postura da empresa junto ao transportador. As encomendas come\u00e7am a ser aceitas na \u00faltima semana de outubro e entram em produ\u00e7\u00e3o na f\u00e1brica de S\u00e3o Bernardo do Campo (SP), em fevereiro. A gama enterra o conceito de modelo em s\u00e9rie, para entregar solu\u00e7\u00f5es especificas a cada aplica\u00e7\u00e3o.<\/p>\n<p>&nbsp;<\/p>\n<p>\u201cN\u00e3o se trata s\u00f3 do caminh\u00e3o, mas de um conjunto de componentes necess\u00e1rios para o que o transportador consiga o m\u00e1ximo de rentabilidade\u201d, resume Celso Mendon\u00e7a, gerente de desenvolvimento de neg\u00f3cio da Scania. \u201cCom acesso ao portf\u00f3lio global, as possibilidades aumentam. O foco agora \u00e9 na aplica\u00e7\u00e3o do cliente.\u201d<\/p>\n<p>&nbsp;<\/p>\n<p>Atual gama com as cabines ser\u00e3o descontinuadas para dar lugar \u00e0s novas P, G, R, S e XT, das quais as duas \u00faltimas nomenclaturas s\u00e3o completas novidades ao mercado brasileiro. A S, com 2,07 metros, \u00e9 a maior da linha e dotada de piso baixo e, a XT, desenvolvida para as aplica\u00e7\u00f5es severas. Das sete possibilidades de varia\u00e7\u00f5es de cabines que a linha de hoje permite saltar\u00e1 para 19 com a nova gera\u00e7\u00e3o, a partir de diferentes alturas de teto e piso. As cabines s\u00e3o inteiramente novas por dentro e por fora, sem compartilhar qualquer componente com as P, G e R de hoje.<\/p>\n<p>&nbsp;<\/p>\n<p>No chassi, concebido a partir de novos materiais, o eixo dianteiro foi reposicionado 50 mm adiante, al\u00e9m do ber\u00e7o do motor ter sido rebaixado. O rearranjo proporcionou melhorias na frenagem e tornou o conjunto mais est\u00e1vel. A nova gera\u00e7\u00e3o ampliar\u00e1 tamb\u00e9m as possiblidades de configura\u00e7\u00e3o de rodas, das atuais sete para 14, do convencional 4\u00d72 ao 10\u00d76. Tamb\u00e9m para o entre-eixos o cliente ter\u00e1 \u00e0 disposi\u00e7\u00e3o at\u00e9 26 medidas contra as cinco de hoje.<\/p>\n<p>&nbsp;<\/p>\n<p>As op\u00e7\u00f5es de motores tamb\u00e9m ganham incremento com a nova linha. Passar\u00e3o a fazer do card\u00e1pio, quatro blocos, de 7, 9, 11 e 13 litros, com 11 pot\u00eancias, de 220 cv a 620 cv, dentre os quais a fabricante introduz um de 540 cv, uma novidade para o mercado transportador.<\/p>\n<p>&nbsp;<\/p>\n<p>Com o compromisso de liderar a transforma\u00e7\u00e3o em busca de um sistema de transporte sustent\u00e1vel, a Scania passar a oferecer na nova gama motores movidos a bioetanol com 280 cv, 400 cv e a biometano, com 280 cv, 310 cv ou 410 cv.<\/p>\n<p>&nbsp;<\/p>\n<p>\u201c\u00c9 uma nova jornada que se inicia na companhia\u201d, adianta Christopher Podgorski, presidente da Scania na Am\u00e9rica Latina. \u201cN\u00e3o h\u00e1 d\u00favidas de que a eletrifica\u00e7\u00e3o e a automatiza\u00e7\u00e3o chegar\u00e3o aos caminh\u00f5es. A nova gera\u00e7\u00e3o \u00e9 plataforma pronta para receber novas tecnologias. Mas a descarboniza\u00e7\u00e3o no transporte j\u00e1 \u00e9 uma realidade e os combust\u00edveis alternativos representam um caminho para acelerar o processo.\u201d<\/p>\n<p>&nbsp;<\/p>\n<p>Segundo a Scania, o conjunto de componentes oferecido pela nova linha de ve\u00edculos, proporciona at\u00e9 12% de economia de combust\u00edvel, considerando os aperfei\u00e7oamentos na aerodin\u00e2mica da cabine, desenvolvida em parceria com a Porsche, e na tecnologia XPI do motor, no qual foram alterados blocos, c\u00e2mara de combust\u00e3o e sistema de inje\u00e7\u00e3o, entregando consumo de combust\u00edvel 2% menor na compara\u00e7\u00e3o com a gera\u00e7\u00e3o atual.<\/p>\n<p>&nbsp;<\/p>\n<p>A nova gera\u00e7\u00e3o de caminh\u00f5es da Scania chega por aqui dois anos depois de ter sido lan\u00e7ada na Europa, em 2016. Seu desenvolvimento demandou um dos maiores investimentos em produto j\u00e1 feito pela companhia, de \u20ac 2 milh\u00f5es. (Estrad\u00e3o)<\/p>\n","protected":false},"excerpt":{"rendered":"<p>Estrad\u00e3o &nbsp; A Scania anunciou a chegada de sua nova gera\u00e7\u00e3o de caminh\u00f5es, linha que tamb\u00e9m marca uma nova postura da empresa junto ao transportador. As encomendas come\u00e7am a ser aceitas na \u00faltima semana de outubro e entram em produ\u00e7\u00e3o na f\u00e1brica de S\u00e3o Bernardo do Campo (SP), em fevereiro. A gama enterra o conceito\u2026 <a class=\"readmore\" href=\"https:\/\/dana.com.br\/canaldana\/2018\/08\/06\/vem-ai-a-nova-geracao-de-caminhoes-scania\/\">Leia mais \u00bb<\/a><\/p>\n","protected":false},"author":3,"featured_media":0,"comment_status":"closed","ping_status":"closed","sticky":false,"template":"","format":"standard","meta":{"_acf_changed":false,"footnotes":""},"categories":[61],"tags":[],"class_list":["post-28376","post","type-post","status-publish","format-standard","hentry","category-destaques"],"acf":[],"yoast_head":"<!-- This site is optimized with the Yoast SEO plugin v27.3 - https:\/\/yoast.com\/product\/yoast-seo-wordpress\/ -->\n<title>Vem a\u00ed a nova gera\u00e7\u00e3o de caminh\u00f5es Scania - Canal Dana<\/title>\n<meta name=\"robots\" content=\"index, follow, max-snippet:-1, max-image-preview:large, max-video-preview:-1\" \/>\n<link rel=\"canonical\" href=\"https:\/\/dana.com.br\/canaldana\/2018\/08\/06\/vem-ai-a-nova-geracao-de-caminhoes-scania\/\" \/>\n<meta property=\"og:locale\" content=\"pt_BR\" \/>\n<meta property=\"og:type\" content=\"article\" \/>\n<meta property=\"og:title\" content=\"Vem a\u00ed a nova gera\u00e7\u00e3o de caminh\u00f5es Scania - Canal Dana\" \/>\n<meta property=\"og:description\" content=\"Estrad\u00e3o &nbsp; A Scania anunciou a chegada de sua nova gera\u00e7\u00e3o de caminh\u00f5es, linha que tamb\u00e9m marca uma nova postura da empresa junto ao transportador. As encomendas come\u00e7am a ser aceitas na \u00faltima semana de outubro e entram em produ\u00e7\u00e3o na f\u00e1brica de S\u00e3o Bernardo do Campo (SP), em fevereiro. A gama enterra o conceito\u2026 Leia mais \u00bb\" \/>\n<meta property=\"og:url\" content=\"https:\/\/dana.com.br\/canaldana\/2018\/08\/06\/vem-ai-a-nova-geracao-de-caminhoes-scania\/\" \/>\n<meta property=\"og:site_name\" content=\"Canal Dana\" \/>\n<meta property=\"article:published_time\" content=\"2018-08-06T12:01:54+00:00\" \/>\n<meta name=\"author\" content=\"Canal Dana\" \/>\n<meta name=\"twitter:card\" content=\"summary_large_image\" \/>\n<meta name=\"twitter:label1\" content=\"Escrito por\" \/>\n\t<meta name=\"twitter:data1\" content=\"Canal Dana\" \/>\n\t<meta name=\"twitter:label2\" content=\"Est. tempo de leitura\" \/>\n\t<meta name=\"twitter:data2\" content=\"3 minutos\" \/>\n<script type=\"application\/ld+json\" class=\"yoast-schema-graph\">{\"@context\":\"https:\\\/\\\/schema.org\",\"@graph\":[{\"@type\":\"Article\",\"@id\":\"https:\\\/\\\/dana.com.br\\\/canaldana\\\/2018\\\/08\\\/06\\\/vem-ai-a-nova-geracao-de-caminhoes-scania\\\/#article\",\"isPartOf\":{\"@id\":\"https:\\\/\\\/dana.com.br\\\/canaldana\\\/2018\\\/08\\\/06\\\/vem-ai-a-nova-geracao-de-caminhoes-scania\\\/\"},\"author\":{\"name\":\"Canal Dana\",\"@id\":\"https:\\\/\\\/dana.com.br\\\/canaldana\\\/#\\\/schema\\\/person\\\/3c21f22f56fcf3bc46b94bc60ea4fef6\"},\"headline\":\"Vem a\u00ed a nova gera\u00e7\u00e3o de caminh\u00f5es Scania\",\"datePublished\":\"2018-08-06T12:01:54+00:00\",\"mainEntityOfPage\":{\"@id\":\"https:\\\/\\\/dana.com.br\\\/canaldana\\\/2018\\\/08\\\/06\\\/vem-ai-a-nova-geracao-de-caminhoes-scania\\\/\"},\"wordCount\":601,\"articleSection\":[\"Destaques\"],\"inLanguage\":\"pt-BR\"},{\"@type\":\"WebPage\",\"@id\":\"https:\\\/\\\/dana.com.br\\\/canaldana\\\/2018\\\/08\\\/06\\\/vem-ai-a-nova-geracao-de-caminhoes-scania\\\/\",\"url\":\"https:\\\/\\\/dana.com.br\\\/canaldana\\\/2018\\\/08\\\/06\\\/vem-ai-a-nova-geracao-de-caminhoes-scania\\\/\",\"name\":\"Vem a\u00ed a nova gera\u00e7\u00e3o de caminh\u00f5es Scania - Canal Dana\",\"isPartOf\":{\"@id\":\"https:\\\/\\\/dana.com.br\\\/canaldana\\\/#website\"},\"datePublished\":\"2018-08-06T12:01:54+00:00\",\"author\":{\"@id\":\"https:\\\/\\\/dana.com.br\\\/canaldana\\\/#\\\/schema\\\/person\\\/3c21f22f56fcf3bc46b94bc60ea4fef6\"},\"breadcrumb\":{\"@id\":\"https:\\\/\\\/dana.com.br\\\/canaldana\\\/2018\\\/08\\\/06\\\/vem-ai-a-nova-geracao-de-caminhoes-scania\\\/#breadcrumb\"},\"inLanguage\":\"pt-BR\",\"potentialAction\":[{\"@type\":\"ReadAction\",\"target\":[\"https:\\\/\\\/dana.com.br\\\/canaldana\\\/2018\\\/08\\\/06\\\/vem-ai-a-nova-geracao-de-caminhoes-scania\\\/\"]}]},{\"@type\":\"BreadcrumbList\",\"@id\":\"https:\\\/\\\/dana.com.br\\\/canaldana\\\/2018\\\/08\\\/06\\\/vem-ai-a-nova-geracao-de-caminhoes-scania\\\/#breadcrumb\",\"itemListElement\":[{\"@type\":\"ListItem\",\"position\":1,\"name\":\"Home\",\"item\":\"https:\\\/\\\/dana.com.br\\\/canaldana\\\/\"},{\"@type\":\"ListItem\",\"position\":2,\"name\":\"Destaques\",\"item\":\"https:\\\/\\\/dana.com.br\\\/canaldana\\\/destaques\\\/\"},{\"@type\":\"ListItem\",\"position\":3,\"name\":\"Vem a\u00ed a nova gera\u00e7\u00e3o de caminh\u00f5es Scania\"}]},{\"@type\":\"WebSite\",\"@id\":\"https:\\\/\\\/dana.com.br\\\/canaldana\\\/#website\",\"url\":\"https:\\\/\\\/dana.com.br\\\/canaldana\\\/\",\"name\":\"Canal Dana\",\"description\":\"Informativo com as principais not\u00edcias da ind\u00fastria automotiva\",\"potentialAction\":[{\"@type\":\"SearchAction\",\"target\":{\"@type\":\"EntryPoint\",\"urlTemplate\":\"https:\\\/\\\/dana.com.br\\\/canaldana\\\/?s={search_term_string}\"},\"query-input\":{\"@type\":\"PropertyValueSpecification\",\"valueRequired\":true,\"valueName\":\"search_term_string\"}}],\"inLanguage\":\"pt-BR\"},{\"@type\":\"Person\",\"@id\":\"https:\\\/\\\/dana.com.br\\\/canaldana\\\/#\\\/schema\\\/person\\\/3c21f22f56fcf3bc46b94bc60ea4fef6\",\"name\":\"Canal Dana\",\"image\":{\"@type\":\"ImageObject\",\"inLanguage\":\"pt-BR\",\"@id\":\"https:\\\/\\\/secure.gravatar.com\\\/avatar\\\/420aaf9278582877d9018637c6817617705899d2858d7572ef0fe59a6b6454b4?s=96&d=mm&r=g\",\"url\":\"https:\\\/\\\/secure.gravatar.com\\\/avatar\\\/420aaf9278582877d9018637c6817617705899d2858d7572ef0fe59a6b6454b4?s=96&d=mm&r=g\",\"contentUrl\":\"https:\\\/\\\/secure.gravatar.com\\\/avatar\\\/420aaf9278582877d9018637c6817617705899d2858d7572ef0fe59a6b6454b4?s=96&d=mm&r=g\",\"caption\":\"Canal Dana\"},\"url\":\"https:\\\/\\\/dana.com.br\\\/canaldana\\\/author\\\/cdeditor\\\/\"}]}<\/script>\n<!-- \/ Yoast SEO plugin. -->","yoast_head_json":{"title":"Vem a\u00ed a nova gera\u00e7\u00e3o de caminh\u00f5es Scania - Canal Dana","robots":{"index":"index","follow":"follow","max-snippet":"max-snippet:-1","max-image-preview":"max-image-preview:large","max-video-preview":"max-video-preview:-1"},"canonical":"https:\/\/dana.com.br\/canaldana\/2018\/08\/06\/vem-ai-a-nova-geracao-de-caminhoes-scania\/","og_locale":"pt_BR","og_type":"article","og_title":"Vem a\u00ed a nova gera\u00e7\u00e3o de caminh\u00f5es Scania - Canal Dana","og_description":"Estrad\u00e3o &nbsp; A Scania anunciou a chegada de sua nova gera\u00e7\u00e3o de caminh\u00f5es, linha que tamb\u00e9m marca uma nova postura da empresa junto ao transportador. As encomendas come\u00e7am a ser aceitas na \u00faltima semana de outubro e entram em produ\u00e7\u00e3o na f\u00e1brica de S\u00e3o Bernardo do Campo (SP), em fevereiro. A gama enterra o conceito\u2026 Leia mais \u00bb","og_url":"https:\/\/dana.com.br\/canaldana\/2018\/08\/06\/vem-ai-a-nova-geracao-de-caminhoes-scania\/","og_site_name":"Canal Dana","article_published_time":"2018-08-06T12:01:54+00:00","author":"Canal Dana","twitter_card":"summary_large_image","twitter_misc":{"Escrito por":"Canal Dana","Est. tempo de leitura":"3 minutos"},"schema":{"@context":"https:\/\/schema.org","@graph":[{"@type":"Article","@id":"https:\/\/dana.com.br\/canaldana\/2018\/08\/06\/vem-ai-a-nova-geracao-de-caminhoes-scania\/#article","isPartOf":{"@id":"https:\/\/dana.com.br\/canaldana\/2018\/08\/06\/vem-ai-a-nova-geracao-de-caminhoes-scania\/"},"author":{"name":"Canal Dana","@id":"https:\/\/dana.com.br\/canaldana\/#\/schema\/person\/3c21f22f56fcf3bc46b94bc60ea4fef6"},"headline":"Vem a\u00ed a nova gera\u00e7\u00e3o de caminh\u00f5es Scania","datePublished":"2018-08-06T12:01:54+00:00","mainEntityOfPage":{"@id":"https:\/\/dana.com.br\/canaldana\/2018\/08\/06\/vem-ai-a-nova-geracao-de-caminhoes-scania\/"},"wordCount":601,"articleSection":["Destaques"],"inLanguage":"pt-BR"},{"@type":"WebPage","@id":"https:\/\/dana.com.br\/canaldana\/2018\/08\/06\/vem-ai-a-nova-geracao-de-caminhoes-scania\/","url":"https:\/\/dana.com.br\/canaldana\/2018\/08\/06\/vem-ai-a-nova-geracao-de-caminhoes-scania\/","name":"Vem a\u00ed a nova gera\u00e7\u00e3o de caminh\u00f5es Scania - Canal Dana","isPartOf":{"@id":"https:\/\/dana.com.br\/canaldana\/#website"},"datePublished":"2018-08-06T12:01:54+00:00","author":{"@id":"https:\/\/dana.com.br\/canaldana\/#\/schema\/person\/3c21f22f56fcf3bc46b94bc60ea4fef6"},"breadcrumb":{"@id":"https:\/\/dana.com.br\/canaldana\/2018\/08\/06\/vem-ai-a-nova-geracao-de-caminhoes-scania\/#breadcrumb"},"inLanguage":"pt-BR","potentialAction":[{"@type":"ReadAction","target":["https:\/\/dana.com.br\/canaldana\/2018\/08\/06\/vem-ai-a-nova-geracao-de-caminhoes-scania\/"]}]},{"@type":"BreadcrumbList","@id":"https:\/\/dana.com.br\/canaldana\/2018\/08\/06\/vem-ai-a-nova-geracao-de-caminhoes-scania\/#breadcrumb","itemListElement":[{"@type":"ListItem","position":1,"name":"Home","item":"https:\/\/dana.com.br\/canaldana\/"},{"@type":"ListItem","position":2,"name":"Destaques","item":"https:\/\/dana.com.br\/canaldana\/destaques\/"},{"@type":"ListItem","position":3,"name":"Vem a\u00ed a nova gera\u00e7\u00e3o de caminh\u00f5es Scania"}]},{"@type":"WebSite","@id":"https:\/\/dana.com.br\/canaldana\/#website","url":"https:\/\/dana.com.br\/canaldana\/","name":"Canal Dana","description":"Informativo com as principais not\u00edcias da ind\u00fastria automotiva","potentialAction":[{"@type":"SearchAction","target":{"@type":"EntryPoint","urlTemplate":"https:\/\/dana.com.br\/canaldana\/?s={search_term_string}"},"query-input":{"@type":"PropertyValueSpecification","valueRequired":true,"valueName":"search_term_string"}}],"inLanguage":"pt-BR"},{"@type":"Person","@id":"https:\/\/dana.com.br\/canaldana\/#\/schema\/person\/3c21f22f56fcf3bc46b94bc60ea4fef6","name":"Canal Dana","image":{"@type":"ImageObject","inLanguage":"pt-BR","@id":"https:\/\/secure.gravatar.com\/avatar\/420aaf9278582877d9018637c6817617705899d2858d7572ef0fe59a6b6454b4?s=96&d=mm&r=g","url":"https:\/\/secure.gravatar.com\/avatar\/420aaf9278582877d9018637c6817617705899d2858d7572ef0fe59a6b6454b4?s=96&d=mm&r=g","contentUrl":"https:\/\/secure.gravatar.com\/avatar\/420aaf9278582877d9018637c6817617705899d2858d7572ef0fe59a6b6454b4?s=96&d=mm&r=g","caption":"Canal Dana"},"url":"https:\/\/dana.com.br\/canaldana\/author\/cdeditor\/"}]}},"_links":{"self":[{"href":"https:\/\/dana.com.br\/canaldana\/wp-json\/wp\/v2\/posts\/28376","targetHints":{"allow":["GET"]}}],"collection":[{"href":"https:\/\/dana.com.br\/canaldana\/wp-json\/wp\/v2\/posts"}],"about":[{"href":"https:\/\/dana.com.br\/canaldana\/wp-json\/wp\/v2\/types\/post"}],"author":[{"embeddable":true,"href":"https:\/\/dana.com.br\/canaldana\/wp-json\/wp\/v2\/users\/3"}],"replies":[{"embeddable":true,"href":"https:\/\/dana.com.br\/canaldana\/wp-json\/wp\/v2\/comments?post=28376"}],"version-history":[{"count":0,"href":"https:\/\/dana.com.br\/canaldana\/wp-json\/wp\/v2\/posts\/28376\/revisions"}],"wp:attachment":[{"href":"https:\/\/dana.com.br\/canaldana\/wp-json\/wp\/v2\/media?parent=28376"}],"wp:term":[{"taxonomy":"category","embeddable":true,"href":"https:\/\/dana.com.br\/canaldana\/wp-json\/wp\/v2\/categories?post=28376"},{"taxonomy":"post_tag","embeddable":true,"href":"https:\/\/dana.com.br\/canaldana\/wp-json\/wp\/v2\/tags?post=28376"}],"curies":[{"name":"wp","href":"https:\/\/api.w.org\/{rel}","templated":true}]}}