{"id":28350,"date":"2018-08-06T08:50:28","date_gmt":"2018-08-06T11:50:28","guid":{"rendered":"https:\/\/dana.com.br\/canaldana\/?p=28350"},"modified":"2018-08-06T08:50:28","modified_gmt":"2018-08-06T11:50:28","slug":"problema-na-suspensao-traseira-leva-fiat-a-convocar-recall-do-jeep-cherokee","status":"publish","type":"post","link":"https:\/\/dana.com.br\/canaldana\/2018\/08\/06\/problema-na-suspensao-traseira-leva-fiat-a-convocar-recall-do-jeep-cherokee\/","title":{"rendered":"Problema na suspens\u00e3o traseira leva Fiat a convocar recall do Jeep Cherokee"},"content":{"rendered":"<p><em>O Globo<\/em><\/p>\n<p>&nbsp;<\/p>\n<p>Um problema na suspens\u00e3o caseira levou a Fiat Chrysler Autom\u00f3veis Brasil Ltda. (FCA) a convocar mais um recall nesta sexta-feira. Desta vez, a campanha de seguran\u00e7a envolve ve\u00edculos do modelo Jeep Cherokee, anos\/modelos 2004 a 2007, com n\u00famero de chassis (6 \u00faltimos d\u00edgitos \u2013 n\u00e3o sequenciais) de 111503 a 686238. A montadora j\u00e1 havia convocado os propriet\u00e1rios de 80 mil ve\u00edculos Uno, Novo Palio e Grand Siena, com ano\/modelo 2012, para um recall por problemas de airbags.<\/p>\n<p>&nbsp;<\/p>\n<p>Os propriet\u00e1rios dos Jeeps Cherokee citados acima podem agendar junto a uma concession\u00e1ria da marca, a partir da pr\u00f3xima segunda-feira, dia 6, a substitui\u00e7\u00e3o dos bra\u00e7os oscilantes da suspens\u00e3o traseira dos ve\u00edculos convocados.<\/p>\n<p>&nbsp;<\/p>\n<p>No comunicado, a empresa informa ter identificado a possibilidade de corros\u00e3o excessiva dos componentes, o que pode acarretar o seu eventual rompimento, aumentando os riscos de acidente, com consequentes danos f\u00edsicos e materiais ao motorista, aos passageiros e a terceiros.<\/p>\n<p>&nbsp;<\/p>\n<p>Para agendamento e mais informa\u00e7\u00f5es, FCA &#8211; Fiat disponibiliza o telefone 0800 703 7150 &#8211; <a href=\"http:\/\/www.jeep.com.br\" target=\"_blank\" rel=\"noopener\">www.jeep.com.br<\/a>. (O Globo)<\/p>\n","protected":false},"excerpt":{"rendered":"<p>O Globo &nbsp; Um problema na suspens\u00e3o caseira levou a Fiat Chrysler Autom\u00f3veis Brasil Ltda. (FCA) a convocar mais um recall nesta sexta-feira. Desta vez, a campanha de seguran\u00e7a envolve ve\u00edculos do modelo Jeep Cherokee, anos\/modelos 2004 a 2007, com n\u00famero de chassis (6 \u00faltimos d\u00edgitos \u2013 n\u00e3o sequenciais) de 111503 a 686238. A montadora\u2026 <a class=\"readmore\" href=\"https:\/\/dana.com.br\/canaldana\/2018\/08\/06\/problema-na-suspensao-traseira-leva-fiat-a-convocar-recall-do-jeep-cherokee\/\">Leia mais \u00bb<\/a><\/p>\n","protected":false},"author":3,"featured_media":0,"comment_status":"closed","ping_status":"closed","sticky":false,"template":"","format":"standard","meta":{"_acf_changed":false,"footnotes":""},"categories":[81],"tags":[],"class_list":["post-28350","post","type-post","status-publish","format-standard","hentry","category-recall"],"acf":[],"yoast_head":"<!-- This site is optimized with the Yoast SEO plugin v27.3 - https:\/\/yoast.com\/product\/yoast-seo-wordpress\/ -->\n<title>Problema na suspens\u00e3o traseira leva Fiat a convocar recall do Jeep Cherokee - Canal Dana<\/title>\n<meta name=\"robots\" content=\"index, follow, max-snippet:-1, max-image-preview:large, max-video-preview:-1\" \/>\n<link rel=\"canonical\" href=\"https:\/\/dana.com.br\/canaldana\/2018\/08\/06\/problema-na-suspensao-traseira-leva-fiat-a-convocar-recall-do-jeep-cherokee\/\" \/>\n<meta property=\"og:locale\" content=\"pt_BR\" \/>\n<meta property=\"og:type\" content=\"article\" \/>\n<meta property=\"og:title\" content=\"Problema na suspens\u00e3o traseira leva Fiat a convocar recall do Jeep Cherokee - Canal Dana\" \/>\n<meta property=\"og:description\" content=\"O Globo &nbsp; Um problema na suspens\u00e3o caseira levou a Fiat Chrysler Autom\u00f3veis Brasil Ltda. (FCA) a convocar mais um recall nesta sexta-feira. Desta vez, a campanha de seguran\u00e7a envolve ve\u00edculos do modelo Jeep Cherokee, anos\/modelos 2004 a 2007, com n\u00famero de chassis (6 \u00faltimos d\u00edgitos \u2013 n\u00e3o sequenciais) de 111503 a 686238. A montadora\u2026 Leia mais \u00bb\" \/>\n<meta property=\"og:url\" content=\"https:\/\/dana.com.br\/canaldana\/2018\/08\/06\/problema-na-suspensao-traseira-leva-fiat-a-convocar-recall-do-jeep-cherokee\/\" \/>\n<meta property=\"og:site_name\" content=\"Canal Dana\" \/>\n<meta property=\"article:published_time\" content=\"2018-08-06T11:50:28+00:00\" \/>\n<meta name=\"author\" content=\"Canal Dana\" \/>\n<meta name=\"twitter:card\" content=\"summary_large_image\" \/>\n<meta name=\"twitter:label1\" content=\"Escrito por\" \/>\n\t<meta name=\"twitter:data1\" content=\"Canal Dana\" \/>\n\t<meta name=\"twitter:label2\" content=\"Est. tempo de leitura\" \/>\n\t<meta name=\"twitter:data2\" content=\"1 minuto\" \/>\n<script type=\"application\/ld+json\" class=\"yoast-schema-graph\">{\"@context\":\"https:\\\/\\\/schema.org\",\"@graph\":[{\"@type\":\"Article\",\"@id\":\"https:\\\/\\\/dana.com.br\\\/canaldana\\\/2018\\\/08\\\/06\\\/problema-na-suspensao-traseira-leva-fiat-a-convocar-recall-do-jeep-cherokee\\\/#article\",\"isPartOf\":{\"@id\":\"https:\\\/\\\/dana.com.br\\\/canaldana\\\/2018\\\/08\\\/06\\\/problema-na-suspensao-traseira-leva-fiat-a-convocar-recall-do-jeep-cherokee\\\/\"},\"author\":{\"name\":\"Canal Dana\",\"@id\":\"https:\\\/\\\/dana.com.br\\\/canaldana\\\/#\\\/schema\\\/person\\\/3c21f22f56fcf3bc46b94bc60ea4fef6\"},\"headline\":\"Problema na suspens\u00e3o traseira leva Fiat a convocar recall do Jeep Cherokee\",\"datePublished\":\"2018-08-06T11:50:28+00:00\",\"mainEntityOfPage\":{\"@id\":\"https:\\\/\\\/dana.com.br\\\/canaldana\\\/2018\\\/08\\\/06\\\/problema-na-suspensao-traseira-leva-fiat-a-convocar-recall-do-jeep-cherokee\\\/\"},\"wordCount\":199,\"articleSection\":[\"Recall\"],\"inLanguage\":\"pt-BR\"},{\"@type\":\"WebPage\",\"@id\":\"https:\\\/\\\/dana.com.br\\\/canaldana\\\/2018\\\/08\\\/06\\\/problema-na-suspensao-traseira-leva-fiat-a-convocar-recall-do-jeep-cherokee\\\/\",\"url\":\"https:\\\/\\\/dana.com.br\\\/canaldana\\\/2018\\\/08\\\/06\\\/problema-na-suspensao-traseira-leva-fiat-a-convocar-recall-do-jeep-cherokee\\\/\",\"name\":\"Problema na suspens\u00e3o traseira leva Fiat a convocar recall do Jeep Cherokee - Canal Dana\",\"isPartOf\":{\"@id\":\"https:\\\/\\\/dana.com.br\\\/canaldana\\\/#website\"},\"datePublished\":\"2018-08-06T11:50:28+00:00\",\"author\":{\"@id\":\"https:\\\/\\\/dana.com.br\\\/canaldana\\\/#\\\/schema\\\/person\\\/3c21f22f56fcf3bc46b94bc60ea4fef6\"},\"breadcrumb\":{\"@id\":\"https:\\\/\\\/dana.com.br\\\/canaldana\\\/2018\\\/08\\\/06\\\/problema-na-suspensao-traseira-leva-fiat-a-convocar-recall-do-jeep-cherokee\\\/#breadcrumb\"},\"inLanguage\":\"pt-BR\",\"potentialAction\":[{\"@type\":\"ReadAction\",\"target\":[\"https:\\\/\\\/dana.com.br\\\/canaldana\\\/2018\\\/08\\\/06\\\/problema-na-suspensao-traseira-leva-fiat-a-convocar-recall-do-jeep-cherokee\\\/\"]}]},{\"@type\":\"BreadcrumbList\",\"@id\":\"https:\\\/\\\/dana.com.br\\\/canaldana\\\/2018\\\/08\\\/06\\\/problema-na-suspensao-traseira-leva-fiat-a-convocar-recall-do-jeep-cherokee\\\/#breadcrumb\",\"itemListElement\":[{\"@type\":\"ListItem\",\"position\":1,\"name\":\"Home\",\"item\":\"https:\\\/\\\/dana.com.br\\\/canaldana\\\/\"},{\"@type\":\"ListItem\",\"position\":2,\"name\":\"Recall\",\"item\":\"https:\\\/\\\/dana.com.br\\\/canaldana\\\/recall\\\/\"},{\"@type\":\"ListItem\",\"position\":3,\"name\":\"Problema na suspens\u00e3o traseira leva Fiat a convocar recall do Jeep Cherokee\"}]},{\"@type\":\"WebSite\",\"@id\":\"https:\\\/\\\/dana.com.br\\\/canaldana\\\/#website\",\"url\":\"https:\\\/\\\/dana.com.br\\\/canaldana\\\/\",\"name\":\"Canal Dana\",\"description\":\"Informativo com as principais not\u00edcias da ind\u00fastria automotiva\",\"potentialAction\":[{\"@type\":\"SearchAction\",\"target\":{\"@type\":\"EntryPoint\",\"urlTemplate\":\"https:\\\/\\\/dana.com.br\\\/canaldana\\\/?s={search_term_string}\"},\"query-input\":{\"@type\":\"PropertyValueSpecification\",\"valueRequired\":true,\"valueName\":\"search_term_string\"}}],\"inLanguage\":\"pt-BR\"},{\"@type\":\"Person\",\"@id\":\"https:\\\/\\\/dana.com.br\\\/canaldana\\\/#\\\/schema\\\/person\\\/3c21f22f56fcf3bc46b94bc60ea4fef6\",\"name\":\"Canal Dana\",\"image\":{\"@type\":\"ImageObject\",\"inLanguage\":\"pt-BR\",\"@id\":\"https:\\\/\\\/secure.gravatar.com\\\/avatar\\\/420aaf9278582877d9018637c6817617705899d2858d7572ef0fe59a6b6454b4?s=96&d=mm&r=g\",\"url\":\"https:\\\/\\\/secure.gravatar.com\\\/avatar\\\/420aaf9278582877d9018637c6817617705899d2858d7572ef0fe59a6b6454b4?s=96&d=mm&r=g\",\"contentUrl\":\"https:\\\/\\\/secure.gravatar.com\\\/avatar\\\/420aaf9278582877d9018637c6817617705899d2858d7572ef0fe59a6b6454b4?s=96&d=mm&r=g\",\"caption\":\"Canal Dana\"},\"url\":\"https:\\\/\\\/dana.com.br\\\/canaldana\\\/author\\\/cdeditor\\\/\"}]}<\/script>\n<!-- \/ Yoast SEO plugin. -->","yoast_head_json":{"title":"Problema na suspens\u00e3o traseira leva Fiat a convocar recall do Jeep Cherokee - Canal Dana","robots":{"index":"index","follow":"follow","max-snippet":"max-snippet:-1","max-image-preview":"max-image-preview:large","max-video-preview":"max-video-preview:-1"},"canonical":"https:\/\/dana.com.br\/canaldana\/2018\/08\/06\/problema-na-suspensao-traseira-leva-fiat-a-convocar-recall-do-jeep-cherokee\/","og_locale":"pt_BR","og_type":"article","og_title":"Problema na suspens\u00e3o traseira leva Fiat a convocar recall do Jeep Cherokee - Canal Dana","og_description":"O Globo &nbsp; Um problema na suspens\u00e3o caseira levou a Fiat Chrysler Autom\u00f3veis Brasil Ltda. (FCA) a convocar mais um recall nesta sexta-feira. Desta vez, a campanha de seguran\u00e7a envolve ve\u00edculos do modelo Jeep Cherokee, anos\/modelos 2004 a 2007, com n\u00famero de chassis (6 \u00faltimos d\u00edgitos \u2013 n\u00e3o sequenciais) de 111503 a 686238. A montadora\u2026 Leia mais \u00bb","og_url":"https:\/\/dana.com.br\/canaldana\/2018\/08\/06\/problema-na-suspensao-traseira-leva-fiat-a-convocar-recall-do-jeep-cherokee\/","og_site_name":"Canal Dana","article_published_time":"2018-08-06T11:50:28+00:00","author":"Canal Dana","twitter_card":"summary_large_image","twitter_misc":{"Escrito por":"Canal Dana","Est. tempo de leitura":"1 minuto"},"schema":{"@context":"https:\/\/schema.org","@graph":[{"@type":"Article","@id":"https:\/\/dana.com.br\/canaldana\/2018\/08\/06\/problema-na-suspensao-traseira-leva-fiat-a-convocar-recall-do-jeep-cherokee\/#article","isPartOf":{"@id":"https:\/\/dana.com.br\/canaldana\/2018\/08\/06\/problema-na-suspensao-traseira-leva-fiat-a-convocar-recall-do-jeep-cherokee\/"},"author":{"name":"Canal Dana","@id":"https:\/\/dana.com.br\/canaldana\/#\/schema\/person\/3c21f22f56fcf3bc46b94bc60ea4fef6"},"headline":"Problema na suspens\u00e3o traseira leva Fiat a convocar recall do Jeep Cherokee","datePublished":"2018-08-06T11:50:28+00:00","mainEntityOfPage":{"@id":"https:\/\/dana.com.br\/canaldana\/2018\/08\/06\/problema-na-suspensao-traseira-leva-fiat-a-convocar-recall-do-jeep-cherokee\/"},"wordCount":199,"articleSection":["Recall"],"inLanguage":"pt-BR"},{"@type":"WebPage","@id":"https:\/\/dana.com.br\/canaldana\/2018\/08\/06\/problema-na-suspensao-traseira-leva-fiat-a-convocar-recall-do-jeep-cherokee\/","url":"https:\/\/dana.com.br\/canaldana\/2018\/08\/06\/problema-na-suspensao-traseira-leva-fiat-a-convocar-recall-do-jeep-cherokee\/","name":"Problema na suspens\u00e3o traseira leva Fiat a convocar recall do Jeep Cherokee - Canal Dana","isPartOf":{"@id":"https:\/\/dana.com.br\/canaldana\/#website"},"datePublished":"2018-08-06T11:50:28+00:00","author":{"@id":"https:\/\/dana.com.br\/canaldana\/#\/schema\/person\/3c21f22f56fcf3bc46b94bc60ea4fef6"},"breadcrumb":{"@id":"https:\/\/dana.com.br\/canaldana\/2018\/08\/06\/problema-na-suspensao-traseira-leva-fiat-a-convocar-recall-do-jeep-cherokee\/#breadcrumb"},"inLanguage":"pt-BR","potentialAction":[{"@type":"ReadAction","target":["https:\/\/dana.com.br\/canaldana\/2018\/08\/06\/problema-na-suspensao-traseira-leva-fiat-a-convocar-recall-do-jeep-cherokee\/"]}]},{"@type":"BreadcrumbList","@id":"https:\/\/dana.com.br\/canaldana\/2018\/08\/06\/problema-na-suspensao-traseira-leva-fiat-a-convocar-recall-do-jeep-cherokee\/#breadcrumb","itemListElement":[{"@type":"ListItem","position":1,"name":"Home","item":"https:\/\/dana.com.br\/canaldana\/"},{"@type":"ListItem","position":2,"name":"Recall","item":"https:\/\/dana.com.br\/canaldana\/recall\/"},{"@type":"ListItem","position":3,"name":"Problema na suspens\u00e3o traseira leva Fiat a convocar recall do Jeep Cherokee"}]},{"@type":"WebSite","@id":"https:\/\/dana.com.br\/canaldana\/#website","url":"https:\/\/dana.com.br\/canaldana\/","name":"Canal Dana","description":"Informativo com as principais not\u00edcias da ind\u00fastria automotiva","potentialAction":[{"@type":"SearchAction","target":{"@type":"EntryPoint","urlTemplate":"https:\/\/dana.com.br\/canaldana\/?s={search_term_string}"},"query-input":{"@type":"PropertyValueSpecification","valueRequired":true,"valueName":"search_term_string"}}],"inLanguage":"pt-BR"},{"@type":"Person","@id":"https:\/\/dana.com.br\/canaldana\/#\/schema\/person\/3c21f22f56fcf3bc46b94bc60ea4fef6","name":"Canal Dana","image":{"@type":"ImageObject","inLanguage":"pt-BR","@id":"https:\/\/secure.gravatar.com\/avatar\/420aaf9278582877d9018637c6817617705899d2858d7572ef0fe59a6b6454b4?s=96&d=mm&r=g","url":"https:\/\/secure.gravatar.com\/avatar\/420aaf9278582877d9018637c6817617705899d2858d7572ef0fe59a6b6454b4?s=96&d=mm&r=g","contentUrl":"https:\/\/secure.gravatar.com\/avatar\/420aaf9278582877d9018637c6817617705899d2858d7572ef0fe59a6b6454b4?s=96&d=mm&r=g","caption":"Canal Dana"},"url":"https:\/\/dana.com.br\/canaldana\/author\/cdeditor\/"}]}},"_links":{"self":[{"href":"https:\/\/dana.com.br\/canaldana\/wp-json\/wp\/v2\/posts\/28350","targetHints":{"allow":["GET"]}}],"collection":[{"href":"https:\/\/dana.com.br\/canaldana\/wp-json\/wp\/v2\/posts"}],"about":[{"href":"https:\/\/dana.com.br\/canaldana\/wp-json\/wp\/v2\/types\/post"}],"author":[{"embeddable":true,"href":"https:\/\/dana.com.br\/canaldana\/wp-json\/wp\/v2\/users\/3"}],"replies":[{"embeddable":true,"href":"https:\/\/dana.com.br\/canaldana\/wp-json\/wp\/v2\/comments?post=28350"}],"version-history":[{"count":0,"href":"https:\/\/dana.com.br\/canaldana\/wp-json\/wp\/v2\/posts\/28350\/revisions"}],"wp:attachment":[{"href":"https:\/\/dana.com.br\/canaldana\/wp-json\/wp\/v2\/media?parent=28350"}],"wp:term":[{"taxonomy":"category","embeddable":true,"href":"https:\/\/dana.com.br\/canaldana\/wp-json\/wp\/v2\/categories?post=28350"},{"taxonomy":"post_tag","embeddable":true,"href":"https:\/\/dana.com.br\/canaldana\/wp-json\/wp\/v2\/tags?post=28350"}],"curies":[{"name":"wp","href":"https:\/\/api.w.org\/{rel}","templated":true}]}}