{"id":28340,"date":"2018-08-03T08:49:22","date_gmt":"2018-08-03T11:49:22","guid":{"rendered":"https:\/\/dana.com.br\/canaldana\/?p=28340"},"modified":"2018-08-03T08:49:22","modified_gmt":"2018-08-03T11:49:22","slug":"anfavea-acompanha-rumo-da-mp-no-congresso","status":"publish","type":"post","link":"https:\/\/dana.com.br\/canaldana\/2018\/08\/03\/anfavea-acompanha-rumo-da-mp-no-congresso\/","title":{"rendered":"Anfavea acompanha rumo da MP no Congresso"},"content":{"rendered":"<p><em>AutoInd\u00fastria <\/em><\/p>\n<p>&nbsp;<\/p>\n<p>A Anfavea est\u00e1 acompanhando de perto os debates referentes \u00e0s 81 emendas propostas por deputados federais na medida provis\u00f3ria que institui o programa Rota 2030. Seu presidente, Antonio Megale, diz j\u00e1 ter feito contatos com deputados para esclarecer d\u00favidas e defender alguns pontos do texto original da medida.<\/p>\n<p>&nbsp;<\/p>\n<p>\u201cTem uma proposta que amplia os incentivos para investimentos em pesquisa e desenvolvimento e tem outra que simplesmente acaba com eles\u201d, comenta Megale.<\/p>\n<p>&nbsp;<\/p>\n<p>No caso dessa segunda emenda, o presidente da Anfavea procurou o deputado para saber o motivo da proposta. \u201cO argumento era que n\u00e3o haveria repasse do benef\u00edcio para o pre\u00e7o final do carro. Explicamos que n\u00e3o \u00e9 uma redu\u00e7\u00e3o do imposto do autom\u00f3vel, mas sim incentivos \u00e0 P&amp;D. Acho que deu para esclarecer\u201d.<\/p>\n<p>&nbsp;<\/p>\n<p>Megale diz que apesar de haver dezenas de emendas, no geral ele n\u00e3o viu grandes problemas. O papel da Anfavea, segundo ele, \u00e9 o de acompanhar as para procurar esclarecer pontos que gerem algum tipo de d\u00favida. \u201cEstamos tendo boa receptividade em nossos contatos\u201d.<\/p>\n<p>&nbsp;<\/p>\n<p>Sobre a emenda do deputado Armando Monteiro (PTB-PE), que prop\u00f5e a prorroga\u00e7\u00e3o do regime automotivo especial para o Nordeste de 2020 para 2025, o presidente da Anfavea diz que a entidade n\u00e3o vai interceder nesse caso.<\/p>\n<p>&nbsp;<\/p>\n<p>\u201c\u00c9 um programa leg\u00edtimo que faz parte do processo de descentraliza\u00e7\u00e3o da ind\u00fastria. Como abrange apenas duas fabricantes e n\u00e3o o setor como um todo, n\u00e3o cabe \u00e0 Anfavea discutir o assunto. N\u00e3o podemos opinar\u201d.<\/p>\n<p>&nbsp;<\/p>\n<p>O Congresso tem at\u00e9 o dia 16 de novembro para aprovar a MP que institui o programa Rota 2030. Pelo projeto, a ind\u00fastria ter\u00e1 restitui\u00e7\u00e3o de R$ 1,20 para cada R$ 10 aplicados em P&amp;D. No total, os incentivos devem somar R$ 1,5 bilh\u00e3o, mas para ter direito a eles as montadoras precisam comprovar ter lucro no Pa\u00eds. (AutoInd\u00fastria\/Alzira Rodrigues)<\/p>\n","protected":false},"excerpt":{"rendered":"<p>AutoInd\u00fastria &nbsp; A Anfavea est\u00e1 acompanhando de perto os debates referentes \u00e0s 81 emendas propostas por deputados federais na medida provis\u00f3ria que institui o programa Rota 2030. Seu presidente, Antonio Megale, diz j\u00e1 ter feito contatos com deputados para esclarecer d\u00favidas e defender alguns pontos do texto original da medida. &nbsp; \u201cTem uma proposta que\u2026 <a class=\"readmore\" href=\"https:\/\/dana.com.br\/canaldana\/2018\/08\/03\/anfavea-acompanha-rumo-da-mp-no-congresso\/\">Leia mais \u00bb<\/a><\/p>\n","protected":false},"author":3,"featured_media":0,"comment_status":"closed","ping_status":"closed","sticky":false,"template":"","format":"standard","meta":{"_acf_changed":false,"footnotes":""},"categories":[61],"tags":[],"class_list":["post-28340","post","type-post","status-publish","format-standard","hentry","category-destaques"],"acf":[],"yoast_head":"<!-- This site is optimized with the Yoast SEO plugin v27.3 - https:\/\/yoast.com\/product\/yoast-seo-wordpress\/ -->\n<title>Anfavea acompanha rumo da MP no Congresso - Canal Dana<\/title>\n<meta name=\"robots\" content=\"index, follow, max-snippet:-1, max-image-preview:large, max-video-preview:-1\" \/>\n<link rel=\"canonical\" href=\"https:\/\/dana.com.br\/canaldana\/2018\/08\/03\/anfavea-acompanha-rumo-da-mp-no-congresso\/\" \/>\n<meta property=\"og:locale\" content=\"pt_BR\" \/>\n<meta property=\"og:type\" content=\"article\" \/>\n<meta property=\"og:title\" content=\"Anfavea acompanha rumo da MP no Congresso - Canal Dana\" \/>\n<meta property=\"og:description\" content=\"AutoInd\u00fastria &nbsp; A Anfavea est\u00e1 acompanhando de perto os debates referentes \u00e0s 81 emendas propostas por deputados federais na medida provis\u00f3ria que institui o programa Rota 2030. Seu presidente, Antonio Megale, diz j\u00e1 ter feito contatos com deputados para esclarecer d\u00favidas e defender alguns pontos do texto original da medida. &nbsp; \u201cTem uma proposta que\u2026 Leia mais \u00bb\" \/>\n<meta property=\"og:url\" content=\"https:\/\/dana.com.br\/canaldana\/2018\/08\/03\/anfavea-acompanha-rumo-da-mp-no-congresso\/\" \/>\n<meta property=\"og:site_name\" content=\"Canal Dana\" \/>\n<meta property=\"article:published_time\" content=\"2018-08-03T11:49:22+00:00\" \/>\n<meta name=\"author\" content=\"Canal Dana\" \/>\n<meta name=\"twitter:card\" content=\"summary_large_image\" \/>\n<meta name=\"twitter:label1\" content=\"Escrito por\" \/>\n\t<meta name=\"twitter:data1\" content=\"Canal Dana\" \/>\n\t<meta name=\"twitter:label2\" content=\"Est. tempo de leitura\" \/>\n\t<meta name=\"twitter:data2\" content=\"2 minutos\" \/>\n<script type=\"application\/ld+json\" class=\"yoast-schema-graph\">{\"@context\":\"https:\\\/\\\/schema.org\",\"@graph\":[{\"@type\":\"Article\",\"@id\":\"https:\\\/\\\/dana.com.br\\\/canaldana\\\/2018\\\/08\\\/03\\\/anfavea-acompanha-rumo-da-mp-no-congresso\\\/#article\",\"isPartOf\":{\"@id\":\"https:\\\/\\\/dana.com.br\\\/canaldana\\\/2018\\\/08\\\/03\\\/anfavea-acompanha-rumo-da-mp-no-congresso\\\/\"},\"author\":{\"name\":\"Canal Dana\",\"@id\":\"https:\\\/\\\/dana.com.br\\\/canaldana\\\/#\\\/schema\\\/person\\\/3c21f22f56fcf3bc46b94bc60ea4fef6\"},\"headline\":\"Anfavea acompanha rumo da MP no Congresso\",\"datePublished\":\"2018-08-03T11:49:22+00:00\",\"mainEntityOfPage\":{\"@id\":\"https:\\\/\\\/dana.com.br\\\/canaldana\\\/2018\\\/08\\\/03\\\/anfavea-acompanha-rumo-da-mp-no-congresso\\\/\"},\"wordCount\":330,\"articleSection\":[\"Destaques\"],\"inLanguage\":\"pt-BR\"},{\"@type\":\"WebPage\",\"@id\":\"https:\\\/\\\/dana.com.br\\\/canaldana\\\/2018\\\/08\\\/03\\\/anfavea-acompanha-rumo-da-mp-no-congresso\\\/\",\"url\":\"https:\\\/\\\/dana.com.br\\\/canaldana\\\/2018\\\/08\\\/03\\\/anfavea-acompanha-rumo-da-mp-no-congresso\\\/\",\"name\":\"Anfavea acompanha rumo da MP no Congresso - Canal Dana\",\"isPartOf\":{\"@id\":\"https:\\\/\\\/dana.com.br\\\/canaldana\\\/#website\"},\"datePublished\":\"2018-08-03T11:49:22+00:00\",\"author\":{\"@id\":\"https:\\\/\\\/dana.com.br\\\/canaldana\\\/#\\\/schema\\\/person\\\/3c21f22f56fcf3bc46b94bc60ea4fef6\"},\"breadcrumb\":{\"@id\":\"https:\\\/\\\/dana.com.br\\\/canaldana\\\/2018\\\/08\\\/03\\\/anfavea-acompanha-rumo-da-mp-no-congresso\\\/#breadcrumb\"},\"inLanguage\":\"pt-BR\",\"potentialAction\":[{\"@type\":\"ReadAction\",\"target\":[\"https:\\\/\\\/dana.com.br\\\/canaldana\\\/2018\\\/08\\\/03\\\/anfavea-acompanha-rumo-da-mp-no-congresso\\\/\"]}]},{\"@type\":\"BreadcrumbList\",\"@id\":\"https:\\\/\\\/dana.com.br\\\/canaldana\\\/2018\\\/08\\\/03\\\/anfavea-acompanha-rumo-da-mp-no-congresso\\\/#breadcrumb\",\"itemListElement\":[{\"@type\":\"ListItem\",\"position\":1,\"name\":\"Home\",\"item\":\"https:\\\/\\\/dana.com.br\\\/canaldana\\\/\"},{\"@type\":\"ListItem\",\"position\":2,\"name\":\"Destaques\",\"item\":\"https:\\\/\\\/dana.com.br\\\/canaldana\\\/destaques\\\/\"},{\"@type\":\"ListItem\",\"position\":3,\"name\":\"Anfavea acompanha rumo da MP no Congresso\"}]},{\"@type\":\"WebSite\",\"@id\":\"https:\\\/\\\/dana.com.br\\\/canaldana\\\/#website\",\"url\":\"https:\\\/\\\/dana.com.br\\\/canaldana\\\/\",\"name\":\"Canal Dana\",\"description\":\"Informativo com as principais not\u00edcias da ind\u00fastria automotiva\",\"potentialAction\":[{\"@type\":\"SearchAction\",\"target\":{\"@type\":\"EntryPoint\",\"urlTemplate\":\"https:\\\/\\\/dana.com.br\\\/canaldana\\\/?s={search_term_string}\"},\"query-input\":{\"@type\":\"PropertyValueSpecification\",\"valueRequired\":true,\"valueName\":\"search_term_string\"}}],\"inLanguage\":\"pt-BR\"},{\"@type\":\"Person\",\"@id\":\"https:\\\/\\\/dana.com.br\\\/canaldana\\\/#\\\/schema\\\/person\\\/3c21f22f56fcf3bc46b94bc60ea4fef6\",\"name\":\"Canal Dana\",\"image\":{\"@type\":\"ImageObject\",\"inLanguage\":\"pt-BR\",\"@id\":\"https:\\\/\\\/secure.gravatar.com\\\/avatar\\\/420aaf9278582877d9018637c6817617705899d2858d7572ef0fe59a6b6454b4?s=96&d=mm&r=g\",\"url\":\"https:\\\/\\\/secure.gravatar.com\\\/avatar\\\/420aaf9278582877d9018637c6817617705899d2858d7572ef0fe59a6b6454b4?s=96&d=mm&r=g\",\"contentUrl\":\"https:\\\/\\\/secure.gravatar.com\\\/avatar\\\/420aaf9278582877d9018637c6817617705899d2858d7572ef0fe59a6b6454b4?s=96&d=mm&r=g\",\"caption\":\"Canal Dana\"},\"url\":\"https:\\\/\\\/dana.com.br\\\/canaldana\\\/author\\\/cdeditor\\\/\"}]}<\/script>\n<!-- \/ Yoast SEO plugin. -->","yoast_head_json":{"title":"Anfavea acompanha rumo da MP no Congresso - Canal Dana","robots":{"index":"index","follow":"follow","max-snippet":"max-snippet:-1","max-image-preview":"max-image-preview:large","max-video-preview":"max-video-preview:-1"},"canonical":"https:\/\/dana.com.br\/canaldana\/2018\/08\/03\/anfavea-acompanha-rumo-da-mp-no-congresso\/","og_locale":"pt_BR","og_type":"article","og_title":"Anfavea acompanha rumo da MP no Congresso - Canal Dana","og_description":"AutoInd\u00fastria &nbsp; A Anfavea est\u00e1 acompanhando de perto os debates referentes \u00e0s 81 emendas propostas por deputados federais na medida provis\u00f3ria que institui o programa Rota 2030. Seu presidente, Antonio Megale, diz j\u00e1 ter feito contatos com deputados para esclarecer d\u00favidas e defender alguns pontos do texto original da medida. &nbsp; \u201cTem uma proposta que\u2026 Leia mais \u00bb","og_url":"https:\/\/dana.com.br\/canaldana\/2018\/08\/03\/anfavea-acompanha-rumo-da-mp-no-congresso\/","og_site_name":"Canal Dana","article_published_time":"2018-08-03T11:49:22+00:00","author":"Canal Dana","twitter_card":"summary_large_image","twitter_misc":{"Escrito por":"Canal Dana","Est. tempo de leitura":"2 minutos"},"schema":{"@context":"https:\/\/schema.org","@graph":[{"@type":"Article","@id":"https:\/\/dana.com.br\/canaldana\/2018\/08\/03\/anfavea-acompanha-rumo-da-mp-no-congresso\/#article","isPartOf":{"@id":"https:\/\/dana.com.br\/canaldana\/2018\/08\/03\/anfavea-acompanha-rumo-da-mp-no-congresso\/"},"author":{"name":"Canal Dana","@id":"https:\/\/dana.com.br\/canaldana\/#\/schema\/person\/3c21f22f56fcf3bc46b94bc60ea4fef6"},"headline":"Anfavea acompanha rumo da MP no Congresso","datePublished":"2018-08-03T11:49:22+00:00","mainEntityOfPage":{"@id":"https:\/\/dana.com.br\/canaldana\/2018\/08\/03\/anfavea-acompanha-rumo-da-mp-no-congresso\/"},"wordCount":330,"articleSection":["Destaques"],"inLanguage":"pt-BR"},{"@type":"WebPage","@id":"https:\/\/dana.com.br\/canaldana\/2018\/08\/03\/anfavea-acompanha-rumo-da-mp-no-congresso\/","url":"https:\/\/dana.com.br\/canaldana\/2018\/08\/03\/anfavea-acompanha-rumo-da-mp-no-congresso\/","name":"Anfavea acompanha rumo da MP no Congresso - Canal Dana","isPartOf":{"@id":"https:\/\/dana.com.br\/canaldana\/#website"},"datePublished":"2018-08-03T11:49:22+00:00","author":{"@id":"https:\/\/dana.com.br\/canaldana\/#\/schema\/person\/3c21f22f56fcf3bc46b94bc60ea4fef6"},"breadcrumb":{"@id":"https:\/\/dana.com.br\/canaldana\/2018\/08\/03\/anfavea-acompanha-rumo-da-mp-no-congresso\/#breadcrumb"},"inLanguage":"pt-BR","potentialAction":[{"@type":"ReadAction","target":["https:\/\/dana.com.br\/canaldana\/2018\/08\/03\/anfavea-acompanha-rumo-da-mp-no-congresso\/"]}]},{"@type":"BreadcrumbList","@id":"https:\/\/dana.com.br\/canaldana\/2018\/08\/03\/anfavea-acompanha-rumo-da-mp-no-congresso\/#breadcrumb","itemListElement":[{"@type":"ListItem","position":1,"name":"Home","item":"https:\/\/dana.com.br\/canaldana\/"},{"@type":"ListItem","position":2,"name":"Destaques","item":"https:\/\/dana.com.br\/canaldana\/destaques\/"},{"@type":"ListItem","position":3,"name":"Anfavea acompanha rumo da MP no Congresso"}]},{"@type":"WebSite","@id":"https:\/\/dana.com.br\/canaldana\/#website","url":"https:\/\/dana.com.br\/canaldana\/","name":"Canal Dana","description":"Informativo com as principais not\u00edcias da ind\u00fastria automotiva","potentialAction":[{"@type":"SearchAction","target":{"@type":"EntryPoint","urlTemplate":"https:\/\/dana.com.br\/canaldana\/?s={search_term_string}"},"query-input":{"@type":"PropertyValueSpecification","valueRequired":true,"valueName":"search_term_string"}}],"inLanguage":"pt-BR"},{"@type":"Person","@id":"https:\/\/dana.com.br\/canaldana\/#\/schema\/person\/3c21f22f56fcf3bc46b94bc60ea4fef6","name":"Canal Dana","image":{"@type":"ImageObject","inLanguage":"pt-BR","@id":"https:\/\/secure.gravatar.com\/avatar\/420aaf9278582877d9018637c6817617705899d2858d7572ef0fe59a6b6454b4?s=96&d=mm&r=g","url":"https:\/\/secure.gravatar.com\/avatar\/420aaf9278582877d9018637c6817617705899d2858d7572ef0fe59a6b6454b4?s=96&d=mm&r=g","contentUrl":"https:\/\/secure.gravatar.com\/avatar\/420aaf9278582877d9018637c6817617705899d2858d7572ef0fe59a6b6454b4?s=96&d=mm&r=g","caption":"Canal Dana"},"url":"https:\/\/dana.com.br\/canaldana\/author\/cdeditor\/"}]}},"_links":{"self":[{"href":"https:\/\/dana.com.br\/canaldana\/wp-json\/wp\/v2\/posts\/28340","targetHints":{"allow":["GET"]}}],"collection":[{"href":"https:\/\/dana.com.br\/canaldana\/wp-json\/wp\/v2\/posts"}],"about":[{"href":"https:\/\/dana.com.br\/canaldana\/wp-json\/wp\/v2\/types\/post"}],"author":[{"embeddable":true,"href":"https:\/\/dana.com.br\/canaldana\/wp-json\/wp\/v2\/users\/3"}],"replies":[{"embeddable":true,"href":"https:\/\/dana.com.br\/canaldana\/wp-json\/wp\/v2\/comments?post=28340"}],"version-history":[{"count":0,"href":"https:\/\/dana.com.br\/canaldana\/wp-json\/wp\/v2\/posts\/28340\/revisions"}],"wp:attachment":[{"href":"https:\/\/dana.com.br\/canaldana\/wp-json\/wp\/v2\/media?parent=28340"}],"wp:term":[{"taxonomy":"category","embeddable":true,"href":"https:\/\/dana.com.br\/canaldana\/wp-json\/wp\/v2\/categories?post=28340"},{"taxonomy":"post_tag","embeddable":true,"href":"https:\/\/dana.com.br\/canaldana\/wp-json\/wp\/v2\/tags?post=28340"}],"curies":[{"name":"wp","href":"https:\/\/api.w.org\/{rel}","templated":true}]}}